{"id":1987,"date":"2015-05-22T07:14:49","date_gmt":"2015-05-22T05:14:49","guid":{"rendered":"http:\/\/das-stille-woertchen.de\/wordpress\/?p=1987"},"modified":"2015-05-22T09:13:35","modified_gmt":"2015-05-22T07:13:35","slug":"gruenzeug-im-mai-teilweise-schon-ohne-lupe-sichtbar","status":"publish","type":"post","link":"https:\/\/das-stille-woertchen.de\/index.php\/2015\/05\/22\/gruenzeug-im-mai-teilweise-schon-ohne-lupe-sichtbar\/","title":{"rendered":"Gr\u00fcnzeug im Mai (teilweise schon ohne Lupe sichtbar!)"},"content":{"rendered":"<p>Die Maiensonne kitzelt zwar wunderbar auf Nasen, R\u00fcsseln und Schnauzen &#8211; das Gr\u00fcnzeug w\u00e4re \u00fcber etwas Nass von oben allerdings mehr als sehr erfreut. Seit Wochen hat es nicht richtig geregnet und dementsprechend z\u00e4h w\u00e4chst hier alles vor sich hin. Zum Gl\u00fcck hat die Kamera eine Makro-Funktion, da sieht gleich alles etwas gr\u00f6\u00dfer aus:<\/p>\n<p>Die Haferwurzel<\/p>\n<p><a href=\"https:\/\/das-stille-woertchen.de\/wp-content\/uploads\/2015\/05\/P1330523.jpg\"><img loading=\"lazy\" decoding=\"async\" class=\"aligncenter size-medium wp-image-1971\" alt=\"P1330523\" src=\"https:\/\/das-stille-woertchen.de\/wp-content\/uploads\/2015\/05\/P1330523-225x300.jpg\" width=\"225\" height=\"300\" srcset=\"https:\/\/das-stille-woertchen.de\/wp-content\/uploads\/2015\/05\/P1330523-225x300.jpg 225w, https:\/\/das-stille-woertchen.de\/wp-content\/uploads\/2015\/05\/P1330523-768x1024.jpg 768w, https:\/\/das-stille-woertchen.de\/wp-content\/uploads\/2015\/05\/P1330523.jpg 1920w\" sizes=\"auto, (max-width: 225px) 100vw, 225px\" \/><\/a><\/p>\n<p>Der Mais<a href=\"https:\/\/das-stille-woertchen.de\/wp-content\/uploads\/2015\/05\/P1330533.jpg\"><img loading=\"lazy\" decoding=\"async\" class=\"aligncenter size-medium wp-image-1977\" alt=\"P1330533\" src=\"https:\/\/das-stille-woertchen.de\/wp-content\/uploads\/2015\/05\/P1330533-225x300.jpg\" width=\"225\" height=\"300\" srcset=\"https:\/\/das-stille-woertchen.de\/wp-content\/uploads\/2015\/05\/P1330533-225x300.jpg 225w, https:\/\/das-stille-woertchen.de\/wp-content\/uploads\/2015\/05\/P1330533-768x1024.jpg 768w, https:\/\/das-stille-woertchen.de\/wp-content\/uploads\/2015\/05\/P1330533.jpg 1920w\" sizes=\"auto, (max-width: 225px) 100vw, 225px\" \/><\/a><\/p>\n<p>Die Spargelerbse (in diesem Jahr neu auf dem \u00d6rtchen):<\/p>\n<p><a href=\"https:\/\/das-stille-woertchen.de\/wp-content\/uploads\/2015\/05\/P1330537.jpg\"><img loading=\"lazy\" decoding=\"async\" class=\"aligncenter size-medium wp-image-1979\" alt=\"P1330537\" src=\"https:\/\/das-stille-woertchen.de\/wp-content\/uploads\/2015\/05\/P1330537-225x300.jpg\" width=\"225\" height=\"300\" srcset=\"https:\/\/das-stille-woertchen.de\/wp-content\/uploads\/2015\/05\/P1330537-225x300.jpg 225w, https:\/\/das-stille-woertchen.de\/wp-content\/uploads\/2015\/05\/P1330537-768x1024.jpg 768w, https:\/\/das-stille-woertchen.de\/wp-content\/uploads\/2015\/05\/P1330537.jpg 1920w\" sizes=\"auto, (max-width: 225px) 100vw, 225px\" \/><\/a><\/p>\n<p>(Dass die Spargelerbse hei\u00dft wie sie hei\u00dft, kommt \u00fcbrigens vom altmodischen Begriff &#8222;spargeln&#8220;, wie wir beim <a href=\"http:\/\/www.dreschflegel-saatgut.de\/pflanzenportraits\/huelsenfruechte\/spargelerbse.php\" target=\"_blank\">Bio-Saatguth\u00e4ndler unseres Vertrauens<\/a> erfahren haben. Das bedeutet, dass man von einer Pflanze alle Teile verwertet &#8211; wie auch beim Spargel.)<\/p>\n<p>Da sieht ihr unser Mangoldmeer &#8211; der Mangold hat sich letztes Jahr selbst ausgesamt und w\u00e4chst nun inflation\u00e4r \u00fcberall!<\/p>\n<p><a href=\"https:\/\/das-stille-woertchen.de\/wp-content\/uploads\/2015\/05\/P1330520.jpg\"><img loading=\"lazy\" decoding=\"async\" class=\"aligncenter size-medium wp-image-1969\" alt=\"P1330520\" src=\"https:\/\/das-stille-woertchen.de\/wp-content\/uploads\/2015\/05\/P1330520-225x300.jpg\" width=\"225\" height=\"300\" srcset=\"https:\/\/das-stille-woertchen.de\/wp-content\/uploads\/2015\/05\/P1330520-225x300.jpg 225w, https:\/\/das-stille-woertchen.de\/wp-content\/uploads\/2015\/05\/P1330520-768x1024.jpg 768w, https:\/\/das-stille-woertchen.de\/wp-content\/uploads\/2015\/05\/P1330520.jpg 1920w\" sizes=\"auto, (max-width: 225px) 100vw, 225px\" \/><\/a>Das da ist Oregano. Der w\u00e4chst und w\u00e4chst und w\u00e4chst ebenfalls und landet beinahe schon kiloweise in jeder Mahlzeit:<\/p>\n<p><a href=\"https:\/\/das-stille-woertchen.de\/wp-content\/uploads\/2015\/05\/P1330522.jpg\"><img loading=\"lazy\" decoding=\"async\" class=\"aligncenter size-medium wp-image-1970\" alt=\"P1330522\" src=\"https:\/\/das-stille-woertchen.de\/wp-content\/uploads\/2015\/05\/P1330522-225x300.jpg\" width=\"225\" height=\"300\" srcset=\"https:\/\/das-stille-woertchen.de\/wp-content\/uploads\/2015\/05\/P1330522-225x300.jpg 225w, https:\/\/das-stille-woertchen.de\/wp-content\/uploads\/2015\/05\/P1330522-768x1024.jpg 768w, https:\/\/das-stille-woertchen.de\/wp-content\/uploads\/2015\/05\/P1330522.jpg 1920w\" sizes=\"auto, (max-width: 225px) 100vw, 225px\" \/><\/a><\/p>\n<p>Jahr f\u00fcr Jahr ach-so-sch\u00f6n, die Bl\u00fcten der Puffbohnen:<\/p>\n<p><a href=\"https:\/\/das-stille-woertchen.de\/wp-content\/uploads\/2015\/05\/P1330517.jpg\"><img loading=\"lazy\" decoding=\"async\" class=\"aligncenter size-medium wp-image-1968\" alt=\"P1330517\" src=\"https:\/\/das-stille-woertchen.de\/wp-content\/uploads\/2015\/05\/P1330517-225x300.jpg\" width=\"225\" height=\"300\" srcset=\"https:\/\/das-stille-woertchen.de\/wp-content\/uploads\/2015\/05\/P1330517-225x300.jpg 225w, https:\/\/das-stille-woertchen.de\/wp-content\/uploads\/2015\/05\/P1330517-768x1024.jpg 768w, https:\/\/das-stille-woertchen.de\/wp-content\/uploads\/2015\/05\/P1330517.jpg 1920w\" sizes=\"auto, (max-width: 225px) 100vw, 225px\" \/><\/a> Und dank Mini-Einmachglasgew\u00e4chsh\u00e4user konnten doch glatt ein paar Salatpflanzen vor den Schnecken gerettet werden! (Die Glibberkriechtiere gibt es n\u00e4mlich trotz D\u00fcrreperiode.)<\/p>\n<p><a href=\"https:\/\/das-stille-woertchen.de\/wp-content\/uploads\/2015\/05\/P1330514.jpg\"><img loading=\"lazy\" decoding=\"async\" class=\"aligncenter size-medium wp-image-1967\" alt=\"P1330514\" src=\"https:\/\/das-stille-woertchen.de\/wp-content\/uploads\/2015\/05\/P1330514-225x300.jpg\" width=\"225\" height=\"300\" srcset=\"https:\/\/das-stille-woertchen.de\/wp-content\/uploads\/2015\/05\/P1330514-225x300.jpg 225w, https:\/\/das-stille-woertchen.de\/wp-content\/uploads\/2015\/05\/P1330514-768x1024.jpg 768w, https:\/\/das-stille-woertchen.de\/wp-content\/uploads\/2015\/05\/P1330514.jpg 1920w\" sizes=\"auto, (max-width: 225px) 100vw, 225px\" \/><\/a><br \/>\nNigelnagelneu ist das Anlehngew\u00e4chshaus &#8211; vor dem ungeheizten Badezimmer, damit dieses im Winter hoffentlich etwas wohlig-w\u00e4rmer wird:<\/p>\n<p style=\"text-align: center;\"><a href=\"https:\/\/das-stille-woertchen.de\/wp-content\/uploads\/2015\/05\/P1330530.jpg\"><img loading=\"lazy\" decoding=\"async\" class=\"aligncenter size-medium wp-image-1976\" alt=\"P1330530\" src=\"https:\/\/das-stille-woertchen.de\/wp-content\/uploads\/2015\/05\/P1330530-225x300.jpg\" width=\"225\" height=\"300\" srcset=\"https:\/\/das-stille-woertchen.de\/wp-content\/uploads\/2015\/05\/P1330530-225x300.jpg 225w, https:\/\/das-stille-woertchen.de\/wp-content\/uploads\/2015\/05\/P1330530-768x1024.jpg 768w, https:\/\/das-stille-woertchen.de\/wp-content\/uploads\/2015\/05\/P1330530.jpg 1920w\" sizes=\"auto, (max-width: 225px) 100vw, 225px\" \/><\/a> <a href=\"https:\/\/das-stille-woertchen.de\/wp-content\/uploads\/2015\/05\/P1330531.jpg\"><img loading=\"lazy\" decoding=\"async\" class=\"aligncenter size-medium wp-image-1974\" alt=\"P1330531\" src=\"https:\/\/das-stille-woertchen.de\/wp-content\/uploads\/2015\/05\/P1330531-300x225.jpg\" width=\"300\" height=\"225\" srcset=\"https:\/\/das-stille-woertchen.de\/wp-content\/uploads\/2015\/05\/P1330531-300x225.jpg 300w, https:\/\/das-stille-woertchen.de\/wp-content\/uploads\/2015\/05\/P1330531-1024x768.jpg 1024w\" sizes=\"auto, (max-width: 300px) 100vw, 300px\" \/><\/a><\/p>\n<p style=\"text-align: center;\">(Bei Gelegenheit werden die Fensterrahmen nat\u00fcrlich noch bunt gestrichen!)<\/p>\n<p>Drinnen wachsen Paprika und Tomaten (letztere auf dem Foto noch im Topf, aber mittlerweile wurden alle ausgepflanzt!):<\/p>\n<p><a href=\"https:\/\/das-stille-woertchen.de\/wp-content\/uploads\/2015\/05\/P1330532.jpg\"><img loading=\"lazy\" decoding=\"async\" class=\"aligncenter size-medium wp-image-1975\" alt=\"P1330532\" src=\"https:\/\/das-stille-woertchen.de\/wp-content\/uploads\/2015\/05\/P1330532-225x300.jpg\" width=\"225\" height=\"300\" srcset=\"https:\/\/das-stille-woertchen.de\/wp-content\/uploads\/2015\/05\/P1330532-225x300.jpg 225w, https:\/\/das-stille-woertchen.de\/wp-content\/uploads\/2015\/05\/P1330532-768x1024.jpg 768w, https:\/\/das-stille-woertchen.de\/wp-content\/uploads\/2015\/05\/P1330532.jpg 1920w\" sizes=\"auto, (max-width: 225px) 100vw, 225px\" \/><\/a><br \/>\nWeniger aufwendig in der Bauweise aber ebenso neu sind die hier: Bohnenrankger\u00fcste und Ger\u00fcste f\u00fcr die Wildtomatenpflanzen im Beet:<\/p>\n<p><a href=\"https:\/\/das-stille-woertchen.de\/wp-content\/uploads\/2015\/05\/P1330524.jpg\"><img loading=\"lazy\" decoding=\"async\" class=\"aligncenter size-medium wp-image-1972\" alt=\"P1330524\" src=\"https:\/\/das-stille-woertchen.de\/wp-content\/uploads\/2015\/05\/P1330524-300x225.jpg\" width=\"300\" height=\"225\" srcset=\"https:\/\/das-stille-woertchen.de\/wp-content\/uploads\/2015\/05\/P1330524-300x225.jpg 300w, https:\/\/das-stille-woertchen.de\/wp-content\/uploads\/2015\/05\/P1330524-1024x768.jpg 1024w\" sizes=\"auto, (max-width: 300px) 100vw, 300px\" \/><\/a><\/p>\n<p><a href=\"https:\/\/das-stille-woertchen.de\/wp-content\/uploads\/2015\/05\/P1330550.jpg\"><img loading=\"lazy\" decoding=\"async\" class=\"aligncenter size-medium wp-image-1991\" alt=\"P1330550\" src=\"https:\/\/das-stille-woertchen.de\/wp-content\/uploads\/2015\/05\/P1330550-225x300.jpg\" width=\"225\" height=\"300\" srcset=\"https:\/\/das-stille-woertchen.de\/wp-content\/uploads\/2015\/05\/P1330550-225x300.jpg 225w, https:\/\/das-stille-woertchen.de\/wp-content\/uploads\/2015\/05\/P1330550-768x1024.jpg 768w, https:\/\/das-stille-woertchen.de\/wp-content\/uploads\/2015\/05\/P1330550.jpg 1920w\" sizes=\"auto, (max-width: 225px) 100vw, 225px\" \/><\/a><\/p>\n<p>Die Bohnen wachsen auch schon, ranken aber noch nicht:<\/p>\n<p><a href=\"https:\/\/das-stille-woertchen.de\/wp-content\/uploads\/2015\/05\/P1330527.jpg\"><img loading=\"lazy\" decoding=\"async\" class=\"aligncenter size-medium wp-image-1973\" alt=\"P1330527\" src=\"https:\/\/das-stille-woertchen.de\/wp-content\/uploads\/2015\/05\/P1330527-225x300.jpg\" width=\"225\" height=\"300\" srcset=\"https:\/\/das-stille-woertchen.de\/wp-content\/uploads\/2015\/05\/P1330527-225x300.jpg 225w, https:\/\/das-stille-woertchen.de\/wp-content\/uploads\/2015\/05\/P1330527-768x1024.jpg 768w, https:\/\/das-stille-woertchen.de\/wp-content\/uploads\/2015\/05\/P1330527.jpg 1920w\" sizes=\"auto, (max-width: 225px) 100vw, 225px\" \/><\/a><\/p>\n<p>Noch bl\u00fcht der riesige Kastanienbaum im Hof:<\/p>\n<p><a href=\"https:\/\/das-stille-woertchen.de\/wp-content\/uploads\/2015\/05\/P1330556.jpg\"><img loading=\"lazy\" decoding=\"async\" class=\"aligncenter size-medium wp-image-1994\" alt=\"P1330556\" src=\"https:\/\/das-stille-woertchen.de\/wp-content\/uploads\/2015\/05\/P1330556-225x300.jpg\" width=\"225\" height=\"300\" srcset=\"https:\/\/das-stille-woertchen.de\/wp-content\/uploads\/2015\/05\/P1330556-225x300.jpg 225w, https:\/\/das-stille-woertchen.de\/wp-content\/uploads\/2015\/05\/P1330556-768x1024.jpg 768w, https:\/\/das-stille-woertchen.de\/wp-content\/uploads\/2015\/05\/P1330556.jpg 1920w\" sizes=\"auto, (max-width: 225px) 100vw, 225px\" \/><\/a>Und so traurig sieht das Pfirsichb\u00e4umchen heuer aus: Kaum Bl\u00e4tter und die wenigen, die da sind, haben jetzt schon die Kr\u00e4uselkrankheit:<\/p>\n<p><a href=\"https:\/\/das-stille-woertchen.de\/wp-content\/uploads\/2015\/05\/P1330557.jpg\"><img loading=\"lazy\" decoding=\"async\" class=\"aligncenter size-medium wp-image-1995\" alt=\"P1330557\" src=\"https:\/\/das-stille-woertchen.de\/wp-content\/uploads\/2015\/05\/P1330557-300x225.jpg\" width=\"300\" height=\"225\" srcset=\"https:\/\/das-stille-woertchen.de\/wp-content\/uploads\/2015\/05\/P1330557-300x225.jpg 300w, https:\/\/das-stille-woertchen.de\/wp-content\/uploads\/2015\/05\/P1330557-1024x768.jpg 1024w\" sizes=\"auto, (max-width: 300px) 100vw, 300px\" \/><\/a><\/p>\n","protected":false},"excerpt":{"rendered":"<p>Die Maiensonne kitzelt zwar wunderbar auf Nasen, R\u00fcsseln und Schnauzen &#8211; das Gr\u00fcnzeug w\u00e4re \u00fcber etwas Nass von oben allerdings mehr als sehr erfreut. Seit Wochen hat es nicht richtig geregnet und dementsprechend z\u00e4h w\u00e4chst hier alles vor sich hin. &hellip; <a href=\"https:\/\/das-stille-woertchen.de\/index.php\/2015\/05\/22\/gruenzeug-im-mai-teilweise-schon-ohne-lupe-sichtbar\/\">Weiterlesen <span class=\"meta-nav\">&rarr;<\/span><\/a><\/p>\n","protected":false},"author":2,"featured_media":0,"comment_status":"open","ping_status":"open","sticky":false,"template":"","format":"standard","meta":{"footnotes":""},"categories":[11,3],"tags":[],"class_list":["post-1987","post","type-post","status-publish","format-standard","hentry","category-grunzeug","category-oertchen"],"_links":{"self":[{"href":"https:\/\/das-stille-woertchen.de\/index.php\/wp-json\/wp\/v2\/posts\/1987","targetHints":{"allow":["GET"]}}],"collection":[{"href":"https:\/\/das-stille-woertchen.de\/index.php\/wp-json\/wp\/v2\/posts"}],"about":[{"href":"https:\/\/das-stille-woertchen.de\/index.php\/wp-json\/wp\/v2\/types\/post"}],"author":[{"embeddable":true,"href":"https:\/\/das-stille-woertchen.de\/index.php\/wp-json\/wp\/v2\/users\/2"}],"replies":[{"embeddable":true,"href":"https:\/\/das-stille-woertchen.de\/index.php\/wp-json\/wp\/v2\/comments?post=1987"}],"version-history":[{"count":8,"href":"https:\/\/das-stille-woertchen.de\/index.php\/wp-json\/wp\/v2\/posts\/1987\/revisions"}],"predecessor-version":[{"id":2008,"href":"https:\/\/das-stille-woertchen.de\/index.php\/wp-json\/wp\/v2\/posts\/1987\/revisions\/2008"}],"wp:attachment":[{"href":"https:\/\/das-stille-woertchen.de\/index.php\/wp-json\/wp\/v2\/media?parent=1987"}],"wp:term":[{"taxonomy":"category","embeddable":true,"href":"https:\/\/das-stille-woertchen.de\/index.php\/wp-json\/wp\/v2\/categories?post=1987"},{"taxonomy":"post_tag","embeddable":true,"href":"https:\/\/das-stille-woertchen.de\/index.php\/wp-json\/wp\/v2\/tags?post=1987"}],"curies":[{"name":"wp","href":"https:\/\/api.w.org\/{rel}","templated":true}]}}