{"id":2033,"date":"2015-06-01T07:07:02","date_gmt":"2015-06-01T05:07:02","guid":{"rendered":"http:\/\/das-stille-woertchen.de\/wordpress\/?p=2033"},"modified":"2015-06-05T09:59:07","modified_gmt":"2015-06-05T07:59:07","slug":"es-gibt-was-zu-gewinnen","status":"publish","type":"post","link":"https:\/\/das-stille-woertchen.de\/index.php\/2015\/06\/01\/es-gibt-was-zu-gewinnen\/","title":{"rendered":"Es gibt was zu gewinnen!"},"content":{"rendered":"<p><b>Ferienstimmung? Urlaubslaune?<\/b><\/p>\n<p>Dann geht es euch genauso wie Paula, Lou und Hund Muhackl! In ihrem neuesten Abenteuer flitzen die n\u00e4mlich nach Italien. Sonne, Meer &#8211; und ein neues spannendes und trubeliges Abenteuer.<br \/>\nNeugierig geworden?<br \/>\nIhr wollt auch mal reinschm\u00f6kern, so wie Alma und Lila?<br \/>\n<a href=\"https:\/\/das-stille-woertchen.de\/wp-content\/uploads\/2015\/05\/Alma-liest1.jpg\"><img loading=\"lazy\" decoding=\"async\" class=\"aligncenter size-medium wp-image-2021\" alt=\"Alma liest\" src=\"https:\/\/das-stille-woertchen.de\/wp-content\/uploads\/2015\/05\/Alma-liest1-300x225.jpg\" width=\"300\" height=\"225\" srcset=\"https:\/\/das-stille-woertchen.de\/wp-content\/uploads\/2015\/05\/Alma-liest1-300x225.jpg 300w, https:\/\/das-stille-woertchen.de\/wp-content\/uploads\/2015\/05\/Alma-liest1-1024x768.jpg 1024w\" sizes=\"auto, (max-width: 300px) 100vw, 300px\" \/><\/a><a href=\"https:\/\/das-stille-woertchen.de\/wp-content\/uploads\/2015\/05\/P1330685.jpg\"><img loading=\"lazy\" decoding=\"async\" class=\"aligncenter size-medium wp-image-2035\" alt=\"P1330685\" src=\"https:\/\/das-stille-woertchen.de\/wp-content\/uploads\/2015\/05\/P1330685-300x225.jpg\" width=\"300\" height=\"225\" srcset=\"https:\/\/das-stille-woertchen.de\/wp-content\/uploads\/2015\/05\/P1330685-300x225.jpg 300w, https:\/\/das-stille-woertchen.de\/wp-content\/uploads\/2015\/05\/P1330685-1024x768.jpg 1024w\" sizes=\"auto, (max-width: 300px) 100vw, 300px\" \/><\/a><a href=\"https:\/\/das-stille-woertchen.de\/wp-content\/uploads\/2015\/06\/P1330681.jpg\"><img loading=\"lazy\" decoding=\"async\" class=\"aligncenter size-medium wp-image-2039\" alt=\"P1330681\" src=\"https:\/\/das-stille-woertchen.de\/wp-content\/uploads\/2015\/06\/P1330681-225x300.jpg\" width=\"225\" height=\"300\" srcset=\"https:\/\/das-stille-woertchen.de\/wp-content\/uploads\/2015\/06\/P1330681-225x300.jpg 225w, https:\/\/das-stille-woertchen.de\/wp-content\/uploads\/2015\/06\/P1330681-768x1024.jpg 768w, https:\/\/das-stille-woertchen.de\/wp-content\/uploads\/2015\/06\/P1330681.jpg 1920w\" sizes=\"auto, (max-width: 225px) 100vw, 225px\" \/><\/a><br \/>\nDann packt den Fotoapparat oder eure Bastelsachen aus! Wir freuen uns \u00fcber eure kunterbunten Ideen rund um Paula, Lou und ihre (tierischen) Freunde aus der Sternstra\u00dfe. Schnappsch\u00fcsse und Basteleien zum Thema Strandfreuden, Urlaub und Ferienstimmung sind auch willkommen!<br \/>\nEinfach eure Beitr\u00e4ge bis zum 1. Juli auf unserer<a href=\"https:\/\/www.facebook.com\/pages\/Das-stille-w%C3%B6rtchen\/1609059472646118\" target=\"_blank\"> facebookseite<\/a> posten oder per Post\u00a0 <a href=\"http:\/\/www.judithallert.de\/contact\/index.php\" target=\"_blank\">hier <\/a>hin schicken.<br \/>\nNat\u00fcrlich werden eure M\u00fchen belohnt!<br \/>\nUnter all euren Einf\u00e4llen verlost arsEdition drei Exemplare von \u201eAlles paletti\u201c (das neunte Abenteuer von Paula und Lou \u00fcbrigens)!<\/p>\n<p>Alle Einsendungen werden nat\u00fcrlich auf dem (w)\u00f6rtchen und bei arsEdition vorgestellt!<\/p>\n<p>Viel Spa\u00df und Erfolg!<\/p>\n","protected":false},"excerpt":{"rendered":"<p>Ferienstimmung? Urlaubslaune? Dann geht es euch genauso wie Paula, Lou und Hund Muhackl! In ihrem neuesten Abenteuer flitzen die n\u00e4mlich nach Italien. Sonne, Meer &#8211; und ein neues spannendes und trubeliges Abenteuer. Neugierig geworden? Ihr wollt auch mal reinschm\u00f6kern, so &hellip; <a href=\"https:\/\/das-stille-woertchen.de\/index.php\/2015\/06\/01\/es-gibt-was-zu-gewinnen\/\">Weiterlesen <span class=\"meta-nav\">&rarr;<\/span><\/a><\/p>\n","protected":false},"author":2,"featured_media":0,"comment_status":"open","ping_status":"open","sticky":false,"template":"","format":"standard","meta":{"footnotes":""},"categories":[1,9,10,2],"tags":[],"class_list":["post-2033","post","type-post","status-publish","format-standard","hentry","category-allgemein","category-kinderbucher","category-paula-und-lou","category-wortchen"],"_links":{"self":[{"href":"https:\/\/das-stille-woertchen.de\/index.php\/wp-json\/wp\/v2\/posts\/2033","targetHints":{"allow":["GET"]}}],"collection":[{"href":"https:\/\/das-stille-woertchen.de\/index.php\/wp-json\/wp\/v2\/posts"}],"about":[{"href":"https:\/\/das-stille-woertchen.de\/index.php\/wp-json\/wp\/v2\/types\/post"}],"author":[{"embeddable":true,"href":"https:\/\/das-stille-woertchen.de\/index.php\/wp-json\/wp\/v2\/users\/2"}],"replies":[{"embeddable":true,"href":"https:\/\/das-stille-woertchen.de\/index.php\/wp-json\/wp\/v2\/comments?post=2033"}],"version-history":[{"count":7,"href":"https:\/\/das-stille-woertchen.de\/index.php\/wp-json\/wp\/v2\/posts\/2033\/revisions"}],"predecessor-version":[{"id":2049,"href":"https:\/\/das-stille-woertchen.de\/index.php\/wp-json\/wp\/v2\/posts\/2033\/revisions\/2049"}],"wp:attachment":[{"href":"https:\/\/das-stille-woertchen.de\/index.php\/wp-json\/wp\/v2\/media?parent=2033"}],"wp:term":[{"taxonomy":"category","embeddable":true,"href":"https:\/\/das-stille-woertchen.de\/index.php\/wp-json\/wp\/v2\/categories?post=2033"},{"taxonomy":"post_tag","embeddable":true,"href":"https:\/\/das-stille-woertchen.de\/index.php\/wp-json\/wp\/v2\/tags?post=2033"}],"curies":[{"name":"wp","href":"https:\/\/api.w.org\/{rel}","templated":true}]}}