{"id":2042,"date":"2015-06-05T10:10:41","date_gmt":"2015-06-05T08:10:41","guid":{"rendered":"http:\/\/das-stille-woertchen.de\/wordpress\/?p=2042"},"modified":"2015-06-05T10:10:41","modified_gmt":"2015-06-05T08:10:41","slug":"freiheit-fuer-die-miezen","status":"publish","type":"post","link":"https:\/\/das-stille-woertchen.de\/index.php\/2015\/06\/05\/freiheit-fuer-die-miezen\/","title":{"rendered":"Freiheit f\u00fcr die Miezen!"},"content":{"rendered":"<p>So, nun sinnse frei, die Miezen! Vor mittlerweile zwei Wochen sind sie zum ersten Mal zur Haust\u00fcr hinaus spaziert. Nervenkitzel pur! (F\u00fcr Katz, Mensch und auch Hund.)<br \/>\nEin paar Impressionen vom ersten Tag in Freiheit:<\/p>\n<p><a href=\"https:\/\/das-stille-woertchen.de\/wp-content\/uploads\/2015\/05\/sticky.jpg\"><img loading=\"lazy\" decoding=\"async\" class=\"aligncenter size-medium wp-image-2031\" alt=\"sticky\" src=\"https:\/\/das-stille-woertchen.de\/wp-content\/uploads\/2015\/05\/sticky-300x225.jpg\" width=\"300\" height=\"225\" srcset=\"https:\/\/das-stille-woertchen.de\/wp-content\/uploads\/2015\/05\/sticky-300x225.jpg 300w, https:\/\/das-stille-woertchen.de\/wp-content\/uploads\/2015\/05\/sticky-1024x768.jpg 1024w\" sizes=\"auto, (max-width: 300px) 100vw, 300px\" \/><\/a> <a href=\"https:\/\/das-stille-woertchen.de\/wp-content\/uploads\/2015\/05\/molly.jpg\"><img loading=\"lazy\" decoding=\"async\" class=\"aligncenter size-medium wp-image-2028\" alt=\"molly\" src=\"https:\/\/das-stille-woertchen.de\/wp-content\/uploads\/2015\/05\/molly-300x225.jpg\" width=\"300\" height=\"225\" srcset=\"https:\/\/das-stille-woertchen.de\/wp-content\/uploads\/2015\/05\/molly-300x225.jpg 300w, https:\/\/das-stille-woertchen.de\/wp-content\/uploads\/2015\/05\/molly-1024x768.jpg 1024w\" sizes=\"auto, (max-width: 300px) 100vw, 300px\" \/><\/a> <a href=\"https:\/\/das-stille-woertchen.de\/wp-content\/uploads\/2015\/05\/kraxeln.jpg\"><img loading=\"lazy\" decoding=\"async\" class=\"aligncenter size-medium wp-image-2019\" alt=\"kraxeln\" src=\"https:\/\/das-stille-woertchen.de\/wp-content\/uploads\/2015\/05\/kraxeln-300x225.jpg\" width=\"300\" height=\"225\" srcset=\"https:\/\/das-stille-woertchen.de\/wp-content\/uploads\/2015\/05\/kraxeln-300x225.jpg 300w, https:\/\/das-stille-woertchen.de\/wp-content\/uploads\/2015\/05\/kraxeln-1024x768.jpg 1024w\" sizes=\"auto, (max-width: 300px) 100vw, 300px\" \/><\/a>\u00a0 <a href=\"https:\/\/das-stille-woertchen.de\/wp-content\/uploads\/2015\/05\/katzenaugen.jpg\"><img loading=\"lazy\" decoding=\"async\" class=\"aligncenter size-medium wp-image-2018\" alt=\"katzenaugen\" src=\"https:\/\/das-stille-woertchen.de\/wp-content\/uploads\/2015\/05\/katzenaugen-300x225.jpg\" width=\"300\" height=\"225\" srcset=\"https:\/\/das-stille-woertchen.de\/wp-content\/uploads\/2015\/05\/katzenaugen-300x225.jpg 300w, https:\/\/das-stille-woertchen.de\/wp-content\/uploads\/2015\/05\/katzenaugen-1024x768.jpg 1024w\" sizes=\"auto, (max-width: 300px) 100vw, 300px\" \/><\/a>Und so guckt Sticky, wenn die Hunde sich zu nahe wagen:<\/p>\n<p><a href=\"https:\/\/das-stille-woertchen.de\/wp-content\/uploads\/2015\/05\/fauchend.jpg\"><img loading=\"lazy\" decoding=\"async\" class=\"aligncenter size-medium wp-image-2012\" alt=\"fauchend\" src=\"https:\/\/das-stille-woertchen.de\/wp-content\/uploads\/2015\/05\/fauchend-300x225.jpg\" width=\"300\" height=\"225\" srcset=\"https:\/\/das-stille-woertchen.de\/wp-content\/uploads\/2015\/05\/fauchend-300x225.jpg 300w, https:\/\/das-stille-woertchen.de\/wp-content\/uploads\/2015\/05\/fauchend-1024x768.jpg 1024w\" sizes=\"auto, (max-width: 300px) 100vw, 300px\" \/><\/a>Obwohl, manchmal ist sie auch gn\u00e4diger. Alma durfte sogar schon mit auf den Ausguck (der ja eigentlich einmal Alma geh\u00f6rte &#8211; bevor die Katzen eingezogen sind):<\/p>\n<p><a href=\"https:\/\/das-stille-woertchen.de\/wp-content\/uploads\/2015\/05\/ausguckteilung.jpg\"><img loading=\"lazy\" decoding=\"async\" class=\"aligncenter size-medium wp-image-2010\" alt=\"ausguckteilung\" src=\"https:\/\/das-stille-woertchen.de\/wp-content\/uploads\/2015\/05\/ausguckteilung-300x225.jpg\" width=\"300\" height=\"225\" srcset=\"https:\/\/das-stille-woertchen.de\/wp-content\/uploads\/2015\/05\/ausguckteilung-300x225.jpg 300w, https:\/\/das-stille-woertchen.de\/wp-content\/uploads\/2015\/05\/ausguckteilung-1024x768.jpg 1024w\" sizes=\"auto, (max-width: 300px) 100vw, 300px\" \/><\/a>(Jaja, die Fenster m\u00fcsste Judith mal wieder putzen. Dass die K\u00f6ter aber auch immer ihre feuchten Nase an die Scheibe pressen!)<\/p>\n<p>Und hier, schon an Tag 1, der erste gemeinsame Jagderfolg von Hund und Katz. Hund f\u00e4ngt Maus &#8211; Katze frisst Maus (das Foto wurde vor der Gewalttat aufgenommen!):<br \/>\n<a href=\"https:\/\/das-stille-woertchen.de\/wp-content\/uploads\/2015\/05\/gemeinsame-Jagd.jpg\"><img loading=\"lazy\" decoding=\"async\" class=\"aligncenter size-medium wp-image-2016\" alt=\"gemeinsame Jagd\" src=\"https:\/\/das-stille-woertchen.de\/wp-content\/uploads\/2015\/05\/gemeinsame-Jagd-300x225.jpg\" width=\"300\" height=\"225\" srcset=\"https:\/\/das-stille-woertchen.de\/wp-content\/uploads\/2015\/05\/gemeinsame-Jagd-300x225.jpg 300w, https:\/\/das-stille-woertchen.de\/wp-content\/uploads\/2015\/05\/gemeinsame-Jagd-1024x768.jpg 1024w\" sizes=\"auto, (max-width: 300px) 100vw, 300px\" \/><\/a>Die ersten Tage waren die Katzen immer in der N\u00e4he. Molly unternimmt inzwischen schon gerne l\u00e4ngere Streifz\u00fcge, Sticky ist eher etwas h\u00e4uslich. (Noch?) Und sie nehmen ihren Job ernst. KILLERKATZEN! Nicht gerade leicht, f\u00fcr die zartbesaitete, alle-Tiere-liebende Kinderbuchtante hier ihm Hause. Aber wer Gem\u00fcse im Garten &#8211; und auf dem Teller &#8211; haben will, muss da wohl irgendwelche Kompromisse eingehen. Seufz. (Es sei an dieser Stelle erinnert, dass in der letzten Saison das komplette Rote Bete-Beet von M\u00e4usen geleert wurde.\u00a0 <a href=\"http:\/\/das-stille-woertchen.de\/wordpress\/index.php\/2014\/09\/21\/spaetsommervierbeiner\/\" target=\"_blank\">Und die gr\u00f6\u00dften K\u00fcrbisse ausgeh\u00f6hlt<\/a>. Und die sch\u00f6nsten Tomaten weggemampft. Und drei Viertel aller Zucchinipflanzen verputzt.)<\/p>\n<p>Hier die beiden auf Streife:<\/p>\n<p><a href=\"https:\/\/das-stille-woertchen.de\/wp-content\/uploads\/2015\/05\/beetwache1.jpg\"><img loading=\"lazy\" decoding=\"async\" class=\"aligncenter\" alt=\"beetwache\" src=\"https:\/\/das-stille-woertchen.de\/wp-content\/uploads\/2015\/05\/beetwache1-300x225.jpg\" width=\"300\" height=\"225\" \/><\/a>Auch uns Schweine kennen die zwei mittlerweile.<\/p>\n<p><a href=\"https:\/\/das-stille-woertchen.de\/wp-content\/uploads\/2015\/05\/fussel.jpg\"><img loading=\"lazy\" decoding=\"async\" class=\"aligncenter size-medium wp-image-2015\" alt=\"fussel\" src=\"https:\/\/das-stille-woertchen.de\/wp-content\/uploads\/2015\/05\/fussel-300x225.jpg\" width=\"300\" height=\"225\" srcset=\"https:\/\/das-stille-woertchen.de\/wp-content\/uploads\/2015\/05\/fussel-300x225.jpg 300w, https:\/\/das-stille-woertchen.de\/wp-content\/uploads\/2015\/05\/fussel-1024x768.jpg 1024w\" sizes=\"auto, (max-width: 300px) 100vw, 300px\" \/><\/a> <a href=\"https:\/\/das-stille-woertchen.de\/wp-content\/uploads\/2015\/05\/kr\u00fcmel.jpg\"><img loading=\"lazy\" decoding=\"async\" class=\"aligncenter size-medium wp-image-2030\" alt=\"kr\u00fcmel\" src=\"https:\/\/das-stille-woertchen.de\/wp-content\/uploads\/2015\/05\/kr\u00fcmel-300x225.jpg\" width=\"300\" height=\"225\" srcset=\"https:\/\/das-stille-woertchen.de\/wp-content\/uploads\/2015\/05\/kr\u00fcmel-300x225.jpg 300w, https:\/\/das-stille-woertchen.de\/wp-content\/uploads\/2015\/05\/kr\u00fcmel-1024x768.jpg 1024w\" sizes=\"auto, (max-width: 300px) 100vw, 300px\" \/><\/a>Und diese Viecher mit den komischen Masken:<a href=\"https:\/\/das-stille-woertchen.de\/wp-content\/uploads\/2015\/05\/mixed-carving.jpg\"><img loading=\"lazy\" decoding=\"async\" class=\"aligncenter size-medium wp-image-2027\" alt=\"mixed carving\" src=\"https:\/\/das-stille-woertchen.de\/wp-content\/uploads\/2015\/05\/mixed-carving-300x225.jpg\" width=\"300\" height=\"225\" srcset=\"https:\/\/das-stille-woertchen.de\/wp-content\/uploads\/2015\/05\/mixed-carving-300x225.jpg 300w, https:\/\/das-stille-woertchen.de\/wp-content\/uploads\/2015\/05\/mixed-carving-1024x768.jpg 1024w\" sizes=\"auto, (max-width: 300px) 100vw, 300px\" \/><\/a>Uns Schweine mit den Hufgetieren\u00a0 zusammen auf die Koppel zu lassen war \u00fcbrigens ein einmaliges Experient. So putzig Pony Pippilotta aussieht &#8211; die olle Zicke hat uns ganz sch\u00f6n \u00fcber die Wiese gescheucht!<\/p>\n<p>So, wir schlappen jetzt mal wieder Richtung Matschsuhle. Schweinehei\u00df heute!<\/p>\n","protected":false},"excerpt":{"rendered":"<p>So, nun sinnse frei, die Miezen! Vor mittlerweile zwei Wochen sind sie zum ersten Mal zur Haust\u00fcr hinaus spaziert. Nervenkitzel pur! (F\u00fcr Katz, Mensch und auch Hund.) Ein paar Impressionen vom ersten Tag in Freiheit: \u00a0 Und so guckt Sticky, &hellip; <a href=\"https:\/\/das-stille-woertchen.de\/index.php\/2015\/06\/05\/freiheit-fuer-die-miezen\/\">Weiterlesen <span class=\"meta-nav\">&rarr;<\/span><\/a><\/p>\n","protected":false},"author":3,"featured_media":0,"comment_status":"open","ping_status":"open","sticky":false,"template":"","format":"standard","meta":{"footnotes":""},"categories":[3,5],"tags":[],"class_list":["post-2042","post","type-post","status-publish","format-standard","hentry","category-oertchen","category-tierisch"],"_links":{"self":[{"href":"https:\/\/das-stille-woertchen.de\/index.php\/wp-json\/wp\/v2\/posts\/2042","targetHints":{"allow":["GET"]}}],"collection":[{"href":"https:\/\/das-stille-woertchen.de\/index.php\/wp-json\/wp\/v2\/posts"}],"about":[{"href":"https:\/\/das-stille-woertchen.de\/index.php\/wp-json\/wp\/v2\/types\/post"}],"author":[{"embeddable":true,"href":"https:\/\/das-stille-woertchen.de\/index.php\/wp-json\/wp\/v2\/users\/3"}],"replies":[{"embeddable":true,"href":"https:\/\/das-stille-woertchen.de\/index.php\/wp-json\/wp\/v2\/comments?post=2042"}],"version-history":[{"count":7,"href":"https:\/\/das-stille-woertchen.de\/index.php\/wp-json\/wp\/v2\/posts\/2042\/revisions"}],"predecessor-version":[{"id":2050,"href":"https:\/\/das-stille-woertchen.de\/index.php\/wp-json\/wp\/v2\/posts\/2042\/revisions\/2050"}],"wp:attachment":[{"href":"https:\/\/das-stille-woertchen.de\/index.php\/wp-json\/wp\/v2\/media?parent=2042"}],"wp:term":[{"taxonomy":"category","embeddable":true,"href":"https:\/\/das-stille-woertchen.de\/index.php\/wp-json\/wp\/v2\/categories?post=2042"},{"taxonomy":"post_tag","embeddable":true,"href":"https:\/\/das-stille-woertchen.de\/index.php\/wp-json\/wp\/v2\/tags?post=2042"}],"curies":[{"name":"wp","href":"https:\/\/api.w.org\/{rel}","templated":true}]}}