{"id":2062,"date":"2015-06-08T21:52:31","date_gmt":"2015-06-08T19:52:31","guid":{"rendered":"http:\/\/das-stille-woertchen.de\/wordpress\/?p=2062"},"modified":"2015-06-09T13:04:57","modified_gmt":"2015-06-09T11:04:57","slug":"gruppe-7","status":"publish","type":"post","link":"https:\/\/das-stille-woertchen.de\/index.php\/2015\/06\/08\/gruppe-7\/","title":{"rendered":"Die kunterbunte Gruppe 7"},"content":{"rendered":"<p>Franken ist ber\u00fchmt f\u00fcr sein Bier.<br \/>\nFr\u00e4nkische Bratw\u00fcrste, die kennt auch jeder.<br \/>\nDer Mangel an harten Konsonanten ist ebenfalls allseits bekannt.<\/p>\n<p>Aber da ist noch was:<\/p>\n<p>In Franken gibt es auch die &#8230;<\/p>\n<p><a href=\"https:\/\/das-stille-woertchen.de\/wp-content\/uploads\/2015\/06\/gruppe-7-logo.jpg\"><img loading=\"lazy\" decoding=\"async\" class=\"aligncenter size-medium wp-image-2068\" alt=\"gruppe 7 logo\" src=\"https:\/\/das-stille-woertchen.de\/wp-content\/uploads\/2015\/06\/gruppe-7-logo-300x133.jpg\" width=\"300\" height=\"133\" srcset=\"https:\/\/das-stille-woertchen.de\/wp-content\/uploads\/2015\/06\/gruppe-7-logo-300x133.jpg 300w, https:\/\/das-stille-woertchen.de\/wp-content\/uploads\/2015\/06\/gruppe-7-logo.jpg 707w\" sizes=\"auto, (max-width: 300px) 100vw, 300px\" \/><\/a><\/p>\n<p>Waaaaas?<br \/>\nDie Gruppe 7 kennt ihr nicht???<\/p>\n<p>Um das schleunigst zu \u00e4ndern, hier ein paar Eindr\u00fccke vom letzten Treffen dieser fr\u00f6hlichen Truppe. Wie immer in Bamberg &#8211; und diesmal sogar unter freiem Himmel:<\/p>\n<p><a href=\"https:\/\/das-stille-woertchen.de\/wp-content\/uploads\/2015\/06\/P1330746.jpg\"><img loading=\"lazy\" decoding=\"async\" class=\"aligncenter size-medium wp-image-2053\" alt=\"P1330746\" src=\"https:\/\/das-stille-woertchen.de\/wp-content\/uploads\/2015\/06\/P1330746-300x225.jpg\" width=\"300\" height=\"225\" srcset=\"https:\/\/das-stille-woertchen.de\/wp-content\/uploads\/2015\/06\/P1330746-300x225.jpg 300w, https:\/\/das-stille-woertchen.de\/wp-content\/uploads\/2015\/06\/P1330746-1024x768.jpg 1024w\" sizes=\"auto, (max-width: 300px) 100vw, 300px\" \/><\/a> <a href=\"https:\/\/das-stille-woertchen.de\/wp-content\/uploads\/2015\/06\/P1330748.jpg\"><img loading=\"lazy\" decoding=\"async\" class=\"aligncenter size-medium wp-image-2052\" alt=\"P1330748\" src=\"https:\/\/das-stille-woertchen.de\/wp-content\/uploads\/2015\/06\/P1330748-300x225.jpg\" width=\"300\" height=\"225\" srcset=\"https:\/\/das-stille-woertchen.de\/wp-content\/uploads\/2015\/06\/P1330748-300x225.jpg 300w, https:\/\/das-stille-woertchen.de\/wp-content\/uploads\/2015\/06\/P1330748-1024x768.jpg 1024w\" sizes=\"auto, (max-width: 300px) 100vw, 300px\" \/><\/a>Wer sich &#8211; wie die Gruppe 7 &#8211; f\u00fcr Kinder und Jugendliteratur interessiert, dem kommen bestimmt ein paar Gesichter bekannt vor! Autoren, Illustratoren, Schauspieler, Verlagsleute, Bibliothekarinnen &#8211; die Gruppe 7 ist eine kunterbunt gemischte Meute von Menschen, die dem Kinderbuch verfallen ist.<\/p>\n<p>Am Sonntag waren das &#8230;<br \/>\nlinks:<\/p>\n<p>Claudia Frieser, Melanie Schmitt, Susanne Rebscher, Judith Allert, &#8230;<\/p>\n<p>und rechts:<br \/>\nDagmar Geisler, Gudrun Schury, Rolf-Bernhard Essig, Christiane Wei\u00df, &#8230;<\/p>\n<p>und in der Mitte:<\/p>\n<p>Paul Maar!<\/p>\n<p>\u00dcber dessen Beisein war die Freude besonders gro\u00df, schlie\u00dflich hat der als einer der bekanntesten Kinderbuchautoren Deutschlands viele, viele Termine. Aber jetzt ist es fix: Er geh\u00f6rt auch dazu!<\/p>\n<p>Wie gesagt, das waren nicht alle Stammtischler &#8211; Fotos werden nachgereicht!<\/p>\n<p>Die Autoren hatten ganz rein zuf\u00e4llig auch ein paar B\u00fccher dabei und weil es ja gerade so lange hell ist, durften die noch ein wenig auf den Spielplatz:<\/p>\n<p><a href=\"https:\/\/das-stille-woertchen.de\/wp-content\/uploads\/2015\/06\/P1330717-e1433787482740.jpg\"><img loading=\"lazy\" decoding=\"async\" class=\"aligncenter size-medium wp-image-2057\" alt=\"P1330717\" src=\"https:\/\/das-stille-woertchen.de\/wp-content\/uploads\/2015\/06\/P1330717-e1433787482740-225x300.jpg\" width=\"225\" height=\"300\" srcset=\"https:\/\/das-stille-woertchen.de\/wp-content\/uploads\/2015\/06\/P1330717-e1433787482740-225x300.jpg 225w, https:\/\/das-stille-woertchen.de\/wp-content\/uploads\/2015\/06\/P1330717-e1433787482740-768x1024.jpg 768w, https:\/\/das-stille-woertchen.de\/wp-content\/uploads\/2015\/06\/P1330717-e1433787482740.jpg 1920w\" sizes=\"auto, (max-width: 225px) 100vw, 225px\" \/><\/a> <a href=\"https:\/\/das-stille-woertchen.de\/wp-content\/uploads\/2015\/06\/P1330703.jpg\"><img loading=\"lazy\" decoding=\"async\" class=\"aligncenter size-medium wp-image-2059\" alt=\"P1330703\" src=\"https:\/\/das-stille-woertchen.de\/wp-content\/uploads\/2015\/06\/P1330703-300x225.jpg\" width=\"300\" height=\"225\" srcset=\"https:\/\/das-stille-woertchen.de\/wp-content\/uploads\/2015\/06\/P1330703-300x225.jpg 300w, https:\/\/das-stille-woertchen.de\/wp-content\/uploads\/2015\/06\/P1330703-1024x768.jpg 1024w\" sizes=\"auto, (max-width: 300px) 100vw, 300px\" \/><\/a> <a href=\"https:\/\/das-stille-woertchen.de\/wp-content\/uploads\/2015\/06\/P1330708-e1433787439629.jpg\"><img loading=\"lazy\" decoding=\"async\" class=\"aligncenter size-medium wp-image-2058\" alt=\"P1330708\" src=\"https:\/\/das-stille-woertchen.de\/wp-content\/uploads\/2015\/06\/P1330708-e1433787439629-225x300.jpg\" width=\"225\" height=\"300\" srcset=\"https:\/\/das-stille-woertchen.de\/wp-content\/uploads\/2015\/06\/P1330708-e1433787439629-225x300.jpg 225w, https:\/\/das-stille-woertchen.de\/wp-content\/uploads\/2015\/06\/P1330708-e1433787439629-768x1024.jpg 768w, https:\/\/das-stille-woertchen.de\/wp-content\/uploads\/2015\/06\/P1330708-e1433787439629.jpg 1920w\" sizes=\"auto, (max-width: 225px) 100vw, 225px\" \/><\/a><\/p>\n<p><a href=\"https:\/\/das-stille-woertchen.de\/wp-content\/uploads\/2015\/06\/P1330741-e1433787541440.jpg\"><img loading=\"lazy\" decoding=\"async\" class=\"aligncenter size-medium wp-image-2054\" alt=\"P1330741\" src=\"https:\/\/das-stille-woertchen.de\/wp-content\/uploads\/2015\/06\/P1330741-e1433787541440-225x300.jpg\" width=\"225\" height=\"300\" srcset=\"https:\/\/das-stille-woertchen.de\/wp-content\/uploads\/2015\/06\/P1330741-e1433787541440-225x300.jpg 225w, https:\/\/das-stille-woertchen.de\/wp-content\/uploads\/2015\/06\/P1330741-e1433787541440-768x1024.jpg 768w, https:\/\/das-stille-woertchen.de\/wp-content\/uploads\/2015\/06\/P1330741-e1433787541440.jpg 1920w\" sizes=\"auto, (max-width: 225px) 100vw, 225px\" \/><\/a>(Man beachte die schicke Bamberg-Kulisse im Hintergrund!)<\/p>\n<p>Soviel f\u00fcr&#8217;s erste. Bald wird mehr verraten, was diese Gruppe 7 noch alles vor hat. Kunterbuntes jedenfalls! Das ist klar.<\/p>\n<p>PS: Das tolle Logo ist von Dagmar Geisler! (Und das copyright nat\u00fcrlich bei ihr.)<\/p>\n<p>&nbsp;<\/p>\n<p>&nbsp;<\/p>\n","protected":false},"excerpt":{"rendered":"<p>Franken ist ber\u00fchmt f\u00fcr sein Bier. Fr\u00e4nkische Bratw\u00fcrste, die kennt auch jeder. Der Mangel an harten Konsonanten ist ebenfalls allseits bekannt. Aber da ist noch was: In Franken gibt es auch die &#8230; Waaaaas? Die Gruppe 7 kennt ihr nicht??? &hellip; <a href=\"https:\/\/das-stille-woertchen.de\/index.php\/2015\/06\/08\/gruppe-7\/\">Weiterlesen <span class=\"meta-nav\">&rarr;<\/span><\/a><\/p>\n","protected":false},"author":2,"featured_media":0,"comment_status":"open","ping_status":"open","sticky":false,"template":"","format":"standard","meta":{"footnotes":""},"categories":[21,2],"tags":[],"class_list":["post-2062","post","type-post","status-publish","format-standard","hentry","category-gruppe-7","category-wortchen"],"_links":{"self":[{"href":"https:\/\/das-stille-woertchen.de\/index.php\/wp-json\/wp\/v2\/posts\/2062","targetHints":{"allow":["GET"]}}],"collection":[{"href":"https:\/\/das-stille-woertchen.de\/index.php\/wp-json\/wp\/v2\/posts"}],"about":[{"href":"https:\/\/das-stille-woertchen.de\/index.php\/wp-json\/wp\/v2\/types\/post"}],"author":[{"embeddable":true,"href":"https:\/\/das-stille-woertchen.de\/index.php\/wp-json\/wp\/v2\/users\/2"}],"replies":[{"embeddable":true,"href":"https:\/\/das-stille-woertchen.de\/index.php\/wp-json\/wp\/v2\/comments?post=2062"}],"version-history":[{"count":11,"href":"https:\/\/das-stille-woertchen.de\/index.php\/wp-json\/wp\/v2\/posts\/2062\/revisions"}],"predecessor-version":[{"id":2075,"href":"https:\/\/das-stille-woertchen.de\/index.php\/wp-json\/wp\/v2\/posts\/2062\/revisions\/2075"}],"wp:attachment":[{"href":"https:\/\/das-stille-woertchen.de\/index.php\/wp-json\/wp\/v2\/media?parent=2062"}],"wp:term":[{"taxonomy":"category","embeddable":true,"href":"https:\/\/das-stille-woertchen.de\/index.php\/wp-json\/wp\/v2\/categories?post=2062"},{"taxonomy":"post_tag","embeddable":true,"href":"https:\/\/das-stille-woertchen.de\/index.php\/wp-json\/wp\/v2\/tags?post=2062"}],"curies":[{"name":"wp","href":"https:\/\/api.w.org\/{rel}","templated":true}]}}