{"id":3387,"date":"2017-01-14T14:04:51","date_gmt":"2017-01-14T12:04:51","guid":{"rendered":"http:\/\/das-stille-woertchen.de\/wordpress\/?p=3387"},"modified":"2017-01-14T14:05:12","modified_gmt":"2017-01-14T12:05:12","slug":"making-of-kruemel-und-fussel","status":"publish","type":"post","link":"https:\/\/das-stille-woertchen.de\/index.php\/2017\/01\/14\/making-of-kruemel-und-fussel\/","title":{"rendered":"Making of Kr\u00fcmel und Fussel"},"content":{"rendered":"<p>Schwein oh Schwein, das wird ja immer verr\u00fcckter! Jetzt gibt&#8217;s nicht nur&#8217;n Buch \u00fcber uns, sondern auch noch&#8217;n Filmchen!<\/p>\n<p>Denn als letzten Sommer Jo\u00eblle hier war und gemeinsam mit Judith live im Schweinsstall an unserem Bilderbuch gearbeitet hat &#8230;<\/p>\n<p><a href=\"https:\/\/das-stille-woertchen.de\/wp-content\/uploads\/2017\/01\/Schreibtisch-im-Schweinsstall.jpg\"><img loading=\"lazy\" decoding=\"async\" class=\"aligncenter size-medium wp-image-3386\" alt=\"Schreibtisch im Schweinsstall\" src=\"https:\/\/das-stille-woertchen.de\/wp-content\/uploads\/2017\/01\/Schreibtisch-im-Schweinsstall-300x197.jpg\" width=\"300\" height=\"197\" srcset=\"https:\/\/das-stille-woertchen.de\/wp-content\/uploads\/2017\/01\/Schreibtisch-im-Schweinsstall-300x197.jpg 300w, https:\/\/das-stille-woertchen.de\/wp-content\/uploads\/2017\/01\/Schreibtisch-im-Schweinsstall.jpg 792w\" sizes=\"auto, (max-width: 300px) 100vw, 300px\" \/><\/a><\/p>\n<p>&#8230; hat sich die liebe <a href=\"http:\/\/www.kristinherziger.com\" target=\"_blank\">Kristin\u00a0<\/a>darum gek\u00fcmmert, dass alles auf Film festgehalten wird.<br \/>\nMit stolz erhobenen R\u00fcsseln d\u00fcrfen wir vorstellen &#8211; bitte da unten klicken &#8211;<br \/>\ndas<a href=\"https:\/\/www.youtube.com\/watch?v=9ILGOyhBE6o\" target=\"_blank\">\u00a0grunzoffizielle Making of!<\/a><\/p>\n<p>&nbsp;<\/p>\n<p>&nbsp;<\/p>\n","protected":false},"excerpt":{"rendered":"<p>Schwein oh Schwein, das wird ja immer verr\u00fcckter! Jetzt gibt&#8217;s nicht nur&#8217;n Buch \u00fcber uns, sondern auch noch&#8217;n Filmchen! Denn als letzten Sommer Jo\u00eblle hier war und gemeinsam mit Judith live im Schweinsstall an unserem Bilderbuch gearbeitet hat &#8230; &#8230; &hellip; <a href=\"https:\/\/das-stille-woertchen.de\/index.php\/2017\/01\/14\/making-of-kruemel-und-fussel\/\">Weiterlesen <span class=\"meta-nav\">&rarr;<\/span><\/a><\/p>\n","protected":false},"author":3,"featured_media":0,"comment_status":"open","ping_status":"open","sticky":false,"template":"","format":"standard","meta":{"footnotes":""},"categories":[9,23,3,13,2],"tags":[],"class_list":["post-3387","post","type-post","status-publish","format-standard","hentry","category-kinderbucher","category-kruemel-und-fussel","category-oertchen","category-presse-wortchen","category-wortchen"],"_links":{"self":[{"href":"https:\/\/das-stille-woertchen.de\/index.php\/wp-json\/wp\/v2\/posts\/3387","targetHints":{"allow":["GET"]}}],"collection":[{"href":"https:\/\/das-stille-woertchen.de\/index.php\/wp-json\/wp\/v2\/posts"}],"about":[{"href":"https:\/\/das-stille-woertchen.de\/index.php\/wp-json\/wp\/v2\/types\/post"}],"author":[{"embeddable":true,"href":"https:\/\/das-stille-woertchen.de\/index.php\/wp-json\/wp\/v2\/users\/3"}],"replies":[{"embeddable":true,"href":"https:\/\/das-stille-woertchen.de\/index.php\/wp-json\/wp\/v2\/comments?post=3387"}],"version-history":[{"count":1,"href":"https:\/\/das-stille-woertchen.de\/index.php\/wp-json\/wp\/v2\/posts\/3387\/revisions"}],"predecessor-version":[{"id":3388,"href":"https:\/\/das-stille-woertchen.de\/index.php\/wp-json\/wp\/v2\/posts\/3387\/revisions\/3388"}],"wp:attachment":[{"href":"https:\/\/das-stille-woertchen.de\/index.php\/wp-json\/wp\/v2\/media?parent=3387"}],"wp:term":[{"taxonomy":"category","embeddable":true,"href":"https:\/\/das-stille-woertchen.de\/index.php\/wp-json\/wp\/v2\/categories?post=3387"},{"taxonomy":"post_tag","embeddable":true,"href":"https:\/\/das-stille-woertchen.de\/index.php\/wp-json\/wp\/v2\/tags?post=3387"}],"curies":[{"name":"wp","href":"https:\/\/api.w.org\/{rel}","templated":true}]}}