{"id":3398,"date":"2017-01-15T13:15:32","date_gmt":"2017-01-15T11:15:32","guid":{"rendered":"http:\/\/das-stille-woertchen.de\/wordpress\/?p=3398"},"modified":"2017-01-15T13:15:32","modified_gmt":"2017-01-15T11:15:32","slug":"tofu-der-superhund-und-sein-grosses-vorbild","status":"publish","type":"post","link":"https:\/\/das-stille-woertchen.de\/index.php\/2017\/01\/15\/tofu-der-superhund-und-sein-grosses-vorbild\/","title":{"rendered":"Tofu der Superhund &#8211; und sein gro\u00dfes Vorbild"},"content":{"rendered":"<p>Also sowas! Alles dreht sich zurzeit nur noch um die Schweinchen! Nur, weil&#8217;s da &#8217;n Filmchen gibt und ein Bilderbuch erscheint und so weiter und so fort. H\u00f6chste Zeit, laut heraus zu bellen, dass auch wir Terrort\u00f6len in einem von Judiths B\u00fcchern eine sehr wichtige Rolle spielen. Also, Alma jedenfalls.<\/p>\n<p>Als Super-Alma!<\/p>\n<p><a href=\"https:\/\/das-stille-woertchen.de\/wp-content\/uploads\/2017\/01\/super-Alma3.jpg\"><img loading=\"lazy\" decoding=\"async\" class=\"aligncenter size-medium wp-image-3394\" alt=\"super-Alma3\" src=\"https:\/\/das-stille-woertchen.de\/wp-content\/uploads\/2017\/01\/super-Alma3-233x300.jpg\" width=\"233\" height=\"300\" srcset=\"https:\/\/das-stille-woertchen.de\/wp-content\/uploads\/2017\/01\/super-Alma3-233x300.jpg 233w, https:\/\/das-stille-woertchen.de\/wp-content\/uploads\/2017\/01\/super-Alma3.jpg 592w\" sizes=\"auto, (max-width: 233px) 100vw, 233px\" \/><\/a> <a href=\"https:\/\/das-stille-woertchen.de\/wp-content\/uploads\/2017\/01\/Super-Alma2.jpg\"><img loading=\"lazy\" decoding=\"async\" class=\"aligncenter size-medium wp-image-3393\" alt=\"Super-Alma2\" src=\"https:\/\/das-stille-woertchen.de\/wp-content\/uploads\/2017\/01\/Super-Alma2-300x237.jpg\" width=\"300\" height=\"237\" srcset=\"https:\/\/das-stille-woertchen.de\/wp-content\/uploads\/2017\/01\/Super-Alma2-300x237.jpg 300w, https:\/\/das-stille-woertchen.de\/wp-content\/uploads\/2017\/01\/Super-Alma2.jpg 789w\" sizes=\"auto, (max-width: 300px) 100vw, 300px\" \/><\/a> <a href=\"https:\/\/das-stille-woertchen.de\/wp-content\/uploads\/2017\/01\/Super-Alma1.jpg\"><img loading=\"lazy\" decoding=\"async\" class=\"aligncenter size-medium wp-image-3392\" alt=\"Super-Alma1\" src=\"https:\/\/das-stille-woertchen.de\/wp-content\/uploads\/2017\/01\/Super-Alma1-300x261.jpg\" width=\"300\" height=\"261\" srcset=\"https:\/\/das-stille-woertchen.de\/wp-content\/uploads\/2017\/01\/Super-Alma1-300x261.jpg 300w, https:\/\/das-stille-woertchen.de\/wp-content\/uploads\/2017\/01\/Super-Alma1.jpg 800w\" sizes=\"auto, (max-width: 300px) 100vw, 300px\" \/><\/a>In Judiths nagelnagelneuem Kinderroman hei\u00dft sie ein bisschen anders. Tofu n\u00e4mlich. Und ein bisschen anders sieht sie auch aus &#8211; aber ja wohl eindeutig noch erkennbar!<\/p>\n<p><a href=\"https:\/\/das-stille-woertchen.de\/wp-content\/uploads\/2017\/01\/Tofu-und-Sticky.jpg\"><img loading=\"lazy\" decoding=\"async\" class=\"aligncenter size-medium wp-image-3397\" alt=\"Tofu und Sticky\" src=\"https:\/\/das-stille-woertchen.de\/wp-content\/uploads\/2017\/01\/Tofu-und-Sticky-225x300.jpg\" width=\"225\" height=\"300\" srcset=\"https:\/\/das-stille-woertchen.de\/wp-content\/uploads\/2017\/01\/Tofu-und-Sticky-225x300.jpg 225w, https:\/\/das-stille-woertchen.de\/wp-content\/uploads\/2017\/01\/Tofu-und-Sticky.jpg 588w\" sizes=\"auto, (max-width: 225px) 100vw, 225px\" \/><\/a>Naja und andere Essgewohnheiten hat Alma auch. Tofu mampft n\u00e4mlich NUR vegetarisch! Die Vorliebe f\u00fcr Kohlrabi ist aber original Alma! Und auch f\u00fcr ein paar von Super-Tofus Kunstst\u00fcckchen hat Alma Vorbild gestanden. Schon praktisch, wenn die Frau Autorin gar nicht viel gr\u00fcbeln muss, sondern die Ideen auf Pfoten, Klauen und Hufen direkt auf dem Hof herum spazieren!<\/p>\n<p><a href=\"https:\/\/das-stille-woertchen.de\/wp-content\/uploads\/2017\/01\/tofu-innen.jpg\"><img loading=\"lazy\" decoding=\"async\" class=\"aligncenter size-medium wp-image-3395\" alt=\"tofu innen\" src=\"https:\/\/das-stille-woertchen.de\/wp-content\/uploads\/2017\/01\/tofu-innen-226x300.jpg\" width=\"226\" height=\"300\" srcset=\"https:\/\/das-stille-woertchen.de\/wp-content\/uploads\/2017\/01\/tofu-innen-226x300.jpg 226w, https:\/\/das-stille-woertchen.de\/wp-content\/uploads\/2017\/01\/tofu-innen.jpg 593w\" sizes=\"auto, (max-width: 226px) 100vw, 226px\" \/><\/a>Hier noch mal das Buch von hinten.<\/p>\n<p><a href=\"https:\/\/das-stille-woertchen.de\/wp-content\/uploads\/2017\/01\/Tofu-R\u00fcckseite.jpg\"><img loading=\"lazy\" decoding=\"async\" class=\"aligncenter size-medium wp-image-3396\" alt=\"Tofu R\u00fcckseite\" src=\"https:\/\/das-stille-woertchen.de\/wp-content\/uploads\/2017\/01\/Tofu-R\u00fcckseite-300x218.jpg\" width=\"300\" height=\"218\" srcset=\"https:\/\/das-stille-woertchen.de\/wp-content\/uploads\/2017\/01\/Tofu-R\u00fcckseite-300x218.jpg 300w, https:\/\/das-stille-woertchen.de\/wp-content\/uploads\/2017\/01\/Tofu-R\u00fcckseite.jpg 796w\" sizes=\"auto, (max-width: 300px) 100vw, 300px\" \/><\/a>Der tolle Einband und die sch\u00f6nen Vignetten innen drin stammen von der gro\u00dfartigen <a href=\"http:\/\/ninadulleck.de\">Nina Dulleck<\/a>. Laut Judith passen sie einfach perfekt zum Buch! Aber davon k\u00f6nnt ihr euch am 29. Januar ja alle selbst \u00fcberzeugen!<\/p>\n","protected":false},"excerpt":{"rendered":"<p>Also sowas! Alles dreht sich zurzeit nur noch um die Schweinchen! Nur, weil&#8217;s da &#8217;n Filmchen gibt und ein Bilderbuch erscheint und so weiter und so fort. H\u00f6chste Zeit, laut heraus zu bellen, dass auch wir Terrort\u00f6len in einem von &hellip; <a href=\"https:\/\/das-stille-woertchen.de\/index.php\/2017\/01\/15\/tofu-der-superhund-und-sein-grosses-vorbild\/\">Weiterlesen <span class=\"meta-nav\">&rarr;<\/span><\/a><\/p>\n","protected":false},"author":2,"featured_media":0,"comment_status":"open","ping_status":"open","sticky":false,"template":"","format":"standard","meta":{"footnotes":""},"categories":[9,24,2],"tags":[],"class_list":["post-3398","post","type-post","status-publish","format-standard","hentry","category-kinderbucher","category-tofu","category-wortchen"],"_links":{"self":[{"href":"https:\/\/das-stille-woertchen.de\/index.php\/wp-json\/wp\/v2\/posts\/3398","targetHints":{"allow":["GET"]}}],"collection":[{"href":"https:\/\/das-stille-woertchen.de\/index.php\/wp-json\/wp\/v2\/posts"}],"about":[{"href":"https:\/\/das-stille-woertchen.de\/index.php\/wp-json\/wp\/v2\/types\/post"}],"author":[{"embeddable":true,"href":"https:\/\/das-stille-woertchen.de\/index.php\/wp-json\/wp\/v2\/users\/2"}],"replies":[{"embeddable":true,"href":"https:\/\/das-stille-woertchen.de\/index.php\/wp-json\/wp\/v2\/comments?post=3398"}],"version-history":[{"count":2,"href":"https:\/\/das-stille-woertchen.de\/index.php\/wp-json\/wp\/v2\/posts\/3398\/revisions"}],"predecessor-version":[{"id":3400,"href":"https:\/\/das-stille-woertchen.de\/index.php\/wp-json\/wp\/v2\/posts\/3398\/revisions\/3400"}],"wp:attachment":[{"href":"https:\/\/das-stille-woertchen.de\/index.php\/wp-json\/wp\/v2\/media?parent=3398"}],"wp:term":[{"taxonomy":"category","embeddable":true,"href":"https:\/\/das-stille-woertchen.de\/index.php\/wp-json\/wp\/v2\/categories?post=3398"},{"taxonomy":"post_tag","embeddable":true,"href":"https:\/\/das-stille-woertchen.de\/index.php\/wp-json\/wp\/v2\/tags?post=3398"}],"curies":[{"name":"wp","href":"https:\/\/api.w.org\/{rel}","templated":true}]}}