{"id":3449,"date":"2017-03-07T09:09:44","date_gmt":"2017-03-07T07:09:44","guid":{"rendered":"http:\/\/das-stille-woertchen.de\/wordpress\/?p=3449"},"modified":"2017-03-07T09:09:44","modified_gmt":"2017-03-07T07:09:44","slug":"aprilwetter","status":"publish","type":"post","link":"https:\/\/das-stille-woertchen.de\/index.php\/2017\/03\/07\/aprilwetter\/","title":{"rendered":"Aprilwetter"},"content":{"rendered":"<p>Hach, dieser Fr\u00fchling. Der macht es einem aber auch nicht leicht &#8211; tut Anfang M\u00e4rz so, als w\u00e4re es mitten im April. Jedenfalls, was das Wetterchaos angeht. Da scheint uns endlich mal die warme Sonne auf die Schnauzen, uns wird ganz mollig warm rundums Hundeherz &#8230;<\/p>\n<p><a href=\"https:\/\/das-stille-woertchen.de\/wp-content\/uploads\/2017\/03\/Fr\u00fchlingshundis-klein.jpg\"><img loading=\"lazy\" decoding=\"async\" class=\"aligncenter size-medium wp-image-3443\" alt=\"Fr\u00fchlingshundis klein\" src=\"https:\/\/das-stille-woertchen.de\/wp-content\/uploads\/2017\/03\/Fr\u00fchlingshundis-klein-300x162.jpg\" width=\"300\" height=\"162\" srcset=\"https:\/\/das-stille-woertchen.de\/wp-content\/uploads\/2017\/03\/Fr\u00fchlingshundis-klein-300x162.jpg 300w, https:\/\/das-stille-woertchen.de\/wp-content\/uploads\/2017\/03\/Fr\u00fchlingshundis-klein.jpg 792w\" sizes=\"auto, (max-width: 300px) 100vw, 300px\" \/><\/a>&#8230; aber dann, einen Tag sp\u00e4ter, ist&#8217;s schon wieder wild. Beim Spaziergang pfeift einem der Wind nur so um die Ohren &#8230;<\/p>\n<p><a href=\"https:\/\/das-stille-woertchen.de\/wp-content\/uploads\/2017\/03\/Ausblick.jpg\"><img loading=\"lazy\" decoding=\"async\" class=\"aligncenter size-medium wp-image-3442\" alt=\"Ausblick\" src=\"https:\/\/das-stille-woertchen.de\/wp-content\/uploads\/2017\/03\/Ausblick-300x162.jpg\" width=\"300\" height=\"162\" srcset=\"https:\/\/das-stille-woertchen.de\/wp-content\/uploads\/2017\/03\/Ausblick-300x162.jpg 300w, https:\/\/das-stille-woertchen.de\/wp-content\/uploads\/2017\/03\/Ausblick.jpg 800w\" sizes=\"auto, (max-width: 300px) 100vw, 300px\" \/><\/a>&#8230; und dann kommt der Regen und vorbei ist&#8217;s mit Sonnenbaden. Aber gut, den braucht&#8217;s vermutlich dringend. Damit der Garten endlich nicht mehr so kahl aussieht!<\/p>\n<p><a href=\"https:\/\/das-stille-woertchen.de\/wp-content\/uploads\/2017\/03\/Garten-und-Alma.jpg\"><img loading=\"lazy\" decoding=\"async\" class=\"aligncenter size-medium wp-image-3445\" alt=\"Garten und Alma\" src=\"https:\/\/das-stille-woertchen.de\/wp-content\/uploads\/2017\/03\/Garten-und-Alma-300x190.jpg\" width=\"300\" height=\"190\" srcset=\"https:\/\/das-stille-woertchen.de\/wp-content\/uploads\/2017\/03\/Garten-und-Alma-300x190.jpg 300w, https:\/\/das-stille-woertchen.de\/wp-content\/uploads\/2017\/03\/Garten-und-Alma.jpg 792w\" sizes=\"auto, (max-width: 300px) 100vw, 300px\" \/><\/a>Wobei die Schweinchen sich auch mit tr\u00fcben Wetter arrangieren. Solange nicht zu viel Regen auf die Wolle platscht, wird im Garten noch flei\u00dfig gebuddelt (wenn \u00a0ihnen auch ein Nickerchen in der Sonne lieber ist!). Sollen sie mal ruhig noch ein wenig arbeiten, denn bald, wenn das mit den Saaten richtig losgeht, ist das Beet wieder schweinsfreie Zone. (Bisher sind nur Puffbohnen im allerersten Beet gelandet. Paprika, Tomaten, und Auberginen \u00a0sprie\u00dfen \u00a0im Wohnzimmer):<\/p>\n<p><a href=\"https:\/\/das-stille-woertchen.de\/wp-content\/uploads\/2017\/03\/fussel.jpg\"><img loading=\"lazy\" decoding=\"async\" class=\"aligncenter size-medium wp-image-3444\" alt=\"fussel\" src=\"https:\/\/das-stille-woertchen.de\/wp-content\/uploads\/2017\/03\/fussel-300x167.jpg\" width=\"300\" height=\"167\" srcset=\"https:\/\/das-stille-woertchen.de\/wp-content\/uploads\/2017\/03\/fussel-300x167.jpg 300w, https:\/\/das-stille-woertchen.de\/wp-content\/uploads\/2017\/03\/fussel.jpg 780w\" sizes=\"auto, (max-width: 300px) 100vw, 300px\" \/><\/a> <a href=\"https:\/\/das-stille-woertchen.de\/wp-content\/uploads\/2017\/03\/schmuddelgarten.jpg\"><img loading=\"lazy\" decoding=\"async\" class=\"aligncenter size-medium wp-image-3446\" alt=\"schmuddelgarten\" src=\"https:\/\/das-stille-woertchen.de\/wp-content\/uploads\/2017\/03\/schmuddelgarten-300x219.jpg\" width=\"300\" height=\"219\" srcset=\"https:\/\/das-stille-woertchen.de\/wp-content\/uploads\/2017\/03\/schmuddelgarten-300x219.jpg 300w, https:\/\/das-stille-woertchen.de\/wp-content\/uploads\/2017\/03\/schmuddelgarten.jpg 795w\" sizes=\"auto, (max-width: 300px) 100vw, 300px\" \/><\/a>Wenn es richtig tr\u00fcb ist, gibt es immerhin ein paar Lichtblicke. Die Winterlinge leuchten auch im Miesewetter:<\/p>\n<p><a href=\"https:\/\/das-stille-woertchen.de\/wp-content\/uploads\/2017\/03\/winterlinge.jpg\"><img loading=\"lazy\" decoding=\"async\" class=\"aligncenter size-medium wp-image-3448\" alt=\"winterlinge\" src=\"https:\/\/das-stille-woertchen.de\/wp-content\/uploads\/2017\/03\/winterlinge-300x223.jpg\" width=\"300\" height=\"223\" srcset=\"https:\/\/das-stille-woertchen.de\/wp-content\/uploads\/2017\/03\/winterlinge-300x223.jpg 300w, https:\/\/das-stille-woertchen.de\/wp-content\/uploads\/2017\/03\/winterlinge.jpg 786w\" sizes=\"auto, (max-width: 300px) 100vw, 300px\" \/><\/a>Und wenn man gut genug sucht, finden sich auch ein paar Schneegl\u00f6ckchen. Judith hat ja letzten Herbst ziemlich viele davon und au\u00dferdem Krokusse, M\u00e4rzenbecher und so weiter &#8211; in Zwiebelform &#8211; ins Beet gesteckt. Nur haben sich Kr\u00fcmel und Fussel einen Scherz erlaubt und ungef\u00e4hr Siebenachtel davon ratzeputz verspeist!<\/p>\n<p><a href=\"https:\/\/das-stille-woertchen.de\/wp-content\/uploads\/2017\/03\/schneegl\u00f6ckchen.jpg\"><img loading=\"lazy\" decoding=\"async\" class=\"aligncenter size-medium wp-image-3447\" alt=\"schneegl\u00f6ckchen\" src=\"https:\/\/das-stille-woertchen.de\/wp-content\/uploads\/2017\/03\/schneegl\u00f6ckchen-227x300.jpg\" width=\"227\" height=\"300\" srcset=\"https:\/\/das-stille-woertchen.de\/wp-content\/uploads\/2017\/03\/schneegl\u00f6ckchen-227x300.jpg 227w, https:\/\/das-stille-woertchen.de\/wp-content\/uploads\/2017\/03\/schneegl\u00f6ckchen.jpg 696w\" sizes=\"auto, (max-width: 227px) 100vw, 227px\" \/><\/a>Na dann. Wir harren weiter aus. Der richtige Fr\u00fchling wird schon kommen!<\/p>\n","protected":false},"excerpt":{"rendered":"<p>Hach, dieser Fr\u00fchling. Der macht es einem aber auch nicht leicht &#8211; tut Anfang M\u00e4rz so, als w\u00e4re es mitten im April. Jedenfalls, was das Wetterchaos angeht. Da scheint uns endlich mal die warme Sonne auf die Schnauzen, uns wird &hellip; <a href=\"https:\/\/das-stille-woertchen.de\/index.php\/2017\/03\/07\/aprilwetter\/\">Weiterlesen <span class=\"meta-nav\">&rarr;<\/span><\/a><\/p>\n","protected":false},"author":2,"featured_media":0,"comment_status":"open","ping_status":"open","sticky":false,"template":"","format":"standard","meta":{"footnotes":""},"categories":[11,3,5],"tags":[],"class_list":["post-3449","post","type-post","status-publish","format-standard","hentry","category-grunzeug","category-oertchen","category-tierisch"],"_links":{"self":[{"href":"https:\/\/das-stille-woertchen.de\/index.php\/wp-json\/wp\/v2\/posts\/3449","targetHints":{"allow":["GET"]}}],"collection":[{"href":"https:\/\/das-stille-woertchen.de\/index.php\/wp-json\/wp\/v2\/posts"}],"about":[{"href":"https:\/\/das-stille-woertchen.de\/index.php\/wp-json\/wp\/v2\/types\/post"}],"author":[{"embeddable":true,"href":"https:\/\/das-stille-woertchen.de\/index.php\/wp-json\/wp\/v2\/users\/2"}],"replies":[{"embeddable":true,"href":"https:\/\/das-stille-woertchen.de\/index.php\/wp-json\/wp\/v2\/comments?post=3449"}],"version-history":[{"count":3,"href":"https:\/\/das-stille-woertchen.de\/index.php\/wp-json\/wp\/v2\/posts\/3449\/revisions"}],"predecessor-version":[{"id":3452,"href":"https:\/\/das-stille-woertchen.de\/index.php\/wp-json\/wp\/v2\/posts\/3449\/revisions\/3452"}],"wp:attachment":[{"href":"https:\/\/das-stille-woertchen.de\/index.php\/wp-json\/wp\/v2\/media?parent=3449"}],"wp:term":[{"taxonomy":"category","embeddable":true,"href":"https:\/\/das-stille-woertchen.de\/index.php\/wp-json\/wp\/v2\/categories?post=3449"},{"taxonomy":"post_tag","embeddable":true,"href":"https:\/\/das-stille-woertchen.de\/index.php\/wp-json\/wp\/v2\/tags?post=3449"}],"curies":[{"name":"wp","href":"https:\/\/api.w.org\/{rel}","templated":true}]}}