{"id":3472,"date":"2017-03-27T20:14:34","date_gmt":"2017-03-27T18:14:34","guid":{"rendered":"http:\/\/das-stille-woertchen.de\/wordpress\/?p=3472"},"modified":"2017-03-27T20:14:34","modified_gmt":"2017-03-27T18:14:34","slug":"fruehling-leipzig","status":"publish","type":"post","link":"https:\/\/das-stille-woertchen.de\/index.php\/2017\/03\/27\/fruehling-leipzig\/","title":{"rendered":"Fr\u00fchling = Leipzig"},"content":{"rendered":"<p>Letzte Woche &#8211; wie jedes Jahr, wenn die erste Fr\u00fchlingslaune aufkommt &#8211; \u00a0war es wieder soweit: Buchmesse in Leipzig.\u00a0Judith hat also mal wieder das fr\u00fchlingssonnige \u00d6rtchen mitsamt all uns zauberhaften Mitbewohnern hinter sich gelassen und ist in die Gro\u00dfstadt getingelt. Dabei war sie ein paar Tage vorher auch schon unterwegs. Allerdings nicht gro\u00dfst\u00e4dtisch sondern bayerisch-w\u00e4ldlerisch. In Rundung bei Cham, im bayerischen Wald, an der hiesigen kleinen, feinen Grundschule:<\/p>\n<p><a href=\"https:\/\/das-stille-woertchen.de\/wp-content\/uploads\/2017\/03\/runding.jpg\"><img loading=\"lazy\" decoding=\"async\" class=\"aligncenter size-medium wp-image-3471\" alt=\"runding\" src=\"https:\/\/das-stille-woertchen.de\/wp-content\/uploads\/2017\/03\/runding-300x179.jpg\" width=\"300\" height=\"179\" srcset=\"https:\/\/das-stille-woertchen.de\/wp-content\/uploads\/2017\/03\/runding-300x179.jpg 300w, https:\/\/das-stille-woertchen.de\/wp-content\/uploads\/2017\/03\/runding-1024x613.jpg 1024w, https:\/\/das-stille-woertchen.de\/wp-content\/uploads\/2017\/03\/runding.jpg 1200w\" sizes=\"auto, (max-width: 300px) 100vw, 300px\" \/><\/a>Aber gut, dieses Herumgetingel geh\u00f6rt nun mal zum Autorentantendasein. Und Wiedersehensfreude ist ja auch was Sch\u00f6nes. In Leipzig sah die Lesung jedenfalls so aus. Mitten drin, im l\u00e4rmenden Messetrubel. Und ganz vorne sa\u00df passenderweise ein konzentriert lauschender und lustig kichernder Kindergartentrupp:<br \/>\n<a href=\"https:\/\/das-stille-woertchen.de\/wp-content\/uploads\/2017\/03\/leipziglesung.jpg.jpg\"><img loading=\"lazy\" decoding=\"async\" class=\"aligncenter size-medium wp-image-3467\" alt=\"leipziglesung.jpg\" src=\"https:\/\/das-stille-woertchen.de\/wp-content\/uploads\/2017\/03\/leipziglesung.jpg-225x300.jpg\" width=\"225\" height=\"300\" srcset=\"https:\/\/das-stille-woertchen.de\/wp-content\/uploads\/2017\/03\/leipziglesung.jpg-225x300.jpg 225w, https:\/\/das-stille-woertchen.de\/wp-content\/uploads\/2017\/03\/leipziglesung.jpg.jpg 720w\" sizes=\"auto, (max-width: 225px) 100vw, 225px\" \/><\/a> <a href=\"https:\/\/das-stille-woertchen.de\/wp-content\/uploads\/2017\/03\/lesungleipzig.de_.jpg.jpg\"><img loading=\"lazy\" decoding=\"async\" class=\"aligncenter size-medium wp-image-3469\" alt=\"lesungleipzig.de.jpg\" src=\"https:\/\/das-stille-woertchen.de\/wp-content\/uploads\/2017\/03\/lesungleipzig.de_.jpg-300x168.jpg\" width=\"300\" height=\"168\" srcset=\"https:\/\/das-stille-woertchen.de\/wp-content\/uploads\/2017\/03\/lesungleipzig.de_.jpg-300x168.jpg 300w, https:\/\/das-stille-woertchen.de\/wp-content\/uploads\/2017\/03\/lesungleipzig.de_.jpg-1024x576.jpg 1024w, https:\/\/das-stille-woertchen.de\/wp-content\/uploads\/2017\/03\/lesungleipzig.de_.jpg.jpg 2048w\" sizes=\"auto, (max-width: 300px) 100vw, 300px\" \/><\/a><a href=\"https:\/\/das-stille-woertchen.de\/wp-content\/uploads\/2017\/03\/leipziglesung2.jpg.jpg\"><img loading=\"lazy\" decoding=\"async\" class=\"aligncenter size-medium wp-image-3468\" alt=\"leipziglesung2.jpg\" src=\"https:\/\/das-stille-woertchen.de\/wp-content\/uploads\/2017\/03\/leipziglesung2.jpg-300x224.jpg\" width=\"300\" height=\"224\" srcset=\"https:\/\/das-stille-woertchen.de\/wp-content\/uploads\/2017\/03\/leipziglesung2.jpg-300x224.jpg 300w, https:\/\/das-stille-woertchen.de\/wp-content\/uploads\/2017\/03\/leipziglesung2.jpg.jpg 775w\" sizes=\"auto, (max-width: 300px) 100vw, 300px\" \/><\/a>Au\u00dferdem hat Judith Kr\u00fcmel und Fussel zum ersten Mal in freier Wildbahn gesichtet. Also, die Bilderbuch-Schweinchen. In der Leipziger Buchhandlung war auch ganz vorbildlich der \u00a0passende Pappaufsteller angerichtet:<\/p>\n<p><a href=\"https:\/\/das-stille-woertchen.de\/wp-content\/uploads\/2017\/03\/kr\u00fcmel-und-fussel.jpg\"><img loading=\"lazy\" decoding=\"async\" class=\"aligncenter size-medium wp-image-3465\" alt=\"kr\u00fcmel und fussel\" src=\"https:\/\/das-stille-woertchen.de\/wp-content\/uploads\/2017\/03\/kr\u00fcmel-und-fussel-169x300.jpg\" width=\"169\" height=\"300\" srcset=\"https:\/\/das-stille-woertchen.de\/wp-content\/uploads\/2017\/03\/kr\u00fcmel-und-fussel-169x300.jpg 169w, https:\/\/das-stille-woertchen.de\/wp-content\/uploads\/2017\/03\/kr\u00fcmel-und-fussel-578x1024.jpg 578w, https:\/\/das-stille-woertchen.de\/wp-content\/uploads\/2017\/03\/kr\u00fcmel-und-fussel.jpg 594w\" sizes=\"auto, (max-width: 169px) 100vw, 169px\" \/><\/a>Nicht weit von den Schweinefreunden hat Tofu auf Kundschaft gewartet. Sehr autorinnenherzerquickend, so ein Anblick:<\/p>\n<p><a href=\"https:\/\/das-stille-woertchen.de\/wp-content\/uploads\/2017\/03\/Tofu-klein.jpg\"><img loading=\"lazy\" decoding=\"async\" class=\"aligncenter size-medium wp-image-3470\" alt=\"Tofu klein\" src=\"https:\/\/das-stille-woertchen.de\/wp-content\/uploads\/2017\/03\/Tofu-klein-300x164.jpg\" width=\"300\" height=\"164\" srcset=\"https:\/\/das-stille-woertchen.de\/wp-content\/uploads\/2017\/03\/Tofu-klein-300x164.jpg 300w, https:\/\/das-stille-woertchen.de\/wp-content\/uploads\/2017\/03\/Tofu-klein.jpg 788w\" sizes=\"auto, (max-width: 300px) 100vw, 300px\" \/><\/a>Und hier noch mal ne Grinse-Judith am Ravensburger Messestand. Hoffen wir mal, dass sich viele, viele Besucher in Leipzig in die Schweinchen und Tofu verknallt haben! (Sonst h\u00e4tte sie ja ruhig bei uns Viechern bleiben k\u00f6nnen, die olle Reisetrine.)<\/p>\n<p><a href=\"https:\/\/das-stille-woertchen.de\/wp-content\/uploads\/2017\/03\/Leipzig1.jpg.jpg\"><img loading=\"lazy\" decoding=\"async\" class=\"aligncenter size-medium wp-image-3466\" alt=\"Leipzig1.jpg\" src=\"https:\/\/das-stille-woertchen.de\/wp-content\/uploads\/2017\/03\/Leipzig1.jpg-225x300.jpg\" width=\"225\" height=\"300\" srcset=\"https:\/\/das-stille-woertchen.de\/wp-content\/uploads\/2017\/03\/Leipzig1.jpg-225x300.jpg 225w, https:\/\/das-stille-woertchen.de\/wp-content\/uploads\/2017\/03\/Leipzig1.jpg.jpg 720w\" sizes=\"auto, (max-width: 225px) 100vw, 225px\" \/><\/a><\/p>\n<p>&nbsp;<\/p>\n","protected":false},"excerpt":{"rendered":"<p>Letzte Woche &#8211; wie jedes Jahr, wenn die erste Fr\u00fchlingslaune aufkommt &#8211; \u00a0war es wieder soweit: Buchmesse in Leipzig.\u00a0Judith hat also mal wieder das fr\u00fchlingssonnige \u00d6rtchen mitsamt all uns zauberhaften Mitbewohnern hinter sich gelassen und ist in die Gro\u00dfstadt getingelt. &hellip; <a href=\"https:\/\/das-stille-woertchen.de\/index.php\/2017\/03\/27\/fruehling-leipzig\/\">Weiterlesen <span class=\"meta-nav\">&rarr;<\/span><\/a><\/p>\n","protected":false},"author":2,"featured_media":0,"comment_status":"open","ping_status":"open","sticky":false,"template":"","format":"standard","meta":{"footnotes":""},"categories":[9,23,15,13,24],"tags":[],"class_list":["post-3472","post","type-post","status-publish","format-standard","hentry","category-kinderbucher","category-kruemel-und-fussel","category-lesungen","category-presse-wortchen","category-tofu"],"_links":{"self":[{"href":"https:\/\/das-stille-woertchen.de\/index.php\/wp-json\/wp\/v2\/posts\/3472","targetHints":{"allow":["GET"]}}],"collection":[{"href":"https:\/\/das-stille-woertchen.de\/index.php\/wp-json\/wp\/v2\/posts"}],"about":[{"href":"https:\/\/das-stille-woertchen.de\/index.php\/wp-json\/wp\/v2\/types\/post"}],"author":[{"embeddable":true,"href":"https:\/\/das-stille-woertchen.de\/index.php\/wp-json\/wp\/v2\/users\/2"}],"replies":[{"embeddable":true,"href":"https:\/\/das-stille-woertchen.de\/index.php\/wp-json\/wp\/v2\/comments?post=3472"}],"version-history":[{"count":4,"href":"https:\/\/das-stille-woertchen.de\/index.php\/wp-json\/wp\/v2\/posts\/3472\/revisions"}],"predecessor-version":[{"id":3477,"href":"https:\/\/das-stille-woertchen.de\/index.php\/wp-json\/wp\/v2\/posts\/3472\/revisions\/3477"}],"wp:attachment":[{"href":"https:\/\/das-stille-woertchen.de\/index.php\/wp-json\/wp\/v2\/media?parent=3472"}],"wp:term":[{"taxonomy":"category","embeddable":true,"href":"https:\/\/das-stille-woertchen.de\/index.php\/wp-json\/wp\/v2\/categories?post=3472"},{"taxonomy":"post_tag","embeddable":true,"href":"https:\/\/das-stille-woertchen.de\/index.php\/wp-json\/wp\/v2\/tags?post=3472"}],"curies":[{"name":"wp","href":"https:\/\/api.w.org\/{rel}","templated":true}]}}