{"id":3515,"date":"2017-04-12T07:41:36","date_gmt":"2017-04-12T05:41:36","guid":{"rendered":"http:\/\/das-stille-woertchen.de\/wordpress\/?p=3515"},"modified":"2017-04-12T07:44:44","modified_gmt":"2017-04-12T05:44:44","slug":"bologna-2","status":"publish","type":"post","link":"https:\/\/das-stille-woertchen.de\/index.php\/2017\/04\/12\/bologna-2\/","title":{"rendered":"Bologna"},"content":{"rendered":"<p>Judith hat uns mal wieder alleine gelassen. Fast ne ganze Woche lang! In Italien war sie diesmal, genauer gesagt Bologna. Aber nicht zum Urlaubmachen &#8211; zur Kinderbuchmesse! Obwohl, ein bisschen wie Urlaub war das auch schon. Schlie\u00dflich war sie mit der besten Reisegruppe der Welt unterwegs. Und es war ja auch nicht jeden Tag Messe und so genug Zeit, um ein wenig der warmen Italien-Sonne entgegen zu grinsen:<\/p>\n<p><a href=\"https:\/\/das-stille-woertchen.de\/wp-content\/uploads\/2017\/04\/crew.jpg\"><img loading=\"lazy\" decoding=\"async\" class=\"aligncenter size-medium wp-image-3483\" alt=\"crew\" src=\"https:\/\/das-stille-woertchen.de\/wp-content\/uploads\/2017\/04\/crew-293x300.jpg\" width=\"293\" height=\"300\" srcset=\"https:\/\/das-stille-woertchen.de\/wp-content\/uploads\/2017\/04\/crew-293x300.jpg 293w, https:\/\/das-stille-woertchen.de\/wp-content\/uploads\/2017\/04\/crew.jpg 926w\" sizes=\"auto, (max-width: 293px) 100vw, 293px\" \/><\/a><\/p>\n<p>Von links nach rechts: <a title=\"http:\/\/joelletourlonias.blogspot.de\" href=\"http:\/\/joelletourlonias.blogspot.de\" target=\"_blank\">Jo\u00eblle Tourlonias<\/a>, die Judith, <a href=\"http:\/\/www.herrlefrancois.de\" target=\"_blank\">Markus Lefrancois<\/a>, <a href=\"http:\/\/www.robertscheffner.de\" target=\"_blank\">Robert Scheffner<\/a>, <a href=\"https:\/\/www.alexandrahelm.de\" target=\"_blank\">Alexandra Helm<\/a>.\u00a0(Mit Bewegung und Gewackel gibt es das Bildchen auf Jo\u00eblles Blog <a href=\"Cqo\/WOlUDGf_z7I\/AAAAAAAACaU\/m9fZ93GjZ7cq4R4iR0rWUbXkQ1b9xiTdgCEw\/s1600\/crew.gif\" target=\"_blank\">hier<\/a>!)<br \/>\nAber unter einem bolognesischen Himmel kann man auch prima arbeiten. So haben Jo\u00eblle und Judith zum Beispiel Kr\u00fcmel und Fussels drittes Abenteuer ausget\u00fcftelt. (Das es einen dritten Band geben wird, ist nun n\u00e4mlich offiziell! Aber erstmal darf man ab Ende August <a href=\"http:\/\/www.buecher.de\/shop\/bilderbuecher\/kruemel-und-fussel-allein-unter-schafen\/allert-judith\/products_products\/detail\/prod_id\/47837574\/\" target=\"_blank\">das zweite Abenteuer<\/a> erschm\u00f6kern!) Und weil Judith vor allem unter Illustratoren unterwegs war, wurden da auch mal Stift und Pinsel ausgepackt und die tolle Stadt auf&#8217;s Papier gebracht. Hier haben sich noch <a href=\"http:\/\/www.daniel-napp.de\" target=\"_blank\">Daniel Napp<\/a> und <a href=\"http:\/\/www.petraeimer.de\" target=\"_blank\">Petra Eimer<\/a> dazu gesellt:<\/p>\n<p><a href=\"https:\/\/das-stille-woertchen.de\/wp-content\/uploads\/2017\/04\/K\u00fcnstler2.jpg\"><img loading=\"lazy\" decoding=\"async\" class=\"aligncenter size-medium wp-image-3481\" alt=\"K\u00fcnstler2\" src=\"https:\/\/das-stille-woertchen.de\/wp-content\/uploads\/2017\/04\/K\u00fcnstler2-300x221.jpg\" width=\"300\" height=\"221\" srcset=\"https:\/\/das-stille-woertchen.de\/wp-content\/uploads\/2017\/04\/K\u00fcnstler2-300x221.jpg 300w, https:\/\/das-stille-woertchen.de\/wp-content\/uploads\/2017\/04\/K\u00fcnstler2.jpg 784w\" sizes=\"auto, (max-width: 300px) 100vw, 300px\" \/><\/a> <a href=\"https:\/\/das-stille-woertchen.de\/wp-content\/uploads\/2017\/04\/Markus-Kunst.jpg\"><img loading=\"lazy\" decoding=\"async\" class=\"aligncenter size-medium wp-image-3482\" alt=\"Markus Kunst\" src=\"https:\/\/das-stille-woertchen.de\/wp-content\/uploads\/2017\/04\/Markus-Kunst-300x230.jpg\" width=\"300\" height=\"230\" srcset=\"https:\/\/das-stille-woertchen.de\/wp-content\/uploads\/2017\/04\/Markus-Kunst-300x230.jpg 300w, https:\/\/das-stille-woertchen.de\/wp-content\/uploads\/2017\/04\/Markus-Kunst.jpg 776w\" sizes=\"auto, (max-width: 300px) 100vw, 300px\" \/><\/a> <a href=\"https:\/\/das-stille-woertchen.de\/wp-content\/uploads\/2017\/04\/Joelle-Kunst.jpg\"><img loading=\"lazy\" decoding=\"async\" class=\"aligncenter size-medium wp-image-3480\" alt=\"Joelle Kunst\" src=\"https:\/\/das-stille-woertchen.de\/wp-content\/uploads\/2017\/04\/Joelle-Kunst-300x224.jpg\" width=\"300\" height=\"224\" srcset=\"https:\/\/das-stille-woertchen.de\/wp-content\/uploads\/2017\/04\/Joelle-Kunst-300x224.jpg 300w, https:\/\/das-stille-woertchen.de\/wp-content\/uploads\/2017\/04\/Joelle-Kunst.jpg 792w\" sizes=\"auto, (max-width: 300px) 100vw, 300px\" \/><\/a> <a href=\"https:\/\/das-stille-woertchen.de\/wp-content\/uploads\/2017\/04\/K\u00fcnstler.jpg\"><img loading=\"lazy\" decoding=\"async\" class=\"aligncenter size-medium wp-image-3479\" alt=\"K\u00fcnstler\" src=\"https:\/\/das-stille-woertchen.de\/wp-content\/uploads\/2017\/04\/K\u00fcnstler-300x192.jpg\" width=\"300\" height=\"192\" srcset=\"https:\/\/das-stille-woertchen.de\/wp-content\/uploads\/2017\/04\/K\u00fcnstler-300x192.jpg 300w, https:\/\/das-stille-woertchen.de\/wp-content\/uploads\/2017\/04\/K\u00fcnstler.jpg 792w\" sizes=\"auto, (max-width: 300px) 100vw, 300px\" \/><\/a><\/p>\n<p>Picknick war nat\u00fcrlich inklusive:<\/p>\n<p><a href=\"https:\/\/das-stille-woertchen.de\/wp-content\/uploads\/2017\/04\/crew2.jpg\"><img loading=\"lazy\" decoding=\"async\" class=\"aligncenter size-medium wp-image-3484\" alt=\"crew2\" src=\"https:\/\/das-stille-woertchen.de\/wp-content\/uploads\/2017\/04\/crew2-293x300.jpg\" width=\"293\" height=\"300\" srcset=\"https:\/\/das-stille-woertchen.de\/wp-content\/uploads\/2017\/04\/crew2-293x300.jpg 293w, https:\/\/das-stille-woertchen.de\/wp-content\/uploads\/2017\/04\/crew2.jpg 926w\" sizes=\"auto, (max-width: 293px) 100vw, 293px\" \/><\/a>Nigelnagelneu gab&#8217;s auf der Messe Judith&#8217;s nigelnagelneueste B\u00fccher zu sehen. So neu, dass sie bisher nur aus einem Pappdeckel bestanden:<\/p>\n<p><a href=\"https:\/\/das-stille-woertchen.de\/wp-content\/uploads\/2017\/04\/pony1.jpg\"><img loading=\"lazy\" decoding=\"async\" class=\"aligncenter size-medium wp-image-3486\" alt=\"pony\" src=\"https:\/\/das-stille-woertchen.de\/wp-content\/uploads\/2017\/04\/pony1-300x103.jpg\" width=\"300\" height=\"103\" srcset=\"https:\/\/das-stille-woertchen.de\/wp-content\/uploads\/2017\/04\/pony1-300x103.jpg 300w, https:\/\/das-stille-woertchen.de\/wp-content\/uploads\/2017\/04\/pony1.jpg 800w\" sizes=\"auto, (max-width: 300px) 100vw, 300px\" \/><\/a>Ansonsten wurde mit so einigen netten Lektorinnen geplaudert, meistens mit der <a href=\"http:\/\/www.literaturagentur-arteaga.de\" target=\"_blank\">Lieblingsagentin<\/a> im Gep\u00e4ck &#8230;<\/p>\n<p><a href=\"https:\/\/das-stille-woertchen.de\/wp-content\/uploads\/2017\/04\/Lieblingsagentin.jpg.jpg\"><img loading=\"lazy\" decoding=\"async\" class=\"aligncenter size-medium wp-image-3517\" alt=\"Lieblingsagentin.jpg\" src=\"https:\/\/das-stille-woertchen.de\/wp-content\/uploads\/2017\/04\/Lieblingsagentin.jpg-300x225.jpg\" width=\"300\" height=\"225\" srcset=\"https:\/\/das-stille-woertchen.de\/wp-content\/uploads\/2017\/04\/Lieblingsagentin.jpg-300x225.jpg 300w, https:\/\/das-stille-woertchen.de\/wp-content\/uploads\/2017\/04\/Lieblingsagentin.jpg.jpg 960w\" sizes=\"auto, (max-width: 300px) 100vw, 300px\" \/><\/a>\u00a0&#8230; und \u00fcberhaupt, gab es viiiiiiiiiele nette Gespr\u00e4che mit noch netteren Kinderbuchmenschen! Irgendwie hat die Autorentante da viel zu wenig Beweisfotos geknipst &#8230;. Der kr\u00f6nende Abschluss kam dann noch zuhause &#8211; hat die liebe Susanna Wengeler vom Magazin Buchmarkt in ihrem tollen\u00a0<a href=\"http:\/\/www.buchmarkt.de\/meldungen\/der-bericht-aus-bologna-mit-vielen-fotos\/\" target=\"_blank\">Buchmesse-Bericht<\/a> doch glatt ausdr\u00fccklich das Familienhotelzimmer des Reisegr\u00fcppchens erw\u00e4hnt &#8211; mit,unter anderem, diesem wuuuundersch\u00f6nen Satz (und einem Bild unten in der Galerie):<br \/>\n&#8222;(&#8230;)\u00a0Und wo immer sie im Laufe der Messe auftauchen, verbreiten sie gute Laune.&#8220;<\/p>\n<p>Mission erf\u00fcllt, sagen wir da! Dann bis zum n\u00e4chsten Jahr &#8211; wenn Judith wieder vom \u00d6rtchen ins Familienzimmer zieht.<\/p>\n<p>&nbsp;<\/p>\n<p>&nbsp;<\/p>\n","protected":false},"excerpt":{"rendered":"<p>Judith hat uns mal wieder alleine gelassen. Fast ne ganze Woche lang! In Italien war sie diesmal, genauer gesagt Bologna. Aber nicht zum Urlaubmachen &#8211; zur Kinderbuchmesse! Obwohl, ein bisschen wie Urlaub war das auch schon. Schlie\u00dflich war sie mit &hellip; <a href=\"https:\/\/das-stille-woertchen.de\/index.php\/2017\/04\/12\/bologna-2\/\">Weiterlesen <span class=\"meta-nav\">&rarr;<\/span><\/a><\/p>\n","protected":false},"author":2,"featured_media":0,"comment_status":"open","ping_status":"open","sticky":false,"template":"","format":"standard","meta":{"footnotes":""},"categories":[9,2],"tags":[],"class_list":["post-3515","post","type-post","status-publish","format-standard","hentry","category-kinderbucher","category-wortchen"],"_links":{"self":[{"href":"https:\/\/das-stille-woertchen.de\/index.php\/wp-json\/wp\/v2\/posts\/3515","targetHints":{"allow":["GET"]}}],"collection":[{"href":"https:\/\/das-stille-woertchen.de\/index.php\/wp-json\/wp\/v2\/posts"}],"about":[{"href":"https:\/\/das-stille-woertchen.de\/index.php\/wp-json\/wp\/v2\/types\/post"}],"author":[{"embeddable":true,"href":"https:\/\/das-stille-woertchen.de\/index.php\/wp-json\/wp\/v2\/users\/2"}],"replies":[{"embeddable":true,"href":"https:\/\/das-stille-woertchen.de\/index.php\/wp-json\/wp\/v2\/comments?post=3515"}],"version-history":[{"count":5,"href":"https:\/\/das-stille-woertchen.de\/index.php\/wp-json\/wp\/v2\/posts\/3515\/revisions"}],"predecessor-version":[{"id":3521,"href":"https:\/\/das-stille-woertchen.de\/index.php\/wp-json\/wp\/v2\/posts\/3515\/revisions\/3521"}],"wp:attachment":[{"href":"https:\/\/das-stille-woertchen.de\/index.php\/wp-json\/wp\/v2\/media?parent=3515"}],"wp:term":[{"taxonomy":"category","embeddable":true,"href":"https:\/\/das-stille-woertchen.de\/index.php\/wp-json\/wp\/v2\/categories?post=3515"},{"taxonomy":"post_tag","embeddable":true,"href":"https:\/\/das-stille-woertchen.de\/index.php\/wp-json\/wp\/v2\/tags?post=3515"}],"curies":[{"name":"wp","href":"https:\/\/api.w.org\/{rel}","templated":true}]}}