{"id":3553,"date":"2017-04-26T05:55:00","date_gmt":"2017-04-26T03:55:00","guid":{"rendered":"http:\/\/das-stille-woertchen.de\/wordpress\/?p=3553"},"modified":"2017-04-26T05:55:00","modified_gmt":"2017-04-26T03:55:00","slug":"kruemel-und-fussel-im-literaturhaus-frankurt-und-joelle-und-judith-durften-auch-mit","status":"publish","type":"post","link":"https:\/\/das-stille-woertchen.de\/index.php\/2017\/04\/26\/kruemel-und-fussel-im-literaturhaus-frankurt-und-joelle-und-judith-durften-auch-mit\/","title":{"rendered":"Kr\u00fcmel und Fussel im Literaturhaus Frankurt (und Jo\u00eblle und Judith durften auch mit)"},"content":{"rendered":"<p>War das eine Premiere! Eine doppelte sogar! Eeeeendlich hatten Jo\u00eblle und Judith ihre erste gemeinsame Kr\u00fcmel und Fussel-Lesung. Und das noch an so einem ganz besonderem Ort &#8211; im Literaturhaus Frankfurt n\u00e4mlich.<br \/>\nDie Bude war voll, so einige j\u00fcngere und \u00e4ltere Lauschende waren angereist, um sich allerhand Schweinskram zu Ohren kommen zu lassen. Erstmal aber wurden die Original-Schweine bildlich vorgestellt. Nicht nur in Ferkelform, sondern auch in ihrer beeindruckenden Original-Gr\u00f6\u00dfe:<\/p>\n<p style=\"text-align: center;\"><a href=\"https:\/\/das-stille-woertchen.de\/wp-content\/uploads\/2017\/04\/judith2.jpg\"><img loading=\"lazy\" decoding=\"async\" class=\"size-medium wp-image-3545 aligncenter\" alt=\"judith2\" src=\"https:\/\/das-stille-woertchen.de\/wp-content\/uploads\/2017\/04\/judith2-300x196.jpg\" width=\"300\" height=\"196\" srcset=\"https:\/\/das-stille-woertchen.de\/wp-content\/uploads\/2017\/04\/judith2-300x196.jpg 300w, https:\/\/das-stille-woertchen.de\/wp-content\/uploads\/2017\/04\/judith2.jpg 792w\" sizes=\"auto, (max-width: 300px) 100vw, 300px\" \/><\/a><\/p>\n<p style=\"text-align: center;\"><a href=\"https:\/\/das-stille-woertchen.de\/wp-content\/uploads\/2017\/04\/B\u00fchne.jpg\"><img loading=\"lazy\" decoding=\"async\" class=\"size-medium wp-image-3537 aligncenter\" alt=\"B\u00fchne\" src=\"https:\/\/das-stille-woertchen.de\/wp-content\/uploads\/2017\/04\/B\u00fchne-300x191.jpg\" width=\"300\" height=\"191\" srcset=\"https:\/\/das-stille-woertchen.de\/wp-content\/uploads\/2017\/04\/B\u00fchne-300x191.jpg 300w, https:\/\/das-stille-woertchen.de\/wp-content\/uploads\/2017\/04\/B\u00fchne.jpg 796w\" sizes=\"auto, (max-width: 300px) 100vw, 300px\" \/><\/a><\/p>\n<p style=\"text-align: center;\"><a href=\"https:\/\/das-stille-woertchen.de\/wp-content\/uploads\/2017\/04\/r\u00fcssel.jpg\"><img loading=\"lazy\" decoding=\"async\" class=\"size-medium wp-image-3549 aligncenter\" alt=\"r\u00fcssel\" src=\"https:\/\/das-stille-woertchen.de\/wp-content\/uploads\/2017\/04\/r\u00fcssel-300x195.jpg\" width=\"300\" height=\"195\" srcset=\"https:\/\/das-stille-woertchen.de\/wp-content\/uploads\/2017\/04\/r\u00fcssel-300x195.jpg 300w, https:\/\/das-stille-woertchen.de\/wp-content\/uploads\/2017\/04\/r\u00fcssel.jpg 784w\" sizes=\"auto, (max-width: 300px) 100vw, 300px\" \/><\/a><\/p>\n<p>Und w\u00e4hrend Judith dann dem Publikum das erste Wollschweinabenteuer zum Besten gegeben hat, hat Jo\u00eblle wie eine Wilde vor sich hingekritzelt:<\/p>\n<p style=\"text-align: center;\"><a href=\"https:\/\/das-stille-woertchen.de\/wp-content\/uploads\/2017\/04\/Joelle.jpg\"><img loading=\"lazy\" decoding=\"async\" class=\"size-medium wp-image-3543 aligncenter\" alt=\"Joelle\" src=\"https:\/\/das-stille-woertchen.de\/wp-content\/uploads\/2017\/04\/Joelle-300x196.jpg\" width=\"300\" height=\"196\" srcset=\"https:\/\/das-stille-woertchen.de\/wp-content\/uploads\/2017\/04\/Joelle-300x196.jpg 300w, https:\/\/das-stille-woertchen.de\/wp-content\/uploads\/2017\/04\/Joelle.jpg 780w\" sizes=\"auto, (max-width: 300px) 100vw, 300px\" \/><\/a><\/p>\n<p style=\"text-align: center;\"><a href=\"https:\/\/das-stille-woertchen.de\/wp-content\/uploads\/2017\/04\/b\u00fchne21.jpg\"><img loading=\"lazy\" decoding=\"async\" class=\"size-medium wp-image-3541 aligncenter\" alt=\"b\u00fchne2\" src=\"https:\/\/das-stille-woertchen.de\/wp-content\/uploads\/2017\/04\/b\u00fchne21-300x192.jpg\" width=\"300\" height=\"192\" srcset=\"https:\/\/das-stille-woertchen.de\/wp-content\/uploads\/2017\/04\/b\u00fchne21-300x192.jpg 300w, https:\/\/das-stille-woertchen.de\/wp-content\/uploads\/2017\/04\/b\u00fchne21.jpg 792w\" sizes=\"auto, (max-width: 300px) 100vw, 300px\" \/><\/a><\/p>\n<p style=\"text-align: center;\"><a href=\"https:\/\/das-stille-woertchen.de\/wp-content\/uploads\/2017\/04\/b\u00fchne3.jpg\"><img loading=\"lazy\" decoding=\"async\" class=\"size-medium wp-image-3539 aligncenter\" alt=\"b\u00fchne3\" src=\"https:\/\/das-stille-woertchen.de\/wp-content\/uploads\/2017\/04\/b\u00fchne3-300x191.jpg\" width=\"300\" height=\"191\" srcset=\"https:\/\/das-stille-woertchen.de\/wp-content\/uploads\/2017\/04\/b\u00fchne3-300x191.jpg 300w, https:\/\/das-stille-woertchen.de\/wp-content\/uploads\/2017\/04\/b\u00fchne3.jpg 796w\" sizes=\"auto, (max-width: 300px) 100vw, 300px\" \/><\/a><\/p>\n<p>Die Frau Autorin hat sich da vielleicht einen abgegrunzt &#8211; und auch abgee-m\u00e4-\u00e4-\u00e4-\u00e4ht!\u00a0Denn, wie gesagt, es war ja ne doppelte Premiere und so gab es nach der ersten Kr\u00fcmel und Fussel -Geschichte auch noch den\u00a0<a href=\"http:\/\/www.buecher.de\/shop\/bilderbuecher\/kruemel-und-fussel-allein-unter-schafen\/allert-judith\/products_products\/detail\/prod_id\/47837574\/session\/gkjoq7ogumhjgesr149lll8bf3\/\" target=\"_blank\">\u00a0zweiten Band\u00a0<\/a>\u00a0zum Lauschen: &#8222;Allein unter Schafen&#8220;. Und die Zuh\u00f6rer haben immer wieder flei\u00dfig mitgemacht!\u00a0Da es keine Tonaufnahmen gibt &#8211; hier zumindest ein kleiner Eindruck der mimischen Glanzleistungen:<\/p>\n<p style=\"text-align: center;\"><a href=\"https:\/\/das-stille-woertchen.de\/wp-content\/uploads\/2017\/04\/judith5.jpg\"><img loading=\"lazy\" decoding=\"async\" class=\"size-medium wp-image-3548 aligncenter\" alt=\"judith5\" src=\"https:\/\/das-stille-woertchen.de\/wp-content\/uploads\/2017\/04\/judith5-300x201.jpg\" width=\"300\" height=\"201\" srcset=\"https:\/\/das-stille-woertchen.de\/wp-content\/uploads\/2017\/04\/judith5-300x201.jpg 300w, https:\/\/das-stille-woertchen.de\/wp-content\/uploads\/2017\/04\/judith5.jpg 780w\" sizes=\"auto, (max-width: 300px) 100vw, 300px\" \/><\/a><\/p>\n<p style=\"text-align: center;\"><a href=\"https:\/\/das-stille-woertchen.de\/wp-content\/uploads\/2017\/04\/judith4.jpg\"><img loading=\"lazy\" decoding=\"async\" class=\"aligncenter size-medium wp-image-3547\" alt=\"judith4\" src=\"https:\/\/das-stille-woertchen.de\/wp-content\/uploads\/2017\/04\/judith4-300x197.jpg\" width=\"300\" height=\"197\" srcset=\"https:\/\/das-stille-woertchen.de\/wp-content\/uploads\/2017\/04\/judith4-300x197.jpg 300w, https:\/\/das-stille-woertchen.de\/wp-content\/uploads\/2017\/04\/judith4.jpg 796w\" sizes=\"auto, (max-width: 300px) 100vw, 300px\" \/><\/a> <a href=\"https:\/\/das-stille-woertchen.de\/wp-content\/uploads\/2017\/04\/judith3.jpg\"><img loading=\"lazy\" decoding=\"async\" class=\"aligncenter size-medium wp-image-3546\" alt=\"judith3\" src=\"https:\/\/das-stille-woertchen.de\/wp-content\/uploads\/2017\/04\/judith3-300x193.jpg\" width=\"300\" height=\"193\" srcset=\"https:\/\/das-stille-woertchen.de\/wp-content\/uploads\/2017\/04\/judith3-300x193.jpg 300w, https:\/\/das-stille-woertchen.de\/wp-content\/uploads\/2017\/04\/judith3.jpg 792w\" sizes=\"auto, (max-width: 300px) 100vw, 300px\" \/><\/a><\/p>\n<p>\u00a0Nach all dem Gegrunze und so weiter wurden f\u00fcr kleinen Schweinefreunde noch viele, viele B\u00fccher signiert:<\/p>\n<p><a href=\"https:\/\/das-stille-woertchen.de\/wp-content\/uploads\/2017\/04\/signieren2.jpg\"><img loading=\"lazy\" decoding=\"async\" class=\"aligncenter size-medium wp-image-3551\" alt=\"signieren2\" src=\"https:\/\/das-stille-woertchen.de\/wp-content\/uploads\/2017\/04\/signieren2-300x196.jpg\" width=\"300\" height=\"196\" srcset=\"https:\/\/das-stille-woertchen.de\/wp-content\/uploads\/2017\/04\/signieren2-300x196.jpg 300w, https:\/\/das-stille-woertchen.de\/wp-content\/uploads\/2017\/04\/signieren2.jpg 780w\" sizes=\"auto, (max-width: 300px) 100vw, 300px\" \/><\/a> <a href=\"https:\/\/das-stille-woertchen.de\/wp-content\/uploads\/2017\/04\/Signieren1.jpg\"><img loading=\"lazy\" decoding=\"async\" class=\"aligncenter size-medium wp-image-3550\" alt=\"Signieren1\" src=\"https:\/\/das-stille-woertchen.de\/wp-content\/uploads\/2017\/04\/Signieren1-300x197.jpg\" width=\"300\" height=\"197\" srcset=\"https:\/\/das-stille-woertchen.de\/wp-content\/uploads\/2017\/04\/Signieren1-300x197.jpg 300w, https:\/\/das-stille-woertchen.de\/wp-content\/uploads\/2017\/04\/Signieren1.jpg 788w\" sizes=\"auto, (max-width: 300px) 100vw, 300px\" \/><\/a>Da bleibt nur zu sagen:<br \/>\nDanke f\u00fcr die Gastfreundschaft, liebes Team vom Literaturhaus! Und vielen Dank f\u00fcr die sch\u00f6nen Bilder!<br \/>\n(F\u00fcr alle Fotos hier in diesem Beitrag gilt:\u00a0\u00a9 Literaturhaus Frankfurt!)<\/p>\n","protected":false},"excerpt":{"rendered":"<p>War das eine Premiere! Eine doppelte sogar! Eeeeendlich hatten Jo\u00eblle und Judith ihre erste gemeinsame Kr\u00fcmel und Fussel-Lesung. Und das noch an so einem ganz besonderem Ort &#8211; im Literaturhaus Frankfurt n\u00e4mlich. Die Bude war voll, so einige j\u00fcngere und &hellip; <a href=\"https:\/\/das-stille-woertchen.de\/index.php\/2017\/04\/26\/kruemel-und-fussel-im-literaturhaus-frankurt-und-joelle-und-judith-durften-auch-mit\/\">Weiterlesen <span class=\"meta-nav\">&rarr;<\/span><\/a><\/p>\n","protected":false},"author":2,"featured_media":0,"comment_status":"open","ping_status":"open","sticky":false,"template":"","format":"standard","meta":{"footnotes":""},"categories":[9,23,15,2],"tags":[],"class_list":["post-3553","post","type-post","status-publish","format-standard","hentry","category-kinderbucher","category-kruemel-und-fussel","category-lesungen","category-wortchen"],"_links":{"self":[{"href":"https:\/\/das-stille-woertchen.de\/index.php\/wp-json\/wp\/v2\/posts\/3553","targetHints":{"allow":["GET"]}}],"collection":[{"href":"https:\/\/das-stille-woertchen.de\/index.php\/wp-json\/wp\/v2\/posts"}],"about":[{"href":"https:\/\/das-stille-woertchen.de\/index.php\/wp-json\/wp\/v2\/types\/post"}],"author":[{"embeddable":true,"href":"https:\/\/das-stille-woertchen.de\/index.php\/wp-json\/wp\/v2\/users\/2"}],"replies":[{"embeddable":true,"href":"https:\/\/das-stille-woertchen.de\/index.php\/wp-json\/wp\/v2\/comments?post=3553"}],"version-history":[{"count":7,"href":"https:\/\/das-stille-woertchen.de\/index.php\/wp-json\/wp\/v2\/posts\/3553\/revisions"}],"predecessor-version":[{"id":3565,"href":"https:\/\/das-stille-woertchen.de\/index.php\/wp-json\/wp\/v2\/posts\/3553\/revisions\/3565"}],"wp:attachment":[{"href":"https:\/\/das-stille-woertchen.de\/index.php\/wp-json\/wp\/v2\/media?parent=3553"}],"wp:term":[{"taxonomy":"category","embeddable":true,"href":"https:\/\/das-stille-woertchen.de\/index.php\/wp-json\/wp\/v2\/categories?post=3553"},{"taxonomy":"post_tag","embeddable":true,"href":"https:\/\/das-stille-woertchen.de\/index.php\/wp-json\/wp\/v2\/tags?post=3553"}],"curies":[{"name":"wp","href":"https:\/\/api.w.org\/{rel}","templated":true}]}}