{"id":3810,"date":"2017-10-27T07:39:55","date_gmt":"2017-10-27T05:39:55","guid":{"rendered":"http:\/\/das-stille-woertchen.de\/wordpress\/?p=3810"},"modified":"2017-10-27T07:45:43","modified_gmt":"2017-10-27T05:45:43","slug":"frankurter-buchmesse-schoen-wars","status":"publish","type":"post","link":"https:\/\/das-stille-woertchen.de\/index.php\/2017\/10\/27\/frankurter-buchmesse-schoen-wars\/","title":{"rendered":"Frankurter Buchmesse &#8211; sch\u00f6n war&#8217;s!"},"content":{"rendered":"<p>Als Frollein Autorentante sitzt man ja doch meist allein am Schreibtisch. (Oder am K\u00fcchentisch. Am Gartentisch ebenfalls. Oder auch auf der Couch. So ein Laptop hat ja praktischerweise \u00fcberall Platz.) Na gut,<em> ganz allein<\/em> ist Judith nat\u00fcrlich nicht. Der liebliche Herr Ehemann steht immer treu mit Rat und Tat beiseite und das hundisch-katzische B\u00fcroteam leistet auch stets netteste Gesellschaft und zur Abwechslung gibt es ja auch noch allerlei \u00a0weitere grunzende, gackernde und wiehernde Mitbewohner. \u00a0Trotzdem ist es sehr sch\u00f6n, sich ab und zu mal von Angesicht zu Angesicht mit anderen Kinderbuchfutzis auszutauschen. Einmal im Monat macht Judith das ja eh, beim kunterbunten\u00a0<a href=\"http:\/\/www.die-grupppe-sieben.de\" target=\"_blank\">Gruppe 7<\/a>-Stammtisch in Bamberg. Das Ganze in ganz gro\u00df und ganz wild gibt&#8217;s\u00a0jedes Jahr im Oktober &#8211; auf der Buchmesse in Frankfurt! Auch diesmal hat Judith Haus, Hof und Getier hinter sich gelassen und \u00a0im Get\u00fcmmel mitgemischt.<\/p>\n<p>Los ging&#8217;s au\u00dferhalb der Messe beim zweiten <a href=\"http:\/\/bundeskongress-kinderbuch.de\" target=\"_blank\">Bundeskongress Kinder- und Jugendbuch\u00a0<\/a>\u00a0wo sich \u00fcber f\u00fcnfzig Kinder- und Jugendbuchautoren rund um Aktuelles und Probleme, die der Beruf so mit sich bringt, ausgetauscht haben.<\/p>\n<p>Ab Mittwoch war dann Messe angesagt.\u00a0Neben vielen, vielen, vieeeeelen B\u00fcchern gab&#8217;s dort unz\u00e4hlige nette Kinderbuchmenschen. Zum Beispiel die allerliebste <a href=\"http:\/\/joelletourlonias.blogspot.de\" target=\"_blank\">Jo\u00eblle Tourlonias<\/a> &#8211; hier seht ihr Judith und ihre liebe Kr\u00fcmel und Fussel-Illustratorin beim Termin am Ravensburger-Stand &#8211; \u00a0Plaudern \u00fcber neue ganz grunzartige Ideen:<\/p>\n<p><a href=\"https:\/\/das-stille-woertchen.de\/wp-content\/uploads\/2017\/10\/22448277_1363429803770076_2824128372417092500_n.jpg.jpg\"><img loading=\"lazy\" decoding=\"async\" class=\"aligncenter size-medium wp-image-3800\" alt=\"22448277_1363429803770076_2824128372417092500_n.jpg\" src=\"https:\/\/das-stille-woertchen.de\/wp-content\/uploads\/2017\/10\/22448277_1363429803770076_2824128372417092500_n.jpg-300x225.jpg\" width=\"300\" height=\"225\" srcset=\"https:\/\/das-stille-woertchen.de\/wp-content\/uploads\/2017\/10\/22448277_1363429803770076_2824128372417092500_n.jpg-300x225.jpg 300w, https:\/\/das-stille-woertchen.de\/wp-content\/uploads\/2017\/10\/22448277_1363429803770076_2824128372417092500_n.jpg.jpg 960w\" sizes=\"auto, (max-width: 300px) 100vw, 300px\" \/><\/a><\/p>\n<p>Mit dabei waren auch <a href=\"http:\/\/cargocollective.com\/horst-hellmeier\" target=\"_blank\">Horst Hellmeier<\/a> und <a href=\"http:\/\/birkenbutter.tumblr.com\/post\/158638015481\" target=\"_blank\">Karolina Benz<\/a>. Ebenfalls grandiose Illustratoren! Nur gut, dass Judith mit beiden an ganz tollen Buchprojekten arbeitet. Das mit Horst k\u00f6nnt ihr schon Anfang n\u00e4chsten Jahres kennen lernen!<\/p>\n<p><a href=\"https:\/\/das-stille-woertchen.de\/wp-content\/uploads\/2017\/10\/Horst-und-Karo.jpg\"><img loading=\"lazy\" decoding=\"async\" class=\"aligncenter size-medium wp-image-3807\" alt=\"Horst und Karo\" src=\"https:\/\/das-stille-woertchen.de\/wp-content\/uploads\/2017\/10\/Horst-und-Karo-300x188.jpg\" width=\"300\" height=\"188\" srcset=\"https:\/\/das-stille-woertchen.de\/wp-content\/uploads\/2017\/10\/Horst-und-Karo-300x188.jpg 300w, https:\/\/das-stille-woertchen.de\/wp-content\/uploads\/2017\/10\/Horst-und-Karo.jpg 700w\" sizes=\"auto, (max-width: 300px) 100vw, 300px\" \/><\/a>Hier sind gleich noch mal die zwei beiden, mitsamt Judith beim heimeligen Ravensburger-Messefest &#8211; und diesmal ist noch <a href=\"https:\/\/www.io-home.org\/portfolios\/q-r\/bilder?k_User=997\" target=\"_blank\">Stefanie Reich<\/a>\u00a0mit dabei. Noch so eine zauberhafte Illustratorenfreundin Judiths. (Und \u00a0<em>zuf\u00e4lligerweise<\/em> hat Frollein Judith-Autorentante auch mit ihr ein tolles Buchprojekt geplant. Hurra!)<\/p>\n<p><a href=\"https:\/\/das-stille-woertchen.de\/wp-content\/uploads\/2017\/10\/22491791_1653287641390708_8710763125045779924_n.jpg.jpg\"><img loading=\"lazy\" decoding=\"async\" class=\"aligncenter size-medium wp-image-3804\" alt=\"22491791_1653287641390708_8710763125045779924_n.jpg\" src=\"https:\/\/das-stille-woertchen.de\/wp-content\/uploads\/2017\/10\/22491791_1653287641390708_8710763125045779924_n.jpg-300x225.jpg\" width=\"300\" height=\"225\" srcset=\"https:\/\/das-stille-woertchen.de\/wp-content\/uploads\/2017\/10\/22491791_1653287641390708_8710763125045779924_n.jpg-300x225.jpg 300w, https:\/\/das-stille-woertchen.de\/wp-content\/uploads\/2017\/10\/22491791_1653287641390708_8710763125045779924_n.jpg.jpg 960w\" sizes=\"auto, (max-width: 300px) 100vw, 300px\" \/><\/a>\u00dcberhaupt hat sich nat\u00fcrlich, wie es sich geh\u00f6rt, an der Messe ziemlich viel um neue Buchideen gedreht. Da seht ihr noch so ein konspiratives Treffen &#8211; mit Lektorinnen vom Carlsen-Verlag und lieben Agentur- und Autorenkolleginnen:<br \/>\n<a href=\"https:\/\/das-stille-woertchen.de\/wp-content\/uploads\/2017\/10\/22366767_1364207303692326_3935466514181934376_n.jpg.jpg\"><img loading=\"lazy\" decoding=\"async\" class=\"aligncenter size-medium wp-image-3798\" alt=\"22366767_1364207303692326_3935466514181934376_n.jpg\" src=\"https:\/\/das-stille-woertchen.de\/wp-content\/uploads\/2017\/10\/22366767_1364207303692326_3935466514181934376_n.jpg-300x225.jpg\" width=\"300\" height=\"225\" srcset=\"https:\/\/das-stille-woertchen.de\/wp-content\/uploads\/2017\/10\/22366767_1364207303692326_3935466514181934376_n.jpg-300x225.jpg 300w, https:\/\/das-stille-woertchen.de\/wp-content\/uploads\/2017\/10\/22366767_1364207303692326_3935466514181934376_n.jpg.jpg 960w\" sizes=\"auto, (max-width: 300px) 100vw, 300px\" \/><\/a>Weiter geht&#8217;s mit Beweisbildern &#8211; Judiths Pony-Caf\u00e9 wurde ganz sch\u00f6n gro\u00df pr\u00e4sentiert auf der Messe:<\/p>\n<p><a href=\"https:\/\/das-stille-woertchen.de\/wp-content\/uploads\/2017\/10\/22448353_1363429807103409_8500527343129853952_n.jpg.jpg\"><img loading=\"lazy\" decoding=\"async\" class=\"aligncenter size-medium wp-image-3802\" alt=\"22448353_1363429807103409_8500527343129853952_n.jpg\" src=\"https:\/\/das-stille-woertchen.de\/wp-content\/uploads\/2017\/10\/22448353_1363429807103409_8500527343129853952_n.jpg-225x300.jpg\" width=\"225\" height=\"300\" srcset=\"https:\/\/das-stille-woertchen.de\/wp-content\/uploads\/2017\/10\/22448353_1363429807103409_8500527343129853952_n.jpg-225x300.jpg 225w, https:\/\/das-stille-woertchen.de\/wp-content\/uploads\/2017\/10\/22448353_1363429807103409_8500527343129853952_n.jpg.jpg 720w\" sizes=\"auto, (max-width: 225px) 100vw, 225px\" \/><\/a><\/p>\n<p>Au\u00dferdem beachte man das sch\u00f6ne Buch vorne rechts \u00a0im Bild. Denn damit sind indirekt schon wieder zwei herzlich nette Kinderbuchleute mit dabei. &#8222;Leonie Looping&#8220; \u00a0&#8211; illustriert von <a href=\"http:\/\/www.constanzevonkitzing.de\" target=\"_blank\">Constanze von Kitzing<\/a> und geschrieben von <a href=\"http:\/\/callystronk.blogspot.de\" target=\"_blank\">Cally Stronk<\/a>. Die beiden sind nicht nur in Buchform sondern auch als Personen sehr zu empfehlen \ud83d\ude09<br \/>\nUnd hier noch mal das Pony-Caf\u00e9 in nettester Ravensburger-Autorenkollegengesellschaft:<\/p>\n<p><a href=\"https:\/\/das-stille-woertchen.de\/wp-content\/uploads\/2017\/10\/22366638_1652444784808327_2869588739455462492_n.jpg.jpg\"><img loading=\"lazy\" decoding=\"async\" class=\"aligncenter size-medium wp-image-3797\" alt=\"22366638_1652444784808327_2869588739455462492_n.jpg\" src=\"https:\/\/das-stille-woertchen.de\/wp-content\/uploads\/2017\/10\/22366638_1652444784808327_2869588739455462492_n.jpg-300x225.jpg\" width=\"300\" height=\"225\" srcset=\"https:\/\/das-stille-woertchen.de\/wp-content\/uploads\/2017\/10\/22366638_1652444784808327_2869588739455462492_n.jpg-300x225.jpg 300w, https:\/\/das-stille-woertchen.de\/wp-content\/uploads\/2017\/10\/22366638_1652444784808327_2869588739455462492_n.jpg.jpg 960w\" sizes=\"auto, (max-width: 300px) 100vw, 300px\" \/><\/a>Da ist auch noch gleich die Dame, die zu den B\u00fcchern oben in der Mitte geh\u00f6rt &#8211; <a href=\"http:\/\/www.ginamayer.de\" target=\"_blank\">Gina Mayer<\/a>. Auch mit ihr wurde lieblichst geplaudert &#8211; die ist n\u00e4mlich ebenfalls ne ganz Nette \ud83d\ude42 Nun ja, man merkt schon &#8211; irgendwie scheint es nur nette Kinderbuchleute zu geben! Kein Wunder, dass Judith vor lauter Plaudereien kaum zum B\u00fcchergucken kam!<\/p>\n<p><a href=\"https:\/\/das-stille-woertchen.de\/wp-content\/uploads\/2017\/10\/22365214_1363429950436728_7344136900630295805_n.jpg.jpg\"><img loading=\"lazy\" decoding=\"async\" class=\"aligncenter size-medium wp-image-3795\" alt=\"22365214_1363429950436728_7344136900630295805_n.jpg\" src=\"https:\/\/das-stille-woertchen.de\/wp-content\/uploads\/2017\/10\/22365214_1363429950436728_7344136900630295805_n.jpg-225x300.jpg\" width=\"225\" height=\"300\" srcset=\"https:\/\/das-stille-woertchen.de\/wp-content\/uploads\/2017\/10\/22365214_1363429950436728_7344136900630295805_n.jpg-225x300.jpg 225w, https:\/\/das-stille-woertchen.de\/wp-content\/uploads\/2017\/10\/22365214_1363429950436728_7344136900630295805_n.jpg.jpg 720w\" sizes=\"auto, (max-width: 225px) 100vw, 225px\" \/><\/a><\/p>\n<p>Aber flei\u00dfig war sie auch. Schlie\u00dflich stand auch eine Pony-Caf\u00e9-Lesung auf dem Programm! Mitten im Samstags-Get\u00fcmmel am Ravensburger-Stand. Trotz L\u00e4rm, Stau und Gedr\u00e4ngel drumherum waren die Fans voll bei der Sache. Toll war&#8217;s!<\/p>\n<p><a href=\"https:\/\/das-stille-woertchen.de\/wp-content\/uploads\/2017\/10\/Judith-Messelesung-2.jpg\"><img loading=\"lazy\" decoding=\"async\" class=\"aligncenter size-medium wp-image-3817\" alt=\"Judith Messelesung 2\" src=\"https:\/\/das-stille-woertchen.de\/wp-content\/uploads\/2017\/10\/Judith-Messelesung-2-300x220.jpg\" width=\"300\" height=\"220\" srcset=\"https:\/\/das-stille-woertchen.de\/wp-content\/uploads\/2017\/10\/Judith-Messelesung-2-300x220.jpg 300w, https:\/\/das-stille-woertchen.de\/wp-content\/uploads\/2017\/10\/Judith-Messelesung-2.jpg 792w\" sizes=\"auto, (max-width: 300px) 100vw, 300px\" \/><\/a><\/p>\n<p><a href=\"https:\/\/das-stille-woertchen.de\/wp-content\/uploads\/2017\/10\/Messelesungsrundblick.jpg\"><img loading=\"lazy\" decoding=\"async\" class=\"aligncenter size-medium wp-image-3819\" alt=\"Messelesungsrundblick\" src=\"https:\/\/das-stille-woertchen.de\/wp-content\/uploads\/2017\/10\/Messelesungsrundblick-300x92.jpg\" width=\"300\" height=\"92\" srcset=\"https:\/\/das-stille-woertchen.de\/wp-content\/uploads\/2017\/10\/Messelesungsrundblick-300x92.jpg 300w, https:\/\/das-stille-woertchen.de\/wp-content\/uploads\/2017\/10\/Messelesungsrundblick-1024x315.jpg 1024w, https:\/\/das-stille-woertchen.de\/wp-content\/uploads\/2017\/10\/Messelesungsrundblick.jpg 1177w\" sizes=\"auto, (max-width: 300px) 100vw, 300px\" \/><\/a><\/p>\n<p>Ab und zu hat Judith die Messehalle aber auch verlassen. Einmal bei einem sehr geheimnisvollen Gro\u00dfstadt-Abendlicht. Da hat sich das Landei von den riesigen Frankfurter Wolkenkratzern ausnahmsweise nicht ganz so bedroht gef\u00fchlt:<\/p>\n<p><a href=\"https:\/\/das-stille-woertchen.de\/wp-content\/uploads\/2017\/10\/Gro\u00dfstadtluft.jpg\"><img loading=\"lazy\" decoding=\"async\" class=\"aligncenter size-medium wp-image-3806\" alt=\"Gro\u00dfstadtluft\" src=\"https:\/\/das-stille-woertchen.de\/wp-content\/uploads\/2017\/10\/Gro\u00dfstadtluft-300x163.jpg\" width=\"300\" height=\"163\" srcset=\"https:\/\/das-stille-woertchen.de\/wp-content\/uploads\/2017\/10\/Gro\u00dfstadtluft-300x163.jpg 300w, https:\/\/das-stille-woertchen.de\/wp-content\/uploads\/2017\/10\/Gro\u00dfstadtluft.jpg 792w\" sizes=\"auto, (max-width: 300px) 100vw, 300px\" \/><\/a>Und hier, mit im Abendlicht, ein wohlgelauntes Illustratoren-Dreierteam:<br \/>\nHorst Hellmeier, <a href=\"https:\/\/www.alexandrahelm.de\" target=\"_blank\">Alexandra Helm<\/a> und Karolina Benz.<\/p>\n<p><a href=\"https:\/\/das-stille-woertchen.de\/wp-content\/uploads\/2017\/10\/Meute.jpg.jpg\"><img loading=\"lazy\" decoding=\"async\" class=\"aligncenter size-medium wp-image-3809\" alt=\"Meute.jpg\" src=\"https:\/\/das-stille-woertchen.de\/wp-content\/uploads\/2017\/10\/Meute.jpg-300x166.jpg\" width=\"300\" height=\"166\" srcset=\"https:\/\/das-stille-woertchen.de\/wp-content\/uploads\/2017\/10\/Meute.jpg-300x166.jpg 300w, https:\/\/das-stille-woertchen.de\/wp-content\/uploads\/2017\/10\/Meute.jpg.jpg 784w\" sizes=\"auto, (max-width: 300px) 100vw, 300px\" \/><\/a><\/p>\n<p>Da man ja nicht oft genug in die Kamera l\u00e4cheln kann (\u00fcbrigens meistens in die von Judiths Agentin Birgit Arteaga &#8211; danke f\u00fcr die Schnappsch\u00fcsse!) &#8211; hier noch mal Gr\u00fcppchengrinsen mit Alexandra Fischer-Hunold, der liebsten\u00a0<a href=\"https:\/\/charlotte-habersack.jimdo.com\" target=\"_blank\">Charlotte Habersack<\/a>\u00a0sowie\u00a0Judith, Horst und Karo (die kennt ihr jetzt ja schon!).<\/p>\n<p><a href=\"https:\/\/das-stille-woertchen.de\/wp-content\/uploads\/2017\/10\/22491856_1364958353617221_2107921690629327844_n.jpg.jpg\"><img loading=\"lazy\" decoding=\"async\" class=\"aligncenter size-medium wp-image-3805\" alt=\"22491856_1364958353617221_2107921690629327844_n.jpg\" src=\"https:\/\/das-stille-woertchen.de\/wp-content\/uploads\/2017\/10\/22491856_1364958353617221_2107921690629327844_n.jpg-300x225.jpg\" width=\"300\" height=\"225\" srcset=\"https:\/\/das-stille-woertchen.de\/wp-content\/uploads\/2017\/10\/22491856_1364958353617221_2107921690629327844_n.jpg-300x225.jpg 300w, https:\/\/das-stille-woertchen.de\/wp-content\/uploads\/2017\/10\/22491856_1364958353617221_2107921690629327844_n.jpg.jpg 960w\" sizes=\"auto, (max-width: 300px) 100vw, 300px\" \/><\/a>Und da, kurz vorm Grinsegesichtsmuskelkater &#8211; haben Charlotte und Judith noch <a href=\"https:\/\/www.storiland-olschewski.de\" target=\"_blank\">Barbara Iland-Olschewsky<\/a> mit dabei:<br \/>\n<a href=\"https:\/\/das-stille-woertchen.de\/wp-content\/uploads\/2017\/10\/22405956_1653287598057379_2544924903492513816_n.jpg.jpg\"><img loading=\"lazy\" decoding=\"async\" class=\"aligncenter\" alt=\"22405956_1653287598057379_2544924903492513816_n.jpg\" src=\"https:\/\/das-stille-woertchen.de\/wp-content\/uploads\/2017\/10\/22405956_1653287598057379_2544924903492513816_n.jpg-225x300.jpg\" width=\"225\" height=\"300\" \/><\/a><br \/>\nNu aber, Messeendspurt mit Prosecco &#8211; und neben den \u00fcblichen Verd\u00e4chtigen mit noch so einer \u00a0lieben Kollegin: <a href=\"https:\/\/www.kreativesonne.de\" target=\"_blank\">Sonja Bullen<\/a> &#8211; und die Frau Superagentin (links!) ist diesmal auch mit drauf.<\/p>\n<p><a href=\"https:\/\/das-stille-woertchen.de\/wp-content\/uploads\/2017\/10\/22449878_10210745972349429_615540214535635720_n.jpg.jpg\"><img loading=\"lazy\" decoding=\"async\" class=\"aligncenter size-medium wp-image-3803\" alt=\"22449878_10210745972349429_615540214535635720_n.jpg\" src=\"https:\/\/das-stille-woertchen.de\/wp-content\/uploads\/2017\/10\/22449878_10210745972349429_615540214535635720_n.jpg-300x168.jpg\" width=\"300\" height=\"168\" srcset=\"https:\/\/das-stille-woertchen.de\/wp-content\/uploads\/2017\/10\/22449878_10210745972349429_615540214535635720_n.jpg-300x168.jpg 300w, https:\/\/das-stille-woertchen.de\/wp-content\/uploads\/2017\/10\/22449878_10210745972349429_615540214535635720_n.jpg.jpg 960w\" sizes=\"auto, (max-width: 300px) 100vw, 300px\" \/><\/a>ALLE netten Stelldicheins wurden dann aber doch nicht geknipst. Deshalb liebe Gr\u00fc\u00dfe an diejenigen, die hier nicht namentlich erw\u00e4hnt wurden! Sch\u00f6\u00f6\u00f6\u00f6\u00f6\u00f6\u00f6\u00f6n war&#8217;s &#8211; bis zum N\u00e4chsten Mal! In Frankfurt, Bologna oder sonstwo!<\/p>\n","protected":false},"excerpt":{"rendered":"<p>Als Frollein Autorentante sitzt man ja doch meist allein am Schreibtisch. (Oder am K\u00fcchentisch. Am Gartentisch ebenfalls. Oder auch auf der Couch. So ein Laptop hat ja praktischerweise \u00fcberall Platz.) Na gut, ganz allein ist Judith nat\u00fcrlich nicht. Der liebliche &hellip; <a href=\"https:\/\/das-stille-woertchen.de\/index.php\/2017\/10\/27\/frankurter-buchmesse-schoen-wars\/\">Weiterlesen <span class=\"meta-nav\">&rarr;<\/span><\/a><\/p>\n","protected":false},"author":2,"featured_media":0,"comment_status":"open","ping_status":"open","sticky":false,"template":"","format":"standard","meta":{"footnotes":""},"categories":[9,15,2],"tags":[],"class_list":["post-3810","post","type-post","status-publish","format-standard","hentry","category-kinderbucher","category-lesungen","category-wortchen"],"_links":{"self":[{"href":"https:\/\/das-stille-woertchen.de\/index.php\/wp-json\/wp\/v2\/posts\/3810","targetHints":{"allow":["GET"]}}],"collection":[{"href":"https:\/\/das-stille-woertchen.de\/index.php\/wp-json\/wp\/v2\/posts"}],"about":[{"href":"https:\/\/das-stille-woertchen.de\/index.php\/wp-json\/wp\/v2\/types\/post"}],"author":[{"embeddable":true,"href":"https:\/\/das-stille-woertchen.de\/index.php\/wp-json\/wp\/v2\/users\/2"}],"replies":[{"embeddable":true,"href":"https:\/\/das-stille-woertchen.de\/index.php\/wp-json\/wp\/v2\/comments?post=3810"}],"version-history":[{"count":7,"href":"https:\/\/das-stille-woertchen.de\/index.php\/wp-json\/wp\/v2\/posts\/3810\/revisions"}],"predecessor-version":[{"id":3822,"href":"https:\/\/das-stille-woertchen.de\/index.php\/wp-json\/wp\/v2\/posts\/3810\/revisions\/3822"}],"wp:attachment":[{"href":"https:\/\/das-stille-woertchen.de\/index.php\/wp-json\/wp\/v2\/media?parent=3810"}],"wp:term":[{"taxonomy":"category","embeddable":true,"href":"https:\/\/das-stille-woertchen.de\/index.php\/wp-json\/wp\/v2\/categories?post=3810"},{"taxonomy":"post_tag","embeddable":true,"href":"https:\/\/das-stille-woertchen.de\/index.php\/wp-json\/wp\/v2\/tags?post=3810"}],"curies":[{"name":"wp","href":"https:\/\/api.w.org\/{rel}","templated":true}]}}