{"id":3841,"date":"2017-11-30T09:35:55","date_gmt":"2017-11-30T07:35:55","guid":{"rendered":"http:\/\/das-stille-woertchen.de\/wordpress\/?p=3841"},"modified":"2017-11-30T09:36:40","modified_gmt":"2017-11-30T07:36:40","slug":"matsch-platsch-patsch","status":"publish","type":"post","link":"https:\/\/das-stille-woertchen.de\/index.php\/2017\/11\/30\/matsch-platsch-patsch\/","title":{"rendered":"Matsch, platsch, patsch"},"content":{"rendered":"<p>So, endlich hat Judith mal einen sonnigen Tag erwischt, um ein paar Fotos zu knipsen. Denn zurzeit herrscht hier bei uns optisch das Grau in Grau. Und akustisch ein deutliches Matsch-platsch-matsch. \u00dcber f\u00fcnf Jahre sind wir jetzt hier schon auf dem stillen \u00d6rtchen, aber so einen Schmodder hatten wir noch nie! Ein Gl\u00fcck, dass die Schweinchen solche Frohnaturen sind. Da kann Fussel auch noch grinsen, wenn er bis zu den Knien in der Matschepampe steht:<\/p>\n<p><a href=\"https:\/\/das-stille-woertchen.de\/wp-content\/uploads\/2017\/11\/grinsefussel.jpg\"><img loading=\"lazy\" decoding=\"async\" class=\"aligncenter size-medium wp-image-3839\" alt=\"grinsefussel\" src=\"https:\/\/das-stille-woertchen.de\/wp-content\/uploads\/2017\/11\/grinsefussel-300x220.jpg\" width=\"300\" height=\"220\" srcset=\"https:\/\/das-stille-woertchen.de\/wp-content\/uploads\/2017\/11\/grinsefussel-300x220.jpg 300w, https:\/\/das-stille-woertchen.de\/wp-content\/uploads\/2017\/11\/grinsefussel.jpg 786w\" sizes=\"auto, (max-width: 300px) 100vw, 300px\" \/><\/a><\/p>\n<p>Aber gut, hat man erstmal den tiefsten Sumpf \u00fcberwunden &#8211; ganz hinten im Waldgehege kann Schwein auch noch fr\u00f6hlich buddeln:<\/p>\n<p><a href=\"https:\/\/das-stille-woertchen.de\/wp-content\/uploads\/2017\/11\/schweineimwald.jpg\"><img loading=\"lazy\" decoding=\"async\" class=\"aligncenter size-medium wp-image-3831\" alt=\"schweineimwald\" src=\"https:\/\/das-stille-woertchen.de\/wp-content\/uploads\/2017\/11\/schweineimwald-300x222.jpg\" width=\"300\" height=\"222\" srcset=\"https:\/\/das-stille-woertchen.de\/wp-content\/uploads\/2017\/11\/schweineimwald-300x222.jpg 300w, https:\/\/das-stille-woertchen.de\/wp-content\/uploads\/2017\/11\/schweineimwald.jpg 777w\" sizes=\"auto, (max-width: 300px) 100vw, 300px\" \/><\/a><\/p>\n<p><a href=\"https:\/\/das-stille-woertchen.de\/wp-content\/uploads\/2017\/11\/fusselund-h\u00fchner.jpg\"><img loading=\"lazy\" decoding=\"async\" class=\"aligncenter size-medium wp-image-3837\" alt=\"fusselund h\u00fchner\" src=\"https:\/\/das-stille-woertchen.de\/wp-content\/uploads\/2017\/11\/fusselund-h\u00fchner-300x222.jpg\" width=\"300\" height=\"222\" srcset=\"https:\/\/das-stille-woertchen.de\/wp-content\/uploads\/2017\/11\/fusselund-h\u00fchner-300x222.jpg 300w, https:\/\/das-stille-woertchen.de\/wp-content\/uploads\/2017\/11\/fusselund-h\u00fchner.jpg 798w\" sizes=\"auto, (max-width: 300px) 100vw, 300px\" \/><\/a>Wenn endlich mal wieder die Sonne scheint, freuen sich nat\u00fcrlich auf die Pferdenasen:<br \/>\nSonnen-Sue<\/p>\n<p><a href=\"https:\/\/das-stille-woertchen.de\/wp-content\/uploads\/2017\/11\/sue.jpg\"><img loading=\"lazy\" decoding=\"async\" class=\"aligncenter size-medium wp-image-3833\" alt=\"sue\" src=\"https:\/\/das-stille-woertchen.de\/wp-content\/uploads\/2017\/11\/sue-226x300.jpg\" width=\"226\" height=\"300\" srcset=\"https:\/\/das-stille-woertchen.de\/wp-content\/uploads\/2017\/11\/sue-226x300.jpg 226w, https:\/\/das-stille-woertchen.de\/wp-content\/uploads\/2017\/11\/sue.jpg 594w\" sizes=\"auto, (max-width: 226px) 100vw, 226px\" \/><\/a><\/p>\n<p>Sonnen-Sancho:<a href=\"https:\/\/das-stille-woertchen.de\/wp-content\/uploads\/2017\/11\/sancho1.jpg\"><img loading=\"lazy\" decoding=\"async\" class=\"aligncenter size-medium wp-image-3830\" alt=\"sancho1\" src=\"https:\/\/das-stille-woertchen.de\/wp-content\/uploads\/2017\/11\/sancho1-223x300.jpg\" width=\"223\" height=\"300\" srcset=\"https:\/\/das-stille-woertchen.de\/wp-content\/uploads\/2017\/11\/sancho1-223x300.jpg 223w, https:\/\/das-stille-woertchen.de\/wp-content\/uploads\/2017\/11\/sancho1.jpg 594w\" sizes=\"auto, (max-width: 223px) 100vw, 223px\" \/><\/a><a href=\"https:\/\/das-stille-woertchen.de\/wp-content\/uploads\/2017\/11\/sancho-ganz.jpg\"><img loading=\"lazy\" decoding=\"async\" class=\"aligncenter size-medium wp-image-3829\" alt=\"sancho ganz\" src=\"https:\/\/das-stille-woertchen.de\/wp-content\/uploads\/2017\/11\/sancho-ganz-300x222.jpg\" width=\"300\" height=\"222\" srcset=\"https:\/\/das-stille-woertchen.de\/wp-content\/uploads\/2017\/11\/sancho-ganz-300x222.jpg 300w, https:\/\/das-stille-woertchen.de\/wp-content\/uploads\/2017\/11\/sancho-ganz.jpg 792w\" sizes=\"auto, (max-width: 300px) 100vw, 300px\" \/><\/a>Sonnen-Pippilotta:<\/p>\n<p><a href=\"https:\/\/das-stille-woertchen.de\/wp-content\/uploads\/2017\/11\/pippilotta.jpg\"><img loading=\"lazy\" decoding=\"async\" class=\"aligncenter size-medium wp-image-3826\" alt=\"pippilotta\" src=\"https:\/\/das-stille-woertchen.de\/wp-content\/uploads\/2017\/11\/pippilotta-259x300.jpg\" width=\"259\" height=\"300\" srcset=\"https:\/\/das-stille-woertchen.de\/wp-content\/uploads\/2017\/11\/pippilotta-259x300.jpg 259w, https:\/\/das-stille-woertchen.de\/wp-content\/uploads\/2017\/11\/pippilotta.jpg 588w\" sizes=\"auto, (max-width: 259px) 100vw, 259px\" \/><\/a> <a href=\"https:\/\/das-stille-woertchen.de\/wp-content\/uploads\/2017\/11\/pippilottanase.jpg\"><img loading=\"lazy\" decoding=\"async\" class=\"aligncenter size-medium wp-image-3827\" alt=\"pippilottanase\" src=\"https:\/\/das-stille-woertchen.de\/wp-content\/uploads\/2017\/11\/pippilottanase-300x225.jpg\" width=\"300\" height=\"225\" srcset=\"https:\/\/das-stille-woertchen.de\/wp-content\/uploads\/2017\/11\/pippilottanase-300x225.jpg 300w, https:\/\/das-stille-woertchen.de\/wp-content\/uploads\/2017\/11\/pippilottanase.jpg 783w\" sizes=\"auto, (max-width: 300px) 100vw, 300px\" \/><\/a>Und Judith freut sich mit!<\/p>\n<p><a href=\"https:\/\/das-stille-woertchen.de\/wp-content\/uploads\/2017\/11\/2017-11-23-10.02.50.jpg.jpg\"><img loading=\"lazy\" decoding=\"async\" class=\"aligncenter size-medium wp-image-3846\" alt=\"2017-11-23 10.02.50.jpg\" src=\"https:\/\/das-stille-woertchen.de\/wp-content\/uploads\/2017\/11\/2017-11-23-10.02.50.jpg-300x168.jpg\" width=\"300\" height=\"168\" srcset=\"https:\/\/das-stille-woertchen.de\/wp-content\/uploads\/2017\/11\/2017-11-23-10.02.50.jpg-300x168.jpg 300w, https:\/\/das-stille-woertchen.de\/wp-content\/uploads\/2017\/11\/2017-11-23-10.02.50.jpg-1024x576.jpg 1024w, https:\/\/das-stille-woertchen.de\/wp-content\/uploads\/2017\/11\/2017-11-23-10.02.50.jpg.jpg 1280w\" sizes=\"auto, (max-width: 300px) 100vw, 300px\" \/><\/a> <a href=\"https:\/\/das-stille-woertchen.de\/wp-content\/uploads\/2017\/11\/2017-11-23-10.02.04.jpg.jpg\"><img loading=\"lazy\" decoding=\"async\" class=\"aligncenter size-medium wp-image-3845\" alt=\"2017-11-23 10.02.04.jpg\" src=\"https:\/\/das-stille-woertchen.de\/wp-content\/uploads\/2017\/11\/2017-11-23-10.02.04.jpg-300x168.jpg\" width=\"300\" height=\"168\" srcset=\"https:\/\/das-stille-woertchen.de\/wp-content\/uploads\/2017\/11\/2017-11-23-10.02.04.jpg-300x168.jpg 300w, https:\/\/das-stille-woertchen.de\/wp-content\/uploads\/2017\/11\/2017-11-23-10.02.04.jpg-1024x576.jpg 1024w, https:\/\/das-stille-woertchen.de\/wp-content\/uploads\/2017\/11\/2017-11-23-10.02.04.jpg.jpg 1280w\" sizes=\"auto, (max-width: 300px) 100vw, 300px\" \/><\/a> <a href=\"https:\/\/das-stille-woertchen.de\/wp-content\/uploads\/2017\/11\/2017-11-23-10.01.51.jpg.jpg\"><img loading=\"lazy\" decoding=\"async\" class=\"aligncenter size-medium wp-image-3844\" alt=\"2017-11-23 10.01.51.jpg\" src=\"https:\/\/das-stille-woertchen.de\/wp-content\/uploads\/2017\/11\/2017-11-23-10.01.51.jpg-300x168.jpg\" width=\"300\" height=\"168\" srcset=\"https:\/\/das-stille-woertchen.de\/wp-content\/uploads\/2017\/11\/2017-11-23-10.01.51.jpg-300x168.jpg 300w, https:\/\/das-stille-woertchen.de\/wp-content\/uploads\/2017\/11\/2017-11-23-10.01.51.jpg-1024x576.jpg 1024w, https:\/\/das-stille-woertchen.de\/wp-content\/uploads\/2017\/11\/2017-11-23-10.01.51.jpg.jpg 1280w\" sizes=\"auto, (max-width: 300px) 100vw, 300px\" \/><\/a><br \/>\n<a href=\"https:\/\/das-stille-woertchen.de\/wp-content\/uploads\/2017\/11\/2017-11-23-10.02.24.jpg\"><img loading=\"lazy\" decoding=\"async\" class=\"aligncenter size-medium wp-image-3834\" alt=\"2017-11-23 10.02.24\" src=\"https:\/\/das-stille-woertchen.de\/wp-content\/uploads\/2017\/11\/2017-11-23-10.02.24-300x168.jpg\" width=\"300\" height=\"168\" srcset=\"https:\/\/das-stille-woertchen.de\/wp-content\/uploads\/2017\/11\/2017-11-23-10.02.24-300x168.jpg 300w, https:\/\/das-stille-woertchen.de\/wp-content\/uploads\/2017\/11\/2017-11-23-10.02.24-1024x576.jpg 1024w, https:\/\/das-stille-woertchen.de\/wp-content\/uploads\/2017\/11\/2017-11-23-10.02.24.jpg 1280w\" sizes=\"auto, (max-width: 300px) 100vw, 300px\" \/><\/a>Auch die Gackerdamen- und Herren genie\u00dfen jeden der seltenen, warmen Sonnenstrahlen:<\/p>\n<p><a href=\"https:\/\/das-stille-woertchen.de\/wp-content\/uploads\/2017\/11\/gockele.jpg\"><img loading=\"lazy\" decoding=\"async\" class=\"aligncenter size-medium wp-image-3838\" alt=\"gockele\" src=\"https:\/\/das-stille-woertchen.de\/wp-content\/uploads\/2017\/11\/gockele-300x172.jpg\" width=\"300\" height=\"172\" srcset=\"https:\/\/das-stille-woertchen.de\/wp-content\/uploads\/2017\/11\/gockele-300x172.jpg 300w, https:\/\/das-stille-woertchen.de\/wp-content\/uploads\/2017\/11\/gockele.jpg 764w\" sizes=\"auto, (max-width: 300px) 100vw, 300px\" \/><\/a>Und hier noch noch ein Traumpaar im Matsch (oder schnuppert Kr\u00fcmel nur, ob es sich lohnt in Judiths Schal zu bei\u00dfen?)<\/p>\n<p><a href=\"https:\/\/das-stille-woertchen.de\/wp-content\/uploads\/2017\/11\/kr\u00fcmelselfie.jpg.jpg\"><img loading=\"lazy\" decoding=\"async\" class=\"aligncenter size-medium wp-image-3847\" alt=\"kr\u00fcmelselfie.jpg\" src=\"https:\/\/das-stille-woertchen.de\/wp-content\/uploads\/2017\/11\/kr\u00fcmelselfie.jpg-300x165.jpg\" width=\"300\" height=\"165\" srcset=\"https:\/\/das-stille-woertchen.de\/wp-content\/uploads\/2017\/11\/kr\u00fcmelselfie.jpg-300x165.jpg 300w, https:\/\/das-stille-woertchen.de\/wp-content\/uploads\/2017\/11\/kr\u00fcmelselfie.jpg.jpg 805w\" sizes=\"auto, (max-width: 300px) 100vw, 300px\" \/><\/a>Soviel in K\u00fcrze. Auf dass der Winter uns bald noch ein paar sonnige Augenblicke g\u00f6nnen m\u00f6ge!<\/p>\n","protected":false},"excerpt":{"rendered":"<p>So, endlich hat Judith mal einen sonnigen Tag erwischt, um ein paar Fotos zu knipsen. Denn zurzeit herrscht hier bei uns optisch das Grau in Grau. Und akustisch ein deutliches Matsch-platsch-matsch. \u00dcber f\u00fcnf Jahre sind wir jetzt hier schon auf &hellip; <a href=\"https:\/\/das-stille-woertchen.de\/index.php\/2017\/11\/30\/matsch-platsch-patsch\/\">Weiterlesen <span class=\"meta-nav\">&rarr;<\/span><\/a><\/p>\n","protected":false},"author":2,"featured_media":0,"comment_status":"open","ping_status":"open","sticky":false,"template":"","format":"standard","meta":{"footnotes":""},"categories":[23,3,5],"tags":[],"class_list":["post-3841","post","type-post","status-publish","format-standard","hentry","category-kruemel-und-fussel","category-oertchen","category-tierisch"],"_links":{"self":[{"href":"https:\/\/das-stille-woertchen.de\/index.php\/wp-json\/wp\/v2\/posts\/3841","targetHints":{"allow":["GET"]}}],"collection":[{"href":"https:\/\/das-stille-woertchen.de\/index.php\/wp-json\/wp\/v2\/posts"}],"about":[{"href":"https:\/\/das-stille-woertchen.de\/index.php\/wp-json\/wp\/v2\/types\/post"}],"author":[{"embeddable":true,"href":"https:\/\/das-stille-woertchen.de\/index.php\/wp-json\/wp\/v2\/users\/2"}],"replies":[{"embeddable":true,"href":"https:\/\/das-stille-woertchen.de\/index.php\/wp-json\/wp\/v2\/comments?post=3841"}],"version-history":[{"count":5,"href":"https:\/\/das-stille-woertchen.de\/index.php\/wp-json\/wp\/v2\/posts\/3841\/revisions"}],"predecessor-version":[{"id":3850,"href":"https:\/\/das-stille-woertchen.de\/index.php\/wp-json\/wp\/v2\/posts\/3841\/revisions\/3850"}],"wp:attachment":[{"href":"https:\/\/das-stille-woertchen.de\/index.php\/wp-json\/wp\/v2\/media?parent=3841"}],"wp:term":[{"taxonomy":"category","embeddable":true,"href":"https:\/\/das-stille-woertchen.de\/index.php\/wp-json\/wp\/v2\/categories?post=3841"},{"taxonomy":"post_tag","embeddable":true,"href":"https:\/\/das-stille-woertchen.de\/index.php\/wp-json\/wp\/v2\/tags?post=3841"}],"curies":[{"name":"wp","href":"https:\/\/api.w.org\/{rel}","templated":true}]}}