{"id":3868,"date":"2018-01-26T15:55:44","date_gmt":"2018-01-26T13:55:44","guid":{"rendered":"http:\/\/das-stille-woertchen.de\/wordpress\/?p=3868"},"modified":"2018-01-27T14:09:44","modified_gmt":"2018-01-27T12:09:44","slug":"wasn-winter","status":"publish","type":"post","link":"https:\/\/das-stille-woertchen.de\/index.php\/2018\/01\/26\/wasn-winter\/","title":{"rendered":"Was&#8217;n Winter."},"content":{"rendered":"<p>Eieiei wurde hier lange nichts geschrieben! Aber es hat nen guten Grund. Seit Anfang Dezember dreht sich hier n\u00e4mlich fast alles nur noch um Kr\u00fcmel. Der Wollschweinherr hatte einen Bandscheibenvorfall. Eines Nachmittags konnte er einfach nicht mehr aufstehen &#8211; seine Hinterbeine waren komplett gel\u00e4hmt. Eine ganze Woche lang. Dann kam zum Gl\u00fcck das Gef\u00fchl zur\u00fcck &#8211; und seitdem sind Steffen und Judith schwer damit besch\u00e4ftigt, Kr\u00fcmelchen wieder auf die Beine zu bekommen. \u00a0Bei dem Gewicht ist das nat\u00fcrlich nicht ganz leicht und es wurden allerlei physiotherapeutische Mittelchen und Ger\u00e4tsc haften angewendet. So haben nette Blutegel die entz\u00fcndete Stelle an der Wirbels\u00e4ule behandelt, stundenlang wurde Kr\u00fcmel seitdem mit einem Massagestab &#8222;bearbeitet&#8220; und auch mit einem Gleichstromger\u00e4t die Muskeln aufgebaut. Sogar ein Pool wurde im gebaut! Und zwar direkt um ihn herum.<\/p>\n<p><a href=\"https:\/\/das-stille-woertchen.de\/wp-content\/uploads\/2018\/01\/Kr\u00fcmel-in-der-Wanne.jpg\"><img loading=\"lazy\" decoding=\"async\" class=\"aligncenter size-medium wp-image-3862\" alt=\"Kr\u00fcmel in der Wanne\" src=\"https:\/\/das-stille-woertchen.de\/wp-content\/uploads\/2018\/01\/Kr\u00fcmel-in-der-Wanne-300x167.jpg\" width=\"300\" height=\"167\" srcset=\"https:\/\/das-stille-woertchen.de\/wp-content\/uploads\/2018\/01\/Kr\u00fcmel-in-der-Wanne-300x167.jpg 300w, https:\/\/das-stille-woertchen.de\/wp-content\/uploads\/2018\/01\/Kr\u00fcmel-in-der-Wanne.jpg 780w\" sizes=\"auto, (max-width: 300px) 100vw, 300px\" \/><\/a><\/p>\n<p>Dazwischen unz\u00e4hlige Versuche, den Dicken wieder auf die Beine zu stellen. Mittlerweile klappt das eeeendlich ein bisschen &#8211; wenn Steffen Kr\u00fcmels Hintern st\u00fctzt kann er ein bisschen stehen und gehen. Wir haben noch ein ziemliches St\u00fcck Arbeit vor uns. Die beim vielen Liegen verloren gegangene Muskelmasse muss ja erst wieder aufgebaut werden. Was ein Gl\u00fcck, dass Kr\u00fcmel so ne coole Socke ist. Der l\u00e4sst sich immer noch nicht die Laune verderben und k\u00e4mpft flei\u00dfig weiter!<br \/>\nHier ein Beweis-Schwelfie aus dem Krankenlager:<\/p>\n<p><a href=\"https:\/\/das-stille-woertchen.de\/wp-content\/uploads\/2018\/01\/Gr\u00fc\u00dfchen.jpg\"><img loading=\"lazy\" decoding=\"async\" class=\"aligncenter size-medium wp-image-3863\" alt=\"Gr\u00fc\u00dfchen\" src=\"https:\/\/das-stille-woertchen.de\/wp-content\/uploads\/2018\/01\/Gr\u00fc\u00dfchen-300x170.jpg\" width=\"300\" height=\"170\" srcset=\"https:\/\/das-stille-woertchen.de\/wp-content\/uploads\/2018\/01\/Gr\u00fc\u00dfchen-300x170.jpg 300w, https:\/\/das-stille-woertchen.de\/wp-content\/uploads\/2018\/01\/Gr\u00fc\u00dfchen.jpg 792w\" sizes=\"auto, (max-width: 300px) 100vw, 300px\" \/><\/a>Wir alle hier hoffen nat\u00fcrlich, dass er bald wieder im Schweinsgalopp sausen kann. Ganz besonders Fussel &#8211; ist doch recht einsam f\u00fcr ihn, ohne seinen Kumpel:<\/p>\n<p><a href=\"https:\/\/das-stille-woertchen.de\/wp-content\/uploads\/2018\/01\/Fusselchen.jpg\"><img loading=\"lazy\" decoding=\"async\" class=\"aligncenter size-medium wp-image-3869\" alt=\"Fusselchen\" src=\"https:\/\/das-stille-woertchen.de\/wp-content\/uploads\/2018\/01\/Fusselchen-300x165.jpg\" width=\"300\" height=\"165\" srcset=\"https:\/\/das-stille-woertchen.de\/wp-content\/uploads\/2018\/01\/Fusselchen-300x165.jpg 300w, https:\/\/das-stille-woertchen.de\/wp-content\/uploads\/2018\/01\/Fusselchen.jpg 788w\" sizes=\"auto, (max-width: 300px) 100vw, 300px\" \/><\/a>Au\u00dferdem f\u00e4llt ja auch die gem\u00fctliche Gem\u00fcsegartenumbuddelei aus. Hier ist n\u00e4mlich nur Matsch. \u00dcberall. Denn seit dem Sommer regnet und regnet und regnet es und das Wasser l\u00e4uft l\u00e4ngst nicht mehr richtig ab. Deshalb ist \u00a0das Waldgehege gesperrt &#8211; akute Verschmodderung &#8211; und so gibt es keinen Zugang in den Garten. Armes Schwein!<\/p>\n<p>Die Sonne hat sich auch fast nie blicken lassen. Aber wenn sie sich mal f\u00fcr ein paar Min\u00fctchen die Ehre gibt, sieht die Welt gleich ganz anders aus! Ganz besonders unser \u00d6rtchen. Die Zweibeiner bem\u00fchen sich ja, hier alles nach und nach zu kunterbuntisieren &#8211; und das leuchtet dann gar wunderwonnig im winterlichen Sonnenschein:<\/p>\n<p><a href=\"https:\/\/das-stille-woertchen.de\/wp-content\/uploads\/2018\/01\/bunter-Hof-1.jpg\"><img loading=\"lazy\" decoding=\"async\" class=\"aligncenter size-medium wp-image-3866\" alt=\"bunter Hof 1\" src=\"https:\/\/das-stille-woertchen.de\/wp-content\/uploads\/2018\/01\/bunter-Hof-1-300x167.jpg\" width=\"300\" height=\"167\" srcset=\"https:\/\/das-stille-woertchen.de\/wp-content\/uploads\/2018\/01\/bunter-Hof-1-300x167.jpg 300w, https:\/\/das-stille-woertchen.de\/wp-content\/uploads\/2018\/01\/bunter-Hof-1.jpg 780w\" sizes=\"auto, (max-width: 300px) 100vw, 300px\" \/><\/a> <a href=\"https:\/\/das-stille-woertchen.de\/wp-content\/uploads\/2018\/01\/bunter-hof-2.jpg\"><img loading=\"lazy\" decoding=\"async\" class=\"aligncenter size-medium wp-image-3867\" alt=\"bunter hof 2\" src=\"https:\/\/das-stille-woertchen.de\/wp-content\/uploads\/2018\/01\/bunter-hof-2-300x166.jpg\" width=\"300\" height=\"166\" srcset=\"https:\/\/das-stille-woertchen.de\/wp-content\/uploads\/2018\/01\/bunter-hof-2-300x166.jpg 300w, https:\/\/das-stille-woertchen.de\/wp-content\/uploads\/2018\/01\/bunter-hof-2.jpg 792w\" sizes=\"auto, (max-width: 300px) 100vw, 300px\" \/><\/a>Bei den Hunderunden ist es auch meist eher tr\u00fcb. Hier ein klitzekleiner Lichtblick mit Alma:<\/p>\n<p><a href=\"https:\/\/das-stille-woertchen.de\/wp-content\/uploads\/2018\/01\/Eisalma.jpg\"><img loading=\"lazy\" decoding=\"async\" class=\"aligncenter size-medium wp-image-3865\" alt=\"Eisalma\" src=\"https:\/\/das-stille-woertchen.de\/wp-content\/uploads\/2018\/01\/Eisalma-300x209.jpg\" width=\"300\" height=\"209\" srcset=\"https:\/\/das-stille-woertchen.de\/wp-content\/uploads\/2018\/01\/Eisalma-300x209.jpg 300w, https:\/\/das-stille-woertchen.de\/wp-content\/uploads\/2018\/01\/Eisalma.jpg 612w\" sizes=\"auto, (max-width: 300px) 100vw, 300px\" \/><\/a>Und damit man trotz der schmuddeligen Winterlichkeit bei Laune bleibt, zum Schluss noch eine nigelnagelneue Lektion #Wollschweinyoga &#8211; wie immer ganz leicht nachzumachen:<\/p>\n<p><iframe loading=\"lazy\" src=\"https:\/\/www.youtube.com\/embed\/2VELTRGGtvE\" height=\"480\" width=\"854\" allowfullscreen=\"\" frameborder=\"0\"><\/iframe><\/p>\n<p>In diesem Sinne: Kommt gut durch den Restwinter!<\/p>\n","protected":false},"excerpt":{"rendered":"<p>Eieiei wurde hier lange nichts geschrieben! Aber es hat nen guten Grund. Seit Anfang Dezember dreht sich hier n\u00e4mlich fast alles nur noch um Kr\u00fcmel. Der Wollschweinherr hatte einen Bandscheibenvorfall. Eines Nachmittags konnte er einfach nicht mehr aufstehen &#8211; seine &hellip; <a href=\"https:\/\/das-stille-woertchen.de\/index.php\/2018\/01\/26\/wasn-winter\/\">Weiterlesen <span class=\"meta-nav\">&rarr;<\/span><\/a><\/p>\n","protected":false},"author":2,"featured_media":0,"comment_status":"open","ping_status":"open","sticky":false,"template":"","format":"standard","meta":{"footnotes":""},"categories":[23,3,5],"tags":[],"class_list":["post-3868","post","type-post","status-publish","format-standard","hentry","category-kruemel-und-fussel","category-oertchen","category-tierisch"],"_links":{"self":[{"href":"https:\/\/das-stille-woertchen.de\/index.php\/wp-json\/wp\/v2\/posts\/3868","targetHints":{"allow":["GET"]}}],"collection":[{"href":"https:\/\/das-stille-woertchen.de\/index.php\/wp-json\/wp\/v2\/posts"}],"about":[{"href":"https:\/\/das-stille-woertchen.de\/index.php\/wp-json\/wp\/v2\/types\/post"}],"author":[{"embeddable":true,"href":"https:\/\/das-stille-woertchen.de\/index.php\/wp-json\/wp\/v2\/users\/2"}],"replies":[{"embeddable":true,"href":"https:\/\/das-stille-woertchen.de\/index.php\/wp-json\/wp\/v2\/comments?post=3868"}],"version-history":[{"count":5,"href":"https:\/\/das-stille-woertchen.de\/index.php\/wp-json\/wp\/v2\/posts\/3868\/revisions"}],"predecessor-version":[{"id":3874,"href":"https:\/\/das-stille-woertchen.de\/index.php\/wp-json\/wp\/v2\/posts\/3868\/revisions\/3874"}],"wp:attachment":[{"href":"https:\/\/das-stille-woertchen.de\/index.php\/wp-json\/wp\/v2\/media?parent=3868"}],"wp:term":[{"taxonomy":"category","embeddable":true,"href":"https:\/\/das-stille-woertchen.de\/index.php\/wp-json\/wp\/v2\/categories?post=3868"},{"taxonomy":"post_tag","embeddable":true,"href":"https:\/\/das-stille-woertchen.de\/index.php\/wp-json\/wp\/v2\/tags?post=3868"}],"curies":[{"name":"wp","href":"https:\/\/api.w.org\/{rel}","templated":true}]}}