{"id":4103,"date":"2018-10-16T06:56:53","date_gmt":"2018-10-16T04:56:53","guid":{"rendered":"http:\/\/das-stille-woertchen.de\/wordpress\/?p=4103"},"modified":"2018-10-16T07:17:49","modified_gmt":"2018-10-16T05:17:49","slug":"schmoekerbunter-buecherherbst","status":"publish","type":"post","link":"https:\/\/das-stille-woertchen.de\/index.php\/2018\/10\/16\/schmoekerbunter-buecherherbst\/","title":{"rendered":"Schm\u00f6kerbunter B\u00fccherherbst"},"content":{"rendered":"<p>Im Herbst ist nicht nur Buchmesse sondern &#8211; jedenfalls wenn der Herbst nicht ganz so g\u00fclden ist und st\u00e4ndig nach drau\u00dfen lockt &#8211; auch ganz viel Zeit zu schm\u00f6kern. Passend dazu gibt es einige neue B\u00fccher von Judith!<\/p>\n<p>Ehrlich gesagt war die als M\u00e4dchen ja nicht so wirklich prinzessinnenhaft. Kleider und R\u00f6cke fand sie doof und Rosa und Glitzer war auch nicht so ihres. Das mit den Kleidern und R\u00f6cken hat sich schon l\u00e4nger ge\u00e4ndert. Rosa und Glitzer findet sie zwar immer noch eher <em>naja<\/em>\u00a0&#8211; aber das mit den Prinzessinnen an sich sieht sie neuerdings deutlich anders! Schlie\u00dflich hat Judith die Geschichten f\u00fcr diese h\u00fcbschen B\u00fccher hier geschrieben:<\/p>\n<p><a href=\"https:\/\/das-stille-woertchen.de\/wp-content\/uploads\/2018\/10\/Prinzessinnen1.jpg\"><img loading=\"lazy\" decoding=\"async\" class=\"aligncenter size-medium wp-image-4088\" alt=\"Prinzessinnen\" src=\"https:\/\/das-stille-woertchen.de\/wp-content\/uploads\/2018\/10\/Prinzessinnen1-300x220.jpg\" width=\"300\" height=\"220\" srcset=\"https:\/\/das-stille-woertchen.de\/wp-content\/uploads\/2018\/10\/Prinzessinnen1-300x220.jpg 300w, https:\/\/das-stille-woertchen.de\/wp-content\/uploads\/2018\/10\/Prinzessinnen1.jpg 792w\" sizes=\"auto, (max-width: 300px) 100vw, 300px\" \/><\/a>&#8222;Die Schule der Prinzessinnen&#8220; &#8211; zum Dahinschmelzen illustriert von Florentine Prechtl. Und wie man sieht, ist da auch gar nicht alles rosa und glitzerig und immer nur sch\u00fcchtern und brav sind die Junior-K\u00f6niginnen aus nicht. In jedem Band wird eine andere Prinzessin vorgestellt &#8211; und jede ist auf ihre Art etwas ganz Besonderes.<\/p>\n<p>Los geht es mit Kimi aus dem Kirschbl\u00fctenreich, die, ganz neu an der Schule, eine Freundin sucht:<\/p>\n<p><a href=\"https:\/\/das-stille-woertchen.de\/wp-content\/uploads\/2018\/10\/Kimi.jpg\"><img loading=\"lazy\" decoding=\"async\" class=\"aligncenter size-medium wp-image-4080\" alt=\"Kimi\" src=\"https:\/\/das-stille-woertchen.de\/wp-content\/uploads\/2018\/10\/Kimi-300x232.jpg\" width=\"300\" height=\"232\" srcset=\"https:\/\/das-stille-woertchen.de\/wp-content\/uploads\/2018\/10\/Kimi-300x232.jpg 300w, https:\/\/das-stille-woertchen.de\/wp-content\/uploads\/2018\/10\/Kimi.jpg 774w\" sizes=\"auto, (max-width: 300px) 100vw, 300px\" \/><\/a>Im zweiten Band wird die Geschichte von Dana aus dem Diamantenreich erz\u00e4hlt. Die hat Angst vor Pferden und es deshalb auch nicht leicht:<\/p>\n<p><a href=\"https:\/\/das-stille-woertchen.de\/wp-content\/uploads\/2018\/10\/Dana.jpg\"><img loading=\"lazy\" decoding=\"async\" class=\"aligncenter size-medium wp-image-4074\" alt=\"Dana\" src=\"https:\/\/das-stille-woertchen.de\/wp-content\/uploads\/2018\/10\/Dana-300x225.jpg\" width=\"300\" height=\"225\" srcset=\"https:\/\/das-stille-woertchen.de\/wp-content\/uploads\/2018\/10\/Dana-300x225.jpg 300w, https:\/\/das-stille-woertchen.de\/wp-content\/uploads\/2018\/10\/Dana.jpg 783w\" sizes=\"auto, (max-width: 300px) 100vw, 300px\" \/><\/a>Die Romane sind recht d\u00fcnn, mit ganz vielen, tollen bunten Illustrationen. Perfekt zum Vorlesen und f\u00fcr Leseanf\u00e4nger!<\/p>\n<p>Und dann ist noch, auch bei Carlsen, dieses h\u00fcbsche Buch erschienen:<\/p>\n<p><a href=\"https:\/\/das-stille-woertchen.de\/wp-content\/uploads\/2018\/10\/Weihnachten-11.jpg\"><img loading=\"lazy\" decoding=\"async\" class=\"aligncenter size-medium wp-image-4106\" alt=\"Weihnachten 1\" src=\"https:\/\/das-stille-woertchen.de\/wp-content\/uploads\/2018\/10\/Weihnachten-11-226x300.jpg\" width=\"226\" height=\"300\" srcset=\"https:\/\/das-stille-woertchen.de\/wp-content\/uploads\/2018\/10\/Weihnachten-11-226x300.jpg 226w, https:\/\/das-stille-woertchen.de\/wp-content\/uploads\/2018\/10\/Weihnachten-11.jpg 591w\" sizes=\"auto, (max-width: 226px) 100vw, 226px\" \/><\/a>\u00a0&#8222;Mein dickes Weihnachtsbuch&#8220;.<br \/>\nDas Buch sieht nicht nur sch\u00f6n aus, es unterh\u00e4lt auch die ganze Familie. Mit ganz viel Rezepten, Bastelanleitungen und M\u00f6glichkeiten, die Weihnachtsgeschichten beim Vorlesen interaktiv zu begleiten. (Schon mal Weihnachtslieder gegurgelt?)<br \/>\nDie Aufmachung ist einfach toll &#8211; das f\u00e4ngt schon beim Vorsatz an:<\/p>\n<p><a href=\"https:\/\/das-stille-woertchen.de\/wp-content\/uploads\/2018\/10\/Weihnachten2.jpg\"><img loading=\"lazy\" decoding=\"async\" class=\"aligncenter size-medium wp-image-4094\" alt=\"Weihnachten2\" src=\"https:\/\/das-stille-woertchen.de\/wp-content\/uploads\/2018\/10\/Weihnachten2-300x224.jpg\" width=\"300\" height=\"224\" srcset=\"https:\/\/das-stille-woertchen.de\/wp-content\/uploads\/2018\/10\/Weihnachten2-300x224.jpg 300w, https:\/\/das-stille-woertchen.de\/wp-content\/uploads\/2018\/10\/Weihnachten2.jpg 783w\" sizes=\"auto, (max-width: 300px) 100vw, 300px\" \/><\/a>Und weil gleich vier verschiedene Illustratorinnen die Bilder zu den Geschichten geliefert haben, ist es extra kunterbunt!<\/p>\n<p><a href=\"https:\/\/das-stille-woertchen.de\/wp-content\/uploads\/2018\/10\/Weihnachten3.jpg\"><img loading=\"lazy\" decoding=\"async\" class=\"aligncenter size-medium wp-image-4095\" alt=\"Weihnachten3\" src=\"https:\/\/das-stille-woertchen.de\/wp-content\/uploads\/2018\/10\/Weihnachten3-300x219.jpg\" width=\"300\" height=\"219\" srcset=\"https:\/\/das-stille-woertchen.de\/wp-content\/uploads\/2018\/10\/Weihnachten3-300x219.jpg 300w, https:\/\/das-stille-woertchen.de\/wp-content\/uploads\/2018\/10\/Weihnachten3.jpg 795w\" sizes=\"auto, (max-width: 300px) 100vw, 300px\" \/><\/a> <a href=\"https:\/\/das-stille-woertchen.de\/wp-content\/uploads\/2018\/10\/Weihnachten-4.jpg\"><img loading=\"lazy\" decoding=\"async\" class=\"aligncenter size-medium wp-image-4093\" alt=\"Weihnachten 4\" src=\"https:\/\/das-stille-woertchen.de\/wp-content\/uploads\/2018\/10\/Weihnachten-4-300x221.jpg\" width=\"300\" height=\"221\" srcset=\"https:\/\/das-stille-woertchen.de\/wp-content\/uploads\/2018\/10\/Weihnachten-4-300x221.jpg 300w, https:\/\/das-stille-woertchen.de\/wp-content\/uploads\/2018\/10\/Weihnachten-4.jpg 783w\" sizes=\"auto, (max-width: 300px) 100vw, 300px\" \/><\/a>Vielen lieben Dank an Daniela Kunkel, Elli Bruder, Stefanie Jeschke und Jennifer Coulman!<\/p>\n<p>Und noch was Neues gibt&#8217;s! Die neueste Kr\u00fcmel &amp; Fussel-Geschichte ist zwar schon im Juni bei Ravensburger erschienen, aber so richtig zur Jahreszeit passt sie erst jetzt. Also, teilweise jedenfalls. Vom ersten Schnee sind wir ja immer noch ein bisschen entfernt.<br \/>\nF\u00fcr die Schweinchen ist es im Buch jedenfalls der allererste Schnee &#8211; und nach einigen Turbulenzen findet die beiden mal wieder neue Freunde:<\/p>\n<p><a href=\"https:\/\/das-stille-woertchen.de\/wp-content\/uploads\/2018\/10\/kruemel3-gif.gif\"><img loading=\"lazy\" decoding=\"async\" class=\"aligncenter size-full wp-image-4097\" alt=\"kruemel3-gif\" src=\"https:\/\/das-stille-woertchen.de\/wp-content\/uploads\/2018\/10\/kruemel3-gif.gif\" width=\"1108\" height=\"827\" \/><\/a>Danke wie immer an Jo\u00eblle Tourlonias f\u00fcr die einfach wuuuuuuundersch\u00f6nen Bildchen! Und Wollschwein-Fans aufgepasst &#8211; sp\u00e4testens n\u00e4chstes Jahr gibt&#8217;s schon wieder was ganz Neues von den Schweinchen. Aber gerade ist es noch geheim &#8230;<\/p>\n","protected":false},"excerpt":{"rendered":"<p>Im Herbst ist nicht nur Buchmesse sondern &#8211; jedenfalls wenn der Herbst nicht ganz so g\u00fclden ist und st\u00e4ndig nach drau\u00dfen lockt &#8211; auch ganz viel Zeit zu schm\u00f6kern. Passend dazu gibt es einige neue B\u00fccher von Judith! Ehrlich gesagt &hellip; <a href=\"https:\/\/das-stille-woertchen.de\/index.php\/2018\/10\/16\/schmoekerbunter-buecherherbst\/\">Weiterlesen <span class=\"meta-nav\">&rarr;<\/span><\/a><\/p>\n","protected":false},"author":2,"featured_media":0,"comment_status":"closed","ping_status":"closed","sticky":false,"template":"","format":"standard","meta":{"footnotes":""},"categories":[9,2],"tags":[],"class_list":["post-4103","post","type-post","status-publish","format-standard","hentry","category-kinderbucher","category-wortchen"],"_links":{"self":[{"href":"https:\/\/das-stille-woertchen.de\/index.php\/wp-json\/wp\/v2\/posts\/4103","targetHints":{"allow":["GET"]}}],"collection":[{"href":"https:\/\/das-stille-woertchen.de\/index.php\/wp-json\/wp\/v2\/posts"}],"about":[{"href":"https:\/\/das-stille-woertchen.de\/index.php\/wp-json\/wp\/v2\/types\/post"}],"author":[{"embeddable":true,"href":"https:\/\/das-stille-woertchen.de\/index.php\/wp-json\/wp\/v2\/users\/2"}],"replies":[{"embeddable":true,"href":"https:\/\/das-stille-woertchen.de\/index.php\/wp-json\/wp\/v2\/comments?post=4103"}],"version-history":[{"count":8,"href":"https:\/\/das-stille-woertchen.de\/index.php\/wp-json\/wp\/v2\/posts\/4103\/revisions"}],"predecessor-version":[{"id":4129,"href":"https:\/\/das-stille-woertchen.de\/index.php\/wp-json\/wp\/v2\/posts\/4103\/revisions\/4129"}],"wp:attachment":[{"href":"https:\/\/das-stille-woertchen.de\/index.php\/wp-json\/wp\/v2\/media?parent=4103"}],"wp:term":[{"taxonomy":"category","embeddable":true,"href":"https:\/\/das-stille-woertchen.de\/index.php\/wp-json\/wp\/v2\/categories?post=4103"},{"taxonomy":"post_tag","embeddable":true,"href":"https:\/\/das-stille-woertchen.de\/index.php\/wp-json\/wp\/v2\/tags?post=4103"}],"curies":[{"name":"wp","href":"https:\/\/api.w.org\/{rel}","templated":true}]}}