{"id":4177,"date":"2018-11-19T19:50:31","date_gmt":"2018-11-19T17:50:31","guid":{"rendered":"http:\/\/das-stille-woertchen.de\/wordpress\/?p=4177"},"modified":"2018-11-19T19:50:31","modified_gmt":"2018-11-19T17:50:31","slug":"der-winter-naht","status":"publish","type":"post","link":"https:\/\/das-stille-woertchen.de\/index.php\/2018\/11\/19\/der-winter-naht\/","title":{"rendered":"Der Winter naht!"},"content":{"rendered":"<p>So, jetzt glaubt man es langsam wirklich. Der Winter naht! Heute war es tr\u00fcb und kalt und st\u00fcrmisch. Und schneegeregnet hat es auch ein bisschen. Trotzdem durften wir in letzter Zeit auch noch so einige warme Sonnenstrahlen genie\u00dfen. Und weil Sonnenfotos immer die Sch\u00f6nsten sind &#8211; hier noch ein paar sonnenherbstliche Eindr\u00fccke vom \u00d6rtchen:<\/p>\n<p>Endlich hei\u00dft es bei den Schweinchen wieder &#8211; R\u00fcssel in die Erde! Die Gem\u00fcsegartenumbuddelsaison ist er\u00f6ffnet!<\/p>\n<p><a href=\"https:\/\/das-stille-woertchen.de\/wp-content\/uploads\/2018\/11\/wasn-r\u00fcssel.jpg\"><img loading=\"lazy\" decoding=\"async\" class=\"aligncenter\" alt=\"wasn r\u00fcssel\" src=\"https:\/\/das-stille-woertchen.de\/wp-content\/uploads\/2018\/11\/wasn-r\u00fcssel-193x300.jpg\" width=\"193\" height=\"300\" \/><\/a><\/p>\n<p><a href=\"https:\/\/das-stille-woertchen.de\/wp-content\/uploads\/2018\/11\/Gl\u00fccksschweine.jpg\"><img loading=\"lazy\" decoding=\"async\" class=\"aligncenter size-medium wp-image-4149\" alt=\"Gl\u00fccksschweine\" src=\"https:\/\/das-stille-woertchen.de\/wp-content\/uploads\/2018\/11\/Gl\u00fccksschweine-300x164.jpg\" width=\"300\" height=\"164\" srcset=\"https:\/\/das-stille-woertchen.de\/wp-content\/uploads\/2018\/11\/Gl\u00fccksschweine-300x164.jpg 300w, https:\/\/das-stille-woertchen.de\/wp-content\/uploads\/2018\/11\/Gl\u00fccksschweine.jpg 780w\" sizes=\"auto, (max-width: 300px) 100vw, 300px\" \/><\/a>Aber nicht nur die Schweinchen wuseln im Garten herum. Auch die Gackerdamen und Herr Hahn picken dort nun fr\u00f6hlich nach W\u00fcrmern und mehr. Meistens hat ein Schwein auch mindestens ein Huhn im Gep\u00e4ck. Die Flattertiere lassen sich der Einfachheit halber n\u00e4mlich gerne etwas vorbuddeln:<\/p>\n<p><a href=\"https:\/\/das-stille-woertchen.de\/wp-content\/uploads\/2018\/11\/Schweinehuhn.jpg\"><img loading=\"lazy\" decoding=\"async\" class=\"aligncenter size-medium wp-image-4170\" alt=\"Schweinehuhn\" src=\"https:\/\/das-stille-woertchen.de\/wp-content\/uploads\/2018\/11\/Schweinehuhn-300x170.jpg\" width=\"300\" height=\"170\" srcset=\"https:\/\/das-stille-woertchen.de\/wp-content\/uploads\/2018\/11\/Schweinehuhn-300x170.jpg 300w, https:\/\/das-stille-woertchen.de\/wp-content\/uploads\/2018\/11\/Schweinehuhn.jpg 780w\" sizes=\"auto, (max-width: 300px) 100vw, 300px\" \/><\/a><\/p>\n<p><a href=\"https:\/\/das-stille-woertchen.de\/wp-content\/uploads\/2018\/11\/H\u00fchnerschwein.jpg\"><img loading=\"lazy\" decoding=\"async\" class=\"aligncenter size-medium wp-image-4158\" alt=\"H\u00fchnerschwein\" src=\"https:\/\/das-stille-woertchen.de\/wp-content\/uploads\/2018\/11\/H\u00fchnerschwein-300x169.jpg\" width=\"300\" height=\"169\" srcset=\"https:\/\/das-stille-woertchen.de\/wp-content\/uploads\/2018\/11\/H\u00fchnerschwein-300x169.jpg 300w, https:\/\/das-stille-woertchen.de\/wp-content\/uploads\/2018\/11\/H\u00fchnerschwein.jpg 784w\" sizes=\"auto, (max-width: 300px) 100vw, 300px\" \/><\/a> <a href=\"https:\/\/das-stille-woertchen.de\/wp-content\/uploads\/2018\/11\/H\u00fchnerschwein-3.jpg\"><img loading=\"lazy\" decoding=\"async\" class=\"aligncenter size-medium wp-image-4157\" alt=\"H\u00fchnerschwein 3\" src=\"https:\/\/das-stille-woertchen.de\/wp-content\/uploads\/2018\/11\/H\u00fchnerschwein-3-300x166.jpg\" width=\"300\" height=\"166\" srcset=\"https:\/\/das-stille-woertchen.de\/wp-content\/uploads\/2018\/11\/H\u00fchnerschwein-3-300x166.jpg 300w, https:\/\/das-stille-woertchen.de\/wp-content\/uploads\/2018\/11\/H\u00fchnerschwein-3.jpg 792w\" sizes=\"auto, (max-width: 300px) 100vw, 300px\" \/><\/a> <a href=\"https:\/\/das-stille-woertchen.de\/wp-content\/uploads\/2018\/11\/H\u00fchnerschwein-2.jpg\"><img loading=\"lazy\" decoding=\"async\" class=\"aligncenter size-medium wp-image-4156\" alt=\"H\u00fchnerschwein 2\" src=\"https:\/\/das-stille-woertchen.de\/wp-content\/uploads\/2018\/11\/H\u00fchnerschwein-2-300x168.jpg\" width=\"300\" height=\"168\" srcset=\"https:\/\/das-stille-woertchen.de\/wp-content\/uploads\/2018\/11\/H\u00fchnerschwein-2-300x168.jpg 300w, https:\/\/das-stille-woertchen.de\/wp-content\/uploads\/2018\/11\/H\u00fchnerschwein-2.jpg 784w\" sizes=\"auto, (max-width: 300px) 100vw, 300px\" \/><\/a>Aber P\u00e4uschen sind nat\u00fcrlich auch gestattet:<\/p>\n<p><a href=\"https:\/\/das-stille-woertchen.de\/wp-content\/uploads\/2018\/11\/Gl\u00fccksh\u00fchner.jpg\"><img loading=\"lazy\" decoding=\"async\" class=\"aligncenter size-medium wp-image-4148\" alt=\"Gl\u00fccksh\u00fchner\" src=\"https:\/\/das-stille-woertchen.de\/wp-content\/uploads\/2018\/11\/Gl\u00fccksh\u00fchner-300x169.jpg\" width=\"300\" height=\"169\" srcset=\"https:\/\/das-stille-woertchen.de\/wp-content\/uploads\/2018\/11\/Gl\u00fccksh\u00fchner-300x169.jpg 300w, https:\/\/das-stille-woertchen.de\/wp-content\/uploads\/2018\/11\/Gl\u00fccksh\u00fchner.jpg 780w\" sizes=\"auto, (max-width: 300px) 100vw, 300px\" \/><\/a>Man muss ja auch einfach mal die Aussicht genie\u00dfen &#8211; stolz blickt Fussel \u00fcber sein Hab und Gut:<\/p>\n<p><a href=\"https:\/\/das-stille-woertchen.de\/wp-content\/uploads\/2018\/11\/stolzer-fussel.jpg\"><img loading=\"lazy\" decoding=\"async\" class=\"aligncenter size-medium wp-image-4175\" alt=\"stolzer fussel\" src=\"https:\/\/das-stille-woertchen.de\/wp-content\/uploads\/2018\/11\/stolzer-fussel-300x166.jpg\" width=\"300\" height=\"166\" srcset=\"https:\/\/das-stille-woertchen.de\/wp-content\/uploads\/2018\/11\/stolzer-fussel-300x166.jpg 300w, https:\/\/das-stille-woertchen.de\/wp-content\/uploads\/2018\/11\/stolzer-fussel.jpg 780w\" sizes=\"auto, (max-width: 300px) 100vw, 300px\" \/><\/a> <a href=\"https:\/\/das-stille-woertchen.de\/wp-content\/uploads\/2018\/11\/stolzer-fussel-2.jpg\"><img loading=\"lazy\" decoding=\"async\" class=\"aligncenter size-medium wp-image-4174\" alt=\"stolzer fussel 2\" src=\"https:\/\/das-stille-woertchen.de\/wp-content\/uploads\/2018\/11\/stolzer-fussel-2-300x168.jpg\" width=\"300\" height=\"168\" srcset=\"https:\/\/das-stille-woertchen.de\/wp-content\/uploads\/2018\/11\/stolzer-fussel-2-300x168.jpg 300w, https:\/\/das-stille-woertchen.de\/wp-content\/uploads\/2018\/11\/stolzer-fussel-2.jpg 784w\" sizes=\"auto, (max-width: 300px) 100vw, 300px\" \/><\/a>F\u00fcr die Zerstreuung taugt auch immer eine kleine Schwelfie-Session:<\/p>\n<p><a href=\"https:\/\/das-stille-woertchen.de\/wp-content\/uploads\/2018\/11\/R\u00fcssel.jpg\"><img loading=\"lazy\" decoding=\"async\" class=\"aligncenter size-medium wp-image-4169\" alt=\"R\u00fcssel\" src=\"https:\/\/das-stille-woertchen.de\/wp-content\/uploads\/2018\/11\/R\u00fcssel-166x300.jpg\" width=\"166\" height=\"300\" srcset=\"https:\/\/das-stille-woertchen.de\/wp-content\/uploads\/2018\/11\/R\u00fcssel-166x300.jpg 166w, https:\/\/das-stille-woertchen.de\/wp-content\/uploads\/2018\/11\/R\u00fcssel-569x1024.jpg 569w\" sizes=\"auto, (max-width: 166px) 100vw, 166px\" \/><\/a><\/p>\n<p><a href=\"https:\/\/das-stille-woertchen.de\/wp-content\/uploads\/2018\/11\/Kr\u00fcmel2.jpg\"><img loading=\"lazy\" decoding=\"async\" class=\"aligncenter size-medium wp-image-4160\" alt=\"Kr\u00fcmel2\" src=\"https:\/\/das-stille-woertchen.de\/wp-content\/uploads\/2018\/11\/Kr\u00fcmel2-166x300.jpg\" width=\"166\" height=\"300\" srcset=\"https:\/\/das-stille-woertchen.de\/wp-content\/uploads\/2018\/11\/Kr\u00fcmel2-166x300.jpg 166w, https:\/\/das-stille-woertchen.de\/wp-content\/uploads\/2018\/11\/Kr\u00fcmel2-569x1024.jpg 569w\" sizes=\"auto, (max-width: 166px) 100vw, 166px\" \/><\/a><img loading=\"lazy\" decoding=\"async\" class=\"aligncenter size-medium wp-image-4171\" alt=\"Schwelfie\" src=\"https:\/\/das-stille-woertchen.de\/wp-content\/uploads\/2018\/11\/Schwelfie-300x209.jpg\" width=\"300\" height=\"209\" srcset=\"https:\/\/das-stille-woertchen.de\/wp-content\/uploads\/2018\/11\/Schwelfie-300x209.jpg 300w, https:\/\/das-stille-woertchen.de\/wp-content\/uploads\/2018\/11\/Schwelfie.jpg 639w\" sizes=\"auto, (max-width: 300px) 100vw, 300px\" \/>Ach, dieses schweinische L\u00e4cheln! Hier gleich noch mal &#8211; ist Kr\u00fcmel nicht einfach zum Knutschen?!<\/p>\n<p><a href=\"https:\/\/das-stille-woertchen.de\/wp-content\/uploads\/2018\/11\/Kr\u00fcmel.jpg\"><img loading=\"lazy\" decoding=\"async\" class=\"aligncenter size-medium wp-image-4159\" alt=\"Kr\u00fcmel\" src=\"https:\/\/das-stille-woertchen.de\/wp-content\/uploads\/2018\/11\/Kr\u00fcmel-300x161.jpg\" width=\"300\" height=\"161\" srcset=\"https:\/\/das-stille-woertchen.de\/wp-content\/uploads\/2018\/11\/Kr\u00fcmel-300x161.jpg 300w, https:\/\/das-stille-woertchen.de\/wp-content\/uploads\/2018\/11\/Kr\u00fcmel.jpg 788w\" sizes=\"auto, (max-width: 300px) 100vw, 300px\" \/><\/a>Aber nicht nur die Grunzlinge grinsen sich im Sonnenherbst eins ab &#8211; Pippilotta scheint auch gute Laune zu haben:<\/p>\n<p><a href=\"https:\/\/das-stille-woertchen.de\/wp-content\/uploads\/2018\/11\/Piippi1.jpg\"><img loading=\"lazy\" decoding=\"async\" class=\"aligncenter size-medium wp-image-4164\" alt=\"Piippi1\" src=\"https:\/\/das-stille-woertchen.de\/wp-content\/uploads\/2018\/11\/Piippi1-172x300.jpg\" width=\"172\" height=\"300\" srcset=\"https:\/\/das-stille-woertchen.de\/wp-content\/uploads\/2018\/11\/Piippi1-172x300.jpg 172w, https:\/\/das-stille-woertchen.de\/wp-content\/uploads\/2018\/11\/Piippi1-587x1024.jpg 587w, https:\/\/das-stille-woertchen.de\/wp-content\/uploads\/2018\/11\/Piippi1.jpg 600w\" sizes=\"auto, (max-width: 172px) 100vw, 172px\" \/><\/a><\/p>\n<p><a href=\"https:\/\/das-stille-woertchen.de\/wp-content\/uploads\/2018\/11\/Pippi3.jpg\"><img loading=\"lazy\" decoding=\"async\" class=\"aligncenter size-medium wp-image-4166\" alt=\"Pippi3\" src=\"https:\/\/das-stille-woertchen.de\/wp-content\/uploads\/2018\/11\/Pippi3-170x300.jpg\" width=\"170\" height=\"300\" srcset=\"https:\/\/das-stille-woertchen.de\/wp-content\/uploads\/2018\/11\/Pippi3-170x300.jpg 170w, https:\/\/das-stille-woertchen.de\/wp-content\/uploads\/2018\/11\/Pippi3-580x1024.jpg 580w, https:\/\/das-stille-woertchen.de\/wp-content\/uploads\/2018\/11\/Pippi3.jpg 589w\" sizes=\"auto, (max-width: 170px) 100vw, 170px\" \/><\/a> <a href=\"https:\/\/das-stille-woertchen.de\/wp-content\/uploads\/2018\/11\/pippi4.jpg\"><img loading=\"lazy\" decoding=\"async\" class=\"aligncenter size-medium wp-image-4167\" alt=\"pippi4\" src=\"https:\/\/das-stille-woertchen.de\/wp-content\/uploads\/2018\/11\/pippi4-164x300.jpg\" width=\"164\" height=\"300\" srcset=\"https:\/\/das-stille-woertchen.de\/wp-content\/uploads\/2018\/11\/pippi4-164x300.jpg 164w, https:\/\/das-stille-woertchen.de\/wp-content\/uploads\/2018\/11\/pippi4-562x1024.jpg 562w, https:\/\/das-stille-woertchen.de\/wp-content\/uploads\/2018\/11\/pippi4.jpg 577w\" sizes=\"auto, (max-width: 164px) 100vw, 164px\" \/><\/a> <a href=\"https:\/\/das-stille-woertchen.de\/wp-content\/uploads\/2018\/11\/Pippi2.jpg\"><img loading=\"lazy\" decoding=\"async\" class=\"aligncenter size-medium wp-image-4165\" alt=\"Pippi2\" src=\"https:\/\/das-stille-woertchen.de\/wp-content\/uploads\/2018\/11\/Pippi2-169x300.jpg\" width=\"169\" height=\"300\" srcset=\"https:\/\/das-stille-woertchen.de\/wp-content\/uploads\/2018\/11\/Pippi2-169x300.jpg 169w, https:\/\/das-stille-woertchen.de\/wp-content\/uploads\/2018\/11\/Pippi2-578x1024.jpg 578w, https:\/\/das-stille-woertchen.de\/wp-content\/uploads\/2018\/11\/Pippi2.jpg 588w\" sizes=\"auto, (max-width: 169px) 100vw, 169px\" \/><\/a><\/p>\n<p>Wie? Was? Fotosession? Da m\u00f6chte auch \u00a0diese Madame unbedingt mal in die Kamera gackern:<\/p>\n<p><a href=\"https:\/\/das-stille-woertchen.de\/wp-content\/uploads\/2018\/11\/Gockel1.jpg\"><img loading=\"lazy\" decoding=\"async\" class=\"aligncenter\" alt=\"Gockel1\" src=\"https:\/\/das-stille-woertchen.de\/wp-content\/uploads\/2018\/11\/Gockel1-169x300.jpg\" width=\"169\" height=\"300\" \/><\/a><img loading=\"lazy\" decoding=\"async\" class=\"aligncenter size-medium wp-image-4153\" alt=\"Gockel2\" src=\"https:\/\/das-stille-woertchen.de\/wp-content\/uploads\/2018\/11\/Gockel2-163x300.jpg\" width=\"163\" height=\"300\" srcset=\"https:\/\/das-stille-woertchen.de\/wp-content\/uploads\/2018\/11\/Gockel2-163x300.jpg 163w, https:\/\/das-stille-woertchen.de\/wp-content\/uploads\/2018\/11\/Gockel2-557x1024.jpg 557w, https:\/\/das-stille-woertchen.de\/wp-content\/uploads\/2018\/11\/Gockel2.jpg 572w\" sizes=\"auto, (max-width: 163px) 100vw, 163px\" \/> <a href=\"https:\/\/das-stille-woertchen.de\/wp-content\/uploads\/2018\/11\/Gockel1.jpg\"><br \/>\n<\/a> <a href=\"https:\/\/das-stille-woertchen.de\/wp-content\/uploads\/2018\/11\/Gockel-7.jpg\"><img loading=\"lazy\" decoding=\"async\" class=\"aligncenter size-medium wp-image-4151\" alt=\"Gockel 7\" src=\"https:\/\/das-stille-woertchen.de\/wp-content\/uploads\/2018\/11\/Gockel-7-167x300.jpg\" width=\"167\" height=\"300\" srcset=\"https:\/\/das-stille-woertchen.de\/wp-content\/uploads\/2018\/11\/Gockel-7-167x300.jpg 167w, https:\/\/das-stille-woertchen.de\/wp-content\/uploads\/2018\/11\/Gockel-7-571x1024.jpg 571w, https:\/\/das-stille-woertchen.de\/wp-content\/uploads\/2018\/11\/Gockel-7.jpg 589w\" sizes=\"auto, (max-width: 167px) 100vw, 167px\" \/><\/a> <a href=\"https:\/\/das-stille-woertchen.de\/wp-content\/uploads\/2018\/11\/Gockel-4.jpg\"><img loading=\"lazy\" decoding=\"async\" class=\"aligncenter size-medium wp-image-4150\" alt=\"Gockel 4\" src=\"https:\/\/das-stille-woertchen.de\/wp-content\/uploads\/2018\/11\/Gockel-4-167x300.jpg\" width=\"167\" height=\"300\" srcset=\"https:\/\/das-stille-woertchen.de\/wp-content\/uploads\/2018\/11\/Gockel-4-167x300.jpg 167w, https:\/\/das-stille-woertchen.de\/wp-content\/uploads\/2018\/11\/Gockel-4-572x1024.jpg 572w\" sizes=\"auto, (max-width: 167px) 100vw, 167px\" \/><\/a><\/p>\n<p>Und Mieze Molly &#8211; die denkt sich ihren Teil dazu:<\/p>\n<p><a href=\"https:\/\/das-stille-woertchen.de\/wp-content\/uploads\/2018\/11\/molly.jpg\"><img loading=\"lazy\" decoding=\"async\" class=\"aligncenter size-medium wp-image-4163\" alt=\"molly\" src=\"https:\/\/das-stille-woertchen.de\/wp-content\/uploads\/2018\/11\/molly-300x163.jpg\" width=\"300\" height=\"163\" srcset=\"https:\/\/das-stille-woertchen.de\/wp-content\/uploads\/2018\/11\/molly-300x163.jpg 300w, https:\/\/das-stille-woertchen.de\/wp-content\/uploads\/2018\/11\/molly.jpg 792w\" sizes=\"auto, (max-width: 300px) 100vw, 300px\" \/><\/a>Gras ist dieses Jahr wegen der Trockenheit ja Mangelware &#8211; da durften die Pferdchen als Trost wenigstens ein paar der letzten Weidenbl\u00e4tter knabbern:<\/p>\n<p><a href=\"https:\/\/das-stille-woertchen.de\/wp-content\/uploads\/2018\/11\/mampfen.jpg\"><img loading=\"lazy\" decoding=\"async\" class=\"aligncenter size-medium wp-image-4162\" alt=\"mampfen\" src=\"https:\/\/das-stille-woertchen.de\/wp-content\/uploads\/2018\/11\/mampfen-300x163.jpg\" width=\"300\" height=\"163\" srcset=\"https:\/\/das-stille-woertchen.de\/wp-content\/uploads\/2018\/11\/mampfen-300x163.jpg 300w, https:\/\/das-stille-woertchen.de\/wp-content\/uploads\/2018\/11\/mampfen.jpg 792w\" sizes=\"auto, (max-width: 300px) 100vw, 300px\" \/><\/a><\/p>\n<p>Und weil es, wenn die Sonne im Herbst so tief steht, im Hof sehr schnell nur noch schattige Pl\u00e4tzchen gibt, muss sich Hund schon mal an den K\u00fcchentisch setzen, um ein paar warme Strahlen abzubekommen:<\/p>\n<p><a href=\"https:\/\/das-stille-woertchen.de\/wp-content\/uploads\/2018\/11\/Sonnenlila2.jpg\"><img loading=\"lazy\" decoding=\"async\" class=\"aligncenter size-medium wp-image-4173\" alt=\"Sonnenlila2\" src=\"https:\/\/das-stille-woertchen.de\/wp-content\/uploads\/2018\/11\/Sonnenlila2-300x165.jpg\" width=\"300\" height=\"165\" srcset=\"https:\/\/das-stille-woertchen.de\/wp-content\/uploads\/2018\/11\/Sonnenlila2-300x165.jpg 300w, https:\/\/das-stille-woertchen.de\/wp-content\/uploads\/2018\/11\/Sonnenlila2.jpg 792w\" sizes=\"auto, (max-width: 300px) 100vw, 300px\" \/><\/a> <a href=\"https:\/\/das-stille-woertchen.de\/wp-content\/uploads\/2018\/11\/Sonnenlila.jpg\"><img loading=\"lazy\" decoding=\"async\" class=\"aligncenter size-medium wp-image-4172\" alt=\"Sonnenlila\" src=\"https:\/\/das-stille-woertchen.de\/wp-content\/uploads\/2018\/11\/Sonnenlila-163x300.jpg\" width=\"163\" height=\"300\" srcset=\"https:\/\/das-stille-woertchen.de\/wp-content\/uploads\/2018\/11\/Sonnenlila-163x300.jpg 163w, https:\/\/das-stille-woertchen.de\/wp-content\/uploads\/2018\/11\/Sonnenlila-557x1024.jpg 557w, https:\/\/das-stille-woertchen.de\/wp-content\/uploads\/2018\/11\/Sonnenlila.jpg 572w\" sizes=\"auto, (max-width: 163px) 100vw, 163px\" \/><\/a><\/p>\n<p>Weil&#8217;s so sch\u00f6n ist &#8211; zum Schluss ein Abschieds-Schweinegrinsen:<\/p>\n<p><a href=\"https:\/\/das-stille-woertchen.de\/wp-content\/uploads\/2018\/11\/R\u00fcssel-in-die-Luft.jpg\"><img loading=\"lazy\" decoding=\"async\" class=\"aligncenter size-medium wp-image-4168\" alt=\"R\u00fcssel in die Luft\" src=\"https:\/\/das-stille-woertchen.de\/wp-content\/uploads\/2018\/11\/R\u00fcssel-in-die-Luft-300x166.jpg\" width=\"300\" height=\"166\" srcset=\"https:\/\/das-stille-woertchen.de\/wp-content\/uploads\/2018\/11\/R\u00fcssel-in-die-Luft-300x166.jpg 300w, https:\/\/das-stille-woertchen.de\/wp-content\/uploads\/2018\/11\/R\u00fcssel-in-die-Luft.jpg 780w\" sizes=\"auto, (max-width: 300px) 100vw, 300px\" \/><\/a>Na, mal sehen, was es mit dem Wetter in n\u00e4chster Zeit so wird. S\u00e4mtliche Nasen, Schnauzen, Schn\u00e4bel und Co w\u00fcrden sich nat\u00fcrlich auch weiterhin \u00fcber viel Sonne freuen. Der letzte tr\u00fcbe, nasse, kalte und einfach nicht enden wollende Winter ist uns allen immer noch zu gut in Erinnerung!<\/p>\n<p>&nbsp;<\/p>\n","protected":false},"excerpt":{"rendered":"<p>So, jetzt glaubt man es langsam wirklich. Der Winter naht! Heute war es tr\u00fcb und kalt und st\u00fcrmisch. Und schneegeregnet hat es auch ein bisschen. Trotzdem durften wir in letzter Zeit auch noch so einige warme Sonnenstrahlen genie\u00dfen. Und weil &hellip; <a href=\"https:\/\/das-stille-woertchen.de\/index.php\/2018\/11\/19\/der-winter-naht\/\">Weiterlesen <span class=\"meta-nav\">&rarr;<\/span><\/a><\/p>\n","protected":false},"author":2,"featured_media":0,"comment_status":"closed","ping_status":"closed","sticky":false,"template":"","format":"standard","meta":{"footnotes":""},"categories":[23,3,5],"tags":[],"class_list":["post-4177","post","type-post","status-publish","format-standard","hentry","category-kruemel-und-fussel","category-oertchen","category-tierisch"],"_links":{"self":[{"href":"https:\/\/das-stille-woertchen.de\/index.php\/wp-json\/wp\/v2\/posts\/4177","targetHints":{"allow":["GET"]}}],"collection":[{"href":"https:\/\/das-stille-woertchen.de\/index.php\/wp-json\/wp\/v2\/posts"}],"about":[{"href":"https:\/\/das-stille-woertchen.de\/index.php\/wp-json\/wp\/v2\/types\/post"}],"author":[{"embeddable":true,"href":"https:\/\/das-stille-woertchen.de\/index.php\/wp-json\/wp\/v2\/users\/2"}],"replies":[{"embeddable":true,"href":"https:\/\/das-stille-woertchen.de\/index.php\/wp-json\/wp\/v2\/comments?post=4177"}],"version-history":[{"count":4,"href":"https:\/\/das-stille-woertchen.de\/index.php\/wp-json\/wp\/v2\/posts\/4177\/revisions"}],"predecessor-version":[{"id":4181,"href":"https:\/\/das-stille-woertchen.de\/index.php\/wp-json\/wp\/v2\/posts\/4177\/revisions\/4181"}],"wp:attachment":[{"href":"https:\/\/das-stille-woertchen.de\/index.php\/wp-json\/wp\/v2\/media?parent=4177"}],"wp:term":[{"taxonomy":"category","embeddable":true,"href":"https:\/\/das-stille-woertchen.de\/index.php\/wp-json\/wp\/v2\/categories?post=4177"},{"taxonomy":"post_tag","embeddable":true,"href":"https:\/\/das-stille-woertchen.de\/index.php\/wp-json\/wp\/v2\/tags?post=4177"}],"curies":[{"name":"wp","href":"https:\/\/api.w.org\/{rel}","templated":true}]}}