{"id":4228,"date":"2019-01-04T19:23:46","date_gmt":"2019-01-04T17:23:46","guid":{"rendered":"http:\/\/das-stille-woertchen.de\/wordpress\/?p=4228"},"modified":"2019-01-14T09:46:30","modified_gmt":"2019-01-14T07:46:30","slug":"kurze-tage-aber-schon-wieder-ein-bisschen-laenger","status":"publish","type":"post","link":"https:\/\/das-stille-woertchen.de\/index.php\/2019\/01\/04\/kurze-tage-aber-schon-wieder-ein-bisschen-laenger\/","title":{"rendered":"Kurze Tage, die l\u00e4nger werden"},"content":{"rendered":"<p>Diese Winterzeit ist schon immer etwas speziell. Morgens warten wir bis fast 8 Uhr darauf, dass die H\u00fchner endlich erwachen und es mit der richtigen Stallarbeit losgehen kann. (Die Pferde kriegen ihr Heu nat\u00fcrlich schon fr\u00fcher &#8211; ist ja schlie\u00dflich sowas wie ein Sternehotel hier!) Und sp\u00e4testens halb viere rum sollte dann das Frischluft-Tagwerk verrichtet sein, denn da wird es schon wieder dunkel. Immer etwas schneller, je tr\u00fcber es ist. ABER! Ein bisschen weniger schnell geht die Sonne schon wieder unter. Fragt mal die H\u00fchner!<br \/>\nJedenfalls, egal, wann es richtig dunkel wird, sehr tr\u00fcb ist dieser Winter bisher schon wieder allemal. Da wird jedem Sonnenstrahl nachgehechtet &#8211; und wie immer freuen sich alle Hofbewohner, wenn sich einer findet.<\/p>\n<p>Mieze Molly (sie und ihre Schwester Sticky verbringen den Winter zu 93 Prozent schlafend und schlummernd) bem\u00fcht sich nicht mal, rauszugehen, sondern genie\u00dft die W\u00e4rme gleich mitten auf dem K\u00fcchentisch:<\/p>\n<p><a href=\"https:\/\/das-stille-woertchen.de\/wp-content\/uploads\/2019\/01\/Molly1.jpg\"><img loading=\"lazy\" decoding=\"async\" class=\"aligncenter size-medium wp-image-4211\" alt=\"Molly1\" src=\"https:\/\/das-stille-woertchen.de\/wp-content\/uploads\/2019\/01\/Molly1-224x300.jpg\" width=\"224\" height=\"300\" srcset=\"https:\/\/das-stille-woertchen.de\/wp-content\/uploads\/2019\/01\/Molly1-224x300.jpg 224w, https:\/\/das-stille-woertchen.de\/wp-content\/uploads\/2019\/01\/Molly1-767x1024.jpg 767w, https:\/\/das-stille-woertchen.de\/wp-content\/uploads\/2019\/01\/Molly1.jpg 800w\" sizes=\"auto, (max-width: 224px) 100vw, 224px\" \/><\/a>Johnny h\u00fcpft da auch schon mal auf die Ofenbank \u00a0&#8211; auch wenn die f\u00fcr einen knapp 40 Kilo-Hund eigentlich etwas schmal ist:<\/p>\n<p><a href=\"https:\/\/das-stille-woertchen.de\/wp-content\/uploads\/2019\/01\/Ofenbank2.jpg\"><img loading=\"lazy\" decoding=\"async\" class=\"aligncenter size-medium wp-image-4213\" alt=\"Ofenbank2\" src=\"https:\/\/das-stille-woertchen.de\/wp-content\/uploads\/2019\/01\/Ofenbank2-225x300.jpg\" width=\"225\" height=\"300\" srcset=\"https:\/\/das-stille-woertchen.de\/wp-content\/uploads\/2019\/01\/Ofenbank2-225x300.jpg 225w, https:\/\/das-stille-woertchen.de\/wp-content\/uploads\/2019\/01\/Ofenbank2.jpg 600w\" sizes=\"auto, (max-width: 225px) 100vw, 225px\" \/><\/a> <a href=\"https:\/\/das-stille-woertchen.de\/wp-content\/uploads\/2019\/01\/Ofenbank1.jpg\"><img loading=\"lazy\" decoding=\"async\" class=\"aligncenter size-medium wp-image-4212\" alt=\"Ofenbank1\" src=\"https:\/\/das-stille-woertchen.de\/wp-content\/uploads\/2019\/01\/Ofenbank1-300x225.jpg\" width=\"300\" height=\"225\" srcset=\"https:\/\/das-stille-woertchen.de\/wp-content\/uploads\/2019\/01\/Ofenbank1-300x225.jpg 300w, https:\/\/das-stille-woertchen.de\/wp-content\/uploads\/2019\/01\/Ofenbank1.jpg 800w\" sizes=\"auto, (max-width: 300px) 100vw, 300px\" \/><\/a><\/p>\n<p>Aber noch sch\u00f6ner ist es nat\u00fcrlich, wenn einem auch noch die Winterluft durch&#8217;s Fell pustet. Obwohl &#8211; die Schweinchen buddeln auch an tr\u00fcben Tagen im Gem\u00fcsegarten und lassen sich durch Nieselregen oder Schneegegriesel nicht dabei st\u00f6ren, wie man hier an Fussel sieht:<\/p>\n<p><a href=\"https:\/\/das-stille-woertchen.de\/wp-content\/uploads\/2019\/01\/Matsch.jpg\"><img loading=\"lazy\" decoding=\"async\" class=\"aligncenter size-medium wp-image-4222\" alt=\"Matsch\" src=\"https:\/\/das-stille-woertchen.de\/wp-content\/uploads\/2019\/01\/Matsch-168x300.jpg\" width=\"168\" height=\"300\" srcset=\"https:\/\/das-stille-woertchen.de\/wp-content\/uploads\/2019\/01\/Matsch-168x300.jpg 168w, https:\/\/das-stille-woertchen.de\/wp-content\/uploads\/2019\/01\/Matsch-575x1024.jpg 575w, https:\/\/das-stille-woertchen.de\/wp-content\/uploads\/2019\/01\/Matsch.jpg 600w\" sizes=\"auto, (max-width: 168px) 100vw, 168px\" \/><\/a>\u00dcberhaupt kommt uns dieser Winter, trotz (bisher moderater) K\u00e4lte und vielen Wolken und Wind, bisher nicht ganz so schlimm vor. Letztes Jahr um die Zeit hatten wir schon monatelang Matsch und Dauerregen hinter uns.<br \/>\nGegen ein paar sonnige Erleuchtungen hat aber nat\u00fcrlich auch das flei\u00dfigste Buddelschwein nichts (auch wenn Fussel<em> etwas<\/em> verdutzt guckt):<\/p>\n<p><a href=\"https:\/\/das-stille-woertchen.de\/wp-content\/uploads\/2019\/01\/Sonnenfussel.jpg\"><img loading=\"lazy\" decoding=\"async\" class=\"aligncenter size-medium wp-image-4188\" alt=\"Sonnenfussel\" src=\"https:\/\/das-stille-woertchen.de\/wp-content\/uploads\/2019\/01\/Sonnenfussel-300x225.jpg\" width=\"300\" height=\"225\" srcset=\"https:\/\/das-stille-woertchen.de\/wp-content\/uploads\/2019\/01\/Sonnenfussel-300x225.jpg 300w, https:\/\/das-stille-woertchen.de\/wp-content\/uploads\/2019\/01\/Sonnenfussel.jpg 800w\" sizes=\"auto, (max-width: 300px) 100vw, 300px\" \/><\/a><\/p>\n<p><a href=\"https:\/\/das-stille-woertchen.de\/wp-content\/uploads\/2019\/01\/matschr\u00fcssel.jpg\"><img loading=\"lazy\" decoding=\"async\" class=\"aligncenter size-medium wp-image-4223\" alt=\"matschr\u00fcssel\" src=\"https:\/\/das-stille-woertchen.de\/wp-content\/uploads\/2019\/01\/matschr\u00fcssel-300x168.jpg\" width=\"300\" height=\"168\" srcset=\"https:\/\/das-stille-woertchen.de\/wp-content\/uploads\/2019\/01\/matschr\u00fcssel-300x168.jpg 300w, https:\/\/das-stille-woertchen.de\/wp-content\/uploads\/2019\/01\/matschr\u00fcssel.jpg 800w\" sizes=\"auto, (max-width: 300px) 100vw, 300px\" \/><\/a> <a href=\"https:\/\/das-stille-woertchen.de\/wp-content\/uploads\/2019\/01\/Erleuchtet.jpg\"><img loading=\"lazy\" decoding=\"async\" class=\"aligncenter size-medium wp-image-4215\" alt=\"Erleuchtet\" src=\"https:\/\/das-stille-woertchen.de\/wp-content\/uploads\/2019\/01\/Erleuchtet-168x300.jpg\" width=\"168\" height=\"300\" srcset=\"https:\/\/das-stille-woertchen.de\/wp-content\/uploads\/2019\/01\/Erleuchtet-168x300.jpg 168w, https:\/\/das-stille-woertchen.de\/wp-content\/uploads\/2019\/01\/Erleuchtet-575x1024.jpg 575w, https:\/\/das-stille-woertchen.de\/wp-content\/uploads\/2019\/01\/Erleuchtet.jpg 600w\" sizes=\"auto, (max-width: 168px) 100vw, 168px\" \/><\/a>Dass Kr\u00fcmel auch so viel im Gem\u00fcsegarten knuspert, knurpst, buddelt und st\u00f6bert, freut uns alle hier nat\u00fcrlich besonders. Sein Bandscheibenvorfall war Anfang Dezember genau ein Jahr her. Nun ist er zwar ein Schwein mit Handicap &#8211; aber dass er nicht mehr laufen, daf\u00fcr aber bestens krabbeln kann, davon l\u00e4sst sich das Gl\u00fccksschwein die Laune nicht vermiesen!<\/p>\n<p>Und hier &#8211; \u00a0eine Sue- und eine Pippilottanase. Wie \u00fcblich einfach zum Knutschen!<\/p>\n<p><a href=\"https:\/\/das-stille-woertchen.de\/wp-content\/uploads\/2019\/01\/sue.jpg\"><img loading=\"lazy\" decoding=\"async\" class=\"aligncenter size-medium wp-image-4227\" alt=\"sue\" src=\"https:\/\/das-stille-woertchen.de\/wp-content\/uploads\/2019\/01\/sue-168x300.jpg\" width=\"168\" height=\"300\" srcset=\"https:\/\/das-stille-woertchen.de\/wp-content\/uploads\/2019\/01\/sue-168x300.jpg 168w, https:\/\/das-stille-woertchen.de\/wp-content\/uploads\/2019\/01\/sue-575x1024.jpg 575w, https:\/\/das-stille-woertchen.de\/wp-content\/uploads\/2019\/01\/sue.jpg 600w\" sizes=\"auto, (max-width: 168px) 100vw, 168px\" \/><\/a><\/p>\n<p><a href=\"https:\/\/das-stille-woertchen.de\/wp-content\/uploads\/2019\/01\/pippi.jpg\"><img loading=\"lazy\" decoding=\"async\" class=\"aligncenter\" alt=\"pippi\" src=\"https:\/\/das-stille-woertchen.de\/wp-content\/uploads\/2019\/01\/pippi-168x300.jpg\" width=\"168\" height=\"300\" \/><\/a><\/p>\n<p>Und ein Stilleben mit Schwein:<\/p>\n<p><a href=\"https:\/\/das-stille-woertchen.de\/wp-content\/uploads\/2019\/01\/pferdis.jpg\"><img loading=\"lazy\" decoding=\"async\" class=\"aligncenter size-medium wp-image-4224\" alt=\"pferdis\" src=\"https:\/\/das-stille-woertchen.de\/wp-content\/uploads\/2019\/01\/pferdis-300x168.jpg\" width=\"300\" height=\"168\" srcset=\"https:\/\/das-stille-woertchen.de\/wp-content\/uploads\/2019\/01\/pferdis-300x168.jpg 300w, https:\/\/das-stille-woertchen.de\/wp-content\/uploads\/2019\/01\/pferdis.jpg 800w\" sizes=\"auto, (max-width: 300px) 100vw, 300px\" \/><\/a><\/p>\n<p>Quatsch geht sowieso immer:<\/p>\n<p><a href=\"https:\/\/das-stille-woertchen.de\/wp-content\/uploads\/2019\/01\/Grins4.jpg\"><img loading=\"lazy\" decoding=\"async\" class=\"aligncenter size-medium wp-image-4219\" alt=\"Grins4#\" src=\"https:\/\/das-stille-woertchen.de\/wp-content\/uploads\/2019\/01\/Grins4-300x168.jpg\" width=\"300\" height=\"168\" srcset=\"https:\/\/das-stille-woertchen.de\/wp-content\/uploads\/2019\/01\/Grins4-300x168.jpg 300w, https:\/\/das-stille-woertchen.de\/wp-content\/uploads\/2019\/01\/Grins4.jpg 800w\" sizes=\"auto, (max-width: 300px) 100vw, 300px\" \/><\/a> <a href=\"https:\/\/das-stille-woertchen.de\/wp-content\/uploads\/2019\/01\/Grins3.jpg\"><img loading=\"lazy\" decoding=\"async\" class=\"aligncenter size-medium wp-image-4218\" alt=\"Grins3\" src=\"https:\/\/das-stille-woertchen.de\/wp-content\/uploads\/2019\/01\/Grins3-300x168.jpg\" width=\"300\" height=\"168\" srcset=\"https:\/\/das-stille-woertchen.de\/wp-content\/uploads\/2019\/01\/Grins3-300x168.jpg 300w, https:\/\/das-stille-woertchen.de\/wp-content\/uploads\/2019\/01\/Grins3.jpg 800w\" sizes=\"auto, (max-width: 300px) 100vw, 300px\" \/><\/a> <a href=\"https:\/\/das-stille-woertchen.de\/wp-content\/uploads\/2019\/01\/grins2.jpg\"><img loading=\"lazy\" decoding=\"async\" class=\"aligncenter size-medium wp-image-4217\" alt=\"grins2\" src=\"https:\/\/das-stille-woertchen.de\/wp-content\/uploads\/2019\/01\/grins2-168x300.jpg\" width=\"168\" height=\"300\" srcset=\"https:\/\/das-stille-woertchen.de\/wp-content\/uploads\/2019\/01\/grins2-168x300.jpg 168w, https:\/\/das-stille-woertchen.de\/wp-content\/uploads\/2019\/01\/grins2-575x1024.jpg 575w, https:\/\/das-stille-woertchen.de\/wp-content\/uploads\/2019\/01\/grins2.jpg 600w\" sizes=\"auto, (max-width: 168px) 100vw, 168px\" \/><\/a><\/p>\n<p><a href=\"https:\/\/das-stille-woertchen.de\/wp-content\/uploads\/2019\/01\/grins1.jpg\"><img loading=\"lazy\" decoding=\"async\" class=\"aligncenter size-medium wp-image-4235\" alt=\"grins\" src=\"https:\/\/das-stille-woertchen.de\/wp-content\/uploads\/2019\/01\/grins1-300x168.jpg\" width=\"300\" height=\"168\" srcset=\"https:\/\/das-stille-woertchen.de\/wp-content\/uploads\/2019\/01\/grins1-300x168.jpg 300w, https:\/\/das-stille-woertchen.de\/wp-content\/uploads\/2019\/01\/grins1.jpg 800w\" sizes=\"auto, (max-width: 300px) 100vw, 300px\" \/><\/a><\/p>\n<p>Uns Terrort\u00f6len geht&#8217;s auch blendend. Unter anderem deshalb, weil die \u00c4pfel umso besser schmecken, je l\u00e4nger sie am Boden liegen!<\/p>\n<p><a href=\"https:\/\/das-stille-woertchen.de\/wp-content\/uploads\/2019\/01\/Lila.jpg\"><img loading=\"lazy\" decoding=\"async\" class=\"aligncenter size-medium wp-image-4209\" alt=\"Lila\" src=\"https:\/\/das-stille-woertchen.de\/wp-content\/uploads\/2019\/01\/Lila-300x225.jpg\" width=\"300\" height=\"225\" srcset=\"https:\/\/das-stille-woertchen.de\/wp-content\/uploads\/2019\/01\/Lila-300x225.jpg 300w, https:\/\/das-stille-woertchen.de\/wp-content\/uploads\/2019\/01\/Lila.jpg 800w\" sizes=\"auto, (max-width: 300px) 100vw, 300px\" \/><\/a> <a href=\"https:\/\/das-stille-woertchen.de\/wp-content\/uploads\/2019\/01\/Hundis.jpg\"><img loading=\"lazy\" decoding=\"async\" class=\"aligncenter size-medium wp-image-4203\" alt=\"Hundis\" src=\"https:\/\/das-stille-woertchen.de\/wp-content\/uploads\/2019\/01\/Hundis-300x225.jpg\" width=\"300\" height=\"225\" srcset=\"https:\/\/das-stille-woertchen.de\/wp-content\/uploads\/2019\/01\/Hundis-300x225.jpg 300w, https:\/\/das-stille-woertchen.de\/wp-content\/uploads\/2019\/01\/Hundis.jpg 800w\" sizes=\"auto, (max-width: 300px) 100vw, 300px\" \/><\/a><\/p>\n<p><a href=\"https:\/\/das-stille-woertchen.de\/wp-content\/uploads\/2019\/01\/Apfelmampf-2-e1546621237412.jpg\"><img loading=\"lazy\" decoding=\"async\" class=\"aligncenter size-medium wp-image-4197\" alt=\"Apfelmampf 2\" src=\"https:\/\/das-stille-woertchen.de\/wp-content\/uploads\/2019\/01\/Apfelmampf-2-e1546621237412-225x300.jpg\" width=\"225\" height=\"300\" srcset=\"https:\/\/das-stille-woertchen.de\/wp-content\/uploads\/2019\/01\/Apfelmampf-2-e1546621237412-225x300.jpg 225w, https:\/\/das-stille-woertchen.de\/wp-content\/uploads\/2019\/01\/Apfelmampf-2-e1546621237412.jpg 600w\" sizes=\"auto, (max-width: 225px) 100vw, 225px\" \/><\/a><img loading=\"lazy\" decoding=\"async\" class=\"aligncenter size-medium wp-image-4220\" alt=\"licht\" src=\"https:\/\/das-stille-woertchen.de\/wp-content\/uploads\/2019\/01\/licht-300x168.jpg\" width=\"300\" height=\"168\" srcset=\"https:\/\/das-stille-woertchen.de\/wp-content\/uploads\/2019\/01\/licht-300x168.jpg 300w, https:\/\/das-stille-woertchen.de\/wp-content\/uploads\/2019\/01\/licht.jpg 800w\" sizes=\"auto, (max-width: 300px) 100vw, 300px\" \/> <a href=\"https:\/\/das-stille-woertchen.de\/wp-content\/uploads\/2019\/01\/Apfelmampf.jpg\"><img loading=\"lazy\" decoding=\"async\" class=\"aligncenter size-medium wp-image-4198\" alt=\"Apfelmampf\" src=\"https:\/\/das-stille-woertchen.de\/wp-content\/uploads\/2019\/01\/Apfelmampf-300x225.jpg\" width=\"300\" height=\"225\" srcset=\"https:\/\/das-stille-woertchen.de\/wp-content\/uploads\/2019\/01\/Apfelmampf-300x225.jpg 300w, https:\/\/das-stille-woertchen.de\/wp-content\/uploads\/2019\/01\/Apfelmampf.jpg 800w\" sizes=\"auto, (max-width: 300px) 100vw, 300px\" \/><\/a>Aber manchmal muss es auch einer frisch vom Ast sein:<\/p>\n<p><a href=\"https:\/\/das-stille-woertchen.de\/wp-content\/uploads\/2019\/01\/H\u00fchnerdieb.jpg\"><img loading=\"lazy\" decoding=\"async\" class=\"aligncenter size-medium wp-image-4202\" alt=\"H\u00fchnerdieb\" src=\"https:\/\/das-stille-woertchen.de\/wp-content\/uploads\/2019\/01\/H\u00fchnerdieb-300x225.jpg\" width=\"300\" height=\"225\" srcset=\"https:\/\/das-stille-woertchen.de\/wp-content\/uploads\/2019\/01\/H\u00fchnerdieb-300x225.jpg 300w, https:\/\/das-stille-woertchen.de\/wp-content\/uploads\/2019\/01\/H\u00fchnerdieb.jpg 800w\" sizes=\"auto, (max-width: 300px) 100vw, 300px\" \/><\/a>Der Hof wird nat\u00fcrlich auch im Winter bewacht. Praktischerweise hat der Zaun ein Guckloch &#8211; so breit, dass nicht nur Almas Schn\u00e4uzchen, sondern auch Johnnys Riesenr\u00fcbe durchpasst:<\/p>\n<p><a href=\"https:\/\/das-stille-woertchen.de\/wp-content\/uploads\/2019\/01\/johnny-5.jpg\"><img loading=\"lazy\" decoding=\"async\" class=\"aligncenter size-medium wp-image-4208\" alt=\"johnny 5\" src=\"https:\/\/das-stille-woertchen.de\/wp-content\/uploads\/2019\/01\/johnny-5-225x300.jpg\" width=\"225\" height=\"300\" srcset=\"https:\/\/das-stille-woertchen.de\/wp-content\/uploads\/2019\/01\/johnny-5-225x300.jpg 225w, https:\/\/das-stille-woertchen.de\/wp-content\/uploads\/2019\/01\/johnny-5.jpg 600w\" sizes=\"auto, (max-width: 225px) 100vw, 225px\" \/><\/a> <a href=\"https:\/\/das-stille-woertchen.de\/wp-content\/uploads\/2019\/01\/JOhnny-2.jpg\"><img loading=\"lazy\" decoding=\"async\" class=\"aligncenter size-medium wp-image-4205\" alt=\"JOhnny 2\" src=\"https:\/\/das-stille-woertchen.de\/wp-content\/uploads\/2019\/01\/JOhnny-2-300x225.jpg\" width=\"300\" height=\"225\" srcset=\"https:\/\/das-stille-woertchen.de\/wp-content\/uploads\/2019\/01\/JOhnny-2-300x225.jpg 300w, https:\/\/das-stille-woertchen.de\/wp-content\/uploads\/2019\/01\/JOhnny-2.jpg 800w\" sizes=\"auto, (max-width: 300px) 100vw, 300px\" \/><\/a> <a href=\"https:\/\/das-stille-woertchen.de\/wp-content\/uploads\/2019\/01\/JOhnny-1.jpg\"><img loading=\"lazy\" decoding=\"async\" class=\"aligncenter size-medium wp-image-4204\" alt=\"JOhnny 1\" src=\"https:\/\/das-stille-woertchen.de\/wp-content\/uploads\/2019\/01\/JOhnny-1-300x225.jpg\" width=\"300\" height=\"225\" srcset=\"https:\/\/das-stille-woertchen.de\/wp-content\/uploads\/2019\/01\/JOhnny-1-300x225.jpg 300w, https:\/\/das-stille-woertchen.de\/wp-content\/uploads\/2019\/01\/JOhnny-1.jpg 800w\" sizes=\"auto, (max-width: 300px) 100vw, 300px\" \/><\/a><\/p>\n<p><a href=\"https:\/\/das-stille-woertchen.de\/wp-content\/uploads\/2019\/01\/Johnny-4.jpg\"><img loading=\"lazy\" decoding=\"async\" class=\"aligncenter size-medium wp-image-4207\" alt=\"Johnny 4\" src=\"https:\/\/das-stille-woertchen.de\/wp-content\/uploads\/2019\/01\/Johnny-4-225x300.jpg\" width=\"225\" height=\"300\" srcset=\"https:\/\/das-stille-woertchen.de\/wp-content\/uploads\/2019\/01\/Johnny-4-225x300.jpg 225w, https:\/\/das-stille-woertchen.de\/wp-content\/uploads\/2019\/01\/Johnny-4.jpg 600w\" sizes=\"auto, (max-width: 225px) 100vw, 225px\" \/><\/a> <img loading=\"lazy\" decoding=\"async\" class=\"aligncenter size-medium wp-image-4194\" alt=\"alma1\" src=\"https:\/\/das-stille-woertchen.de\/wp-content\/uploads\/2019\/01\/alma1-300x225.jpg\" width=\"300\" height=\"225\" srcset=\"https:\/\/das-stille-woertchen.de\/wp-content\/uploads\/2019\/01\/alma1-300x225.jpg 300w, https:\/\/das-stille-woertchen.de\/wp-content\/uploads\/2019\/01\/alma1.jpg 800w\" sizes=\"auto, (max-width: 300px) 100vw, 300px\" \/> <a href=\"https:\/\/das-stille-woertchen.de\/wp-content\/uploads\/2019\/01\/Alma3.jpg\"><img loading=\"lazy\" decoding=\"async\" class=\"aligncenter size-medium wp-image-4195\" alt=\"Alma3\" src=\"https:\/\/das-stille-woertchen.de\/wp-content\/uploads\/2019\/01\/Alma3-300x225.jpg\" width=\"300\" height=\"225\" srcset=\"https:\/\/das-stille-woertchen.de\/wp-content\/uploads\/2019\/01\/Alma3-300x225.jpg 300w, https:\/\/das-stille-woertchen.de\/wp-content\/uploads\/2019\/01\/Alma3.jpg 800w\" sizes=\"auto, (max-width: 300px) 100vw, 300px\" \/><\/a> <a href=\"https:\/\/das-stille-woertchen.de\/wp-content\/uploads\/2019\/01\/Alma-2.jpg\"><img loading=\"lazy\" decoding=\"async\" class=\"aligncenter size-medium wp-image-4193\" alt=\"Alma 2\" src=\"https:\/\/das-stille-woertchen.de\/wp-content\/uploads\/2019\/01\/Alma-2-300x225.jpg\" width=\"300\" height=\"225\" srcset=\"https:\/\/das-stille-woertchen.de\/wp-content\/uploads\/2019\/01\/Alma-2-300x225.jpg 300w, https:\/\/das-stille-woertchen.de\/wp-content\/uploads\/2019\/01\/Alma-2.jpg 800w\" sizes=\"auto, (max-width: 300px) 100vw, 300px\" \/><\/a>Allerdings bel\u00e4sst es \u00a0Johnny nicht immer beim Gucken. Seit kurzem ist die Freude \u00fcber Besuch au\u00dferhalb des Tores so gro\u00df, dass er gerne mal mit seinen langen Beinen dr\u00fcber hoppst. Das n\u00e4chste Bauprojekt ist also wohl ein neues Tor. (Dabei sollte ja eigentlich endlich das Uraltbad renoviert werden &#8230;)<\/p>\n<p>Und hier noch mal Lila &#8211; im September schon wieder stolze zehn Jahre alt geworden. Aber manchmal (besonders, wenn sie auf ein Leckerli aus ist) sieht sie fast aus wie ein Welpe:<\/p>\n<p><a href=\"https:\/\/das-stille-woertchen.de\/wp-content\/uploads\/2019\/01\/Lilababy.jpg\"><img loading=\"lazy\" decoding=\"async\" class=\"aligncenter size-medium wp-image-4221\" alt=\"Lilababy\" src=\"https:\/\/das-stille-woertchen.de\/wp-content\/uploads\/2019\/01\/Lilababy-168x300.jpg\" width=\"168\" height=\"300\" srcset=\"https:\/\/das-stille-woertchen.de\/wp-content\/uploads\/2019\/01\/Lilababy-168x300.jpg 168w, https:\/\/das-stille-woertchen.de\/wp-content\/uploads\/2019\/01\/Lilababy-575x1024.jpg 575w, https:\/\/das-stille-woertchen.de\/wp-content\/uploads\/2019\/01\/Lilababy.jpg 600w\" sizes=\"auto, (max-width: 168px) 100vw, 168px\" \/><\/a>Doch nicht nur die Tierchen brillieren in der Wintersonne.<br \/>\nEs finden sich auch im Garten noch einige Augenweiden.<\/p>\n<p>Eine Hagebutte vor dem Wintergarten:<\/p>\n<p><a href=\"https:\/\/das-stille-woertchen.de\/wp-content\/uploads\/2019\/01\/Hagebutte.jpg\"><img loading=\"lazy\" decoding=\"async\" class=\"aligncenter size-medium wp-image-4201\" alt=\"Hagebutte\" src=\"https:\/\/das-stille-woertchen.de\/wp-content\/uploads\/2019\/01\/Hagebutte-224x300.jpg\" width=\"224\" height=\"300\" srcset=\"https:\/\/das-stille-woertchen.de\/wp-content\/uploads\/2019\/01\/Hagebutte-224x300.jpg 224w, https:\/\/das-stille-woertchen.de\/wp-content\/uploads\/2019\/01\/Hagebutte-767x1024.jpg 767w, https:\/\/das-stille-woertchen.de\/wp-content\/uploads\/2019\/01\/Hagebutte.jpg 800w\" sizes=\"auto, (max-width: 224px) 100vw, 224px\" \/><\/a>Eine Mispel (einige davon wurden zu leckerer Marmelade verarbeitet):<\/p>\n<p><a href=\"https:\/\/das-stille-woertchen.de\/wp-content\/uploads\/2019\/01\/Mispel1.jpg\"><img loading=\"lazy\" decoding=\"async\" class=\"aligncenter size-medium wp-image-4233\" alt=\"Mispel\" src=\"https:\/\/das-stille-woertchen.de\/wp-content\/uploads\/2019\/01\/Mispel1-300x225.jpg\" width=\"300\" height=\"225\" srcset=\"https:\/\/das-stille-woertchen.de\/wp-content\/uploads\/2019\/01\/Mispel1-300x225.jpg 300w, https:\/\/das-stille-woertchen.de\/wp-content\/uploads\/2019\/01\/Mispel1.jpg 800w\" sizes=\"auto, (max-width: 300px) 100vw, 300px\" \/><\/a><\/p>\n<p>Eine hochn\u00e4sige Quitte:<\/p>\n<p><a href=\"https:\/\/das-stille-woertchen.de\/wp-content\/uploads\/2019\/01\/Quitte.jpg\"><img loading=\"lazy\" decoding=\"async\" class=\"aligncenter size-medium wp-image-4183\" alt=\"Quitte\" src=\"https:\/\/das-stille-woertchen.de\/wp-content\/uploads\/2019\/01\/Quitte-225x300.jpg\" width=\"225\" height=\"300\" srcset=\"https:\/\/das-stille-woertchen.de\/wp-content\/uploads\/2019\/01\/Quitte-225x300.jpg 225w, https:\/\/das-stille-woertchen.de\/wp-content\/uploads\/2019\/01\/Quitte.jpg 600w\" sizes=\"auto, (max-width: 225px) 100vw, 225px\" \/><\/a><\/p>\n<p>Ein stinknormaler Apfel &#8211; und trotzdem sehr h\u00fcbsch, oder?<\/p>\n<p><a href=\"https:\/\/das-stille-woertchen.de\/wp-content\/uploads\/2019\/01\/Apfel.jpg\"><img loading=\"lazy\" decoding=\"async\" class=\"aligncenter size-medium wp-image-4196\" alt=\"Apfel\" src=\"https:\/\/das-stille-woertchen.de\/wp-content\/uploads\/2019\/01\/Apfel-300x225.jpg\" width=\"300\" height=\"225\" srcset=\"https:\/\/das-stille-woertchen.de\/wp-content\/uploads\/2019\/01\/Apfel-300x225.jpg 300w, https:\/\/das-stille-woertchen.de\/wp-content\/uploads\/2019\/01\/Apfel.jpg 800w\" sizes=\"auto, (max-width: 300px) 100vw, 300px\" \/><\/a>Hier ein Blick in den Teil des Gem\u00fcsegartens, denn die Schweine bisher noch nicht betreten haben. Man sieht &#8211; dem Mangold konnte der Frost noch nichts anhaben:<\/p>\n<p><a href=\"https:\/\/das-stille-woertchen.de\/wp-content\/uploads\/2019\/01\/Gem\u00fcsegarten.jpg\"><img loading=\"lazy\" decoding=\"async\" class=\"aligncenter size-medium wp-image-4199\" alt=\"Gem\u00fcsegarten\" src=\"https:\/\/das-stille-woertchen.de\/wp-content\/uploads\/2019\/01\/Gem\u00fcsegarten-300x225.jpg\" width=\"300\" height=\"225\" srcset=\"https:\/\/das-stille-woertchen.de\/wp-content\/uploads\/2019\/01\/Gem\u00fcsegarten-300x225.jpg 300w, https:\/\/das-stille-woertchen.de\/wp-content\/uploads\/2019\/01\/Gem\u00fcsegarten.jpg 800w\" sizes=\"auto, (max-width: 300px) 100vw, 300px\" \/><\/a>Gerade stand erst die Hafer &#8211; und Schwarzwurzel-Ernte auf dem Programm (bevor dann doch die Schweine bald auch dieses Beet \u00fcberfallen d\u00fcrfen):<\/p>\n<p><a href=\"https:\/\/das-stille-woertchen.de\/wp-content\/uploads\/2019\/01\/haferwurzel.jpg\"><img loading=\"lazy\" decoding=\"async\" class=\"aligncenter size-medium wp-image-4200\" alt=\"haferwurzel\" src=\"https:\/\/das-stille-woertchen.de\/wp-content\/uploads\/2019\/01\/haferwurzel-300x225.jpg\" width=\"300\" height=\"225\" srcset=\"https:\/\/das-stille-woertchen.de\/wp-content\/uploads\/2019\/01\/haferwurzel-300x225.jpg 300w, https:\/\/das-stille-woertchen.de\/wp-content\/uploads\/2019\/01\/haferwurzel.jpg 800w\" sizes=\"auto, (max-width: 300px) 100vw, 300px\" \/><\/a>Und das ist der Schweinebuddelgarten. Wir h\u00e4tten ein Vorher-Nachher-Foto machen sollen. \u00a0Schon beeindruckend, in was f\u00fcr kurzer Zeit hier ziemliche \u00a0Krater gebuddelt werden:<\/p>\n<p><a href=\"https:\/\/das-stille-woertchen.de\/wp-content\/uploads\/2019\/01\/Schweinearbeit.jpg\"><img loading=\"lazy\" decoding=\"async\" class=\"aligncenter size-medium wp-image-4185\" alt=\"Schweinearbeit\" src=\"https:\/\/das-stille-woertchen.de\/wp-content\/uploads\/2019\/01\/Schweinearbeit-300x225.jpg\" width=\"300\" height=\"225\" srcset=\"https:\/\/das-stille-woertchen.de\/wp-content\/uploads\/2019\/01\/Schweinearbeit-300x225.jpg 300w, https:\/\/das-stille-woertchen.de\/wp-content\/uploads\/2019\/01\/Schweinearbeit.jpg 800w\" sizes=\"auto, (max-width: 300px) 100vw, 300px\" \/><\/a>So sieht der Schweineschwimmteich im Winter aus. Zum Schlittschuhfahren reicht es nicht ganz:<\/p>\n<p><a href=\"https:\/\/das-stille-woertchen.de\/wp-content\/uploads\/2019\/01\/schweineteich.jpg\"><img loading=\"lazy\" decoding=\"async\" class=\"aligncenter size-medium wp-image-4187\" alt=\"schweineteich\" src=\"https:\/\/das-stille-woertchen.de\/wp-content\/uploads\/2019\/01\/schweineteich-300x225.jpg\" width=\"300\" height=\"225\" srcset=\"https:\/\/das-stille-woertchen.de\/wp-content\/uploads\/2019\/01\/schweineteich-300x225.jpg 300w, https:\/\/das-stille-woertchen.de\/wp-content\/uploads\/2019\/01\/schweineteich.jpg 801w\" sizes=\"auto, (max-width: 300px) 100vw, 300px\" \/><\/a>Und das Schweinewaldgehege liegt auch etwas kahl da herum. (Das interessiert die Schweinchen meistens nur, wenn man vorher ein paar Eicheln und K\u00f6rner verteilt):<\/p>\n<p><a href=\"https:\/\/das-stille-woertchen.de\/wp-content\/uploads\/2019\/01\/Schweinegehege.jpg\"><img loading=\"lazy\" decoding=\"async\" class=\"aligncenter size-medium wp-image-4186\" alt=\"Schweinegehege\" src=\"https:\/\/das-stille-woertchen.de\/wp-content\/uploads\/2019\/01\/Schweinegehege-224x300.jpg\" width=\"224\" height=\"300\" srcset=\"https:\/\/das-stille-woertchen.de\/wp-content\/uploads\/2019\/01\/Schweinegehege-224x300.jpg 224w, https:\/\/das-stille-woertchen.de\/wp-content\/uploads\/2019\/01\/Schweinegehege-767x1024.jpg 767w, https:\/\/das-stille-woertchen.de\/wp-content\/uploads\/2019\/01\/Schweinegehege.jpg 800w\" sizes=\"auto, (max-width: 224px) 100vw, 224px\" \/><\/a>Unseren H\u00fchner kann ja auch das matschigste, windigste, feuchteste Winterwetter die Laune nicht vergackern. Aber so haben sie es dann doch am Liebsten &#8211; warm, trocken und sonnig:<\/p>\n<p><a href=\"https:\/\/das-stille-woertchen.de\/wp-content\/uploads\/2019\/01\/Sonnenh\u00fchner.jpg\"><img loading=\"lazy\" decoding=\"async\" class=\"aligncenter size-medium wp-image-4190\" alt=\"Sonnenh\u00fchner\" src=\"https:\/\/das-stille-woertchen.de\/wp-content\/uploads\/2019\/01\/Sonnenh\u00fchner-300x225.jpg\" width=\"300\" height=\"225\" srcset=\"https:\/\/das-stille-woertchen.de\/wp-content\/uploads\/2019\/01\/Sonnenh\u00fchner-300x225.jpg 300w, https:\/\/das-stille-woertchen.de\/wp-content\/uploads\/2019\/01\/Sonnenh\u00fchner.jpg 800w\" sizes=\"auto, (max-width: 300px) 100vw, 300px\" \/><\/a> <a href=\"https:\/\/das-stille-woertchen.de\/wp-content\/uploads\/2019\/01\/Sonnenhahn.jpg\"><img loading=\"lazy\" decoding=\"async\" class=\"aligncenter size-medium wp-image-4189\" alt=\"Sonnenhahn\" src=\"https:\/\/das-stille-woertchen.de\/wp-content\/uploads\/2019\/01\/Sonnenhahn-300x225.jpg\" width=\"300\" height=\"225\" srcset=\"https:\/\/das-stille-woertchen.de\/wp-content\/uploads\/2019\/01\/Sonnenhahn-300x225.jpg 300w, https:\/\/das-stille-woertchen.de\/wp-content\/uploads\/2019\/01\/Sonnenhahn.jpg 800w\" sizes=\"auto, (max-width: 300px) 100vw, 300px\" \/><\/a>Achja: Ein paar Bl\u00fcmchen gibt es auch noch &#8211; die Ringelblumen ignorieren die kalten N\u00e4chte bisher konsequent:<\/p>\n<p><a href=\"https:\/\/das-stille-woertchen.de\/wp-content\/uploads\/2019\/01\/Ringelblume.jpg\"><img loading=\"lazy\" decoding=\"async\" class=\"aligncenter size-medium wp-image-4184\" alt=\"Ringelblume\" src=\"https:\/\/das-stille-woertchen.de\/wp-content\/uploads\/2019\/01\/Ringelblume-300x225.jpg\" width=\"300\" height=\"225\" srcset=\"https:\/\/das-stille-woertchen.de\/wp-content\/uploads\/2019\/01\/Ringelblume-300x225.jpg 300w, https:\/\/das-stille-woertchen.de\/wp-content\/uploads\/2019\/01\/Ringelblume.jpg 800w\" sizes=\"auto, (max-width: 300px) 100vw, 300px\" \/><\/a>Und zum Abschluss ein Blick auf den kunterbunten Hof. Dass er noch etwas farbenfroher wird &#8211; innen wie au\u00dfen &#8211; da wird flei\u00dfig weiter dran gearbeitet. Dann ist es nur halb so schlimm, wenn die Winter sich meistens gerne beharrlich von ihrer tr\u00fcbsten Seite zeigen:<\/p>\n<p><a href=\"https:\/\/das-stille-woertchen.de\/wp-content\/uploads\/2019\/01\/\u00d6rtchen.jpg\"><img loading=\"lazy\" decoding=\"async\" class=\"aligncenter size-medium wp-image-4214\" alt=\"\u00d6rtchen\" src=\"https:\/\/das-stille-woertchen.de\/wp-content\/uploads\/2019\/01\/\u00d6rtchen-300x225.jpg\" width=\"300\" height=\"225\" srcset=\"https:\/\/das-stille-woertchen.de\/wp-content\/uploads\/2019\/01\/\u00d6rtchen-300x225.jpg 300w, https:\/\/das-stille-woertchen.de\/wp-content\/uploads\/2019\/01\/\u00d6rtchen.jpg 800w\" sizes=\"auto, (max-width: 300px) 100vw, 300px\" \/><\/a><\/p>\n<p>&nbsp;<\/p>\n","protected":false},"excerpt":{"rendered":"<p>Diese Winterzeit ist schon immer etwas speziell. Morgens warten wir bis fast 8 Uhr darauf, dass die H\u00fchner endlich erwachen und es mit der richtigen Stallarbeit losgehen kann. (Die Pferde kriegen ihr Heu nat\u00fcrlich schon fr\u00fcher &#8211; ist ja schlie\u00dflich &hellip; <a href=\"https:\/\/das-stille-woertchen.de\/index.php\/2019\/01\/04\/kurze-tage-aber-schon-wieder-ein-bisschen-laenger\/\">Weiterlesen <span class=\"meta-nav\">&rarr;<\/span><\/a><\/p>\n","protected":false},"author":2,"featured_media":0,"comment_status":"closed","ping_status":"closed","sticky":false,"template":"","format":"standard","meta":{"footnotes":""},"categories":[11,23,3,5],"tags":[],"class_list":["post-4228","post","type-post","status-publish","format-standard","hentry","category-grunzeug","category-kruemel-und-fussel","category-oertchen","category-tierisch"],"_links":{"self":[{"href":"https:\/\/das-stille-woertchen.de\/index.php\/wp-json\/wp\/v2\/posts\/4228","targetHints":{"allow":["GET"]}}],"collection":[{"href":"https:\/\/das-stille-woertchen.de\/index.php\/wp-json\/wp\/v2\/posts"}],"about":[{"href":"https:\/\/das-stille-woertchen.de\/index.php\/wp-json\/wp\/v2\/types\/post"}],"author":[{"embeddable":true,"href":"https:\/\/das-stille-woertchen.de\/index.php\/wp-json\/wp\/v2\/users\/2"}],"replies":[{"embeddable":true,"href":"https:\/\/das-stille-woertchen.de\/index.php\/wp-json\/wp\/v2\/comments?post=4228"}],"version-history":[{"count":11,"href":"https:\/\/das-stille-woertchen.de\/index.php\/wp-json\/wp\/v2\/posts\/4228\/revisions"}],"predecessor-version":[{"id":4242,"href":"https:\/\/das-stille-woertchen.de\/index.php\/wp-json\/wp\/v2\/posts\/4228\/revisions\/4242"}],"wp:attachment":[{"href":"https:\/\/das-stille-woertchen.de\/index.php\/wp-json\/wp\/v2\/media?parent=4228"}],"wp:term":[{"taxonomy":"category","embeddable":true,"href":"https:\/\/das-stille-woertchen.de\/index.php\/wp-json\/wp\/v2\/categories?post=4228"},{"taxonomy":"post_tag","embeddable":true,"href":"https:\/\/das-stille-woertchen.de\/index.php\/wp-json\/wp\/v2\/tags?post=4228"}],"curies":[{"name":"wp","href":"https:\/\/api.w.org\/{rel}","templated":true}]}}