{"id":4262,"date":"2019-01-20T09:53:26","date_gmt":"2019-01-20T07:53:26","guid":{"rendered":"http:\/\/das-stille-woertchen.de\/wordpress\/?p=4262"},"modified":"2019-01-21T08:18:45","modified_gmt":"2019-01-21T06:18:45","slug":"leise-literarische-fruehlingsgefuehle","status":"publish","type":"post","link":"https:\/\/das-stille-woertchen.de\/index.php\/2019\/01\/20\/leise-literarische-fruehlingsgefuehle\/","title":{"rendered":"(Literarische) Fr\u00fchlingsgef\u00fchle"},"content":{"rendered":"<p>Ziemlich tr\u00fcb war er bisher, dieser Winter. Da wird nat\u00fcrlich jeder Sonnenstrahl genutzt. Und die Freude war gro\u00df, als jetzt (trotz Eisesk\u00e4lte) eeeeendlich mal wieder der Wintergartenschreibtisch er\u00f6ffnet wurde! Schreib- und Gr\u00fcbelarbeit mit Blick auf Buddelschweine im Gem\u00fcsegarten. Na, wenn das nicht extra bunte Ideen bringt!<br \/>\nDas wollte sich auch Mieze Molly nicht entgehen lassen:<\/p>\n<p><a href=\"https:\/\/das-stille-woertchen.de\/wp-content\/uploads\/2019\/01\/Wintergarten.jpg\"><img loading=\"lazy\" decoding=\"async\" class=\"aligncenter size-medium wp-image-4246\" alt=\"Wintergarten\" src=\"https:\/\/das-stille-woertchen.de\/wp-content\/uploads\/2019\/01\/Wintergarten-168x300.jpg\" width=\"168\" height=\"300\" srcset=\"https:\/\/das-stille-woertchen.de\/wp-content\/uploads\/2019\/01\/Wintergarten-168x300.jpg 168w, https:\/\/das-stille-woertchen.de\/wp-content\/uploads\/2019\/01\/Wintergarten-575x1024.jpg 575w, https:\/\/das-stille-woertchen.de\/wp-content\/uploads\/2019\/01\/Wintergarten.jpg 600w\" sizes=\"auto, (max-width: 168px) 100vw, 168px\" \/><\/a> <a href=\"https:\/\/das-stille-woertchen.de\/wp-content\/uploads\/2019\/01\/molly.jpg\"><img loading=\"lazy\" decoding=\"async\" class=\"aligncenter size-medium wp-image-4247\" alt=\"molly\" src=\"https:\/\/das-stille-woertchen.de\/wp-content\/uploads\/2019\/01\/molly-168x300.jpg\" width=\"168\" height=\"300\" srcset=\"https:\/\/das-stille-woertchen.de\/wp-content\/uploads\/2019\/01\/molly-168x300.jpg 168w, https:\/\/das-stille-woertchen.de\/wp-content\/uploads\/2019\/01\/molly-575x1024.jpg 575w, https:\/\/das-stille-woertchen.de\/wp-content\/uploads\/2019\/01\/molly.jpg 600w\" sizes=\"auto, (max-width: 168px) 100vw, 168px\" \/><\/a>Ja und passenderweise ist dann auch gleich noch kunterbunte, sonnige, vorfr\u00fchlingshafte Post herein geflattert. Oder auch, hinaus geflattert. Denn der Inhalt des P\u00e4ckchens wurde gleich mal am Gartentisch in der Wintersonne ausgiebig geknipst.<br \/>\nD\u00fcrfen wir vorstellen? Druckfrisch, nigelnagelneu und ab Ende Januar im Handel:<br \/>\nJudiths &#8222;Mein dickes Osterbuch&#8220;!<\/p>\n<p><a href=\"https:\/\/das-stille-woertchen.de\/wp-content\/uploads\/2019\/01\/osterbuch-cover.jpg\"><img loading=\"lazy\" decoding=\"async\" class=\"aligncenter size-medium wp-image-4253\" alt=\"osterbuch cover\" src=\"https:\/\/das-stille-woertchen.de\/wp-content\/uploads\/2019\/01\/osterbuch-cover-300x298.jpg\" width=\"300\" height=\"298\" srcset=\"https:\/\/das-stille-woertchen.de\/wp-content\/uploads\/2019\/01\/osterbuch-cover-300x298.jpg 300w, https:\/\/das-stille-woertchen.de\/wp-content\/uploads\/2019\/01\/osterbuch-cover-150x150.jpg 150w, https:\/\/das-stille-woertchen.de\/wp-content\/uploads\/2019\/01\/osterbuch-cover.jpg 800w\" sizes=\"auto, (max-width: 300px) 100vw, 300px\" \/><\/a>Wie schon das passende <a title=\"Schm\u00f6kerbunter B\u00fccherherbst\" href=\"http:\/\/das-stille-woertchen.de\/wordpress\/index.php\/2018\/10\/16\/schmoekerbunter-buecherherbst\/\" target=\"_blank\">Weihnachtsbuch\u00a0<\/a>ist auch das hier wieder in Zusammenarbeit mit dem Carlsen-Verlag entstanden und gleich von vier tollen IllustratorInnen gestaltet worden:<br \/>\nJennifer Coulmann, Stefanie Jeschke, Daniela Kunkel und Horst Hellmeier.<br \/>\nDa Horst praktischerweise auch noch ein guter Freund von uns ist und Haus, Hof und Getier schon pers\u00f6nlich kennen lernen durfte, sind doch sogar wir Terrort\u00f6len h\u00f6chstpers\u00f6nlich auf einem Bild gelandet! Na, erkennt ihr uns?<\/p>\n<p><a href=\"https:\/\/das-stille-woertchen.de\/wp-content\/uploads\/2019\/01\/alma-lila-johnny.jpg\"><img loading=\"lazy\" decoding=\"async\" class=\"aligncenter size-medium wp-image-4248\" alt=\"alma lila johnny\" src=\"https:\/\/das-stille-woertchen.de\/wp-content\/uploads\/2019\/01\/alma-lila-johnny-300x298.jpg\" width=\"300\" height=\"298\" srcset=\"https:\/\/das-stille-woertchen.de\/wp-content\/uploads\/2019\/01\/alma-lila-johnny-300x298.jpg 300w, https:\/\/das-stille-woertchen.de\/wp-content\/uploads\/2019\/01\/alma-lila-johnny-150x150.jpg 150w, https:\/\/das-stille-woertchen.de\/wp-content\/uploads\/2019\/01\/alma-lila-johnny.jpg 800w\" sizes=\"auto, (max-width: 300px) 100vw, 300px\" \/><\/a>Aber auch sonst gibt es viel zu entdecken. Zum Beispiel Hase, Huhn und Co beim Ostertheater :<br \/>\n<a href=\"https:\/\/das-stille-woertchen.de\/wp-content\/uploads\/2019\/01\/ostertheater.jpg\"><img loading=\"lazy\" decoding=\"async\" class=\"aligncenter size-medium wp-image-4258\" alt=\"ostertheater\" src=\"https:\/\/das-stille-woertchen.de\/wp-content\/uploads\/2019\/01\/ostertheater-300x300.jpg\" width=\"300\" height=\"300\" srcset=\"https:\/\/das-stille-woertchen.de\/wp-content\/uploads\/2019\/01\/ostertheater-300x300.jpg 300w, https:\/\/das-stille-woertchen.de\/wp-content\/uploads\/2019\/01\/ostertheater-150x150.jpg 150w, https:\/\/das-stille-woertchen.de\/wp-content\/uploads\/2019\/01\/ostertheater.jpg 800w\" sizes=\"auto, (max-width: 300px) 100vw, 300px\" \/><\/a><\/p>\n<p>Oder ein \u00f6sterlich-n\u00e4chtliches Zeltabenteuer:<\/p>\n<p><a href=\"https:\/\/das-stille-woertchen.de\/wp-content\/uploads\/2019\/01\/zelten.jpg\"><img loading=\"lazy\" decoding=\"async\" class=\"aligncenter size-medium wp-image-4261\" alt=\"zelten\" src=\"https:\/\/das-stille-woertchen.de\/wp-content\/uploads\/2019\/01\/zelten-300x300.jpg\" width=\"300\" height=\"300\" srcset=\"https:\/\/das-stille-woertchen.de\/wp-content\/uploads\/2019\/01\/zelten-300x300.jpg 300w, https:\/\/das-stille-woertchen.de\/wp-content\/uploads\/2019\/01\/zelten-150x150.jpg 150w, https:\/\/das-stille-woertchen.de\/wp-content\/uploads\/2019\/01\/zelten.jpg 800w\" sizes=\"auto, (max-width: 300px) 100vw, 300px\" \/><\/a><\/p>\n<p>Man kann aber auch mit Osterirdischen auf einen verr\u00fcckten Planeten reisen und die etwas andere Osterhasenschule besuchen:<\/p>\n<p><a href=\"https:\/\/das-stille-woertchen.de\/wp-content\/uploads\/2019\/01\/osterhasenschule.jpg\"><img loading=\"lazy\" decoding=\"async\" class=\"aligncenter size-medium wp-image-4255\" alt=\"osterhasenschule\" src=\"https:\/\/das-stille-woertchen.de\/wp-content\/uploads\/2019\/01\/osterhasenschule-300x178.jpg\" width=\"300\" height=\"178\" srcset=\"https:\/\/das-stille-woertchen.de\/wp-content\/uploads\/2019\/01\/osterhasenschule-300x178.jpg 300w, https:\/\/das-stille-woertchen.de\/wp-content\/uploads\/2019\/01\/osterhasenschule.jpg 800w\" sizes=\"auto, (max-width: 300px) 100vw, 300px\" \/><\/a><\/p>\n<p><a href=\"https:\/\/das-stille-woertchen.de\/wp-content\/uploads\/2019\/01\/oster.jpg\"><img loading=\"lazy\" decoding=\"async\" class=\"aligncenter size-medium wp-image-4252\" alt=\"oster\" src=\"https:\/\/das-stille-woertchen.de\/wp-content\/uploads\/2019\/01\/oster-300x185.jpg\" width=\"300\" height=\"185\" srcset=\"https:\/\/das-stille-woertchen.de\/wp-content\/uploads\/2019\/01\/oster-300x185.jpg 300w, https:\/\/das-stille-woertchen.de\/wp-content\/uploads\/2019\/01\/oster.jpg 800w\" sizes=\"auto, (max-width: 300px) 100vw, 300px\" \/><\/a>(Und wie anhand der K\u00e4stchen zu sehen ist &#8211; Vorleser und Zuh\u00f6rer d\u00fcrfen mitlachen, mitmachen, mitr\u00e4tseln, mitmalen, mitbasteln &#8230;)<\/p>\n<p>Ob der kleine Bruder in dieser Geschichte wirklich in ein Kaninchen verzaubert wurde?<\/p>\n<p><a href=\"https:\/\/das-stille-woertchen.de\/wp-content\/uploads\/2019\/01\/osterzauber.jpg\"><img loading=\"lazy\" decoding=\"async\" class=\"aligncenter size-medium wp-image-4259\" alt=\"osterzauber\" src=\"https:\/\/das-stille-woertchen.de\/wp-content\/uploads\/2019\/01\/osterzauber-300x300.jpg\" width=\"300\" height=\"300\" srcset=\"https:\/\/das-stille-woertchen.de\/wp-content\/uploads\/2019\/01\/osterzauber-300x300.jpg 300w, https:\/\/das-stille-woertchen.de\/wp-content\/uploads\/2019\/01\/osterzauber-150x150.jpg 150w, https:\/\/das-stille-woertchen.de\/wp-content\/uploads\/2019\/01\/osterzauber.jpg 800w\" sizes=\"auto, (max-width: 300px) 100vw, 300px\" \/><\/a>Wenn es mit dem Eierauspusten nicht klappen mag &#8211; bastelt man sich eben einen O-Boter!<\/p>\n<p><a href=\"https:\/\/das-stille-woertchen.de\/wp-content\/uploads\/2019\/01\/oboter.jpg\"><img loading=\"lazy\" decoding=\"async\" class=\"aligncenter size-medium wp-image-4251\" alt=\"oboter\" src=\"https:\/\/das-stille-woertchen.de\/wp-content\/uploads\/2019\/01\/oboter-300x172.jpg\" width=\"300\" height=\"172\" srcset=\"https:\/\/das-stille-woertchen.de\/wp-content\/uploads\/2019\/01\/oboter-300x172.jpg 300w, https:\/\/das-stille-woertchen.de\/wp-content\/uploads\/2019\/01\/oboter.jpg 800w\" sizes=\"auto, (max-width: 300px) 100vw, 300px\" \/><\/a>Hauptdarsteller, Vorleser und Zuh\u00f6rer m\u00fcssen gemeinsam daf\u00fcr sorgen, dass Papa nicht st\u00e4ndig am Ostertisch einpennt:<\/p>\n<p><a href=\"https:\/\/das-stille-woertchen.de\/wp-content\/uploads\/2019\/01\/aufwachen.jpg\"><img loading=\"lazy\" decoding=\"async\" class=\"aligncenter size-medium wp-image-4249\" alt=\"aufwachen\" src=\"https:\/\/das-stille-woertchen.de\/wp-content\/uploads\/2019\/01\/aufwachen-300x195.jpg\" width=\"300\" height=\"195\" srcset=\"https:\/\/das-stille-woertchen.de\/wp-content\/uploads\/2019\/01\/aufwachen-300x195.jpg 300w, https:\/\/das-stille-woertchen.de\/wp-content\/uploads\/2019\/01\/aufwachen.jpg 800w\" sizes=\"auto, (max-width: 300px) 100vw, 300px\" \/><\/a><\/p>\n<p>Und wo waren noch mal die Eier f\u00fcr die Osterbrezen? Achja, drau\u00dfen bei den H\u00fchnern! Da wartet dann auch gleich noch ein Abenteuer &#8230;<\/p>\n<p><a href=\"https:\/\/das-stille-woertchen.de\/wp-content\/uploads\/2019\/01\/osterkatze.jpg\"><img loading=\"lazy\" decoding=\"async\" class=\"aligncenter size-medium wp-image-4256\" alt=\"osterkatze\" src=\"https:\/\/das-stille-woertchen.de\/wp-content\/uploads\/2019\/01\/osterkatze-300x244.jpg\" width=\"300\" height=\"244\" srcset=\"https:\/\/das-stille-woertchen.de\/wp-content\/uploads\/2019\/01\/osterkatze-300x244.jpg 300w, https:\/\/das-stille-woertchen.de\/wp-content\/uploads\/2019\/01\/osterkatze.jpg 800w\" sizes=\"auto, (max-width: 300px) 100vw, 300px\" \/><\/a>Hier noch eine Doppelseite in ihrer ganzen Pracht (Vater und Sohnemann vertreiben sich die Wartezeit auf Ostern mit allerlei verr\u00fcckten Spielen):<\/p>\n<p><a href=\"https:\/\/das-stille-woertchen.de\/wp-content\/uploads\/2019\/01\/osterspiele.jpg\"><img loading=\"lazy\" decoding=\"async\" class=\"aligncenter size-medium wp-image-4257\" alt=\"osterspiele\" src=\"https:\/\/das-stille-woertchen.de\/wp-content\/uploads\/2019\/01\/osterspiele-300x172.jpg\" width=\"300\" height=\"172\" srcset=\"https:\/\/das-stille-woertchen.de\/wp-content\/uploads\/2019\/01\/osterspiele-300x172.jpg 300w, https:\/\/das-stille-woertchen.de\/wp-content\/uploads\/2019\/01\/osterspiele.jpg 800w\" sizes=\"auto, (max-width: 300px) 100vw, 300px\" \/><\/a>Und zu guter Letzt die R\u00fcckseite mit Klappentext (zum Lesen einfach gr\u00f6\u00dfer klicken):<br \/>\n<a href=\"https:\/\/das-stille-woertchen.de\/wp-content\/uploads\/2019\/01\/r\u00fcckseite.jpg\"><img loading=\"lazy\" decoding=\"async\" class=\"aligncenter size-medium wp-image-4260\" alt=\"r\u00fcckseite\" src=\"https:\/\/das-stille-woertchen.de\/wp-content\/uploads\/2019\/01\/r\u00fcckseite-207x300.jpg\" width=\"207\" height=\"300\" srcset=\"https:\/\/das-stille-woertchen.de\/wp-content\/uploads\/2019\/01\/r\u00fcckseite-207x300.jpg 207w, https:\/\/das-stille-woertchen.de\/wp-content\/uploads\/2019\/01\/r\u00fcckseite-708x1024.jpg 708w, https:\/\/das-stille-woertchen.de\/wp-content\/uploads\/2019\/01\/r\u00fcckseite.jpg 800w\" sizes=\"auto, (max-width: 207px) 100vw, 207px\" \/><\/a>So, Fr\u00fchlingsgef\u00fchle bekommen? Na dann am Besten Ende Januar sofort zum Buchh\u00e4ndler des Vertrauens spurten und ein Exemplar des Buches sichern!<br \/>\nDann kriegt ihr den Winter gleich viel leichter herum!<\/p>\n<p><a href=\"https:\/\/das-stille-woertchen.de\/wp-content\/uploads\/2019\/01\/hase.jpg\"><img loading=\"lazy\" decoding=\"async\" class=\"aligncenter size-medium wp-image-4250\" alt=\"hase\" src=\"https:\/\/das-stille-woertchen.de\/wp-content\/uploads\/2019\/01\/hase-300x228.jpg\" width=\"300\" height=\"228\" srcset=\"https:\/\/das-stille-woertchen.de\/wp-content\/uploads\/2019\/01\/hase-300x228.jpg 300w, https:\/\/das-stille-woertchen.de\/wp-content\/uploads\/2019\/01\/hase.jpg 800w\" sizes=\"auto, (max-width: 300px) 100vw, 300px\" \/><\/a><\/p>\n<p>&nbsp;<\/p>\n","protected":false},"excerpt":{"rendered":"<p>Ziemlich tr\u00fcb war er bisher, dieser Winter. Da wird nat\u00fcrlich jeder Sonnenstrahl genutzt. Und die Freude war gro\u00df, als jetzt (trotz Eisesk\u00e4lte) eeeeendlich mal wieder der Wintergartenschreibtisch er\u00f6ffnet wurde! Schreib- und Gr\u00fcbelarbeit mit Blick auf Buddelschweine im Gem\u00fcsegarten. Na, wenn &hellip; <a href=\"https:\/\/das-stille-woertchen.de\/index.php\/2019\/01\/20\/leise-literarische-fruehlingsgefuehle\/\">Weiterlesen <span class=\"meta-nav\">&rarr;<\/span><\/a><\/p>\n","protected":false},"author":2,"featured_media":0,"comment_status":"closed","ping_status":"closed","sticky":false,"template":"","format":"standard","meta":{"footnotes":""},"categories":[1,9,2],"tags":[],"class_list":["post-4262","post","type-post","status-publish","format-standard","hentry","category-allgemein","category-kinderbucher","category-wortchen"],"_links":{"self":[{"href":"https:\/\/das-stille-woertchen.de\/index.php\/wp-json\/wp\/v2\/posts\/4262","targetHints":{"allow":["GET"]}}],"collection":[{"href":"https:\/\/das-stille-woertchen.de\/index.php\/wp-json\/wp\/v2\/posts"}],"about":[{"href":"https:\/\/das-stille-woertchen.de\/index.php\/wp-json\/wp\/v2\/types\/post"}],"author":[{"embeddable":true,"href":"https:\/\/das-stille-woertchen.de\/index.php\/wp-json\/wp\/v2\/users\/2"}],"replies":[{"embeddable":true,"href":"https:\/\/das-stille-woertchen.de\/index.php\/wp-json\/wp\/v2\/comments?post=4262"}],"version-history":[{"count":5,"href":"https:\/\/das-stille-woertchen.de\/index.php\/wp-json\/wp\/v2\/posts\/4262\/revisions"}],"predecessor-version":[{"id":4267,"href":"https:\/\/das-stille-woertchen.de\/index.php\/wp-json\/wp\/v2\/posts\/4262\/revisions\/4267"}],"wp:attachment":[{"href":"https:\/\/das-stille-woertchen.de\/index.php\/wp-json\/wp\/v2\/media?parent=4262"}],"wp:term":[{"taxonomy":"category","embeddable":true,"href":"https:\/\/das-stille-woertchen.de\/index.php\/wp-json\/wp\/v2\/categories?post=4262"},{"taxonomy":"post_tag","embeddable":true,"href":"https:\/\/das-stille-woertchen.de\/index.php\/wp-json\/wp\/v2\/tags?post=4262"}],"curies":[{"name":"wp","href":"https:\/\/api.w.org\/{rel}","templated":true}]}}