{"id":4735,"date":"2020-06-18T20:07:24","date_gmt":"2020-06-18T18:07:24","guid":{"rendered":"https:\/\/das-stille-woertchen.de\/?p=4735"},"modified":"2020-06-18T20:31:05","modified_gmt":"2020-06-18T18:31:05","slug":"fruehsommer","status":"publish","type":"post","link":"https:\/\/das-stille-woertchen.de\/index.php\/2020\/06\/18\/fruehsommer\/","title":{"rendered":"Fr\u00fchsommer."},"content":{"rendered":"\n<p>Und schon sommert es wieder. Richtig glauben k\u00f6nnen wir es ja immer noch nicht: Es hat geregnet! Und zwar nicht nur <em>einmal<\/em>. Sondern so einige Male. Seit ein paar Wochen geht das so und auch richtige Regentage waren dazwischen. Wir hier auf dem \u00d6rtchen dachten ja schon gar nicht mehr, dass es das noch geben kann, in Zeiten der sommerlichen Dauerd\u00fcrre. Einen verregneten Juni! (Und auch der Mai war ziemlich durchwachsen gewesen.) Es ist zwar derzeit oft etwas schw\u00fcl, was gerade beim Gartengewurschtel im Beet- auch m\u00fcckenm\u00e4\u00dfig &#8211;  etwas anstrengend ist, aber der Natur gef\u00e4llt&#8217;s! Alles w\u00e4chst und gr\u00fcnt &#8211; und buntet!<br>Am tollsten sind zur Zeit die Mohnblumen. Ein echten Mohnblumenjahr scheint es zu sein. Nicht nur auf dem \u00d6rtchen sprie\u00dfen sie und leuchten und leuchten &#8211; besonders in der Abendsonne:<\/p>\n\n\n\n<figure class=\"wp-block-image size-large\"><img loading=\"lazy\" decoding=\"async\" width=\"1024\" height=\"768\" src=\"https:\/\/das-stille-woertchen.de\/wp-content\/uploads\/2020\/06\/P1050391-1024x768.jpg\" alt=\"\" class=\"wp-image-4736\" srcset=\"https:\/\/das-stille-woertchen.de\/wp-content\/uploads\/2020\/06\/P1050391-1024x768.jpg 1024w, https:\/\/das-stille-woertchen.de\/wp-content\/uploads\/2020\/06\/P1050391-300x225.jpg 300w, https:\/\/das-stille-woertchen.de\/wp-content\/uploads\/2020\/06\/P1050391-768x576.jpg 768w, https:\/\/das-stille-woertchen.de\/wp-content\/uploads\/2020\/06\/P1050391.jpg 1067w\" sizes=\"auto, (max-width: 1024px) 100vw, 1024px\" \/><\/figure>\n\n\n\n<p>Die Kornblumen machen sich gut daneben. Und dazwischen, davor und dahinter:<\/p>\n\n\n\n<figure class=\"wp-block-image size-large\"><img loading=\"lazy\" decoding=\"async\" width=\"600\" height=\"800\" src=\"https:\/\/das-stille-woertchen.de\/wp-content\/uploads\/2020\/06\/P1050353.jpg\" alt=\"\" class=\"wp-image-4778\" srcset=\"https:\/\/das-stille-woertchen.de\/wp-content\/uploads\/2020\/06\/P1050353.jpg 600w, https:\/\/das-stille-woertchen.de\/wp-content\/uploads\/2020\/06\/P1050353-225x300.jpg 225w\" sizes=\"auto, (max-width: 600px) 100vw, 600px\" \/><\/figure>\n\n\n\n<p>Manchmal grinsen sie auch ganz frech:<br><\/p>\n\n\n\n<figure class=\"wp-block-image size-large\"><img loading=\"lazy\" decoding=\"async\" width=\"1024\" height=\"768\" src=\"https:\/\/das-stille-woertchen.de\/wp-content\/uploads\/2020\/06\/P1050361-1024x768.jpg\" alt=\"\" class=\"wp-image-4780\" srcset=\"https:\/\/das-stille-woertchen.de\/wp-content\/uploads\/2020\/06\/P1050361-1024x768.jpg 1024w, https:\/\/das-stille-woertchen.de\/wp-content\/uploads\/2020\/06\/P1050361-300x225.jpg 300w, https:\/\/das-stille-woertchen.de\/wp-content\/uploads\/2020\/06\/P1050361-768x576.jpg 768w, https:\/\/das-stille-woertchen.de\/wp-content\/uploads\/2020\/06\/P1050361.jpg 1067w\" sizes=\"auto, (max-width: 1024px) 100vw, 1024px\" \/><\/figure>\n\n\n\n<p>Oder sie blecken sogar die Zunge!<\/p>\n\n\n\n<figure class=\"wp-block-image size-large\"><img loading=\"lazy\" decoding=\"async\" width=\"1024\" height=\"768\" src=\"https:\/\/das-stille-woertchen.de\/wp-content\/uploads\/2020\/06\/P1050362-1024x768.jpg\" alt=\"\" class=\"wp-image-4781\" srcset=\"https:\/\/das-stille-woertchen.de\/wp-content\/uploads\/2020\/06\/P1050362-1024x768.jpg 1024w, https:\/\/das-stille-woertchen.de\/wp-content\/uploads\/2020\/06\/P1050362-300x225.jpg 300w, https:\/\/das-stille-woertchen.de\/wp-content\/uploads\/2020\/06\/P1050362-768x576.jpg 768w, https:\/\/das-stille-woertchen.de\/wp-content\/uploads\/2020\/06\/P1050362.jpg 1067w\" sizes=\"auto, (max-width: 1024px) 100vw, 1024px\" \/><\/figure>\n\n\n\n<p>Auch ein Pony steht ihnen gut:<br><\/p>\n\n\n\n<figure class=\"wp-block-image size-large\"><img loading=\"lazy\" decoding=\"async\" width=\"1024\" height=\"768\" src=\"https:\/\/das-stille-woertchen.de\/wp-content\/uploads\/2020\/06\/P1050342-1024x768.jpg\" alt=\"\" class=\"wp-image-4777\" srcset=\"https:\/\/das-stille-woertchen.de\/wp-content\/uploads\/2020\/06\/P1050342-1024x768.jpg 1024w, https:\/\/das-stille-woertchen.de\/wp-content\/uploads\/2020\/06\/P1050342-300x225.jpg 300w, https:\/\/das-stille-woertchen.de\/wp-content\/uploads\/2020\/06\/P1050342-768x576.jpg 768w, https:\/\/das-stille-woertchen.de\/wp-content\/uploads\/2020\/06\/P1050342.jpg 1067w\" sizes=\"auto, (max-width: 1024px) 100vw, 1024px\" \/><\/figure>\n\n\n\n<p>&#8230; womit wir uns ganz elegant den Pferdchen zuwenden. <br>W\u00e4hrend letztes Jahr um die Zeit auf der kleinen Weide schon l\u00e4ngst kein Halm mehr von der Stelle gewachsen ist, darf gerade immer noch gegrast werden. Hier Pippilotta und Sue bei einem Abstecher zum Hoftor, w\u00e4hrend ihres Einsatzes als Rasenm\u00e4her am Rande des Gem\u00fcsegartens:<br><\/p>\n\n\n\n<figure class=\"wp-block-image size-large\"><img loading=\"lazy\" decoding=\"async\" width=\"1024\" height=\"768\" src=\"https:\/\/das-stille-woertchen.de\/wp-content\/uploads\/2020\/06\/P1050364-1024x768.jpg\" alt=\"\" class=\"wp-image-4782\" srcset=\"https:\/\/das-stille-woertchen.de\/wp-content\/uploads\/2020\/06\/P1050364-1024x768.jpg 1024w, https:\/\/das-stille-woertchen.de\/wp-content\/uploads\/2020\/06\/P1050364-300x225.jpg 300w, https:\/\/das-stille-woertchen.de\/wp-content\/uploads\/2020\/06\/P1050364-768x576.jpg 768w, https:\/\/das-stille-woertchen.de\/wp-content\/uploads\/2020\/06\/P1050364.jpg 1067w\" sizes=\"auto, (max-width: 1024px) 100vw, 1024px\" \/><\/figure>\n\n\n\n<figure class=\"wp-block-image size-large\"><img loading=\"lazy\" decoding=\"async\" width=\"1024\" height=\"768\" src=\"https:\/\/das-stille-woertchen.de\/wp-content\/uploads\/2020\/06\/P1050372-1024x768.jpg\" alt=\"\" class=\"wp-image-4783\" srcset=\"https:\/\/das-stille-woertchen.de\/wp-content\/uploads\/2020\/06\/P1050372-1024x768.jpg 1024w, https:\/\/das-stille-woertchen.de\/wp-content\/uploads\/2020\/06\/P1050372-300x225.jpg 300w, https:\/\/das-stille-woertchen.de\/wp-content\/uploads\/2020\/06\/P1050372-768x576.jpg 768w, https:\/\/das-stille-woertchen.de\/wp-content\/uploads\/2020\/06\/P1050372.jpg 1067w\" sizes=\"auto, (max-width: 1024px) 100vw, 1024px\" \/><\/figure>\n\n\n\n<p><\/p>\n\n\n\n<p>Und hier noch mal ein pippilotscher Rasenm\u00e4her im Hof. Das war Anfang Mai, als die Kastanie noch in voller Bl\u00fcte stand:<br><\/p>\n\n\n\n<figure class=\"wp-block-image size-large\"><img loading=\"lazy\" decoding=\"async\" width=\"600\" height=\"800\" src=\"https:\/\/das-stille-woertchen.de\/wp-content\/uploads\/2020\/06\/P1040787.jpg\" alt=\"\" class=\"wp-image-4740\" srcset=\"https:\/\/das-stille-woertchen.de\/wp-content\/uploads\/2020\/06\/P1040787.jpg 600w, https:\/\/das-stille-woertchen.de\/wp-content\/uploads\/2020\/06\/P1040787-225x300.jpg 225w\" sizes=\"auto, (max-width: 600px) 100vw, 600px\" \/><\/figure>\n\n\n\n<p>So einige Gasttiere sind in diesen Wochen bei uns eingezogen. (Arbeits-)Urlaub auf dem Bauernhof sozusagen. Zum Beispiel die flei\u00dfig f\u00fctternde Frau Amsel:<br><br><\/p>\n\n\n\n<figure class=\"wp-block-image size-large\"><img loading=\"lazy\" decoding=\"async\" width=\"1024\" height=\"768\" src=\"https:\/\/das-stille-woertchen.de\/wp-content\/uploads\/2020\/06\/P1040836-1024x768.jpg\" alt=\"\" class=\"wp-image-4746\" srcset=\"https:\/\/das-stille-woertchen.de\/wp-content\/uploads\/2020\/06\/P1040836-1024x768.jpg 1024w, https:\/\/das-stille-woertchen.de\/wp-content\/uploads\/2020\/06\/P1040836-300x225.jpg 300w, https:\/\/das-stille-woertchen.de\/wp-content\/uploads\/2020\/06\/P1040836-768x576.jpg 768w, https:\/\/das-stille-woertchen.de\/wp-content\/uploads\/2020\/06\/P1040836.jpg 1067w\" sizes=\"auto, (max-width: 1024px) 100vw, 1024px\" \/><\/figure>\n\n\n\n<figure class=\"wp-block-image size-large\"><img loading=\"lazy\" decoding=\"async\" width=\"1024\" height=\"768\" src=\"https:\/\/das-stille-woertchen.de\/wp-content\/uploads\/2020\/06\/P1040837-1024x768.jpg\" alt=\"\" class=\"wp-image-4747\" srcset=\"https:\/\/das-stille-woertchen.de\/wp-content\/uploads\/2020\/06\/P1040837-1024x768.jpg 1024w, https:\/\/das-stille-woertchen.de\/wp-content\/uploads\/2020\/06\/P1040837-300x225.jpg 300w, https:\/\/das-stille-woertchen.de\/wp-content\/uploads\/2020\/06\/P1040837-768x576.jpg 768w, https:\/\/das-stille-woertchen.de\/wp-content\/uploads\/2020\/06\/P1040837.jpg 1067w\" sizes=\"auto, (max-width: 1024px) 100vw, 1024px\" \/><\/figure>\n\n\n\n<p>&#8230; mitsamt Mann und ihrer hungrigen Meute. Hier ein schon ziemlich gro\u00dfes K\u00fcken, kurz vor dem ersten Abflug aus dem Gartenlauben-Nest. Inzwischen haust dort schon die n\u00e4chste Nachwuchstruppe:<br><\/p>\n\n\n\n<figure class=\"wp-block-image size-large\"><img loading=\"lazy\" decoding=\"async\" width=\"1024\" height=\"768\" src=\"https:\/\/das-stille-woertchen.de\/wp-content\/uploads\/2020\/06\/P1040838-1024x768.jpg\" alt=\"\" class=\"wp-image-4748\" srcset=\"https:\/\/das-stille-woertchen.de\/wp-content\/uploads\/2020\/06\/P1040838-1024x768.jpg 1024w, https:\/\/das-stille-woertchen.de\/wp-content\/uploads\/2020\/06\/P1040838-300x225.jpg 300w, https:\/\/das-stille-woertchen.de\/wp-content\/uploads\/2020\/06\/P1040838-768x576.jpg 768w, https:\/\/das-stille-woertchen.de\/wp-content\/uploads\/2020\/06\/P1040838.jpg 1067w\" sizes=\"auto, (max-width: 1024px) 100vw, 1024px\" \/><\/figure>\n\n\n\n<p>Noch mehr Babytiere gab es zu bestaunen &#8211; Familie Stieglitz hatte sich im Hof im Holunderbaum niedergelassen. Die Kleinen sind auch schon wieder fl\u00fcgge. Daf\u00fcr haben wir dieses Jahr leider keine Schwalben im Pferdestall &#8211; obwohl sich ein P\u00e4rchen dort immer wieder mal getroffen hat.<\/p>\n\n\n\n<figure class=\"wp-block-image size-large\"><img loading=\"lazy\" decoding=\"async\" width=\"1024\" height=\"768\" src=\"https:\/\/das-stille-woertchen.de\/wp-content\/uploads\/2020\/06\/P1050166-1024x768.jpg\" alt=\"\" class=\"wp-image-4758\" srcset=\"https:\/\/das-stille-woertchen.de\/wp-content\/uploads\/2020\/06\/P1050166-1024x768.jpg 1024w, https:\/\/das-stille-woertchen.de\/wp-content\/uploads\/2020\/06\/P1050166-300x225.jpg 300w, https:\/\/das-stille-woertchen.de\/wp-content\/uploads\/2020\/06\/P1050166-768x576.jpg 768w, https:\/\/das-stille-woertchen.de\/wp-content\/uploads\/2020\/06\/P1050166.jpg 1067w\" sizes=\"auto, (max-width: 1024px) 100vw, 1024px\" \/><\/figure>\n\n\n\n<p>Ja und dann hatten wir es im Dorf noch mit einem Vogel der etwas gr\u00f6\u00dferen Art zu tun. Mitten im Regen thronte er nebenan, hoch oben auf der Feuerwehrsirene. Einsam? Oder wollte er nur zur Feuerwehrversammlung und wusste nicht, dass die doch wegen Corona bis auf weiteres verschoben wurde:<br><\/p>\n\n\n\n<figure class=\"wp-block-image size-large\"><img loading=\"lazy\" decoding=\"async\" width=\"600\" height=\"800\" src=\"https:\/\/das-stille-woertchen.de\/wp-content\/uploads\/2020\/06\/P1050202.jpg\" alt=\"\" class=\"wp-image-4761\" srcset=\"https:\/\/das-stille-woertchen.de\/wp-content\/uploads\/2020\/06\/P1050202.jpg 600w, https:\/\/das-stille-woertchen.de\/wp-content\/uploads\/2020\/06\/P1050202-225x300.jpg 225w\" sizes=\"auto, (max-width: 600px) 100vw, 600px\" \/><\/figure>\n\n\n\n<figure class=\"wp-block-image size-large\"><img loading=\"lazy\" decoding=\"async\" width=\"1024\" height=\"768\" src=\"https:\/\/das-stille-woertchen.de\/wp-content\/uploads\/2020\/06\/P1050179-1024x768.jpg\" alt=\"\" class=\"wp-image-4760\" srcset=\"https:\/\/das-stille-woertchen.de\/wp-content\/uploads\/2020\/06\/P1050179-1024x768.jpg 1024w, https:\/\/das-stille-woertchen.de\/wp-content\/uploads\/2020\/06\/P1050179-300x225.jpg 300w, https:\/\/das-stille-woertchen.de\/wp-content\/uploads\/2020\/06\/P1050179-768x576.jpg 768w, https:\/\/das-stille-woertchen.de\/wp-content\/uploads\/2020\/06\/P1050179.jpg 1067w\" sizes=\"auto, (max-width: 1024px) 100vw, 1024px\" \/><\/figure>\n\n\n\n<p>Und sonst so? Na, geplantscht wurde nat\u00fcrlich auch schon flei\u00dfig. Obwohl die gro\u00dfe Sommerhitze bisher zum Gl\u00fcck ausblieb &#8211; Schwein kann auch bei angenehmen 20 Grad ein k\u00fchles Bad gebrauchen. Vor allem, wenn in der Suhle die Brunnenkresse so sch\u00f6n bl\u00fcht!<br><br><\/p>\n\n\n\n<figure class=\"wp-block-image size-large\"><img loading=\"lazy\" decoding=\"async\" width=\"1024\" height=\"768\" src=\"https:\/\/das-stille-woertchen.de\/wp-content\/uploads\/2020\/06\/P1040902-1024x768.jpg\" alt=\"\" class=\"wp-image-4755\" srcset=\"https:\/\/das-stille-woertchen.de\/wp-content\/uploads\/2020\/06\/P1040902-1024x768.jpg 1024w, https:\/\/das-stille-woertchen.de\/wp-content\/uploads\/2020\/06\/P1040902-300x225.jpg 300w, https:\/\/das-stille-woertchen.de\/wp-content\/uploads\/2020\/06\/P1040902-768x576.jpg 768w, https:\/\/das-stille-woertchen.de\/wp-content\/uploads\/2020\/06\/P1040902.jpg 1067w\" sizes=\"auto, (max-width: 1024px) 100vw, 1024px\" \/><\/figure>\n\n\n\n<figure class=\"wp-block-image size-large\"><img loading=\"lazy\" decoding=\"async\" width=\"1024\" height=\"768\" src=\"https:\/\/das-stille-woertchen.de\/wp-content\/uploads\/2020\/06\/P1040892-1024x768.jpg\" alt=\"\" class=\"wp-image-4754\" srcset=\"https:\/\/das-stille-woertchen.de\/wp-content\/uploads\/2020\/06\/P1040892-1024x768.jpg 1024w, https:\/\/das-stille-woertchen.de\/wp-content\/uploads\/2020\/06\/P1040892-300x225.jpg 300w, https:\/\/das-stille-woertchen.de\/wp-content\/uploads\/2020\/06\/P1040892-768x576.jpg 768w, https:\/\/das-stille-woertchen.de\/wp-content\/uploads\/2020\/06\/P1040892.jpg 1067w\" sizes=\"auto, (max-width: 1024px) 100vw, 1024px\" \/><\/figure>\n\n\n\n<p><br>Ein paar h\u00fcndische Impressionen d\u00fcrfen im Fr\u00fchsommer nat\u00fcrlich auch nicht fehlen. Aber nicht, dass das jetzt den Eindruck erweckt, wir Terrort\u00f6len lungern nur faul herum. Uns entgeht nix &#8211; und etwaig geschlossene Augen sind nur ein Ablenkungsman\u00f6ver!<br><\/p>\n\n\n\n<figure class=\"wp-block-image size-large\"><img loading=\"lazy\" decoding=\"async\" width=\"1024\" height=\"768\" src=\"https:\/\/das-stille-woertchen.de\/wp-content\/uploads\/2020\/06\/P1040847-1024x768.jpg\" alt=\"\" class=\"wp-image-4751\" srcset=\"https:\/\/das-stille-woertchen.de\/wp-content\/uploads\/2020\/06\/P1040847-1024x768.jpg 1024w, https:\/\/das-stille-woertchen.de\/wp-content\/uploads\/2020\/06\/P1040847-300x225.jpg 300w, https:\/\/das-stille-woertchen.de\/wp-content\/uploads\/2020\/06\/P1040847-768x576.jpg 768w, https:\/\/das-stille-woertchen.de\/wp-content\/uploads\/2020\/06\/P1040847.jpg 1067w\" sizes=\"auto, (max-width: 1024px) 100vw, 1024px\" \/><\/figure>\n\n\n\n<figure class=\"wp-block-image size-large\"><img loading=\"lazy\" decoding=\"async\" width=\"1024\" height=\"768\" src=\"https:\/\/das-stille-woertchen.de\/wp-content\/uploads\/2020\/06\/P1040842-1024x768.jpg\" alt=\"\" class=\"wp-image-4749\" srcset=\"https:\/\/das-stille-woertchen.de\/wp-content\/uploads\/2020\/06\/P1040842-1024x768.jpg 1024w, https:\/\/das-stille-woertchen.de\/wp-content\/uploads\/2020\/06\/P1040842-300x225.jpg 300w, https:\/\/das-stille-woertchen.de\/wp-content\/uploads\/2020\/06\/P1040842-768x576.jpg 768w, https:\/\/das-stille-woertchen.de\/wp-content\/uploads\/2020\/06\/P1040842.jpg 1067w\" sizes=\"auto, (max-width: 1024px) 100vw, 1024px\" \/><\/figure>\n\n\n\n<figure class=\"wp-block-image size-large\"><img loading=\"lazy\" decoding=\"async\" width=\"1024\" height=\"768\" src=\"https:\/\/das-stille-woertchen.de\/wp-content\/uploads\/2020\/06\/P1040843-1024x768.jpg\" alt=\"\" class=\"wp-image-4750\" srcset=\"https:\/\/das-stille-woertchen.de\/wp-content\/uploads\/2020\/06\/P1040843-1024x768.jpg 1024w, https:\/\/das-stille-woertchen.de\/wp-content\/uploads\/2020\/06\/P1040843-300x225.jpg 300w, https:\/\/das-stille-woertchen.de\/wp-content\/uploads\/2020\/06\/P1040843-768x576.jpg 768w, https:\/\/das-stille-woertchen.de\/wp-content\/uploads\/2020\/06\/P1040843.jpg 1067w\" sizes=\"auto, (max-width: 1024px) 100vw, 1024px\" \/><\/figure>\n\n\n\n<p>Auch Mieze Molly gibt&#8217;s in Nahaufnahme:<br><\/p>\n\n\n\n<figure class=\"wp-block-image size-large\"><img loading=\"lazy\" decoding=\"async\" width=\"1024\" height=\"768\" src=\"https:\/\/das-stille-woertchen.de\/wp-content\/uploads\/2020\/06\/P1040794-1024x768.jpg\" alt=\"\" class=\"wp-image-4742\" srcset=\"https:\/\/das-stille-woertchen.de\/wp-content\/uploads\/2020\/06\/P1040794-1024x768.jpg 1024w, https:\/\/das-stille-woertchen.de\/wp-content\/uploads\/2020\/06\/P1040794-300x225.jpg 300w, https:\/\/das-stille-woertchen.de\/wp-content\/uploads\/2020\/06\/P1040794-768x576.jpg 768w, https:\/\/das-stille-woertchen.de\/wp-content\/uploads\/2020\/06\/P1040794.jpg 1067w\" sizes=\"auto, (max-width: 1024px) 100vw, 1024px\" \/><\/figure>\n\n\n\n<p>Und w\u00e4hrend Molly noch erstaunt guckt, spielt Sticky ein bisschen Tiger im Dschungel:<\/p>\n\n\n\n<figure class=\"wp-block-image size-large\"><img loading=\"lazy\" decoding=\"async\" width=\"600\" height=\"800\" src=\"https:\/\/das-stille-woertchen.de\/wp-content\/uploads\/2020\/06\/P1040791.jpg\" alt=\"\" class=\"wp-image-4741\" srcset=\"https:\/\/das-stille-woertchen.de\/wp-content\/uploads\/2020\/06\/P1040791.jpg 600w, https:\/\/das-stille-woertchen.de\/wp-content\/uploads\/2020\/06\/P1040791-225x300.jpg 225w\" sizes=\"auto, (max-width: 600px) 100vw, 600px\" \/><\/figure>\n\n\n\n<p>So und nun kommen wir vom Tierischen zum aktuellen Gartenlagebericht.<br>Wie schon gesagt &#8211; alles w\u00e4chst! Wie \u00fcblich nicht nur das Gem\u00fcse, sondern auch allerlei Beikraut. Das wird hier ja an sich gerne gesehen &#8211; denn auch sogenanntes <em>Unkraut<\/em> bl\u00fcht immer so wuuuuundersch\u00f6n. Aber etwas rabiat muss man schon sein, wenn man vom Gem\u00fcse auch was ernten will. Wenn auch auf den ersten Blick vom hiesigen unkrautzupferischen Durchsetzungsverm\u00f6gen recht wenig zu sehen sein mag:<br><\/p>\n\n\n\n<figure class=\"wp-block-image size-large\"><img loading=\"lazy\" decoding=\"async\" width=\"1024\" height=\"768\" src=\"https:\/\/das-stille-woertchen.de\/wp-content\/uploads\/2020\/06\/P1050266-1024x768.jpg\" alt=\"\" class=\"wp-image-4762\" srcset=\"https:\/\/das-stille-woertchen.de\/wp-content\/uploads\/2020\/06\/P1050266-1024x768.jpg 1024w, https:\/\/das-stille-woertchen.de\/wp-content\/uploads\/2020\/06\/P1050266-300x225.jpg 300w, https:\/\/das-stille-woertchen.de\/wp-content\/uploads\/2020\/06\/P1050266-768x576.jpg 768w, https:\/\/das-stille-woertchen.de\/wp-content\/uploads\/2020\/06\/P1050266.jpg 1067w\" sizes=\"auto, (max-width: 1024px) 100vw, 1024px\" \/><\/figure>\n\n\n\n<p>Aber bei genauerem Gucken sind <em>gaaaaaanz<\/em> deutlich die Reihen zu erkennen. Da zum Beispiel &#8211; ordentlich aufgeschn\u00fcrt &#8211; die Zuckererbsen:<br><br><\/p>\n\n\n\n<figure class=\"wp-block-image size-large\"><img loading=\"lazy\" decoding=\"async\" width=\"1024\" height=\"768\" src=\"https:\/\/das-stille-woertchen.de\/wp-content\/uploads\/2020\/06\/P1050285-1024x768.jpg\" alt=\"\" class=\"wp-image-4767\" srcset=\"https:\/\/das-stille-woertchen.de\/wp-content\/uploads\/2020\/06\/P1050285-1024x768.jpg 1024w, https:\/\/das-stille-woertchen.de\/wp-content\/uploads\/2020\/06\/P1050285-300x225.jpg 300w, https:\/\/das-stille-woertchen.de\/wp-content\/uploads\/2020\/06\/P1050285-768x576.jpg 768w, https:\/\/das-stille-woertchen.de\/wp-content\/uploads\/2020\/06\/P1050285.jpg 1067w\" sizes=\"auto, (max-width: 1024px) 100vw, 1024px\" \/><\/figure>\n\n\n\n<p>Zuckererbsenbl\u00fcten sind jedes Jahr einer der tollsten Hingucker im Beet. Und sowas nennt sich <em>Nutz<\/em>pflanze! Ne essbare H\u00fcbschpflanze ist das. Und das reinste Fastfood. Wenn die Schoten reif sind, einfach pfl\u00fccken, kurz in der Pfanne and\u00fcnsten &#8211; und guten Appetit!<br><br><\/p>\n\n\n\n<figure class=\"wp-block-image size-large\"><img loading=\"lazy\" decoding=\"async\" width=\"600\" height=\"800\" src=\"https:\/\/das-stille-woertchen.de\/wp-content\/uploads\/2020\/06\/P1050282.jpg\" alt=\"\" class=\"wp-image-4766\" srcset=\"https:\/\/das-stille-woertchen.de\/wp-content\/uploads\/2020\/06\/P1050282.jpg 600w, https:\/\/das-stille-woertchen.de\/wp-content\/uploads\/2020\/06\/P1050282-225x300.jpg 225w\" sizes=\"auto, (max-width: 600px) 100vw, 600px\" \/><\/figure>\n\n\n\n<p>Dieses Jahr tummeln sich &#8211; unter anderem &#8211; mal wieder ein paar Kichererbsenpflanzen im Garten (ein genauer \u00dcberblick \u00fcber die Beetinhalte folgt bestenfalls noch!):<br><\/p>\n\n\n\n<figure class=\"wp-block-image size-large\"><img loading=\"lazy\" decoding=\"async\" width=\"1024\" height=\"768\" src=\"https:\/\/das-stille-woertchen.de\/wp-content\/uploads\/2020\/06\/P1050295-1024x768.jpg\" alt=\"\" class=\"wp-image-4772\" srcset=\"https:\/\/das-stille-woertchen.de\/wp-content\/uploads\/2020\/06\/P1050295-1024x768.jpg 1024w, https:\/\/das-stille-woertchen.de\/wp-content\/uploads\/2020\/06\/P1050295-300x225.jpg 300w, https:\/\/das-stille-woertchen.de\/wp-content\/uploads\/2020\/06\/P1050295-768x576.jpg 768w, https:\/\/das-stille-woertchen.de\/wp-content\/uploads\/2020\/06\/P1050295.jpg 1067w\" sizes=\"auto, (max-width: 1024px) 100vw, 1024px\" \/><\/figure>\n\n\n\n<p>Die Kartoffeln wachsen, wenn auch noch recht gem\u00fctlich, vor sich hin:<\/p>\n\n\n\n<figure class=\"wp-block-image size-large\"><img loading=\"lazy\" decoding=\"async\" width=\"1024\" height=\"768\" src=\"https:\/\/das-stille-woertchen.de\/wp-content\/uploads\/2020\/06\/P1050292-1024x768.jpg\" alt=\"\" class=\"wp-image-4770\" srcset=\"https:\/\/das-stille-woertchen.de\/wp-content\/uploads\/2020\/06\/P1050292-1024x768.jpg 1024w, https:\/\/das-stille-woertchen.de\/wp-content\/uploads\/2020\/06\/P1050292-300x225.jpg 300w, https:\/\/das-stille-woertchen.de\/wp-content\/uploads\/2020\/06\/P1050292-768x576.jpg 768w, https:\/\/das-stille-woertchen.de\/wp-content\/uploads\/2020\/06\/P1050292.jpg 1067w\" sizes=\"auto, (max-width: 1024px) 100vw, 1024px\" \/><figcaption>I<\/figcaption><\/figure>\n\n\n\n<p>Im Gew\u00e4chshaus haben es die Tomaten etwas eiliger. Vorne links sind Auberginenpflanzen und Paprika zu sehen. Davon gibt es auch noch welche im Hochbeet. H\u00f6henm\u00e4\u00dfig sind sie bisher gleichauf. Was rechts bl\u00fcht, ist Rucola. Der darf sich selbst auss\u00e4hen.<\/p>\n\n\n\n<figure class=\"wp-block-image size-large\"><img loading=\"lazy\" decoding=\"async\" width=\"1024\" height=\"768\" src=\"https:\/\/das-stille-woertchen.de\/wp-content\/uploads\/2020\/06\/P1050287-1024x768.jpg\" alt=\"\" class=\"wp-image-4768\" srcset=\"https:\/\/das-stille-woertchen.de\/wp-content\/uploads\/2020\/06\/P1050287-1024x768.jpg 1024w, https:\/\/das-stille-woertchen.de\/wp-content\/uploads\/2020\/06\/P1050287-300x225.jpg 300w, https:\/\/das-stille-woertchen.de\/wp-content\/uploads\/2020\/06\/P1050287-768x576.jpg 768w, https:\/\/das-stille-woertchen.de\/wp-content\/uploads\/2020\/06\/P1050287.jpg 1067w\" sizes=\"auto, (max-width: 1024px) 100vw, 1024px\" \/><\/figure>\n\n\n\n<p>Und weil man ja nie genug Tomaten haben kann (und sage und schreibe \u00fcber 300 Pflanzen ausgepflanzt wurden &#8211; viele als regengef\u00e4hrdetes Freilandexperiment), hat einer der Zweibeiner noch einen mobilen Regenschutz gezimmert &#8211; aus einem alten Traktoranh\u00e4nger, der seit Jahren ungenutzt herum gestanden war:<\/p>\n\n\n\n<figure class=\"wp-block-image size-large\"><img loading=\"lazy\" decoding=\"async\" width=\"1024\" height=\"768\" src=\"https:\/\/das-stille-woertchen.de\/wp-content\/uploads\/2020\/06\/P1050293-1024x768.jpg\" alt=\"\" class=\"wp-image-4771\" srcset=\"https:\/\/das-stille-woertchen.de\/wp-content\/uploads\/2020\/06\/P1050293-1024x768.jpg 1024w, https:\/\/das-stille-woertchen.de\/wp-content\/uploads\/2020\/06\/P1050293-300x225.jpg 300w, https:\/\/das-stille-woertchen.de\/wp-content\/uploads\/2020\/06\/P1050293-768x576.jpg 768w, https:\/\/das-stille-woertchen.de\/wp-content\/uploads\/2020\/06\/P1050293.jpg 1067w\" sizes=\"auto, (max-width: 1024px) 100vw, 1024px\" \/><\/figure>\n\n\n\n<p>Hier ein leuchtender Mangold beim Bl\u00fchen:<\/p>\n\n\n\n<figure class=\"wp-block-image size-large\"><img loading=\"lazy\" decoding=\"async\" width=\"1024\" height=\"768\" src=\"https:\/\/das-stille-woertchen.de\/wp-content\/uploads\/2020\/06\/P1050329-1024x768.jpg\" alt=\"\" class=\"wp-image-4774\" srcset=\"https:\/\/das-stille-woertchen.de\/wp-content\/uploads\/2020\/06\/P1050329-1024x768.jpg 1024w, https:\/\/das-stille-woertchen.de\/wp-content\/uploads\/2020\/06\/P1050329-300x225.jpg 300w, https:\/\/das-stille-woertchen.de\/wp-content\/uploads\/2020\/06\/P1050329-768x576.jpg 768w, https:\/\/das-stille-woertchen.de\/wp-content\/uploads\/2020\/06\/P1050329.jpg 1067w\" sizes=\"auto, (max-width: 1024px) 100vw, 1024px\" \/><\/figure>\n\n\n\n<p>Und da eine Prise nettes Beikraut. Diesen gelbbl\u00fchenden Klee (was f\u00fcr einer das ist, muss noch eruiert werden!) lieben Hummeln, Bienen und ihre Freunde. (Leider kriegt man sie immer so schlecht vor die Linse!) Das Lilafarbene ist laut Pflanzenbestimmungsapp auf dem Handy einen Frauenviole.<\/p>\n\n\n\n<figure class=\"wp-block-image size-large\"><img loading=\"lazy\" decoding=\"async\" width=\"1024\" height=\"768\" src=\"https:\/\/das-stille-woertchen.de\/wp-content\/uploads\/2020\/06\/P1050328-1024x768.jpg\" alt=\"\" class=\"wp-image-4773\" srcset=\"https:\/\/das-stille-woertchen.de\/wp-content\/uploads\/2020\/06\/P1050328-1024x768.jpg 1024w, https:\/\/das-stille-woertchen.de\/wp-content\/uploads\/2020\/06\/P1050328-300x225.jpg 300w, https:\/\/das-stille-woertchen.de\/wp-content\/uploads\/2020\/06\/P1050328-768x576.jpg 768w, https:\/\/das-stille-woertchen.de\/wp-content\/uploads\/2020\/06\/P1050328.jpg 1067w\" sizes=\"auto, (max-width: 1024px) 100vw, 1024px\" \/><\/figure>\n\n\n\n<p>Weniger h\u00fcbsch und bunt &#8211; daf\u00fcr sehr stinkend und gut d\u00fcngend:<br>Ackerschachtelhalmbr\u00fche! Die muffelt im Gew\u00e4chshaus vor sich hin und darf bald die Tomatenpflanzen zu noch mehr Wachstum anregen.<\/p>\n\n\n\n<figure class=\"wp-block-image size-large\"><img loading=\"lazy\" decoding=\"async\" width=\"1024\" height=\"768\" src=\"https:\/\/das-stille-woertchen.de\/wp-content\/uploads\/2020\/06\/P1050289-1024x768.jpg\" alt=\"\" class=\"wp-image-4769\" srcset=\"https:\/\/das-stille-woertchen.de\/wp-content\/uploads\/2020\/06\/P1050289-1024x768.jpg 1024w, https:\/\/das-stille-woertchen.de\/wp-content\/uploads\/2020\/06\/P1050289-300x225.jpg 300w, https:\/\/das-stille-woertchen.de\/wp-content\/uploads\/2020\/06\/P1050289-768x576.jpg 768w, https:\/\/das-stille-woertchen.de\/wp-content\/uploads\/2020\/06\/P1050289.jpg 1067w\" sizes=\"auto, (max-width: 1024px) 100vw, 1024px\" \/><\/figure>\n\n\n\n<p>Derzeit besonders nett zu betrachten ist der wilde, wilde und bunte Vorgarten. Da etwas schwer erkenntliche B\u00e4umchen linkst ist der Ginko. Der hat wie schon im Jahr zuvor einen sp\u00e4ten Frost abbekommen und muss sein Blattwerk noch mal erneuern. \u00dcberhaupt ist so einiges erfroren. Beeren und N\u00fcsse gibt es dieses Jahr keine  und auch mit Pflaumen, Pfirsichen und Co sieht es schlecht aus. (Weil sich der Beginn der Wachstumsperiode der Pflanzen &#8222;dank&#8220; Klimawandel immer mehr nach vorne ins Jahr verschiebt, wird die Gefahr durch sp\u00e4ten Frost einen Schaden abzukriegen, immer gr\u00f6\u00dfer. Seufzseufzseufz.)<\/p>\n\n\n\n<figure class=\"wp-block-image size-large\"><img loading=\"lazy\" decoding=\"async\" width=\"1024\" height=\"768\" src=\"https:\/\/das-stille-woertchen.de\/wp-content\/uploads\/2020\/06\/P1050333-1024x768.jpg\" alt=\"\" class=\"wp-image-4775\" srcset=\"https:\/\/das-stille-woertchen.de\/wp-content\/uploads\/2020\/06\/P1050333-1024x768.jpg 1024w, https:\/\/das-stille-woertchen.de\/wp-content\/uploads\/2020\/06\/P1050333-300x225.jpg 300w, https:\/\/das-stille-woertchen.de\/wp-content\/uploads\/2020\/06\/P1050333-768x576.jpg 768w, https:\/\/das-stille-woertchen.de\/wp-content\/uploads\/2020\/06\/P1050333.jpg 1067w\" sizes=\"auto, (max-width: 1024px) 100vw, 1024px\" \/><\/figure>\n\n\n\n<p>Aber zur\u00fcck zum Erfreulichen &#8211;  einer bl\u00fchenden Haferwurzel. Eine alte (zweij\u00e4hrige) Wurzelgem\u00fcsesorte, die sich in der Bl\u00fcte als ziemliche Angeberin entpuppt- ist die nicht wuuuuuuundersch\u00f6n?!<br><br><\/p>\n\n\n\n<figure class=\"wp-block-image size-large\"><img loading=\"lazy\" decoding=\"async\" width=\"1024\" height=\"768\" src=\"https:\/\/das-stille-woertchen.de\/wp-content\/uploads\/2020\/06\/P1040825-1024x768.jpg\" alt=\"\" class=\"wp-image-4745\" srcset=\"https:\/\/das-stille-woertchen.de\/wp-content\/uploads\/2020\/06\/P1040825-1024x768.jpg 1024w, https:\/\/das-stille-woertchen.de\/wp-content\/uploads\/2020\/06\/P1040825-300x225.jpg 300w, https:\/\/das-stille-woertchen.de\/wp-content\/uploads\/2020\/06\/P1040825-768x576.jpg 768w, https:\/\/das-stille-woertchen.de\/wp-content\/uploads\/2020\/06\/P1040825.jpg 1067w\" sizes=\"auto, (max-width: 1024px) 100vw, 1024px\" \/><\/figure>\n\n\n\n<figure class=\"wp-block-image size-large\"><img loading=\"lazy\" decoding=\"async\" width=\"1024\" height=\"768\" src=\"https:\/\/das-stille-woertchen.de\/wp-content\/uploads\/2020\/06\/P1040822-1024x768.jpg\" alt=\"\" class=\"wp-image-4744\" srcset=\"https:\/\/das-stille-woertchen.de\/wp-content\/uploads\/2020\/06\/P1040822-1024x768.jpg 1024w, https:\/\/das-stille-woertchen.de\/wp-content\/uploads\/2020\/06\/P1040822-300x225.jpg 300w, https:\/\/das-stille-woertchen.de\/wp-content\/uploads\/2020\/06\/P1040822-768x576.jpg 768w, https:\/\/das-stille-woertchen.de\/wp-content\/uploads\/2020\/06\/P1040822.jpg 1067w\" sizes=\"auto, (max-width: 1024px) 100vw, 1024px\" \/><\/figure>\n\n\n\n<p>Die ebenso adretten Akeleien dagegen sind fast schon wieder verbl\u00fcht. Die hier wirkt zwar etwas unscharf &#8211; daf\u00fcr wurde eine Hummel bei der Arbeit erwischt! <br><\/p>\n\n\n\n<figure class=\"wp-block-image size-large\"><img loading=\"lazy\" decoding=\"async\" width=\"600\" height=\"800\" src=\"https:\/\/das-stille-woertchen.de\/wp-content\/uploads\/2020\/06\/P1040855.jpg\" alt=\"\" class=\"wp-image-4752\" srcset=\"https:\/\/das-stille-woertchen.de\/wp-content\/uploads\/2020\/06\/P1040855.jpg 600w, https:\/\/das-stille-woertchen.de\/wp-content\/uploads\/2020\/06\/P1040855-225x300.jpg 225w\" sizes=\"auto, (max-width: 600px) 100vw, 600px\" \/><\/figure>\n\n\n\n<p>Unser Leinkraut hat dieses Jahr zum ersten Mal gebl\u00fcht. Dabei hat die ausdauernde Staude schon eine ganze Weile lang ihren Platz vorm Wintergarten.<\/p>\n\n\n\n<figure class=\"wp-block-image size-large\"><img loading=\"lazy\" decoding=\"async\" width=\"600\" height=\"800\" src=\"https:\/\/das-stille-woertchen.de\/wp-content\/uploads\/2020\/06\/P1040767.jpg\" alt=\"\" class=\"wp-image-4739\" srcset=\"https:\/\/das-stille-woertchen.de\/wp-content\/uploads\/2020\/06\/P1040767.jpg 600w, https:\/\/das-stille-woertchen.de\/wp-content\/uploads\/2020\/06\/P1040767-225x300.jpg 225w\" sizes=\"auto, (max-width: 600px) 100vw, 600px\" \/><figcaption>T<\/figcaption><\/figure>\n\n\n\n<p>Soviel f\u00fcr dieses Mal. Zum Abschluss noch ein Gast im Garten. Eine echte Prachtlibelle &#8211; also wortw\u00f6rtlich. Nicht nur vom Aussehen her:<\/p>\n\n\n\n<figure class=\"wp-block-image size-large\"><img loading=\"lazy\" decoding=\"async\" width=\"1024\" height=\"768\" src=\"https:\/\/das-stille-woertchen.de\/wp-content\/uploads\/2020\/06\/P1050172-1024x768.jpg\" alt=\"\" class=\"wp-image-4759\" srcset=\"https:\/\/das-stille-woertchen.de\/wp-content\/uploads\/2020\/06\/P1050172-1024x768.jpg 1024w, https:\/\/das-stille-woertchen.de\/wp-content\/uploads\/2020\/06\/P1050172-300x225.jpg 300w, https:\/\/das-stille-woertchen.de\/wp-content\/uploads\/2020\/06\/P1050172-768x576.jpg 768w, https:\/\/das-stille-woertchen.de\/wp-content\/uploads\/2020\/06\/P1050172.jpg 1067w\" sizes=\"auto, (max-width: 1024px) 100vw, 1024px\" \/><\/figure>\n\n\n\n<p>Dann nehmen wir uns hiermit mal vor, uns baldigst mit einem detaillieren Gartenbericht zur\u00fcck zu melden! (Wenn das Gem\u00fcse bis dahin nicht doch im Beikraut verschwunden ist. \u00c4hem.) <\/p>\n","protected":false},"excerpt":{"rendered":"<p>Und schon sommert es wieder. Richtig glauben k\u00f6nnen wir es ja immer noch nicht: Es hat geregnet! Und zwar nicht nur einmal. Sondern so einige Male. Seit ein paar Wochen geht das so und auch richtige Regentage waren dazwischen. Wir &hellip; <a href=\"https:\/\/das-stille-woertchen.de\/index.php\/2020\/06\/18\/fruehsommer\/\">Weiterlesen <span class=\"meta-nav\">&rarr;<\/span><\/a><\/p>\n","protected":false},"author":2,"featured_media":0,"comment_status":"open","ping_status":"open","sticky":false,"template":"","format":"standard","meta":{"footnotes":""},"categories":[11,3,5],"tags":[],"class_list":["post-4735","post","type-post","status-publish","format-standard","hentry","category-grunzeug","category-oertchen","category-tierisch"],"_links":{"self":[{"href":"https:\/\/das-stille-woertchen.de\/index.php\/wp-json\/wp\/v2\/posts\/4735","targetHints":{"allow":["GET"]}}],"collection":[{"href":"https:\/\/das-stille-woertchen.de\/index.php\/wp-json\/wp\/v2\/posts"}],"about":[{"href":"https:\/\/das-stille-woertchen.de\/index.php\/wp-json\/wp\/v2\/types\/post"}],"author":[{"embeddable":true,"href":"https:\/\/das-stille-woertchen.de\/index.php\/wp-json\/wp\/v2\/users\/2"}],"replies":[{"embeddable":true,"href":"https:\/\/das-stille-woertchen.de\/index.php\/wp-json\/wp\/v2\/comments?post=4735"}],"version-history":[{"count":9,"href":"https:\/\/das-stille-woertchen.de\/index.php\/wp-json\/wp\/v2\/posts\/4735\/revisions"}],"predecessor-version":[{"id":4792,"href":"https:\/\/das-stille-woertchen.de\/index.php\/wp-json\/wp\/v2\/posts\/4735\/revisions\/4792"}],"wp:attachment":[{"href":"https:\/\/das-stille-woertchen.de\/index.php\/wp-json\/wp\/v2\/media?parent=4735"}],"wp:term":[{"taxonomy":"category","embeddable":true,"href":"https:\/\/das-stille-woertchen.de\/index.php\/wp-json\/wp\/v2\/categories?post=4735"},{"taxonomy":"post_tag","embeddable":true,"href":"https:\/\/das-stille-woertchen.de\/index.php\/wp-json\/wp\/v2\/tags?post=4735"}],"curies":[{"name":"wp","href":"https:\/\/api.w.org\/{rel}","templated":true}]}}