{"id":4996,"date":"2021-01-19T18:11:31","date_gmt":"2021-01-19T16:11:31","guid":{"rendered":"https:\/\/das-stille-woertchen.de\/?p=4996"},"modified":"2021-01-20T18:10:58","modified_gmt":"2021-01-20T16:10:58","slug":"sonne-strand-und-truebe-suppe","status":"publish","type":"post","link":"https:\/\/das-stille-woertchen.de\/index.php\/2021\/01\/19\/sonne-strand-und-truebe-suppe\/","title":{"rendered":"Sonne, Strand und tr\u00fcbe Suppe"},"content":{"rendered":"\n<p>Genervt sind derzeit ja viele. Schuld ist meistens das b\u00f6se C. So eine Pandemie kann einem schon mal die Laune vermiesen. Denn auch, wenn man das Gl\u00fcck hat, dass all seine Lieben gesund sind (wie es bei uns gerade der Fall ist), darf man schon mal  ein wenig jammern, oder? Hier, auf der heilen Bauernhofinsel betrifft die t\u00e4gliche Jammerei vor allem das Wetter. Seit langen, langen Wochen ist, bis auf einige wenige Ausnahmen, tr\u00fcbe Suppe angesagt. Immer nur Wolken, Wolken, Wolken. Mal nasskalt. Mal nasskalt und st\u00fcrmisch. Mal kalt ohne nass und ohne Sturm &#8230; Hauptsache jedenfalls sonnenlos.<br>Dabei hat der sp\u00e4te Herbst sich erst noch von seiner leuchtenden Seite gezeigt. Anfang November war sogar beinahe T-Shirt-Wetter. Das wurde genutzt, um eeeeendlich den Pferdeauflauf trockenzulegen. End of Matsch &#8211; hoffentlich f\u00fcr immer. Die (menschlichen) Zweibeiner haben zwei, drei Tage lang flei\u00dfig viele, viele Paddockplatten verlegt, dann ordentlich Sand drauf geschaufelt (Schubkarre f\u00fcr Schubkarre f\u00fcr Schubkarre f\u00fcr Schubkarre &#8230;) und dann hie\u00df es:<\/p>\n\n\n\n<p>Adieu olle Matschepflatsche!! <\/p>\n\n\n\n<p><\/p>\n\n\n\n<p>Wie man sieht, gef\u00e4llt es den Pferdchen ganz herausragend, dass die Hufe nicht mehr bei jedem Schritt patschen und quatschen. Und W\u00e4lzen l\u00e4sst es sich im weichen Sand auch ganz wunderbarst. Ab sofort ist jeden Tag Beachparty, hurra!<\/p>\n\n\n\n<figure class=\"wp-block-image size-large\"><img loading=\"lazy\" decoding=\"async\" width=\"450\" height=\"600\" src=\"https:\/\/das-stille-woertchen.de\/wp-content\/uploads\/2021\/01\/P1060355.jpg\" alt=\"\" class=\"wp-image-4960\" srcset=\"https:\/\/das-stille-woertchen.de\/wp-content\/uploads\/2021\/01\/P1060355.jpg 450w, https:\/\/das-stille-woertchen.de\/wp-content\/uploads\/2021\/01\/P1060355-225x300.jpg 225w\" sizes=\"auto, (max-width: 450px) 100vw, 450px\" \/><\/figure>\n\n\n\n<p>Breiter grinsen kann Pippilotta kaum (und das war sogar noch, bevor letzte Woche die Frau Tier\u00e4rztin mit der grooooo\u00dfen Feile zu Besuch war):<\/p>\n\n\n\n<figure class=\"wp-block-image size-large\"><img loading=\"lazy\" decoding=\"async\" width=\"800\" height=\"600\" src=\"https:\/\/das-stille-woertchen.de\/wp-content\/uploads\/2021\/01\/P1060361.jpg\" alt=\"\" class=\"wp-image-4961\" srcset=\"https:\/\/das-stille-woertchen.de\/wp-content\/uploads\/2021\/01\/P1060361.jpg 800w, https:\/\/das-stille-woertchen.de\/wp-content\/uploads\/2021\/01\/P1060361-300x225.jpg 300w, https:\/\/das-stille-woertchen.de\/wp-content\/uploads\/2021\/01\/P1060361-768x576.jpg 768w\" sizes=\"auto, (max-width: 800px) 100vw, 800px\" \/><\/figure>\n\n\n\n<p>Nach diesen Schnappsch\u00fcssen war dann allerdings erstmal sowas von Schluss mit Sonne. Ein einziger Sonnentag im Dezember (und sage und schreibe 20 Stunden Sonne<em> insgesamt<\/em>) und erst letztes Wochenende dann endlich mal wieder ein (sehr eisiger) Sonnensonntag &#8211; der wurde nat\u00fcrlich gleich f\u00fcr eine gro\u00dfe Fotosession genutzt.<br>Das mit der Ponystrandsause klappt auch, wenn die Welt drumherum schneegepudert und ziemlich kalt ist:<\/p>\n\n\n\n<figure class=\"wp-block-image size-large\"><img loading=\"lazy\" decoding=\"async\" width=\"450\" height=\"600\" src=\"https:\/\/das-stille-woertchen.de\/wp-content\/uploads\/2021\/01\/P1060596.jpg\" alt=\"\" class=\"wp-image-4972\" srcset=\"https:\/\/das-stille-woertchen.de\/wp-content\/uploads\/2021\/01\/P1060596.jpg 450w, https:\/\/das-stille-woertchen.de\/wp-content\/uploads\/2021\/01\/P1060596-225x300.jpg 225w\" sizes=\"auto, (max-width: 450px) 100vw, 450px\" \/><\/figure>\n\n\n\n<figure class=\"wp-block-image size-large\"><img loading=\"lazy\" decoding=\"async\" width=\"800\" height=\"600\" src=\"https:\/\/das-stille-woertchen.de\/wp-content\/uploads\/2021\/01\/P1060574.jpg\" alt=\"\" class=\"wp-image-4970\" srcset=\"https:\/\/das-stille-woertchen.de\/wp-content\/uploads\/2021\/01\/P1060574.jpg 800w, https:\/\/das-stille-woertchen.de\/wp-content\/uploads\/2021\/01\/P1060574-300x225.jpg 300w, https:\/\/das-stille-woertchen.de\/wp-content\/uploads\/2021\/01\/P1060574-768x576.jpg 768w\" sizes=\"auto, (max-width: 800px) 100vw, 800px\" \/><\/figure>\n\n\n\n<figure class=\"wp-block-image size-large\"><img loading=\"lazy\" decoding=\"async\" width=\"450\" height=\"600\" src=\"https:\/\/das-stille-woertchen.de\/wp-content\/uploads\/2021\/01\/P1060566.jpg\" alt=\"\" class=\"wp-image-4969\" srcset=\"https:\/\/das-stille-woertchen.de\/wp-content\/uploads\/2021\/01\/P1060566.jpg 450w, https:\/\/das-stille-woertchen.de\/wp-content\/uploads\/2021\/01\/P1060566-225x300.jpg 225w\" sizes=\"auto, (max-width: 450px) 100vw, 450px\" \/><\/figure>\n\n\n\n<p>Obwohl eine Weile Dauerfrost herrschte (seit heute ist Schneeschmelze angesagt) &#8211; abseits des Pferdegeheges war dann doch meist Matsch wie \u00fcblich Thema der Saison. Zumindest in ihrem Gehege am Stall haben die Schweinchen seit dem Herbst Hackschnitzel als Einstreu. So bleiben die R\u00fcssel und Klauen einigerma\u00dfen trocken. Rundherum sah es die meiste Zeit so aus &#8211; und wenn die Matschepatsche dann auch noch festfriert und zur Huckelpiste wird, gef\u00e4llt das den geliebten R\u00fcsseltierchen leider auch nicht viel besser:<\/p>\n\n\n\n<figure class=\"wp-block-image size-large\"><img loading=\"lazy\" decoding=\"async\" width=\"450\" height=\"600\" src=\"https:\/\/das-stille-woertchen.de\/wp-content\/uploads\/2021\/01\/P1060403.jpg\" alt=\"\" class=\"wp-image-4963\" srcset=\"https:\/\/das-stille-woertchen.de\/wp-content\/uploads\/2021\/01\/P1060403.jpg 450w, https:\/\/das-stille-woertchen.de\/wp-content\/uploads\/2021\/01\/P1060403-225x300.jpg 225w\" sizes=\"auto, (max-width: 450px) 100vw, 450px\" \/><\/figure>\n\n\n\n<p>Da schon lieber Sonne &#8211; und Kuscheln (und Quatsch machen) im trockenen Stroh! <\/p>\n\n\n\n<figure class=\"wp-block-image size-large\"><img loading=\"lazy\" decoding=\"async\" width=\"800\" height=\"600\" src=\"https:\/\/das-stille-woertchen.de\/wp-content\/uploads\/2021\/01\/P1060711.jpg\" alt=\"\" class=\"wp-image-4979\" srcset=\"https:\/\/das-stille-woertchen.de\/wp-content\/uploads\/2021\/01\/P1060711.jpg 800w, https:\/\/das-stille-woertchen.de\/wp-content\/uploads\/2021\/01\/P1060711-300x225.jpg 300w, https:\/\/das-stille-woertchen.de\/wp-content\/uploads\/2021\/01\/P1060711-768x576.jpg 768w\" sizes=\"auto, (max-width: 800px) 100vw, 800px\" \/><\/figure>\n\n\n\n<figure class=\"wp-block-image size-large\"><img loading=\"lazy\" decoding=\"async\" width=\"800\" height=\"600\" src=\"https:\/\/das-stille-woertchen.de\/wp-content\/uploads\/2021\/01\/P1060642.jpg\" alt=\"\" class=\"wp-image-4977\" srcset=\"https:\/\/das-stille-woertchen.de\/wp-content\/uploads\/2021\/01\/P1060642.jpg 800w, https:\/\/das-stille-woertchen.de\/wp-content\/uploads\/2021\/01\/P1060642-300x225.jpg 300w, https:\/\/das-stille-woertchen.de\/wp-content\/uploads\/2021\/01\/P1060642-768x576.jpg 768w\" sizes=\"auto, (max-width: 800px) 100vw, 800px\" \/><\/figure>\n\n\n\n<figure class=\"wp-block-image size-large\"><img loading=\"lazy\" decoding=\"async\" width=\"800\" height=\"600\" src=\"https:\/\/das-stille-woertchen.de\/wp-content\/uploads\/2021\/01\/P1060617.jpg\" alt=\"\" class=\"wp-image-4975\" srcset=\"https:\/\/das-stille-woertchen.de\/wp-content\/uploads\/2021\/01\/P1060617.jpg 800w, https:\/\/das-stille-woertchen.de\/wp-content\/uploads\/2021\/01\/P1060617-300x225.jpg 300w, https:\/\/das-stille-woertchen.de\/wp-content\/uploads\/2021\/01\/P1060617-768x576.jpg 768w\" sizes=\"auto, (max-width: 800px) 100vw, 800px\" \/><\/figure>\n\n\n\n<figure class=\"wp-block-image size-large\"><img loading=\"lazy\" decoding=\"async\" width=\"800\" height=\"600\" src=\"https:\/\/das-stille-woertchen.de\/wp-content\/uploads\/2021\/01\/P1060622.jpg\" alt=\"\" class=\"wp-image-4976\" srcset=\"https:\/\/das-stille-woertchen.de\/wp-content\/uploads\/2021\/01\/P1060622.jpg 800w, https:\/\/das-stille-woertchen.de\/wp-content\/uploads\/2021\/01\/P1060622-300x225.jpg 300w, https:\/\/das-stille-woertchen.de\/wp-content\/uploads\/2021\/01\/P1060622-768x576.jpg 768w\" sizes=\"auto, (max-width: 800px) 100vw, 800px\" \/><\/figure>\n\n\n\n<figure class=\"wp-block-image size-large\"><img loading=\"lazy\" decoding=\"async\" width=\"800\" height=\"600\" src=\"https:\/\/das-stille-woertchen.de\/wp-content\/uploads\/2021\/01\/P1060652.jpg\" alt=\"\" class=\"wp-image-4978\" srcset=\"https:\/\/das-stille-woertchen.de\/wp-content\/uploads\/2021\/01\/P1060652.jpg 800w, https:\/\/das-stille-woertchen.de\/wp-content\/uploads\/2021\/01\/P1060652-300x225.jpg 300w, https:\/\/das-stille-woertchen.de\/wp-content\/uploads\/2021\/01\/P1060652-768x576.jpg 768w\" sizes=\"auto, (max-width: 800px) 100vw, 800px\" \/><\/figure>\n\n\n\n<figure class=\"wp-block-image size-large\"><img loading=\"lazy\" decoding=\"async\" width=\"597\" height=\"600\" src=\"https:\/\/das-stille-woertchen.de\/wp-content\/uploads\/2021\/01\/Gl\u00fccksfussel.jpg\" alt=\"\" class=\"wp-image-4956\" srcset=\"https:\/\/das-stille-woertchen.de\/wp-content\/uploads\/2021\/01\/Gl\u00fccksfussel.jpg 597w, https:\/\/das-stille-woertchen.de\/wp-content\/uploads\/2021\/01\/Gl\u00fccksfussel-150x150.jpg 150w\" sizes=\"auto, (max-width: 597px) 100vw, 597px\" \/><\/figure>\n\n\n\n<p><\/p>\n\n\n\n<figure class=\"wp-block-image size-large\"><img loading=\"lazy\" decoding=\"async\" width=\"600\" height=\"600\" src=\"https:\/\/das-stille-woertchen.de\/wp-content\/uploads\/2021\/01\/schwelfie-mit-fu.jpg\" alt=\"\" class=\"wp-image-4995\" srcset=\"https:\/\/das-stille-woertchen.de\/wp-content\/uploads\/2021\/01\/schwelfie-mit-fu.jpg 600w, https:\/\/das-stille-woertchen.de\/wp-content\/uploads\/2021\/01\/schwelfie-mit-fu-300x300.jpg 300w, https:\/\/das-stille-woertchen.de\/wp-content\/uploads\/2021\/01\/schwelfie-mit-fu-150x150.jpg 150w\" sizes=\"auto, (max-width: 600px) 100vw, 600px\" \/><\/figure>\n\n\n\n<p>Schneeimpressionen gab und gibt es dieses Jahr auch wieder ein paar.<\/p>\n\n\n\n<p>Schicke H\u00e4ubchen diverser Art zum Beispiel. <br>Auf  Zaunposten.<\/p>\n\n\n\n<p><\/p>\n\n\n\n<figure class=\"wp-block-image size-large\"><img loading=\"lazy\" decoding=\"async\" width=\"800\" height=\"600\" src=\"https:\/\/das-stille-woertchen.de\/wp-content\/uploads\/2021\/01\/P1060775.jpg\" alt=\"\" class=\"wp-image-4982\" srcset=\"https:\/\/das-stille-woertchen.de\/wp-content\/uploads\/2021\/01\/P1060775.jpg 800w, https:\/\/das-stille-woertchen.de\/wp-content\/uploads\/2021\/01\/P1060775-300x225.jpg 300w, https:\/\/das-stille-woertchen.de\/wp-content\/uploads\/2021\/01\/P1060775-768x576.jpg 768w\" sizes=\"auto, (max-width: 800px) 100vw, 800px\" \/><\/figure>\n\n\n\n<p>Auf dem Gr\u00fcnkohl &#8211; das einzige G&#8217;m\u00fcs was derzeit im Garten noch auf die Ernte wartet &#8211; aber die n\u00e4chste Gartensaison wird seit Kurzem schon wieder in Form von Vorzuchten im Wohnzimmer vorbereitet!<\/p>\n\n\n\n<figure class=\"wp-block-image size-large\"><img loading=\"lazy\" decoding=\"async\" width=\"450\" height=\"600\" src=\"https:\/\/das-stille-woertchen.de\/wp-content\/uploads\/2021\/01\/P1060534.jpg\" alt=\"\" class=\"wp-image-4966\" srcset=\"https:\/\/das-stille-woertchen.de\/wp-content\/uploads\/2021\/01\/P1060534.jpg 450w, https:\/\/das-stille-woertchen.de\/wp-content\/uploads\/2021\/01\/P1060534-225x300.jpg 225w\" sizes=\"auto, (max-width: 450px) 100vw, 450px\" \/><\/figure>\n\n\n\n<p>Auf den Sommerrelikten im Staudenbeet:<\/p>\n\n\n\n<figure class=\"wp-block-image size-large\"><img loading=\"lazy\" decoding=\"async\" width=\"450\" height=\"600\" src=\"https:\/\/das-stille-woertchen.de\/wp-content\/uploads\/2021\/01\/P1060779.jpg\" alt=\"\" class=\"wp-image-4984\" srcset=\"https:\/\/das-stille-woertchen.de\/wp-content\/uploads\/2021\/01\/P1060779.jpg 450w, https:\/\/das-stille-woertchen.de\/wp-content\/uploads\/2021\/01\/P1060779-225x300.jpg 225w\" sizes=\"auto, (max-width: 450px) 100vw, 450px\" \/><\/figure>\n\n\n\n<p>Oder hier &#8211; eisig-klirrig-frostige (Zacken-)kunst.<\/p>\n\n\n\n<figure class=\"wp-block-image size-large\"><img loading=\"lazy\" decoding=\"async\" width=\"450\" height=\"600\" src=\"https:\/\/das-stille-woertchen.de\/wp-content\/uploads\/2021\/01\/P1060891.jpg\" alt=\"\" class=\"wp-image-4988\" srcset=\"https:\/\/das-stille-woertchen.de\/wp-content\/uploads\/2021\/01\/P1060891.jpg 450w, https:\/\/das-stille-woertchen.de\/wp-content\/uploads\/2021\/01\/P1060891-225x300.jpg 225w\" sizes=\"auto, (max-width: 450px) 100vw, 450px\" \/><\/figure>\n\n\n\n<figure class=\"wp-block-image size-large\"><img loading=\"lazy\" decoding=\"async\" width=\"800\" height=\"600\" src=\"https:\/\/das-stille-woertchen.de\/wp-content\/uploads\/2021\/01\/P1060893.jpg\" alt=\"\" class=\"wp-image-4989\" srcset=\"https:\/\/das-stille-woertchen.de\/wp-content\/uploads\/2021\/01\/P1060893.jpg 800w, https:\/\/das-stille-woertchen.de\/wp-content\/uploads\/2021\/01\/P1060893-300x225.jpg 300w, https:\/\/das-stille-woertchen.de\/wp-content\/uploads\/2021\/01\/P1060893-768x576.jpg 768w\" sizes=\"auto, (max-width: 800px) 100vw, 800px\" \/><\/figure>\n\n\n\n<p>Eine Terrort\u00f6le im Schnee macht sich auch sehr dekorativ (obwohl Lila, zu Recht, etwas skeptisch guckt):<\/p>\n\n\n\n<figure class=\"wp-block-image size-large\"><img loading=\"lazy\" decoding=\"async\" width=\"450\" height=\"600\" src=\"https:\/\/das-stille-woertchen.de\/wp-content\/uploads\/2021\/01\/P1060481.jpg\" alt=\"\" class=\"wp-image-4964\" srcset=\"https:\/\/das-stille-woertchen.de\/wp-content\/uploads\/2021\/01\/P1060481.jpg 450w, https:\/\/das-stille-woertchen.de\/wp-content\/uploads\/2021\/01\/P1060481-225x300.jpg 225w\" sizes=\"auto, (max-width: 450px) 100vw, 450px\" \/><\/figure>\n\n\n\n<p>Und hier Alma, voller Entsetzen in ihren Reh\u00e4uglein, weil der Wetterbericht einfach nie was anderes verspricht als tr\u00fcbe Suppe. Wie soll man den ordentlich den Hof bewachen, so fast ohne Sonne auf der Schnauze?<\/p>\n\n\n\n<figure class=\"wp-block-image size-large\"><img loading=\"lazy\" decoding=\"async\" width=\"450\" height=\"600\" src=\"https:\/\/das-stille-woertchen.de\/wp-content\/uploads\/2021\/01\/P1060528.jpg\" alt=\"\" class=\"wp-image-4965\" srcset=\"https:\/\/das-stille-woertchen.de\/wp-content\/uploads\/2021\/01\/P1060528.jpg 450w, https:\/\/das-stille-woertchen.de\/wp-content\/uploads\/2021\/01\/P1060528-225x300.jpg 225w\" sizes=\"auto, (max-width: 450px) 100vw, 450px\" \/><\/figure>\n\n\n\n<p><\/p>\n\n\n\n<p>Kein Wunder also, dass jeder Sonnenstrahl zum Fotoknipsen genutzt wird.<br>(Aaaaachtung, Selfiealarm!)<\/p>\n\n\n\n<figure class=\"wp-block-image size-large\"><img loading=\"lazy\" decoding=\"async\" width=\"800\" height=\"600\" src=\"https:\/\/das-stille-woertchen.de\/wp-content\/uploads\/2021\/01\/P1060787.jpg\" alt=\"\" class=\"wp-image-4985\" srcset=\"https:\/\/das-stille-woertchen.de\/wp-content\/uploads\/2021\/01\/P1060787.jpg 800w, https:\/\/das-stille-woertchen.de\/wp-content\/uploads\/2021\/01\/P1060787-300x225.jpg 300w, https:\/\/das-stille-woertchen.de\/wp-content\/uploads\/2021\/01\/P1060787-768x576.jpg 768w\" sizes=\"auto, (max-width: 800px) 100vw, 800px\" \/><\/figure>\n\n\n\n<figure class=\"wp-block-image size-large\"><img loading=\"lazy\" decoding=\"async\" width=\"800\" height=\"600\" src=\"https:\/\/das-stille-woertchen.de\/wp-content\/uploads\/2021\/01\/P1060815-e1610971552847.jpg\" alt=\"\" class=\"wp-image-4986\" srcset=\"https:\/\/das-stille-woertchen.de\/wp-content\/uploads\/2021\/01\/P1060815-e1610971552847.jpg 800w, https:\/\/das-stille-woertchen.de\/wp-content\/uploads\/2021\/01\/P1060815-e1610971552847-300x225.jpg 300w, https:\/\/das-stille-woertchen.de\/wp-content\/uploads\/2021\/01\/P1060815-e1610971552847-768x576.jpg 768w\" sizes=\"auto, (max-width: 800px) 100vw, 800px\" \/><\/figure>\n\n\n\n<figure class=\"wp-block-image size-large\"><img loading=\"lazy\" decoding=\"async\" width=\"800\" height=\"600\" src=\"https:\/\/das-stille-woertchen.de\/wp-content\/uploads\/2021\/01\/P1060560-e1610971536282.jpg\" alt=\"\" class=\"wp-image-4968\" srcset=\"https:\/\/das-stille-woertchen.de\/wp-content\/uploads\/2021\/01\/P1060560-e1610971536282.jpg 800w, https:\/\/das-stille-woertchen.de\/wp-content\/uploads\/2021\/01\/P1060560-e1610971536282-300x225.jpg 300w, https:\/\/das-stille-woertchen.de\/wp-content\/uploads\/2021\/01\/P1060560-e1610971536282-768x576.jpg 768w\" sizes=\"auto, (max-width: 800px) 100vw, 800px\" \/><\/figure>\n\n\n\n<figure class=\"wp-block-image size-large\"><img loading=\"lazy\" decoding=\"async\" width=\"800\" height=\"600\" src=\"https:\/\/das-stille-woertchen.de\/wp-content\/uploads\/2021\/01\/P1060579-e1610971516250.jpg\" alt=\"\" class=\"wp-image-4971\" srcset=\"https:\/\/das-stille-woertchen.de\/wp-content\/uploads\/2021\/01\/P1060579-e1610971516250.jpg 800w, https:\/\/das-stille-woertchen.de\/wp-content\/uploads\/2021\/01\/P1060579-e1610971516250-300x225.jpg 300w, https:\/\/das-stille-woertchen.de\/wp-content\/uploads\/2021\/01\/P1060579-e1610971516250-768x576.jpg 768w\" sizes=\"auto, (max-width: 800px) 100vw, 800px\" \/><\/figure>\n\n\n\n<p>Weil die Federtiere nicht so gerne kuscheln, d\u00fcrfen sie auf den Fotos unter sich bleiben:<\/p>\n\n\n\n<figure class=\"wp-block-image size-large\"><img loading=\"lazy\" decoding=\"async\" width=\"800\" height=\"600\" src=\"https:\/\/das-stille-woertchen.de\/wp-content\/uploads\/2021\/01\/P1060600.jpg\" alt=\"\" class=\"wp-image-4973\" srcset=\"https:\/\/das-stille-woertchen.de\/wp-content\/uploads\/2021\/01\/P1060600.jpg 800w, https:\/\/das-stille-woertchen.de\/wp-content\/uploads\/2021\/01\/P1060600-300x225.jpg 300w, https:\/\/das-stille-woertchen.de\/wp-content\/uploads\/2021\/01\/P1060600-768x576.jpg 768w\" sizes=\"auto, (max-width: 800px) 100vw, 800px\" \/><\/figure>\n\n\n\n<p><\/p>\n\n\n\n<p>Die H\u00fchner gucken ja immer ach so ernst. Aber innerlich gackert die Dame hier garantiert seeeeehr vergn\u00fcgt &#8211; die Hennen freuen sich schlie\u00dflich wie alle hier \u00fcber etwas Blau im Himmel. Anders, als die gro\u00dfen Zweibeiner, meckern sie aber recht selten \u00fcber das Wetter.<\/p>\n\n\n\n<figure class=\"wp-block-image size-large\"><img loading=\"lazy\" decoding=\"async\" width=\"450\" height=\"600\" src=\"https:\/\/das-stille-woertchen.de\/wp-content\/uploads\/2021\/01\/P1060770.jpg\" alt=\"\" class=\"wp-image-4981\" srcset=\"https:\/\/das-stille-woertchen.de\/wp-content\/uploads\/2021\/01\/P1060770.jpg 450w, https:\/\/das-stille-woertchen.de\/wp-content\/uploads\/2021\/01\/P1060770-225x300.jpg 225w\" sizes=\"auto, (max-width: 450px) 100vw, 450px\" \/><\/figure>\n\n\n\n<figure class=\"wp-block-image size-large\"><img loading=\"lazy\" decoding=\"async\" width=\"800\" height=\"600\" src=\"https:\/\/das-stille-woertchen.de\/wp-content\/uploads\/2021\/01\/P1060726.jpg\" alt=\"\" class=\"wp-image-4980\" srcset=\"https:\/\/das-stille-woertchen.de\/wp-content\/uploads\/2021\/01\/P1060726.jpg 800w, https:\/\/das-stille-woertchen.de\/wp-content\/uploads\/2021\/01\/P1060726-300x225.jpg 300w, https:\/\/das-stille-woertchen.de\/wp-content\/uploads\/2021\/01\/P1060726-768x576.jpg 768w\" sizes=\"auto, (max-width: 800px) 100vw, 800px\" \/><\/figure>\n\n\n\n<p>Voil\u00e0, noch eine winterliche Gem\u00fcsegarten-Impression. Wegen Dauermatsch (beziehungsweise Dauerrutschgefahr bei Frost)  ist das Beet f\u00fcr die Schweinchen seit einer Weile erstmal gesperrt. Deshalb fehlt Judith gerade dieser tolle Ausblick aus dem Wohnzimmerfenster. H\u00fchner-Wollschwein-Teamwork nennt man das. Schon etwas schwierig f\u00fcr die Frau Autorentante, sich da noch voll und ganz auf  Bildschirm und Tastatur zu konzentrieren. Aber egal &#8211; so eine schweinisch-gackerische Ablenkung ist ganz bestimmt gut f\u00fcr die Muse!<\/p>\n\n\n\n<figure class=\"wp-block-image size-large\"><img loading=\"lazy\" decoding=\"async\" width=\"800\" height=\"600\" src=\"https:\/\/das-stille-woertchen.de\/wp-content\/uploads\/2021\/01\/P1060265.jpg\" alt=\"\" class=\"wp-image-4957\" srcset=\"https:\/\/das-stille-woertchen.de\/wp-content\/uploads\/2021\/01\/P1060265.jpg 800w, https:\/\/das-stille-woertchen.de\/wp-content\/uploads\/2021\/01\/P1060265-300x225.jpg 300w, https:\/\/das-stille-woertchen.de\/wp-content\/uploads\/2021\/01\/P1060265-768x576.jpg 768w\" sizes=\"auto, (max-width: 800px) 100vw, 800px\" \/><\/figure>\n\n\n\n<figure class=\"wp-block-image size-large\"><img loading=\"lazy\" decoding=\"async\" width=\"800\" height=\"600\" src=\"https:\/\/das-stille-woertchen.de\/wp-content\/uploads\/2021\/01\/P1060266.jpg\" alt=\"\" class=\"wp-image-4958\" srcset=\"https:\/\/das-stille-woertchen.de\/wp-content\/uploads\/2021\/01\/P1060266.jpg 800w, https:\/\/das-stille-woertchen.de\/wp-content\/uploads\/2021\/01\/P1060266-300x225.jpg 300w, https:\/\/das-stille-woertchen.de\/wp-content\/uploads\/2021\/01\/P1060266-768x576.jpg 768w\" sizes=\"auto, (max-width: 800px) 100vw, 800px\" \/><\/figure>\n\n\n\n<p>Bittesch\u00f6n, ein farbliches Kontrastprogramm. Zum Gl\u00fcck gibt es rund um Haus und Hof auch bei Dauergrau genug Farbkleckse! <\/p>\n\n\n\n<figure class=\"wp-block-image size-large\"><img loading=\"lazy\" decoding=\"async\" width=\"450\" height=\"600\" src=\"https:\/\/das-stille-woertchen.de\/wp-content\/uploads\/2021\/01\/P1060918.jpg\" alt=\"\" class=\"wp-image-4994\" srcset=\"https:\/\/das-stille-woertchen.de\/wp-content\/uploads\/2021\/01\/P1060918.jpg 450w, https:\/\/das-stille-woertchen.de\/wp-content\/uploads\/2021\/01\/P1060918-225x300.jpg 225w\" sizes=\"auto, (max-width: 450px) 100vw, 450px\" \/><\/figure>\n\n\n\n<p>Und das ist die Ersatz-Terrort\u00f6le hoch oben auf dem Hoftorpfosten. Einen Schnurrbart hat sie immer. So eisig ist der selten.<\/p>\n\n\n\n<figure class=\"wp-block-image size-large\"><img loading=\"lazy\" decoding=\"async\" width=\"800\" height=\"600\" src=\"https:\/\/das-stille-woertchen.de\/wp-content\/uploads\/2021\/01\/P1060914.jpg\" alt=\"\" class=\"wp-image-4993\" srcset=\"https:\/\/das-stille-woertchen.de\/wp-content\/uploads\/2021\/01\/P1060914.jpg 800w, https:\/\/das-stille-woertchen.de\/wp-content\/uploads\/2021\/01\/P1060914-300x225.jpg 300w, https:\/\/das-stille-woertchen.de\/wp-content\/uploads\/2021\/01\/P1060914-768x576.jpg 768w\" sizes=\"auto, (max-width: 800px) 100vw, 800px\" \/><\/figure>\n\n\n\n<p>Und noch eine kleine Erinnerung an den Herbst, in Form einer r\u00e4tselhaften Entdeckung &#8211; im November, bei einem Waldspaziergang.<\/p>\n\n\n\n<figure class=\"wp-block-image size-large\"><img loading=\"lazy\" decoding=\"async\" width=\"800\" height=\"600\" src=\"https:\/\/das-stille-woertchen.de\/wp-content\/uploads\/2021\/01\/P1060373.jpg\" alt=\"\" class=\"wp-image-4962\" srcset=\"https:\/\/das-stille-woertchen.de\/wp-content\/uploads\/2021\/01\/P1060373.jpg 800w, https:\/\/das-stille-woertchen.de\/wp-content\/uploads\/2021\/01\/P1060373-300x225.jpg 300w, https:\/\/das-stille-woertchen.de\/wp-content\/uploads\/2021\/01\/P1060373-768x576.jpg 768w\" sizes=\"auto, (max-width: 800px) 100vw, 800px\" \/><\/figure>\n\n\n\n<p>Das Staunen war erst gro\u00df (und wurde so schnell auch nicht kleiner.) Hm &#8230;? Sind das merkw\u00fcrdige Murmeln auf einem Eichenblatt? Oder Weihnachtspl\u00e4tzchen auf einer eigenwilligen Unterlage? Die Recherche hat ergeben &#8211; das sind Gall\u00e4pfel! Gallwespen legen ihre Eier an Eichenbl\u00e4tter und durch die S\u00e4ure entwickeln sich daran diese schicken Kugeln &#8211; in denen dann die Galllarven wachsen. Verr\u00fcckte Natur! Und man lernt eindeutig nie aus! Kaum zu fassen, wie oft Judith schon mit uns liebsten H\u00fcndchen in der Gegend herum spaziert ist und sowas einfach NIE gesehen hat. Fr\u00fcher, im Mittelalter, hat man aus Gall\u00e4pfeln \u00fcbrigens Tinte gemacht. Aber diesbez\u00fcglich verzichten wir lieber auf Experimente.<\/p>\n\n\n\n<p>Und zum Abschluss &#8211; grinst euch Fussel was! <br>Haltet durch! Der n\u00e4chste Fr\u00fchling kommt bestimmt. Wenn sich erst der Winter verd\u00fcnnisiert hat, ertr\u00e4gt man das mit dem ollen C sicher auch wieder besser! Und irgendwann ist doch hoffentlich auch die nervigste Pandemie vorbei.<\/p>\n\n\n\n<p><\/p>\n\n\n\n<figure class=\"wp-block-image size-large\"><img loading=\"lazy\" decoding=\"async\" width=\"800\" height=\"600\" src=\"https:\/\/das-stille-woertchen.de\/wp-content\/uploads\/2021\/01\/P1060903.jpg\" alt=\"\" class=\"wp-image-4990\" srcset=\"https:\/\/das-stille-woertchen.de\/wp-content\/uploads\/2021\/01\/P1060903.jpg 800w, https:\/\/das-stille-woertchen.de\/wp-content\/uploads\/2021\/01\/P1060903-300x225.jpg 300w, https:\/\/das-stille-woertchen.de\/wp-content\/uploads\/2021\/01\/P1060903-768x576.jpg 768w\" sizes=\"auto, (max-width: 800px) 100vw, 800px\" \/><\/figure>\n","protected":false},"excerpt":{"rendered":"<p>Genervt sind derzeit ja viele. Schuld ist meistens das b\u00f6se C. So eine Pandemie kann einem schon mal die Laune vermiesen. Denn auch, wenn man das Gl\u00fcck hat, dass all seine Lieben gesund sind (wie es bei uns gerade der &hellip; <a href=\"https:\/\/das-stille-woertchen.de\/index.php\/2021\/01\/19\/sonne-strand-und-truebe-suppe\/\">Weiterlesen <span class=\"meta-nav\">&rarr;<\/span><\/a><\/p>\n","protected":false},"author":2,"featured_media":0,"comment_status":"open","ping_status":"open","sticky":false,"template":"","format":"standard","meta":{"footnotes":""},"categories":[11,3,5],"tags":[],"class_list":["post-4996","post","type-post","status-publish","format-standard","hentry","category-grunzeug","category-oertchen","category-tierisch"],"_links":{"self":[{"href":"https:\/\/das-stille-woertchen.de\/index.php\/wp-json\/wp\/v2\/posts\/4996","targetHints":{"allow":["GET"]}}],"collection":[{"href":"https:\/\/das-stille-woertchen.de\/index.php\/wp-json\/wp\/v2\/posts"}],"about":[{"href":"https:\/\/das-stille-woertchen.de\/index.php\/wp-json\/wp\/v2\/types\/post"}],"author":[{"embeddable":true,"href":"https:\/\/das-stille-woertchen.de\/index.php\/wp-json\/wp\/v2\/users\/2"}],"replies":[{"embeddable":true,"href":"https:\/\/das-stille-woertchen.de\/index.php\/wp-json\/wp\/v2\/comments?post=4996"}],"version-history":[{"count":6,"href":"https:\/\/das-stille-woertchen.de\/index.php\/wp-json\/wp\/v2\/posts\/4996\/revisions"}],"predecessor-version":[{"id":5002,"href":"https:\/\/das-stille-woertchen.de\/index.php\/wp-json\/wp\/v2\/posts\/4996\/revisions\/5002"}],"wp:attachment":[{"href":"https:\/\/das-stille-woertchen.de\/index.php\/wp-json\/wp\/v2\/media?parent=4996"}],"wp:term":[{"taxonomy":"category","embeddable":true,"href":"https:\/\/das-stille-woertchen.de\/index.php\/wp-json\/wp\/v2\/categories?post=4996"},{"taxonomy":"post_tag","embeddable":true,"href":"https:\/\/das-stille-woertchen.de\/index.php\/wp-json\/wp\/v2\/tags?post=4996"}],"curies":[{"name":"wp","href":"https:\/\/api.w.org\/{rel}","templated":true}]}}