{"id":5162,"date":"2021-07-04T20:01:15","date_gmt":"2021-07-04T18:01:15","guid":{"rendered":"https:\/\/das-stille-woertchen.de\/?p=5162"},"modified":"2021-07-04T20:10:27","modified_gmt":"2021-07-04T18:10:27","slug":"schwalbensommer-und-amselsommer-stieglitzsommer-wollschweinsommer-sommer-eben","status":"publish","type":"post","link":"https:\/\/das-stille-woertchen.de\/index.php\/2021\/07\/04\/schwalbensommer-und-amselsommer-stieglitzsommer-wollschweinsommer-sommer-eben\/","title":{"rendered":"Schwalbensommer! Und Amselsommer. Stieglitzsommer. Wollschweinsommer &#8230; SOMMER eben!"},"content":{"rendered":"\n<p>Das Jahr saust nur so davon &#8230; Jetzt ist schon wieder Juli! JUUUULI! Und gef\u00fchlt hat die Gartensaison doch gerade erst angefangen?!.<br>Der Fr\u00fchling im klassischen Sinn (mild, Sonne auf die Nase, hach und seufz und ist das toll) ist dieses Jahr mal eben weitgehend ausgefallen. Eisekalt war der Mai.  Wenn auch mit tosenden Wolken am Sturmhimmel &#8211; \u00f6fter mal sehr schick anzusehen. Geregnet hat es ziemlich oft und viel. Dar\u00fcber beschwert sich nat\u00fcrlich niemand! Aber \u00fcber zehn Grad mehr h\u00e4tte sich vermutlich keiner ge\u00e4rgert. Aufgrund der K\u00e4lte ist hier auch einfach nichts gewachsen. Und dann, Ende Mai, als es etwas milder wurde und immer noch regelm\u00e4\u00dfig geregnet hat &#8211; da ist auf einmal s\u00e4mtliches Pflanzen- und Blumenmaterial nur so explodiert. So saftig gr\u00fcn war es hier schon lange nicht mehr! Naja und die Geschichte mit dem &#8222;Beikraut&#8220;, das so gerne das Gem\u00fcse im Beet versteckt, kennen treue Leserinnen und Leser ja schon. <br><br>Jedenfalls wird der Sommer hier &#8211; der bisher angenehmerweise noch selten sehr hei\u00df war &#8211; in vollen Z\u00fcgen genossen. Endlich nicht mehr frieren! Drau\u00dfen sein. Von fr\u00fch bis sp\u00e4t! Diese langen Tage &#8230; Sp\u00e4t abends ist es genauso sch\u00f6n drau\u00dfen wie fr\u00fch morgens. Aber schlafen kann man ja wieder im Winter. Es wird drau\u00dfen geschrieben, drau\u00dfen gegartelt, drau\u00dfen gegessen, drau\u00dfen geguckt, gelauscht, faul herum gesessen (nein, das ist auch Arbeit &#8211; hat  alles mit Muse zu tun, ist ja klar!). Ach ist das sch\u00f6\u00f6\u00f6\u00f6\u00f6\u00f6n! Jedenfalls, wenn die Stechm\u00fccken einen gerade nicht zu sehr \u00e4rgern. Oder die Nacktschnecken, die so manches Pfl\u00e4nzchen auf Nimmerwiedersehen verschwinden lassen. Wo es doch zwei Jahre lang kaum eins der glitschigen, verfressenen Tierchen gab. Wo kommen die denn nun auf einmal wieder her???? <\/p>\n\n\n\n<p>Aber weil es meistens ach so sch\u00f6n ist,  hier nun aber mal ein paar wildkunterbunte Sommer-\u00d6rtchen-Impressionen.<\/p>\n\n\n\n<p><\/p>\n\n\n\n<p>Der Blick in den Hof Ende Mai. Der Kastanienbaum hat dieses Jahr mal locker drei Wochen sp\u00e4ter als letzte Saison gebl\u00fcht. Und auch sonst ist und war alles sp\u00e4ter dran. Mittlerweile sind schon Minikastanien an den \u00c4sten (und so einige in erneutem Sturm und Regen herunter gefallen). Und es w\u00e4chst soviel Gras, dass die Pferde das erste Mal nichts zu meckern haben. Sogar im Hof k\u00f6nnen sie ausgiebig mampfen. <\/p>\n\n\n\n<figure class=\"wp-block-image size-large\"><img loading=\"lazy\" decoding=\"async\" width=\"800\" height=\"600\" src=\"https:\/\/das-stille-woertchen.de\/wp-content\/uploads\/2021\/06\/P1070698.jpg\" alt=\"\" class=\"wp-image-5129\" srcset=\"https:\/\/das-stille-woertchen.de\/wp-content\/uploads\/2021\/06\/P1070698.jpg 800w, https:\/\/das-stille-woertchen.de\/wp-content\/uploads\/2021\/06\/P1070698-300x225.jpg 300w, https:\/\/das-stille-woertchen.de\/wp-content\/uploads\/2021\/06\/P1070698-768x576.jpg 768w\" sizes=\"auto, (max-width: 800px) 100vw, 800px\" \/><\/figure>\n\n\n\n<figure class=\"wp-block-image size-large\"><img loading=\"lazy\" decoding=\"async\" width=\"450\" height=\"600\" src=\"https:\/\/das-stille-woertchen.de\/wp-content\/uploads\/2021\/06\/P1070737.jpg\" alt=\"\" class=\"wp-image-5158\" srcset=\"https:\/\/das-stille-woertchen.de\/wp-content\/uploads\/2021\/06\/P1070737.jpg 450w, https:\/\/das-stille-woertchen.de\/wp-content\/uploads\/2021\/06\/P1070737-225x300.jpg 225w\" sizes=\"auto, (max-width: 450px) 100vw, 450px\" \/><\/figure>\n\n\n\n<p>Da noch mal der riiiiiesige, bl\u00fchende Kastanienbaum in der Von-Unten-Drauf-Sicht. Das war vielleicht ein Summselgebrummsel da drin! Lebe hoch drei in Perfektion! <\/p>\n\n\n\n<figure class=\"wp-block-image size-large\"><img loading=\"lazy\" decoding=\"async\" width=\"800\" height=\"600\" src=\"https:\/\/das-stille-woertchen.de\/wp-content\/uploads\/2021\/06\/P1070710.jpg\" alt=\"\" class=\"wp-image-5160\" srcset=\"https:\/\/das-stille-woertchen.de\/wp-content\/uploads\/2021\/06\/P1070710.jpg 800w, https:\/\/das-stille-woertchen.de\/wp-content\/uploads\/2021\/06\/P1070710-300x225.jpg 300w, https:\/\/das-stille-woertchen.de\/wp-content\/uploads\/2021\/06\/P1070710-768x576.jpg 768w\" sizes=\"auto, (max-width: 800px) 100vw, 800px\" \/><\/figure>\n\n\n\n<p><br><br>Die tollen Akeleien sind mittlerweile schon wieder auf und davon. <\/p>\n\n\n\n<figure class=\"wp-block-image size-large\"><img loading=\"lazy\" decoding=\"async\" width=\"450\" height=\"600\" src=\"https:\/\/das-stille-woertchen.de\/wp-content\/uploads\/2021\/06\/P1070732.jpg\" alt=\"\" class=\"wp-image-5159\" srcset=\"https:\/\/das-stille-woertchen.de\/wp-content\/uploads\/2021\/06\/P1070732.jpg 450w, https:\/\/das-stille-woertchen.de\/wp-content\/uploads\/2021\/06\/P1070732-225x300.jpg 225w\" sizes=\"auto, (max-width: 450px) 100vw, 450px\" \/><\/figure>\n\n\n\n<p>Und diese h\u00fcbsche Schnecke auch.<\/p>\n\n\n\n<figure class=\"wp-block-image size-large\"><img loading=\"lazy\" decoding=\"async\" width=\"800\" height=\"600\" src=\"https:\/\/das-stille-woertchen.de\/wp-content\/uploads\/2021\/06\/P1070903.jpg\" alt=\"\" class=\"wp-image-5151\" srcset=\"https:\/\/das-stille-woertchen.de\/wp-content\/uploads\/2021\/06\/P1070903.jpg 800w, https:\/\/das-stille-woertchen.de\/wp-content\/uploads\/2021\/06\/P1070903-300x225.jpg 300w, https:\/\/das-stille-woertchen.de\/wp-content\/uploads\/2021\/06\/P1070903-768x576.jpg 768w\" sizes=\"auto, (max-width: 800px) 100vw, 800px\" \/><\/figure>\n\n\n\n<p>Das Gleiche gilt f\u00fcr die kleinen, dicken Amseln. Aber im selben Nest sitzen jetzt schon wieder die Geschwister. <\/p>\n\n\n\n<figure class=\"wp-block-image size-large\"><img loading=\"lazy\" decoding=\"async\" width=\"800\" height=\"600\" src=\"https:\/\/das-stille-woertchen.de\/wp-content\/uploads\/2021\/06\/P1070802.jpg\" alt=\"\" class=\"wp-image-5154\" srcset=\"https:\/\/das-stille-woertchen.de\/wp-content\/uploads\/2021\/06\/P1070802.jpg 800w, https:\/\/das-stille-woertchen.de\/wp-content\/uploads\/2021\/06\/P1070802-300x225.jpg 300w, https:\/\/das-stille-woertchen.de\/wp-content\/uploads\/2021\/06\/P1070802-768x576.jpg 768w\" sizes=\"auto, (max-width: 800px) 100vw, 800px\" \/><\/figure>\n\n\n\n<figure class=\"wp-block-image size-large\"><img loading=\"lazy\" decoding=\"async\" width=\"800\" height=\"600\" src=\"https:\/\/das-stille-woertchen.de\/wp-content\/uploads\/2021\/06\/P1070801.jpg\" alt=\"\" class=\"wp-image-5155\" srcset=\"https:\/\/das-stille-woertchen.de\/wp-content\/uploads\/2021\/06\/P1070801.jpg 800w, https:\/\/das-stille-woertchen.de\/wp-content\/uploads\/2021\/06\/P1070801-300x225.jpg 300w, https:\/\/das-stille-woertchen.de\/wp-content\/uploads\/2021\/06\/P1070801-768x576.jpg 768w\" sizes=\"auto, (max-width: 800px) 100vw, 800px\" \/><\/figure>\n\n\n\n<figure class=\"wp-block-image size-large\"><img loading=\"lazy\" decoding=\"async\" width=\"800\" height=\"600\" src=\"https:\/\/das-stille-woertchen.de\/wp-content\/uploads\/2021\/06\/P1070803.jpg\" alt=\"\" class=\"wp-image-5153\" srcset=\"https:\/\/das-stille-woertchen.de\/wp-content\/uploads\/2021\/06\/P1070803.jpg 800w, https:\/\/das-stille-woertchen.de\/wp-content\/uploads\/2021\/06\/P1070803-300x225.jpg 300w, https:\/\/das-stille-woertchen.de\/wp-content\/uploads\/2021\/06\/P1070803-768x576.jpg 768w\" sizes=\"auto, (max-width: 800px) 100vw, 800px\" \/><\/figure>\n\n\n\n<figure class=\"wp-block-image size-large\"><img loading=\"lazy\" decoding=\"async\" width=\"800\" height=\"600\" src=\"https:\/\/das-stille-woertchen.de\/wp-content\/uploads\/2021\/06\/P1070809.jpg\" alt=\"\" class=\"wp-image-5152\" srcset=\"https:\/\/das-stille-woertchen.de\/wp-content\/uploads\/2021\/06\/P1070809.jpg 800w, https:\/\/das-stille-woertchen.de\/wp-content\/uploads\/2021\/06\/P1070809-300x225.jpg 300w, https:\/\/das-stille-woertchen.de\/wp-content\/uploads\/2021\/06\/P1070809-768x576.jpg 768w\" sizes=\"auto, (max-width: 800px) 100vw, 800px\" \/><\/figure>\n\n\n\n<p>Das h\u00fcbsche Pfl\u00e4nzchen hier (man k\u00f6nnte ja mit der Perspektive denken, es ist fast baumhoch!) ist einfach nur bl\u00fchendes Gras. Schick, oder? <\/p>\n\n\n\n<figure class=\"wp-block-image size-large\"><img loading=\"lazy\" decoding=\"async\" width=\"450\" height=\"600\" src=\"https:\/\/das-stille-woertchen.de\/wp-content\/uploads\/2021\/06\/P1080145.jpg\" alt=\"\" class=\"wp-image-5148\" srcset=\"https:\/\/das-stille-woertchen.de\/wp-content\/uploads\/2021\/06\/P1080145.jpg 450w, https:\/\/das-stille-woertchen.de\/wp-content\/uploads\/2021\/06\/P1080145-225x300.jpg 225w\" sizes=\"auto, (max-width: 450px) 100vw, 450px\" \/><\/figure>\n\n\n\n<p>Und hier ein bisschen Sommerabendleuchtestimmung. Die immer gar-so-h\u00fcbschen Zuckerschotenbl\u00fcten sind mittlerweile Zuckerschoten und schon mehrmals in den B\u00e4uchen der menschlichen \u00d6rtchen-Bewohner gelandet. Wie dschungelig der Garten ist, ist gut zu erkennen. Und zwischen dem Kraut verstecken sich ungef\u00e4hr zweimillionendreihundertf\u00fcnzigtausendunddrei Nacktschnecken. In der D\u00e4mmerung kriechen sie aus ihren L\u00f6chern! Waaaaaah! Gruuuuhuuuselstimmung!<\/p>\n\n\n\n<figure class=\"wp-block-image size-large\"><img loading=\"lazy\" decoding=\"async\" width=\"800\" height=\"600\" src=\"https:\/\/das-stille-woertchen.de\/wp-content\/uploads\/2021\/06\/P1080148.jpg\" alt=\"\" class=\"wp-image-5146\" srcset=\"https:\/\/das-stille-woertchen.de\/wp-content\/uploads\/2021\/06\/P1080148.jpg 800w, https:\/\/das-stille-woertchen.de\/wp-content\/uploads\/2021\/06\/P1080148-300x225.jpg 300w, https:\/\/das-stille-woertchen.de\/wp-content\/uploads\/2021\/06\/P1080148-768x576.jpg 768w\" sizes=\"auto, (max-width: 800px) 100vw, 800px\" \/><\/figure>\n\n\n\n<figure class=\"wp-block-image size-large\"><img loading=\"lazy\" decoding=\"async\" width=\"800\" height=\"600\" src=\"https:\/\/das-stille-woertchen.de\/wp-content\/uploads\/2021\/06\/P1080146.jpg\" alt=\"\" class=\"wp-image-5147\" srcset=\"https:\/\/das-stille-woertchen.de\/wp-content\/uploads\/2021\/06\/P1080146.jpg 800w, https:\/\/das-stille-woertchen.de\/wp-content\/uploads\/2021\/06\/P1080146-300x225.jpg 300w, https:\/\/das-stille-woertchen.de\/wp-content\/uploads\/2021\/06\/P1080146-768x576.jpg 768w\" sizes=\"auto, (max-width: 800px) 100vw, 800px\" \/><\/figure>\n\n\n\n<p>Voil\u00e0, eine gl\u00fcckliche Alma-Dame.<\/p>\n\n\n\n<figure class=\"wp-block-image size-large\"><img loading=\"lazy\" decoding=\"async\" width=\"450\" height=\"600\" src=\"https:\/\/das-stille-woertchen.de\/wp-content\/uploads\/2021\/06\/P1080136.jpg\" alt=\"\" class=\"wp-image-5149\" srcset=\"https:\/\/das-stille-woertchen.de\/wp-content\/uploads\/2021\/06\/P1080136.jpg 450w, https:\/\/das-stille-woertchen.de\/wp-content\/uploads\/2021\/06\/P1080136-225x300.jpg 225w\" sizes=\"auto, (max-width: 450px) 100vw, 450px\" \/><\/figure>\n\n\n\n<p>Und hier sucht Lila mit Mieze Molly die Muse. <\/p>\n\n\n\n<figure class=\"wp-block-image size-large\"><img loading=\"lazy\" decoding=\"async\" width=\"800\" height=\"600\" src=\"https:\/\/das-stille-woertchen.de\/wp-content\/uploads\/2021\/06\/P1070796.jpg\" alt=\"\" class=\"wp-image-5156\" srcset=\"https:\/\/das-stille-woertchen.de\/wp-content\/uploads\/2021\/06\/P1070796.jpg 800w, https:\/\/das-stille-woertchen.de\/wp-content\/uploads\/2021\/06\/P1070796-300x225.jpg 300w, https:\/\/das-stille-woertchen.de\/wp-content\/uploads\/2021\/06\/P1070796-768x576.jpg 768w\" sizes=\"auto, (max-width: 800px) 100vw, 800px\" \/><\/figure>\n\n\n\n<p>Nach dem das Experiment letztes Jahr so begeistert hat, wachsen auch diesmal ein paar Kartoffelpflanzen in K\u00fcbeln beziehungsweise S\u00e4cken &#8211; so kann man etwas fr\u00fcher ernten als im Beet. <\/p>\n\n\n\n<figure class=\"wp-block-image size-large\"><img loading=\"lazy\" decoding=\"async\" width=\"450\" height=\"600\" src=\"https:\/\/das-stille-woertchen.de\/wp-content\/uploads\/2021\/06\/P1080156.jpg\" alt=\"\" class=\"wp-image-5143\" srcset=\"https:\/\/das-stille-woertchen.de\/wp-content\/uploads\/2021\/06\/P1080156.jpg 450w, https:\/\/das-stille-woertchen.de\/wp-content\/uploads\/2021\/06\/P1080156-225x300.jpg 225w\" sizes=\"auto, (max-width: 450px) 100vw, 450px\" \/><\/figure>\n\n\n\n<p>Und das ist Herr oder Frau Stieglitz.<\/p>\n\n\n\n<figure class=\"wp-block-image size-large\"><img loading=\"lazy\" decoding=\"async\" width=\"450\" height=\"600\" src=\"https:\/\/das-stille-woertchen.de\/wp-content\/uploads\/2021\/06\/P1080184.jpg\" alt=\"\" class=\"wp-image-5137\" srcset=\"https:\/\/das-stille-woertchen.de\/wp-content\/uploads\/2021\/06\/P1080184.jpg 450w, https:\/\/das-stille-woertchen.de\/wp-content\/uploads\/2021\/06\/P1080184-225x300.jpg 225w\" sizes=\"auto, (max-width: 450px) 100vw, 450px\" \/><\/figure>\n\n\n\n<p>Wie schon letztes Jahr haben die h\u00fcbschen V\u00f6gel, auch Distelfink genannt, im Holunderbusch ihren Nachwuchs gro\u00dfgezogen.<br>Mittlerweile sitzt auch dort bereits die zweite Generation. <\/p>\n\n\n\n<figure class=\"wp-block-image size-large\"><img loading=\"lazy\" decoding=\"async\" width=\"800\" height=\"600\" src=\"https:\/\/das-stille-woertchen.de\/wp-content\/uploads\/2021\/06\/P1080294.jpg\" alt=\"\" class=\"wp-image-5136\" srcset=\"https:\/\/das-stille-woertchen.de\/wp-content\/uploads\/2021\/06\/P1080294.jpg 800w, https:\/\/das-stille-woertchen.de\/wp-content\/uploads\/2021\/06\/P1080294-300x225.jpg 300w, https:\/\/das-stille-woertchen.de\/wp-content\/uploads\/2021\/06\/P1080294-768x576.jpg 768w\" sizes=\"auto, (max-width: 800px) 100vw, 800px\" \/><\/figure>\n\n\n\n<figure class=\"wp-block-image size-large\"><img loading=\"lazy\" decoding=\"async\" width=\"800\" height=\"600\" src=\"https:\/\/das-stille-woertchen.de\/wp-content\/uploads\/2021\/06\/P1080367.jpg\" alt=\"\" class=\"wp-image-5128\" srcset=\"https:\/\/das-stille-woertchen.de\/wp-content\/uploads\/2021\/06\/P1080367.jpg 800w, https:\/\/das-stille-woertchen.de\/wp-content\/uploads\/2021\/06\/P1080367-300x225.jpg 300w, https:\/\/das-stille-woertchen.de\/wp-content\/uploads\/2021\/06\/P1080367-768x576.jpg 768w\" sizes=\"auto, (max-width: 800px) 100vw, 800px\" \/><\/figure>\n\n\n\n<p>Nachdem sie uns letztes Jahr sehr gefehlt haben, sind dieses Jahr zum Gl\u00fcck wieder Schwalben im Pferdestall eingezogen. Familiengr\u00fcndung inklusive!<\/p>\n\n\n\n<p>Hier die noch sehr kleinen Schw\u00e4lbchen. Mit umso gr\u00f6\u00dferem Schnabel.<\/p>\n\n\n\n<figure class=\"wp-block-image size-large\"><img loading=\"lazy\" decoding=\"async\" width=\"800\" height=\"600\" src=\"https:\/\/das-stille-woertchen.de\/wp-content\/uploads\/2021\/06\/P1080302.jpg\" alt=\"\" class=\"wp-image-5135\" srcset=\"https:\/\/das-stille-woertchen.de\/wp-content\/uploads\/2021\/06\/P1080302.jpg 800w, https:\/\/das-stille-woertchen.de\/wp-content\/uploads\/2021\/06\/P1080302-300x225.jpg 300w, https:\/\/das-stille-woertchen.de\/wp-content\/uploads\/2021\/06\/P1080302-768x576.jpg 768w\" sizes=\"auto, (max-width: 800px) 100vw, 800px\" \/><\/figure>\n\n\n\n<figure class=\"wp-block-image size-large\"><img loading=\"lazy\" decoding=\"async\" width=\"800\" height=\"600\" src=\"https:\/\/das-stille-woertchen.de\/wp-content\/uploads\/2021\/06\/P1080305.jpg\" alt=\"\" class=\"wp-image-5134\" srcset=\"https:\/\/das-stille-woertchen.de\/wp-content\/uploads\/2021\/06\/P1080305.jpg 800w, https:\/\/das-stille-woertchen.de\/wp-content\/uploads\/2021\/06\/P1080305-300x225.jpg 300w, https:\/\/das-stille-woertchen.de\/wp-content\/uploads\/2021\/06\/P1080305-768x576.jpg 768w\" sizes=\"auto, (max-width: 800px) 100vw, 800px\" \/><\/figure>\n\n\n\n<p>Aber auch die sind nur so davon gewachsen. Und immer zappeliger geworden. Und dann &#8211; Obacht, Nervenkitzel! &#8211; ist vor ein paar Tagen ihr Nest herunter geplumpst!!!! (Beim n\u00e4chsten Mal wird SOFORT ein Brett drunter montiert!) Zum Gl\u00fcck konnten sie schon etwas flattern. So haben wir gespannt beobachtet, wie die Eltern sie aufgeregt zusammen treiben und daf\u00fcr gesorgt haben, dass die vier sich an einem Ersatzplatz zusammen kuscheln. Auch wenn der f\u00fcr vier Nestlinge nicht gerade der Bequemste war &#8230; <\/p>\n\n\n\n<figure class=\"wp-block-image size-large\"><img loading=\"lazy\" decoding=\"async\" width=\"1024\" height=\"1024\" src=\"https:\/\/das-stille-woertchen.de\/wp-content\/uploads\/2021\/07\/P1080386-1-1024x1024.jpg\" alt=\"\" class=\"wp-image-5171\" srcset=\"https:\/\/das-stille-woertchen.de\/wp-content\/uploads\/2021\/07\/P1080386-1-1024x1024.jpg 1024w, https:\/\/das-stille-woertchen.de\/wp-content\/uploads\/2021\/07\/P1080386-1-300x300.jpg 300w, https:\/\/das-stille-woertchen.de\/wp-content\/uploads\/2021\/07\/P1080386-1-150x150.jpg 150w, https:\/\/das-stille-woertchen.de\/wp-content\/uploads\/2021\/07\/P1080386-1-768x768.jpg 768w, https:\/\/das-stille-woertchen.de\/wp-content\/uploads\/2021\/07\/P1080386-1.jpg 1249w\" sizes=\"auto, (max-width: 1024px) 100vw, 1024px\" \/><\/figure>\n\n\n\n<p>Aber es hat nicht lange gedauert und die Knirpse sind immer mutiger geworden. Noch machen sie ihre P\u00e4uschen in und vor dem Stall und lassen sich von den Eltern f\u00fcttern (und von den Zweibeinern gl\u00fcckselig quietschend und grinsend anhimmeln). <\/p>\n\n\n\n<figure class=\"wp-block-image size-large is-resized\"><img loading=\"lazy\" decoding=\"async\" src=\"https:\/\/das-stille-woertchen.de\/wp-content\/uploads\/2021\/07\/P1080388-1024x768.jpg\" alt=\"\" class=\"wp-image-5169\" width=\"670\" height=\"502\" srcset=\"https:\/\/das-stille-woertchen.de\/wp-content\/uploads\/2021\/07\/P1080388-1024x768.jpg 1024w, https:\/\/das-stille-woertchen.de\/wp-content\/uploads\/2021\/07\/P1080388-300x225.jpg 300w, https:\/\/das-stille-woertchen.de\/wp-content\/uploads\/2021\/07\/P1080388-768x576.jpg 768w, https:\/\/das-stille-woertchen.de\/wp-content\/uploads\/2021\/07\/P1080388-1536x1152.jpg 1536w, https:\/\/das-stille-woertchen.de\/wp-content\/uploads\/2021\/07\/P1080388-2048x1536.jpg 2048w\" sizes=\"auto, (max-width: 670px) 100vw, 670px\" \/><\/figure>\n\n\n\n<figure class=\"wp-block-image size-large\"><img loading=\"lazy\" decoding=\"async\" width=\"1024\" height=\"768\" src=\"https:\/\/das-stille-woertchen.de\/wp-content\/uploads\/2021\/07\/P1080400-1024x768.jpg\" alt=\"\" class=\"wp-image-5170\" srcset=\"https:\/\/das-stille-woertchen.de\/wp-content\/uploads\/2021\/07\/P1080400-1024x768.jpg 1024w, https:\/\/das-stille-woertchen.de\/wp-content\/uploads\/2021\/07\/P1080400-300x225.jpg 300w, https:\/\/das-stille-woertchen.de\/wp-content\/uploads\/2021\/07\/P1080400-768x576.jpg 768w, https:\/\/das-stille-woertchen.de\/wp-content\/uploads\/2021\/07\/P1080400-1536x1152.jpg 1536w, https:\/\/das-stille-woertchen.de\/wp-content\/uploads\/2021\/07\/P1080400-2048x1536.jpg 2048w\" sizes=\"auto, (max-width: 1024px) 100vw, 1024px\" \/><\/figure>\n\n\n\n<figure class=\"wp-block-image size-large\"><img loading=\"lazy\" decoding=\"async\" width=\"1024\" height=\"768\" src=\"https:\/\/das-stille-woertchen.de\/wp-content\/uploads\/2021\/07\/P1080408-1-1024x768.jpg\" alt=\"\" class=\"wp-image-5168\" srcset=\"https:\/\/das-stille-woertchen.de\/wp-content\/uploads\/2021\/07\/P1080408-1-1024x768.jpg 1024w, https:\/\/das-stille-woertchen.de\/wp-content\/uploads\/2021\/07\/P1080408-1-300x225.jpg 300w, https:\/\/das-stille-woertchen.de\/wp-content\/uploads\/2021\/07\/P1080408-1-768x576.jpg 768w, https:\/\/das-stille-woertchen.de\/wp-content\/uploads\/2021\/07\/P1080408-1-1536x1152.jpg 1536w, https:\/\/das-stille-woertchen.de\/wp-content\/uploads\/2021\/07\/P1080408-1-2048x1536.jpg 2048w\" sizes=\"auto, (max-width: 1024px) 100vw, 1024px\" \/><\/figure>\n\n\n\n<p>Aber bald werden auch sie verschwunden sein. Hoffen wir nur, dass die Eltern wieder, wie die letzten Jahre, ein zweites Mal bei uns br\u00fcten &#8211; auch wenn ihr Nest leider kaputt ist! (Eigentlich ist noch ein Leeres im Stall &#8211; vielleicht ziehen sie ja um!)<\/p>\n\n\n\n<p>Aber bevor wehm\u00fctig Ade gezwitschert wird &#8211; hier noch mal die putzige Bande in ihrer ganzen Pracht:<\/p>\n\n\n\n<figure class=\"wp-block-image size-large\"><img loading=\"lazy\" decoding=\"async\" width=\"1024\" height=\"768\" src=\"https:\/\/das-stille-woertchen.de\/wp-content\/uploads\/2021\/07\/P1080422-1024x768.jpg\" alt=\"\" class=\"wp-image-5179\" srcset=\"https:\/\/das-stille-woertchen.de\/wp-content\/uploads\/2021\/07\/P1080422-1024x768.jpg 1024w, https:\/\/das-stille-woertchen.de\/wp-content\/uploads\/2021\/07\/P1080422-300x225.jpg 300w, https:\/\/das-stille-woertchen.de\/wp-content\/uploads\/2021\/07\/P1080422-768x576.jpg 768w, https:\/\/das-stille-woertchen.de\/wp-content\/uploads\/2021\/07\/P1080422-1536x1152.jpg 1536w, https:\/\/das-stille-woertchen.de\/wp-content\/uploads\/2021\/07\/P1080422-2048x1536.jpg 2048w\" sizes=\"auto, (max-width: 1024px) 100vw, 1024px\" \/><\/figure>\n\n\n\n<figure class=\"wp-block-image size-large is-resized\"><img loading=\"lazy\" decoding=\"async\" src=\"https:\/\/das-stille-woertchen.de\/wp-content\/uploads\/2021\/07\/P1080432-1024x768.jpg\" alt=\"\" class=\"wp-image-5178\" width=\"670\" height=\"502\" srcset=\"https:\/\/das-stille-woertchen.de\/wp-content\/uploads\/2021\/07\/P1080432-1024x768.jpg 1024w, https:\/\/das-stille-woertchen.de\/wp-content\/uploads\/2021\/07\/P1080432-300x225.jpg 300w, https:\/\/das-stille-woertchen.de\/wp-content\/uploads\/2021\/07\/P1080432-768x576.jpg 768w, https:\/\/das-stille-woertchen.de\/wp-content\/uploads\/2021\/07\/P1080432-1536x1152.jpg 1536w, https:\/\/das-stille-woertchen.de\/wp-content\/uploads\/2021\/07\/P1080432-2048x1536.jpg 2048w\" sizes=\"auto, (max-width: 670px) 100vw, 670px\" \/><\/figure>\n\n\n\n<figure class=\"wp-block-image size-large\"><img loading=\"lazy\" decoding=\"async\" width=\"1024\" height=\"768\" src=\"https:\/\/das-stille-woertchen.de\/wp-content\/uploads\/2021\/07\/P1080419-1024x768.jpg\" alt=\"\" class=\"wp-image-5177\" srcset=\"https:\/\/das-stille-woertchen.de\/wp-content\/uploads\/2021\/07\/P1080419-1024x768.jpg 1024w, https:\/\/das-stille-woertchen.de\/wp-content\/uploads\/2021\/07\/P1080419-300x225.jpg 300w, https:\/\/das-stille-woertchen.de\/wp-content\/uploads\/2021\/07\/P1080419-768x576.jpg 768w, https:\/\/das-stille-woertchen.de\/wp-content\/uploads\/2021\/07\/P1080419-1536x1152.jpg 1536w, https:\/\/das-stille-woertchen.de\/wp-content\/uploads\/2021\/07\/P1080419-2048x1536.jpg 2048w\" sizes=\"auto, (max-width: 1024px) 100vw, 1024px\" \/><\/figure>\n\n\n\n<figure class=\"wp-block-image size-large\"><img loading=\"lazy\" decoding=\"async\" width=\"1024\" height=\"768\" src=\"https:\/\/das-stille-woertchen.de\/wp-content\/uploads\/2021\/07\/P1080425-1024x768.jpg\" alt=\"\" class=\"wp-image-5176\" srcset=\"https:\/\/das-stille-woertchen.de\/wp-content\/uploads\/2021\/07\/P1080425-1024x768.jpg 1024w, https:\/\/das-stille-woertchen.de\/wp-content\/uploads\/2021\/07\/P1080425-300x225.jpg 300w, https:\/\/das-stille-woertchen.de\/wp-content\/uploads\/2021\/07\/P1080425-768x576.jpg 768w, https:\/\/das-stille-woertchen.de\/wp-content\/uploads\/2021\/07\/P1080425-1536x1152.jpg 1536w, https:\/\/das-stille-woertchen.de\/wp-content\/uploads\/2021\/07\/P1080425-2048x1536.jpg 2048w\" sizes=\"auto, (max-width: 1024px) 100vw, 1024px\" \/><\/figure>\n\n\n\n<p>So, genug von den Federtieren. Da  habt ihr ein Graseschwein in der Abendsonne. Tags\u00fcber wird gepennt, dann gesuhlt, hinterher gegrast. Zauberhafter Wollschweinsommer! <\/p>\n\n\n\n<figure class=\"wp-block-image size-large\"><img loading=\"lazy\" decoding=\"async\" width=\"800\" height=\"600\" src=\"https:\/\/das-stille-woertchen.de\/wp-content\/uploads\/2021\/06\/P1080154.jpg\" alt=\"\" class=\"wp-image-5144\" srcset=\"https:\/\/das-stille-woertchen.de\/wp-content\/uploads\/2021\/06\/P1080154.jpg 800w, https:\/\/das-stille-woertchen.de\/wp-content\/uploads\/2021\/06\/P1080154-300x225.jpg 300w, https:\/\/das-stille-woertchen.de\/wp-content\/uploads\/2021\/06\/P1080154-768x576.jpg 768w\" sizes=\"auto, (max-width: 800px) 100vw, 800px\" \/><\/figure>\n\n\n\n<p>Und da das sommerliche Badeschwein Kr\u00fcmel. Hat nicht viel gefehlt und Frau Fotografin w\u00e4re mit reingeh\u00fcpft! Sieht das nicht erfrischend aus? Und die Schweinchen sind ja auch sehr nette Gastgeber!<\/p>\n\n\n\n<figure class=\"wp-block-image size-large\"><img loading=\"lazy\" decoding=\"async\" width=\"450\" height=\"600\" src=\"https:\/\/das-stille-woertchen.de\/wp-content\/uploads\/2021\/06\/P1080327.jpg\" alt=\"\" class=\"wp-image-5132\" srcset=\"https:\/\/das-stille-woertchen.de\/wp-content\/uploads\/2021\/06\/P1080327.jpg 450w, https:\/\/das-stille-woertchen.de\/wp-content\/uploads\/2021\/06\/P1080327-225x300.jpg 225w\" sizes=\"auto, (max-width: 450px) 100vw, 450px\" \/><\/figure>\n\n\n\n<figure class=\"wp-block-image size-large\"><img loading=\"lazy\" decoding=\"async\" width=\"450\" height=\"600\" src=\"https:\/\/das-stille-woertchen.de\/wp-content\/uploads\/2021\/06\/P1080314.jpg\" alt=\"\" class=\"wp-image-5133\" srcset=\"https:\/\/das-stille-woertchen.de\/wp-content\/uploads\/2021\/06\/P1080314.jpg 450w, https:\/\/das-stille-woertchen.de\/wp-content\/uploads\/2021\/06\/P1080314-225x300.jpg 225w\" sizes=\"auto, (max-width: 450px) 100vw, 450px\" \/><\/figure>\n\n\n\n<p>Und noch mal Schweinskram &#8211; ist ja schlie\u00dflich immer h\u00fcbsch! Wenn ihr genau hinschaut, obendrauf hat Fussel eine Sommerfrisur. Da ist das Fell fast komplett weggewesen, nun aber wieder feinborstig nachgewachsen. F\u00fcr die komplette Sommerfrise war es wohl nicht hei\u00df genug.<\/p>\n\n\n\n<figure class=\"wp-block-image size-large is-resized\"><img loading=\"lazy\" decoding=\"async\" src=\"https:\/\/das-stille-woertchen.de\/wp-content\/uploads\/2021\/06\/P1080347.jpg\" alt=\"\" class=\"wp-image-5131\" width=\"670\" height=\"502\" srcset=\"https:\/\/das-stille-woertchen.de\/wp-content\/uploads\/2021\/06\/P1080347.jpg 800w, https:\/\/das-stille-woertchen.de\/wp-content\/uploads\/2021\/06\/P1080347-300x225.jpg 300w, https:\/\/das-stille-woertchen.de\/wp-content\/uploads\/2021\/06\/P1080347-768x576.jpg 768w\" sizes=\"auto, (max-width: 670px) 100vw, 670px\" \/><\/figure>\n\n\n\n<figure class=\"wp-block-image size-large\"><img loading=\"lazy\" decoding=\"async\" width=\"800\" height=\"600\" src=\"https:\/\/das-stille-woertchen.de\/wp-content\/uploads\/2021\/06\/P1070604.jpg\" alt=\"\" class=\"wp-image-5126\" srcset=\"https:\/\/das-stille-woertchen.de\/wp-content\/uploads\/2021\/06\/P1070604.jpg 800w, https:\/\/das-stille-woertchen.de\/wp-content\/uploads\/2021\/06\/P1070604-300x225.jpg 300w, https:\/\/das-stille-woertchen.de\/wp-content\/uploads\/2021\/06\/P1070604-768x576.jpg 768w\" sizes=\"auto, (max-width: 800px) 100vw, 800px\" \/><\/figure>\n\n\n\n<p>Und da hat der Apfelbaum noch gebl\u00fcht. Postkartenidyll!<\/p>\n\n\n\n<figure class=\"wp-block-image size-large\"><img loading=\"lazy\" decoding=\"async\" width=\"450\" height=\"600\" src=\"https:\/\/das-stille-woertchen.de\/wp-content\/uploads\/2021\/06\/P1070706.jpg\" alt=\"\" class=\"wp-image-5130\" srcset=\"https:\/\/das-stille-woertchen.de\/wp-content\/uploads\/2021\/06\/P1070706.jpg 450w, https:\/\/das-stille-woertchen.de\/wp-content\/uploads\/2021\/06\/P1070706-225x300.jpg 225w\" sizes=\"auto, (max-width: 450px) 100vw, 450px\" \/><\/figure>\n\n\n\n<p>Dieses Jahr wird viel gemulcht. Bittesch\u00f6n: Tomatenpflanzen in ihrem gem\u00fctlichen Bett. \u00c4h, Beet! <\/p>\n\n\n\n<figure class=\"wp-block-image size-large\"><img loading=\"lazy\" decoding=\"async\" width=\"800\" height=\"600\" src=\"https:\/\/das-stille-woertchen.de\/wp-content\/uploads\/2021\/06\/P1080153.jpg\" alt=\"\" class=\"wp-image-5145\" srcset=\"https:\/\/das-stille-woertchen.de\/wp-content\/uploads\/2021\/06\/P1080153.jpg 800w, https:\/\/das-stille-woertchen.de\/wp-content\/uploads\/2021\/06\/P1080153-300x225.jpg 300w, https:\/\/das-stille-woertchen.de\/wp-content\/uploads\/2021\/06\/P1080153-768x576.jpg 768w\" sizes=\"auto, (max-width: 800px) 100vw, 800px\" \/><\/figure>\n\n\n\n<p>Eine Nachtkerze vor einem sehr wichtigen Schild. (Wobei alle, die ganz nett fragen und was Leckeres f\u00fcr die Tierchen mitbringen, nat\u00fcrlich schon mal reinspitzen d\u00fcrfen!)<\/p>\n\n\n\n<figure class=\"wp-block-image size-large\"><img loading=\"lazy\" decoding=\"async\" width=\"800\" height=\"600\" src=\"https:\/\/das-stille-woertchen.de\/wp-content\/uploads\/2021\/06\/P1080177.jpg\" alt=\"\" class=\"wp-image-5139\" srcset=\"https:\/\/das-stille-woertchen.de\/wp-content\/uploads\/2021\/06\/P1080177.jpg 800w, https:\/\/das-stille-woertchen.de\/wp-content\/uploads\/2021\/06\/P1080177-300x225.jpg 300w, https:\/\/das-stille-woertchen.de\/wp-content\/uploads\/2021\/06\/P1080177-768x576.jpg 768w\" sizes=\"auto, (max-width: 800px) 100vw, 800px\" \/><\/figure>\n\n\n\n<p>Und noch eine Prise Sommerdschungel. <\/p>\n\n\n\n<figure class=\"wp-block-image size-large\"><img loading=\"lazy\" decoding=\"async\" width=\"800\" height=\"600\" src=\"https:\/\/das-stille-woertchen.de\/wp-content\/uploads\/2021\/06\/P1080175.jpg\" alt=\"\" class=\"wp-image-5127\" srcset=\"https:\/\/das-stille-woertchen.de\/wp-content\/uploads\/2021\/06\/P1080175.jpg 800w, https:\/\/das-stille-woertchen.de\/wp-content\/uploads\/2021\/06\/P1080175-300x225.jpg 300w, https:\/\/das-stille-woertchen.de\/wp-content\/uploads\/2021\/06\/P1080175-768x576.jpg 768w\" sizes=\"auto, (max-width: 800px) 100vw, 800px\" \/><\/figure>\n\n\n\n<p>Und da, ein paar Bienenweidenbl\u00fcmchen. Mit Summsetierchen. <\/p>\n\n\n\n<figure class=\"wp-block-image size-large\"><img loading=\"lazy\" decoding=\"async\" width=\"800\" height=\"600\" src=\"https:\/\/das-stille-woertchen.de\/wp-content\/uploads\/2021\/06\/P1080172.jpg\" alt=\"\" class=\"wp-image-5141\" srcset=\"https:\/\/das-stille-woertchen.de\/wp-content\/uploads\/2021\/06\/P1080172.jpg 800w, https:\/\/das-stille-woertchen.de\/wp-content\/uploads\/2021\/06\/P1080172-300x225.jpg 300w, https:\/\/das-stille-woertchen.de\/wp-content\/uploads\/2021\/06\/P1080172-768x576.jpg 768w\" sizes=\"auto, (max-width: 800px) 100vw, 800px\" \/><\/figure>\n\n\n\n<figure class=\"wp-block-image size-large\"><img loading=\"lazy\" decoding=\"async\" width=\"800\" height=\"600\" src=\"https:\/\/das-stille-woertchen.de\/wp-content\/uploads\/2021\/06\/P1080159.jpg\" alt=\"\" class=\"wp-image-5142\" srcset=\"https:\/\/das-stille-woertchen.de\/wp-content\/uploads\/2021\/06\/P1080159.jpg 800w, https:\/\/das-stille-woertchen.de\/wp-content\/uploads\/2021\/06\/P1080159-300x225.jpg 300w, https:\/\/das-stille-woertchen.de\/wp-content\/uploads\/2021\/06\/P1080159-768x576.jpg 768w\" sizes=\"auto, (max-width: 800px) 100vw, 800px\" \/><\/figure>\n\n\n\n<p>Der Hof macht sich ebenfalls h\u00fcbsch im Sommerlicht. Wobei das Gr\u00fcn da auf dem Wintergartendach schon wieder zu Heu geworden ist. Da reichen ein paar Tage Trockenheit. <\/p>\n\n\n\n<figure class=\"wp-block-image size-large\"><img loading=\"lazy\" decoding=\"async\" width=\"800\" height=\"600\" src=\"https:\/\/das-stille-woertchen.de\/wp-content\/uploads\/2021\/06\/P1080176.jpg\" alt=\"\" class=\"wp-image-5140\" srcset=\"https:\/\/das-stille-woertchen.de\/wp-content\/uploads\/2021\/06\/P1080176.jpg 800w, https:\/\/das-stille-woertchen.de\/wp-content\/uploads\/2021\/06\/P1080176-300x225.jpg 300w, https:\/\/das-stille-woertchen.de\/wp-content\/uploads\/2021\/06\/P1080176-768x576.jpg 768w\" sizes=\"auto, (max-width: 800px) 100vw, 800px\" \/><\/figure>\n\n\n\n<p>Und zum Abschluss:<br>Ein nachdenklicher Blick von der Wach-Dackeline \u00fcber ihr Hab und Gut.<br>Was der Sommer wohl noch so bringen mag?<br><\/p>\n\n\n\n<figure class=\"wp-block-image size-large\"><img loading=\"lazy\" decoding=\"async\" width=\"600\" height=\"600\" src=\"https:\/\/das-stille-woertchen.de\/wp-content\/uploads\/2021\/06\/P1080180.jpg\" alt=\"\" class=\"wp-image-5138\" srcset=\"https:\/\/das-stille-woertchen.de\/wp-content\/uploads\/2021\/06\/P1080180.jpg 600w, https:\/\/das-stille-woertchen.de\/wp-content\/uploads\/2021\/06\/P1080180-300x300.jpg 300w, https:\/\/das-stille-woertchen.de\/wp-content\/uploads\/2021\/06\/P1080180-150x150.jpg 150w\" sizes=\"auto, (max-width: 600px) 100vw, 600px\" \/><\/figure>\n\n\n\n<p>Na schauen wir mal &#8211; und dann berichten wir!<\/p>\n","protected":false},"excerpt":{"rendered":"<p>Das Jahr saust nur so davon &#8230; Jetzt ist schon wieder Juli! JUUUULI! Und gef\u00fchlt hat die Gartensaison doch gerade erst angefangen?!.Der Fr\u00fchling im klassischen Sinn (mild, Sonne auf die Nase, hach und seufz und ist das toll) ist dieses &hellip; <a href=\"https:\/\/das-stille-woertchen.de\/index.php\/2021\/07\/04\/schwalbensommer-und-amselsommer-stieglitzsommer-wollschweinsommer-sommer-eben\/\">Weiterlesen <span class=\"meta-nav\">&rarr;<\/span><\/a><\/p>\n","protected":false},"author":2,"featured_media":0,"comment_status":"open","ping_status":"open","sticky":false,"template":"","format":"standard","meta":{"footnotes":""},"categories":[11,23,3,5],"tags":[],"class_list":["post-5162","post","type-post","status-publish","format-standard","hentry","category-grunzeug","category-kruemel-und-fussel","category-oertchen","category-tierisch"],"_links":{"self":[{"href":"https:\/\/das-stille-woertchen.de\/index.php\/wp-json\/wp\/v2\/posts\/5162","targetHints":{"allow":["GET"]}}],"collection":[{"href":"https:\/\/das-stille-woertchen.de\/index.php\/wp-json\/wp\/v2\/posts"}],"about":[{"href":"https:\/\/das-stille-woertchen.de\/index.php\/wp-json\/wp\/v2\/types\/post"}],"author":[{"embeddable":true,"href":"https:\/\/das-stille-woertchen.de\/index.php\/wp-json\/wp\/v2\/users\/2"}],"replies":[{"embeddable":true,"href":"https:\/\/das-stille-woertchen.de\/index.php\/wp-json\/wp\/v2\/comments?post=5162"}],"version-history":[{"count":10,"href":"https:\/\/das-stille-woertchen.de\/index.php\/wp-json\/wp\/v2\/posts\/5162\/revisions"}],"predecessor-version":[{"id":5184,"href":"https:\/\/das-stille-woertchen.de\/index.php\/wp-json\/wp\/v2\/posts\/5162\/revisions\/5184"}],"wp:attachment":[{"href":"https:\/\/das-stille-woertchen.de\/index.php\/wp-json\/wp\/v2\/media?parent=5162"}],"wp:term":[{"taxonomy":"category","embeddable":true,"href":"https:\/\/das-stille-woertchen.de\/index.php\/wp-json\/wp\/v2\/categories?post=5162"},{"taxonomy":"post_tag","embeddable":true,"href":"https:\/\/das-stille-woertchen.de\/index.php\/wp-json\/wp\/v2\/tags?post=5162"}],"curies":[{"name":"wp","href":"https:\/\/api.w.org\/{rel}","templated":true}]}}