{"id":5596,"date":"2022-12-16T19:33:43","date_gmt":"2022-12-16T17:33:43","guid":{"rendered":"https:\/\/das-stille-woertchen.de\/?p=5596"},"modified":"2022-12-16T19:47:30","modified_gmt":"2022-12-16T17:47:30","slug":"lila","status":"publish","type":"post","link":"https:\/\/das-stille-woertchen.de\/index.php\/2022\/12\/16\/lila\/","title":{"rendered":"Lila"},"content":{"rendered":"\n<p>So. Ein Moment Pause, bevor es zum Alltag \u00fcbergeht. Bevor hier der schon wieder l\u00e4ngst \u00fcberf\u00e4llige Herbst-Blog an der Reihe ist, der ziemlich winterlich sein wird. <br>Die Zeit rast &#8211; und der letzte Eintrag ist mal wieder \u00fcber drei Monate her. Seit Anfang September ist viel passiert. Unter anderem etwas sehr Trauriges und sehr Unerwartetes.<br><br>Unsere Terrort\u00f6len sind nur noch zu zweit. <br>Am 30. Oktober mussten wir unsere Lila einschl\u00e4fern lassen. Sie war 14. Das schon. Immerhin. Aber zwei Wochen vorher h\u00e4tten wir uns hier in unseren traurigsten Tr\u00e4umen nicht vorstellen k\u00f6nnen, dass es  so schnell gehen wird mit dem Abschied.<br><br>Zwei Wochen vorher sind wir eine etwas l\u00e4ngere sonnige Herbst-Sonntagsrunde gegangen. Kein Problem f\u00fcr unser Hunde-Seniorinnen (Alma ist ein halbes Jahr j\u00fcnger als Lila es war). Lila hatte zwar schon l\u00e4nger etwas Arthrose, aber das war ihr egal. Auch, dass sie taub war (wenn sie uns h\u00f6ren sollte, mussten wir sehr, sehr, seeeeehr schrill mit ihr reden), hat sie wenig interessiert. Ja und sonst war sie fit. Topfit. <\/p>\n\n\n\n<p>Auf einmal aber, von einem Moment auf den anderen, war Lila so langsam. Im Schleichtempo ging es zur\u00fcck nach Hause. <\/p>\n\n\n\n<p>Wir dachten, sie h\u00e4tten Schmerzen im R\u00fccken &#8211; weil sie auch so steif war und ihren Kopf beim Trinken und Essen nicht mehr richtig senken k\u00f6nnte. Sie bekam Schmerzmittel und tats\u00e4chlich ging es ihr daraufhin wieder gut. Ein paar Tage lang waren die Sorgen fast vergessen. Bis auf ein komisches Gef\u00fchl, etwas tr\u00fcbe Gedanken. <br>Ob Lila n\u00e4chstes Jahr um die Zeit noch &#8230; <br>Jetzt, wo diese Alterswehwehwechen langsam immer mehr &#8230; <br>Und sie ist eben doch schon vierzehn &#8230;<br>Nein!<br>Lieber nicht dran denken. Aber  gleichzeitig dankbar sein. F\u00fcr jeden Tag, an dem die ganze Meute gesund ist!<br><br>Dann aber hat Lila immer mehr gehustet. Das machte sie vorher schon ab und zu. Das  alte Herz, dachten wir. Das Problem hatte Kyra, unsere vorherige Hundeomi auch. Mit Herztabletten ist die problemlos f\u00fcnfzehn geworden. Allerdings kamen zu Lilas Husten auch noch Wasserablagerungen dazu &#8211; ein doofer, wabbeliger Knubbel, vorne an der Brust. Auch das kann ein schwaches Herz mit sich bringen. F\u00fcr beides gab es wieder Medikamente. Aber besser wurde es trotzdem nicht. Im Gegenteil. Sie hustete und hechelte und alles lief bei ihr nur noch im Zeitlupentempo ab. Nur der Appetit und ihre gute Laune &#8211; die waren zum Gl\u00fcck nicht getr\u00fcbt. Aber das alleine beruhigte uns nat\u00fcrlich nicht auf Dauer.<br><br>Also lie\u00dfen wir Lila, elf Tage nach dem letzten, ausf\u00fchrlichen Sonntagsspaziergang, r\u00f6ntgen. Und dann war klar &#8211; da ist Krebs. Sehr viel davon. An der Lunge und wie es aussah, auch an den Rippen. Der Grund, dass sie von einem Moment auf den anderen so schw\u00e4chelte, war ein kollabierter Lungenfl\u00fcgel. Deshalb das viele Hecheln seitdem. Deshalb die Schw\u00e4che. Deshalb das Wasser.<br>Ja und in dem Moment war klar, wir w\u00fcrden Abschied nehmen m\u00fcssen. Wie schnell, das hatten wir da jedoch noch nicht gedacht &#8211; und nicht denken wollen, obwohl die Tier\u00e4rztin uns keine Hoffnungen mehr machte.<br><br>Dank Cortison ging es Lila die n\u00e4chsten Tage &#8211; den Umst\u00e4nden entsprechend nat\u00fcrlich &#8211; richtig gut. Sie hatte beste Laune. Appetit. Fast all ihre Lieblingsmenschen waren noch mal da. Keiner davon konnte glauben, dass das wirklich die letzte Begegnung mit ihr gewesen sein sollte. Aber nachts wurde es immer schlimmer. Sie musste so viel hecheln, um genug Luft zu bekommen. So viel, dass es viel, viel zu anstrengend wurde f\u00fcr unsere arme, treue, liebe Lila-Maus.<\/p>\n\n\n\n<p>Die letzte Nacht war nicht sch\u00f6n. Ganz und gar nicht. Uns war zweifellos klar, dass wir sie erl\u00f6sen m\u00fcssen. Weil die n\u00e4chste Nacht noch viel, viel schlimmer werden w\u00fcrde. <br><br>An einem sonnigen viel zu warmen Oktobersonntag haben wir sie einschl\u00e4fern lasen.<br>Wir haben sie dann noch einmal in den Hof gelegt, damit die anderen Abschied nehmen konnten.  Aber so richtig reagiert hat keiner darauf. Alma aber war schon die ganzen Tage seltsam gewesen. Kein Wunder. Wir waren ja ebenso  seltsam gewesen. All die Trauer. All die Sorgen. <br>Und als Lila weg war, war es noch viel, viel seltsamer. <br>Eine verr\u00fcckte Nudel im Trio, die pl\u00f6tzlich fehlt. <br>Es war auf einmal so still. <br><br>Ja. Man gew\u00f6hnt sich dran.  An den Alltag mit einer zuwenig. Mit der Restmeute, wie wir zu sagen pflegen. Ja, wir sind dankbar, dass sie so lange so fit war. Dass sie uns nochmal so sch\u00f6ne Tage geschenkt hat. Dass wir lange und doch viel zu kurze zw\u00f6lf Jahre mit ihr hatten. Zehn davon hier auf unserem \u00d6rtchen. <br>Abgesehen von so einigen guten Gackerdamen &#8211; und Herren,  ist Lila die erste unserer tierischen Meute, die wir hier auf dem \u00d6rtchen gehen lassen musste. Sie hat von Anfang an dazu geh\u00f6rt. Kein Bauernhofleben ohne Lila. Und es ist nat\u00fcrlich klar, dass ihr noch einige folgen werden.  <br>Naja. <br>Alle.<br>Und es ist klar, dass es auch beim n\u00e4chsten Mal nicht leichter sein wird. Ans Abschiednehmen gew\u00f6hnt man sich nicht. Trotzdem. Niemals, niemals bereuen wir es, hier so vielen Tieren einen guten Platz zum Leben bieten zu k\u00f6nnen. Bis zum letzten Tag. Jedes einzelne hat es verdient, dass man schnieft und schnaubt und traurig ist. Egal, wie lange. <br>Und die Dankbarkeit ist zum Gl\u00fcck gro\u00df. Gr\u00f6\u00dfer als die Traurigkeit.<br><\/p>\n\n\n\n<p>Danke, liebste Lila. Liebste Bekloppi-Nudel. Wir vergessen dich nicht! Nie!<br><br>Deshalb und trotzdem noch ein paar W\u00f6rtchen und Bildchen.<br><br>Hier ein Schnappschuss der Terrort\u00f6len-Meute aus einem der vergangenen Sommer. Wenn Lilas rechtes Auge im Bild w\u00e4re, w\u00e4re zu sehen, dass das etwas dick und blau ist. Weil die Gute auch im hohen Alter mit Johnny beim Toben alles gegeben hat. Wild und ungest\u00fcm, mit ganzer Leidenschaft.  Das war Lila! Johnny hat sich nicht lumpen lassen &#8211; deshalb das blaue Auge. Nicht im Streit. Aus Liebe, sozusagen!<br><\/p>\n\n\n\n<figure class=\"wp-block-image size-large\"><img loading=\"lazy\" decoding=\"async\" width=\"800\" height=\"600\" src=\"https:\/\/das-stille-woertchen.de\/wp-content\/uploads\/2022\/12\/P1390682-Kopie.jpg\" alt=\"\" class=\"wp-image-5667\" srcset=\"https:\/\/das-stille-woertchen.de\/wp-content\/uploads\/2022\/12\/P1390682-Kopie.jpg 800w, https:\/\/das-stille-woertchen.de\/wp-content\/uploads\/2022\/12\/P1390682-Kopie-300x225.jpg 300w, https:\/\/das-stille-woertchen.de\/wp-content\/uploads\/2022\/12\/P1390682-Kopie-768x576.jpg 768w\" sizes=\"auto, (max-width: 800px) 100vw, 800px\" \/><\/figure>\n\n\n\n<p>Lila kommt &#8211; wie Johnny \u00fcbrigens und auch wie ihre Vorg\u00e4ngerin Kyra &#8211; aus Ungarn. Sie war schon in der T\u00f6tungsstation, bis eine Tierschutzorganisation sie gerade noch da rausgeholt hat. Auf sie sind wir im Internet gesto\u00dfen, weil wir nach &#8222;Airedale&#8220; gesucht haben. Weil eben unsere gute Kyra, unser erster Hund, ein Airedale war. Lila war ein Airedale-Mix. Vermutlich war da noch ein Viszla drin. Eine ungarische Jagdhundrasse. <br><br>Wir haben Lila gerne mal &#8222;Mutti&#8220; genannt. Weil sie so gut auf uns aufgepasst hat. Auf Schritt und Tritt war sie bei uns. Und sie hat es geliebt, einen abzuschlecken. Bestimmt, weil man ihr die Welpen  zu fr\u00fch weggenommen hat, haben wir immer gesagt. Wenn man nur ein T-Shirt trug, gab es kein Entkommen vor ihrer flinken Zunge. Trug man Pullover , musste man sich die \u00c4rmel sehr lang \u00fcber die Finger ziehen, damit man der Schlabberei halbwegs entkam. Ach, Lilly. Selbst das fehlt!<\/p>\n\n\n\n<figure class=\"wp-block-image\"><img decoding=\"async\" src=\"https:\/\/das-stille-woertchen.de\/wp-content\/uploads\/2022\/12\/P1350643-Kopie.jpg\" alt=\"Dieses Bild hat ein leeres Alt-Attribut. Der Dateiname ist P1350643-Kopie.jpg\"\/><\/figure>\n\n\n\n<p>Man beachte ihr Zottelfell. Die Airedale-Gene haben so halb-halb durchgeschlagen, Lila musste man Scheren. Eigentlich. Aber sie hatte Panik vor der Schermaschine. Also musste eine Schere gen\u00fcgen.  Das hat sie aber meistens sehr geduldig \u00fcber sich ergehen lassen (au\u00dfer ans Hinterteil, da durfte man nicht &#8211; das ging nur zu weit, wenn einer ablenkte!)<br><br>Man beachte bitte auch ihre wundersch\u00f6nen Augen. Rotbraunleuchtend. Mit dem l\u00e4ngsten Wimpern der Welt und extra dickem Kajalstrich.<\/p>\n\n\n\n<figure class=\"wp-block-image size-large\"><img loading=\"lazy\" decoding=\"async\" width=\"800\" height=\"450\" src=\"https:\/\/das-stille-woertchen.de\/wp-content\/uploads\/2022\/12\/20151220_132929.jpg\" alt=\"\" class=\"wp-image-5614\" srcset=\"https:\/\/das-stille-woertchen.de\/wp-content\/uploads\/2022\/12\/20151220_132929.jpg 800w, https:\/\/das-stille-woertchen.de\/wp-content\/uploads\/2022\/12\/20151220_132929-300x169.jpg 300w, https:\/\/das-stille-woertchen.de\/wp-content\/uploads\/2022\/12\/20151220_132929-768x432.jpg 768w\" sizes=\"auto, (max-width: 800px) 100vw, 800px\" \/><\/figure>\n\n\n\n<figure class=\"wp-block-image size-large\"><img loading=\"lazy\" decoding=\"async\" width=\"800\" height=\"450\" src=\"https:\/\/das-stille-woertchen.de\/wp-content\/uploads\/2022\/12\/20151207_134018.jpg\" alt=\"\" class=\"wp-image-5613\" srcset=\"https:\/\/das-stille-woertchen.de\/wp-content\/uploads\/2022\/12\/20151207_134018.jpg 800w, https:\/\/das-stille-woertchen.de\/wp-content\/uploads\/2022\/12\/20151207_134018-300x169.jpg 300w, https:\/\/das-stille-woertchen.de\/wp-content\/uploads\/2022\/12\/20151207_134018-768x432.jpg 768w\" sizes=\"auto, (max-width: 800px) 100vw, 800px\" \/><\/figure>\n\n\n\n<figure class=\"wp-block-image size-large\"><img loading=\"lazy\" decoding=\"async\" width=\"800\" height=\"450\" src=\"https:\/\/das-stille-woertchen.de\/wp-content\/uploads\/2022\/12\/20151207_134014-Kopie.jpg\" alt=\"\" class=\"wp-image-5612\" srcset=\"https:\/\/das-stille-woertchen.de\/wp-content\/uploads\/2022\/12\/20151207_134014-Kopie.jpg 800w, https:\/\/das-stille-woertchen.de\/wp-content\/uploads\/2022\/12\/20151207_134014-Kopie-300x169.jpg 300w, https:\/\/das-stille-woertchen.de\/wp-content\/uploads\/2022\/12\/20151207_134014-Kopie-768x432.jpg 768w\" sizes=\"auto, (max-width: 800px) 100vw, 800px\" \/><\/figure>\n\n\n\n<figure class=\"wp-block-image size-large\"><img loading=\"lazy\" decoding=\"async\" width=\"800\" height=\"450\" src=\"https:\/\/das-stille-woertchen.de\/wp-content\/uploads\/2022\/12\/20151207_134010.jpg\" alt=\"\" class=\"wp-image-5611\" srcset=\"https:\/\/das-stille-woertchen.de\/wp-content\/uploads\/2022\/12\/20151207_134010.jpg 800w, https:\/\/das-stille-woertchen.de\/wp-content\/uploads\/2022\/12\/20151207_134010-300x169.jpg 300w, https:\/\/das-stille-woertchen.de\/wp-content\/uploads\/2022\/12\/20151207_134010-768x432.jpg 768w\" sizes=\"auto, (max-width: 800px) 100vw, 800px\" \/><\/figure>\n\n\n\n<p>In jungen Jahren hatte Lila einen ziemlichen Jagdtrieb. Von Dackelmix Alma abgeguckt. Als Einzelhund w\u00e4re Lila garantiert immer treu an unserer Seite geblieben. Da h\u00e4tte sie auch kein &#8222;Terror&#8220; als Vorsilbe gehabt. &#8222;Lisa ist ein ruhiger Hund&#8220; stand damals in ihrer Beschreibung auf der Seite der Tierschutzorganisation. Aus Lisa ist Lila geworden &#8211; und ruhig war sie selten.<br><br>Wenn auf irgendeine Art Gef\u00fchle im Spiel waren, dann ging bei Lila das Adrenalin durch die Decke. Alles, was Alma, die kleine Kampfdackeline vormachte (am Tor bellen, aus dem Fenster bellen, andere Hunde anbellen, bellen), gab sie doppelt und dreifach zur\u00fcck. <br>Und so kam es auch, dass, als Johnny vor sechs Jahren dazu kam, die sogenannte Ordnung durcheinander geriet und sich Alma und Lila mehrmals geh\u00f6rig in die Wolle bekamen. Seitdem hei\u00dft Alma auch Schlitzohr-Alma. Aber das ist l\u00e4ngst vergeben und vergessen. Unsere drei Terrort\u00f6len waren nun schon seit langer, langer Zeit ein eingespieltes Team. Alle drei. Nicht mal beim F\u00fcttern wurde geknurrt.<\/p>\n\n\n\n<p>Lilas unendliche Leidenschaft galt nat\u00fcrlich auch f\u00fcr gro\u00dfe, positive Gef\u00fchle. Treue, treue Lila! Nicht nur ihren Lieblings-Zweibeinern gegen\u00fcber &#8230;<br><br><br><\/p>\n\n\n\n<figure class=\"wp-block-image size-large\"><img loading=\"lazy\" decoding=\"async\" width=\"450\" height=\"600\" src=\"https:\/\/das-stille-woertchen.de\/wp-content\/uploads\/2022\/12\/P1090190.jpg\" alt=\"\" class=\"wp-image-5659\" srcset=\"https:\/\/das-stille-woertchen.de\/wp-content\/uploads\/2022\/12\/P1090190.jpg 450w, https:\/\/das-stille-woertchen.de\/wp-content\/uploads\/2022\/12\/P1090190-225x300.jpg 225w\" sizes=\"auto, (max-width: 450px) 100vw, 450px\" \/><\/figure>\n\n\n\n<p>&#8230; sondern gegen\u00fcber der ganzen Meute! (Nur die Zweibeiner mit Federn, die haben wir lieber ferngehalten von ihr. Man lernt aus Fehlern &#8230;)<\/p>\n\n\n\n<figure class=\"wp-block-image size-large\"><img loading=\"lazy\" decoding=\"async\" width=\"800\" height=\"450\" src=\"https:\/\/das-stille-woertchen.de\/wp-content\/uploads\/2022\/12\/2017-09-15-15.11.18.jpg\" alt=\"\" class=\"wp-image-5604\" srcset=\"https:\/\/das-stille-woertchen.de\/wp-content\/uploads\/2022\/12\/2017-09-15-15.11.18.jpg 800w, https:\/\/das-stille-woertchen.de\/wp-content\/uploads\/2022\/12\/2017-09-15-15.11.18-300x169.jpg 300w, https:\/\/das-stille-woertchen.de\/wp-content\/uploads\/2022\/12\/2017-09-15-15.11.18-768x432.jpg 768w\" sizes=\"auto, (max-width: 800px) 100vw, 800px\" \/><\/figure>\n\n\n\n<p>Hier ein wahrer Klassiker: Die Hunde-Wollschwein-Polonaise.<br>Lila, Alma und Kr\u00fcmel und Fussel, als die 2013 frisch eingezogen waren. Integration sofort gelungen!<br><\/p>\n\n\n\n<figure class=\"wp-block-image size-large\"><img loading=\"lazy\" decoding=\"async\" width=\"800\" height=\"600\" src=\"https:\/\/das-stille-woertchen.de\/wp-content\/uploads\/2022\/12\/Polona\u0308se.jpg\" alt=\"\" class=\"wp-image-5670\" srcset=\"https:\/\/das-stille-woertchen.de\/wp-content\/uploads\/2022\/12\/Polona\u0308se.jpg 800w, https:\/\/das-stille-woertchen.de\/wp-content\/uploads\/2022\/12\/Polona\u0308se-300x225.jpg 300w, https:\/\/das-stille-woertchen.de\/wp-content\/uploads\/2022\/12\/Polona\u0308se-768x576.jpg 768w\" sizes=\"auto, (max-width: 800px) 100vw, 800px\" \/><\/figure>\n\n\n\n<p>Und auch gegen\u00fcber ihren Katzen (aber nur ihren) war sie einfach nur nett! Dabei hatten wir, als wir Molly und Sticky aus dem Tierheim holten, noch  ziemliche Angst, das k\u00f6nnte nicht klappen!<br>Das Bild hier m\u00fcsste aus dem ersten Sommer mit den Miezen sein. 2015. Po an Po mit Molly. Und w\u00e4hrend Alma und Johnny um die fauchende Sticky lieber einen Bogen machen, war Lila das immer egal. Da hat Sticky die Faucherei irgendwann aufgegeben. (Meistens.)<\/p>\n\n\n\n<figure class=\"wp-block-image size-large\"><img loading=\"lazy\" decoding=\"async\" width=\"800\" height=\"450\" src=\"https:\/\/das-stille-woertchen.de\/wp-content\/uploads\/2022\/12\/20150803_080025.jpg\" alt=\"\" class=\"wp-image-5608\" srcset=\"https:\/\/das-stille-woertchen.de\/wp-content\/uploads\/2022\/12\/20150803_080025.jpg 800w, https:\/\/das-stille-woertchen.de\/wp-content\/uploads\/2022\/12\/20150803_080025-300x169.jpg 300w, https:\/\/das-stille-woertchen.de\/wp-content\/uploads\/2022\/12\/20150803_080025-768x432.jpg 768w\" sizes=\"auto, (max-width: 800px) 100vw, 800px\" \/><\/figure>\n\n\n\n<p>Grunds\u00e4tzlich sa\u00df Lila gerne etwas erh\u00f6ht &#8211; auch gerne mal mit uns am Tisch. (Mit der Bierflasche h\u00e4tte man sie im vollen Zustand aber jagen k\u00f6nnen &#8211; den Geruch mochte sie gar nicht.)<\/p>\n\n\n\n<figure class=\"wp-block-image size-large\"><img loading=\"lazy\" decoding=\"async\" width=\"800\" height=\"600\" src=\"https:\/\/das-stille-woertchen.de\/wp-content\/uploads\/2022\/12\/P1050486-Kopie.jpg\" alt=\"\" class=\"wp-image-5650\" srcset=\"https:\/\/das-stille-woertchen.de\/wp-content\/uploads\/2022\/12\/P1050486-Kopie.jpg 800w, https:\/\/das-stille-woertchen.de\/wp-content\/uploads\/2022\/12\/P1050486-Kopie-300x225.jpg 300w, https:\/\/das-stille-woertchen.de\/wp-content\/uploads\/2022\/12\/P1050486-Kopie-768x576.jpg 768w\" sizes=\"auto, (max-width: 800px) 100vw, 800px\" \/><\/figure>\n\n\n\n<p>Wenn der einzige Sonnenplatz am K\u00fcchentisch war &#8211; zack &#8211; bequem gemacht:<\/p>\n\n\n\n<figure class=\"wp-block-image size-large\"><img loading=\"lazy\" decoding=\"async\" width=\"570\" height=\"1024\" src=\"https:\/\/das-stille-woertchen.de\/wp-content\/uploads\/2022\/12\/lila-zu-tisch-4-570x1024.jpg\" alt=\"\" class=\"wp-image-5671\" srcset=\"https:\/\/das-stille-woertchen.de\/wp-content\/uploads\/2022\/12\/lila-zu-tisch-4-570x1024.jpg 570w, https:\/\/das-stille-woertchen.de\/wp-content\/uploads\/2022\/12\/lila-zu-tisch-4-167x300.jpg 167w, https:\/\/das-stille-woertchen.de\/wp-content\/uploads\/2022\/12\/lila-zu-tisch-4-768x1379.jpg 768w, https:\/\/das-stille-woertchen.de\/wp-content\/uploads\/2022\/12\/lila-zu-tisch-4-855x1536.jpg 855w, https:\/\/das-stille-woertchen.de\/wp-content\/uploads\/2022\/12\/lila-zu-tisch-4.jpg 1136w\" sizes=\"auto, (max-width: 570px) 100vw, 570px\" \/><\/figure>\n\n\n\n<figure class=\"wp-block-image size-large\"><img loading=\"lazy\" decoding=\"async\" width=\"800\" height=\"450\" src=\"https:\/\/das-stille-woertchen.de\/wp-content\/uploads\/2022\/12\/Lila-zu-tisch-3-2.jpg\" alt=\"\" class=\"wp-image-5636\" srcset=\"https:\/\/das-stille-woertchen.de\/wp-content\/uploads\/2022\/12\/Lila-zu-tisch-3-2.jpg 800w, https:\/\/das-stille-woertchen.de\/wp-content\/uploads\/2022\/12\/Lila-zu-tisch-3-2-300x169.jpg 300w, https:\/\/das-stille-woertchen.de\/wp-content\/uploads\/2022\/12\/Lila-zu-tisch-3-2-768x432.jpg 768w\" sizes=\"auto, (max-width: 800px) 100vw, 800px\" \/><\/figure>\n\n\n\n<p>Hofwache ging nat\u00fcrlich auch gem\u00fctlich:<\/p>\n\n\n\n<figure class=\"wp-block-image size-large\"><img loading=\"lazy\" decoding=\"async\" width=\"800\" height=\"600\" src=\"https:\/\/das-stille-woertchen.de\/wp-content\/uploads\/2022\/12\/P1060256.jpg\" alt=\"\" class=\"wp-image-5655\" srcset=\"https:\/\/das-stille-woertchen.de\/wp-content\/uploads\/2022\/12\/P1060256.jpg 800w, https:\/\/das-stille-woertchen.de\/wp-content\/uploads\/2022\/12\/P1060256-300x225.jpg 300w, https:\/\/das-stille-woertchen.de\/wp-content\/uploads\/2022\/12\/P1060256-768x576.jpg 768w\" sizes=\"auto, (max-width: 800px) 100vw, 800px\" \/><\/figure>\n\n\n\n<p>Und \u00fcberhaupt ging gem\u00fctlich immer!<br><\/p>\n\n\n\n<figure class=\"wp-block-image size-large\"><img loading=\"lazy\" decoding=\"async\" width=\"800\" height=\"600\" src=\"https:\/\/das-stille-woertchen.de\/wp-content\/uploads\/2022\/12\/P1030855.jpg\" alt=\"\" class=\"wp-image-5644\" srcset=\"https:\/\/das-stille-woertchen.de\/wp-content\/uploads\/2022\/12\/P1030855.jpg 800w, https:\/\/das-stille-woertchen.de\/wp-content\/uploads\/2022\/12\/P1030855-300x225.jpg 300w, https:\/\/das-stille-woertchen.de\/wp-content\/uploads\/2022\/12\/P1030855-768x576.jpg 768w\" sizes=\"auto, (max-width: 800px) 100vw, 800px\" \/><\/figure>\n\n\n\n<figure class=\"wp-block-image size-large\"><img loading=\"lazy\" decoding=\"async\" width=\"450\" height=\"600\" src=\"https:\/\/das-stille-woertchen.de\/wp-content\/uploads\/2022\/12\/IMG_3013.jpg\" alt=\"\" class=\"wp-image-5619\" srcset=\"https:\/\/das-stille-woertchen.de\/wp-content\/uploads\/2022\/12\/IMG_3013.jpg 450w, https:\/\/das-stille-woertchen.de\/wp-content\/uploads\/2022\/12\/IMG_3013-225x300.jpg 225w\" sizes=\"auto, (max-width: 450px) 100vw, 450px\" \/><\/figure>\n\n\n\n<figure class=\"wp-block-image size-large\"><img loading=\"lazy\" decoding=\"async\" width=\"800\" height=\"600\" src=\"https:\/\/das-stille-woertchen.de\/wp-content\/uploads\/2022\/12\/P1060485-Kopie.jpg\" alt=\"\" class=\"wp-image-5657\" srcset=\"https:\/\/das-stille-woertchen.de\/wp-content\/uploads\/2022\/12\/P1060485-Kopie.jpg 800w, https:\/\/das-stille-woertchen.de\/wp-content\/uploads\/2022\/12\/P1060485-Kopie-300x225.jpg 300w, https:\/\/das-stille-woertchen.de\/wp-content\/uploads\/2022\/12\/P1060485-Kopie-768x576.jpg 768w\" sizes=\"auto, (max-width: 800px) 100vw, 800px\" \/><\/figure>\n\n\n\n<p>Lila liebte s\u00fc\u00dfe Fr\u00fcchte! Himbeeren, Pflaumen, aber auch Tomaten. Und Trauben! (Die bekam sie aber nicht, weil sie nicht gut f\u00fcr Hunde sind.) Den Rest hat sie sich gerne mal direkt vom Strauch oder Baum gepfl\u00fcckt.<\/p>\n\n\n\n<figure class=\"wp-block-image size-large\"><img loading=\"lazy\" decoding=\"async\" width=\"800\" height=\"600\" src=\"https:\/\/das-stille-woertchen.de\/wp-content\/uploads\/2022\/12\/pflaumenklau-1024x768-1.jpg\" alt=\"\" class=\"wp-image-5669\" srcset=\"https:\/\/das-stille-woertchen.de\/wp-content\/uploads\/2022\/12\/pflaumenklau-1024x768-1.jpg 800w, https:\/\/das-stille-woertchen.de\/wp-content\/uploads\/2022\/12\/pflaumenklau-1024x768-1-300x225.jpg 300w, https:\/\/das-stille-woertchen.de\/wp-content\/uploads\/2022\/12\/pflaumenklau-1024x768-1-768x576.jpg 768w\" sizes=\"auto, (max-width: 800px) 100vw, 800px\" \/><\/figure>\n\n\n\n<p>Das muss 2016 gewesen sein &#8211; der erste Sommer mit Johnny. <\/p>\n\n\n\n<figure class=\"wp-block-image size-large\"><img loading=\"lazy\" decoding=\"async\" width=\"800\" height=\"600\" src=\"https:\/\/das-stille-woertchen.de\/wp-content\/uploads\/2022\/12\/P1370784.jpg\" alt=\"\" class=\"wp-image-5665\" srcset=\"https:\/\/das-stille-woertchen.de\/wp-content\/uploads\/2022\/12\/P1370784.jpg 800w, https:\/\/das-stille-woertchen.de\/wp-content\/uploads\/2022\/12\/P1370784-300x225.jpg 300w, https:\/\/das-stille-woertchen.de\/wp-content\/uploads\/2022\/12\/P1370784-768x576.jpg 768w\" sizes=\"auto, (max-width: 800px) 100vw, 800px\" \/><\/figure>\n\n\n\n<p>Kisten mochte Lila auch! (Erst recht wenn, wie in der hier, H\u00fchnerkacke war! ;-)) <\/p>\n\n\n\n<figure class=\"wp-block-image size-large\"><img loading=\"lazy\" decoding=\"async\" width=\"338\" height=\"600\" src=\"https:\/\/das-stille-woertchen.de\/wp-content\/uploads\/2022\/12\/20151010_135951.jpg\" alt=\"\" class=\"wp-image-5610\" srcset=\"https:\/\/das-stille-woertchen.de\/wp-content\/uploads\/2022\/12\/20151010_135951.jpg 338w, https:\/\/das-stille-woertchen.de\/wp-content\/uploads\/2022\/12\/20151010_135951-169x300.jpg 169w\" sizes=\"auto, (max-width: 338px) 100vw, 338px\" \/><\/figure>\n\n\n\n<p>Das Bild ist aus den ersten Jahren auf dem \u00d6rtchen. Alma noch ganz ohne graue Augenbrauen! <\/p>\n\n\n\n<figure class=\"wp-block-image size-large\"><img loading=\"lazy\" decoding=\"async\" width=\"800\" height=\"600\" src=\"https:\/\/das-stille-woertchen.de\/wp-content\/uploads\/2022\/12\/Alma-und-Lila-1024x768-1.jpg\" alt=\"\" class=\"wp-image-5617\" srcset=\"https:\/\/das-stille-woertchen.de\/wp-content\/uploads\/2022\/12\/Alma-und-Lila-1024x768-1.jpg 800w, https:\/\/das-stille-woertchen.de\/wp-content\/uploads\/2022\/12\/Alma-und-Lila-1024x768-1-300x225.jpg 300w, https:\/\/das-stille-woertchen.de\/wp-content\/uploads\/2022\/12\/Alma-und-Lila-1024x768-1-768x576.jpg 768w\" sizes=\"auto, (max-width: 800px) 100vw, 800px\" \/><\/figure>\n\n\n\n<p>In den Gem\u00fcsegarten durften die Hunde irgendwann nicht mehr &#8211; zum Schutz des Gem\u00fcses. Da unten aber durfte Lila anscheinend noch. Ansonsten hat sie immer &#8211; mal mehr und mal weniger geduldig &#8211; am Tor gewartet, bis wir endlich zur\u00fcck waren. (W\u00e4hrend sie kein Problem damit hatte, alleine zu bleiben, wenn wir ganz weg waren. Aber so &#8222;halb weg&#8220; gefiel ihr gar nicht! Da wurde oft viel gewinselt und nerv\u00f6s gewuselt.) <\/p>\n\n\n\n<figure class=\"wp-block-image size-large\"><img loading=\"lazy\" decoding=\"async\" width=\"450\" height=\"600\" src=\"https:\/\/das-stille-woertchen.de\/wp-content\/uploads\/2022\/12\/P1340824.jpg\" alt=\"\" class=\"wp-image-5662\" srcset=\"https:\/\/das-stille-woertchen.de\/wp-content\/uploads\/2022\/12\/P1340824.jpg 450w, https:\/\/das-stille-woertchen.de\/wp-content\/uploads\/2022\/12\/P1340824-225x300.jpg 225w\" sizes=\"auto, (max-width: 450px) 100vw, 450px\" \/><\/figure>\n\n\n\n<p>Nein, das ist kein echtes Kaninchen! (Vermutlich ist es nicht mal ein Kaninchen, sondern ein Teddyb\u00e4r. Oder besser, es war einmal &#8230;)<\/p>\n\n\n\n<figure class=\"wp-block-image size-large\"><img loading=\"lazy\" decoding=\"async\" width=\"800\" height=\"600\" src=\"https:\/\/das-stille-woertchen.de\/wp-content\/uploads\/2022\/12\/P1360507.jpg\" alt=\"\" class=\"wp-image-5664\" srcset=\"https:\/\/das-stille-woertchen.de\/wp-content\/uploads\/2022\/12\/P1360507.jpg 800w, https:\/\/das-stille-woertchen.de\/wp-content\/uploads\/2022\/12\/P1360507-300x225.jpg 300w, https:\/\/das-stille-woertchen.de\/wp-content\/uploads\/2022\/12\/P1360507-768x576.jpg 768w\" sizes=\"auto, (max-width: 800px) 100vw, 800px\" \/><\/figure>\n\n\n\n<p>Hatten wir es schon gesagt? Lila liebte Tomaten! <\/p>\n\n\n\n<figure class=\"wp-block-image size-large\"><img loading=\"lazy\" decoding=\"async\" width=\"800\" height=\"600\" src=\"https:\/\/das-stille-woertchen.de\/wp-content\/uploads\/2022\/12\/P1050769.jpg\" alt=\"\" class=\"wp-image-5653\" srcset=\"https:\/\/das-stille-woertchen.de\/wp-content\/uploads\/2022\/12\/P1050769.jpg 800w, https:\/\/das-stille-woertchen.de\/wp-content\/uploads\/2022\/12\/P1050769-300x225.jpg 300w, https:\/\/das-stille-woertchen.de\/wp-content\/uploads\/2022\/12\/P1050769-768x576.jpg 768w\" sizes=\"auto, (max-width: 800px) 100vw, 800px\" \/><\/figure>\n\n\n\n<p>Das erste Jahr auf dem \u00d6rtchen! (Der Zaun wurde  inzwischen ausgetauscht, weil Riesenhund Johnny ohne M\u00fchen dr\u00fcberh\u00fcpfen konnte. Ach was, er musste nicht mal richtig h\u00fcpfen. Und anstatt der Wiese ist da l\u00e4ngst ein Wintergarten.)<\/p>\n\n\n\n<figure class=\"wp-block-image size-large\"><img loading=\"lazy\" decoding=\"async\" width=\"800\" height=\"434\" src=\"https:\/\/das-stille-woertchen.de\/wp-content\/uploads\/2022\/12\/P1260365-1024x556-1.jpg\" alt=\"\" class=\"wp-image-5661\" srcset=\"https:\/\/das-stille-woertchen.de\/wp-content\/uploads\/2022\/12\/P1260365-1024x556-1.jpg 800w, https:\/\/das-stille-woertchen.de\/wp-content\/uploads\/2022\/12\/P1260365-1024x556-1-300x163.jpg 300w, https:\/\/das-stille-woertchen.de\/wp-content\/uploads\/2022\/12\/P1260365-1024x556-1-768x417.jpg 768w\" sizes=\"auto, (max-width: 800px) 100vw, 800px\" \/><\/figure>\n\n\n\n<p>Nochmal eine kleine Selfie-Session.<\/p>\n\n\n\n<p><\/p>\n\n\n\n<figure class=\"wp-block-image size-large\"><img loading=\"lazy\" decoding=\"async\" width=\"799\" height=\"600\" src=\"https:\/\/das-stille-woertchen.de\/wp-content\/uploads\/2022\/12\/IMG_4887.jpg\" alt=\"\" class=\"wp-image-5622\" srcset=\"https:\/\/das-stille-woertchen.de\/wp-content\/uploads\/2022\/12\/IMG_4887.jpg 799w, https:\/\/das-stille-woertchen.de\/wp-content\/uploads\/2022\/12\/IMG_4887-300x225.jpg 300w, https:\/\/das-stille-woertchen.de\/wp-content\/uploads\/2022\/12\/IMG_4887-768x577.jpg 768w\" sizes=\"auto, (max-width: 799px) 100vw, 799px\" \/><\/figure>\n\n\n\n<figure class=\"wp-block-image size-large\"><img loading=\"lazy\" decoding=\"async\" width=\"1024\" height=\"769\" src=\"https:\/\/das-stille-woertchen.de\/wp-content\/uploads\/2022\/12\/IMG_4888-1024x769.jpg\" alt=\"\" class=\"wp-image-5623\" srcset=\"https:\/\/das-stille-woertchen.de\/wp-content\/uploads\/2022\/12\/IMG_4888-1024x769.jpg 1024w, https:\/\/das-stille-woertchen.de\/wp-content\/uploads\/2022\/12\/IMG_4888-300x225.jpg 300w, https:\/\/das-stille-woertchen.de\/wp-content\/uploads\/2022\/12\/IMG_4888-768x577.jpg 768w, https:\/\/das-stille-woertchen.de\/wp-content\/uploads\/2022\/12\/IMG_4888-1536x1154.jpg 1536w, https:\/\/das-stille-woertchen.de\/wp-content\/uploads\/2022\/12\/IMG_4888-2048x1539.jpg 2048w\" sizes=\"auto, (max-width: 1024px) 100vw, 1024px\" \/><\/figure>\n\n\n\n<p>Und noch ein paar &#8222;einfach-Lilly-Bilder&#8220;.<\/p>\n\n\n\n<figure class=\"wp-block-image size-large\"><img loading=\"lazy\" decoding=\"async\" width=\"450\" height=\"600\" src=\"https:\/\/das-stille-woertchen.de\/wp-content\/uploads\/2022\/12\/P1060097-Kopie.jpg\" alt=\"\" class=\"wp-image-5654\" srcset=\"https:\/\/das-stille-woertchen.de\/wp-content\/uploads\/2022\/12\/P1060097-Kopie.jpg 450w, https:\/\/das-stille-woertchen.de\/wp-content\/uploads\/2022\/12\/P1060097-Kopie-225x300.jpg 225w\" sizes=\"auto, (max-width: 450px) 100vw, 450px\" \/><\/figure>\n\n\n\n<figure class=\"wp-block-image size-large\"><img loading=\"lazy\" decoding=\"async\" width=\"450\" height=\"600\" src=\"https:\/\/das-stille-woertchen.de\/wp-content\/uploads\/2022\/12\/Lila-768x1024-Kopie.jpg\" alt=\"\" class=\"wp-image-5638\" srcset=\"https:\/\/das-stille-woertchen.de\/wp-content\/uploads\/2022\/12\/Lila-768x1024-Kopie.jpg 450w, https:\/\/das-stille-woertchen.de\/wp-content\/uploads\/2022\/12\/Lila-768x1024-Kopie-225x300.jpg 225w\" sizes=\"auto, (max-width: 450px) 100vw, 450px\" \/><\/figure>\n\n\n\n<figure class=\"wp-block-image size-large\"><img loading=\"lazy\" decoding=\"async\" width=\"800\" height=\"600\" src=\"https:\/\/das-stille-woertchen.de\/wp-content\/uploads\/2022\/12\/P1070196.jpg\" alt=\"\" class=\"wp-image-5658\" srcset=\"https:\/\/das-stille-woertchen.de\/wp-content\/uploads\/2022\/12\/P1070196.jpg 800w, https:\/\/das-stille-woertchen.de\/wp-content\/uploads\/2022\/12\/P1070196-300x225.jpg 300w, https:\/\/das-stille-woertchen.de\/wp-content\/uploads\/2022\/12\/P1070196-768x576.jpg 768w\" sizes=\"auto, (max-width: 800px) 100vw, 800px\" \/><\/figure>\n\n\n\n<figure class=\"wp-block-image size-large\"><img loading=\"lazy\" decoding=\"async\" width=\"800\" height=\"600\" src=\"https:\/\/das-stille-woertchen.de\/wp-content\/uploads\/2022\/12\/P1040842.jpg\" alt=\"\" class=\"wp-image-5648\" srcset=\"https:\/\/das-stille-woertchen.de\/wp-content\/uploads\/2022\/12\/P1040842.jpg 800w, https:\/\/das-stille-woertchen.de\/wp-content\/uploads\/2022\/12\/P1040842-300x225.jpg 300w, https:\/\/das-stille-woertchen.de\/wp-content\/uploads\/2022\/12\/P1040842-768x576.jpg 768w\" sizes=\"auto, (max-width: 800px) 100vw, 800px\" \/><\/figure>\n\n\n\n<figure class=\"wp-block-image size-large\"><img loading=\"lazy\" decoding=\"async\" width=\"800\" height=\"443\" src=\"https:\/\/das-stille-woertchen.de\/wp-content\/uploads\/2022\/12\/Lila.jpg\" alt=\"\" class=\"wp-image-5639\" srcset=\"https:\/\/das-stille-woertchen.de\/wp-content\/uploads\/2022\/12\/Lila.jpg 800w, https:\/\/das-stille-woertchen.de\/wp-content\/uploads\/2022\/12\/Lila-300x166.jpg 300w, https:\/\/das-stille-woertchen.de\/wp-content\/uploads\/2022\/12\/Lila-768x425.jpg 768w\" sizes=\"auto, (max-width: 800px) 100vw, 800px\" \/><\/figure>\n\n\n\n<figure class=\"wp-block-image size-large\"><img loading=\"lazy\" decoding=\"async\" width=\"800\" height=\"600\" src=\"https:\/\/das-stille-woertchen.de\/wp-content\/uploads\/2022\/12\/P1010434.jpg\" alt=\"\" class=\"wp-image-5640\" srcset=\"https:\/\/das-stille-woertchen.de\/wp-content\/uploads\/2022\/12\/P1010434.jpg 800w, https:\/\/das-stille-woertchen.de\/wp-content\/uploads\/2022\/12\/P1010434-300x225.jpg 300w, https:\/\/das-stille-woertchen.de\/wp-content\/uploads\/2022\/12\/P1010434-768x576.jpg 768w\" sizes=\"auto, (max-width: 800px) 100vw, 800px\" \/><\/figure>\n\n\n\n<figure class=\"wp-block-image size-large\"><img loading=\"lazy\" decoding=\"async\" width=\"800\" height=\"600\" src=\"https:\/\/das-stille-woertchen.de\/wp-content\/uploads\/2022\/12\/P1020164.jpg\" alt=\"\" class=\"wp-image-5641\" srcset=\"https:\/\/das-stille-woertchen.de\/wp-content\/uploads\/2022\/12\/P1020164.jpg 800w, https:\/\/das-stille-woertchen.de\/wp-content\/uploads\/2022\/12\/P1020164-300x225.jpg 300w, https:\/\/das-stille-woertchen.de\/wp-content\/uploads\/2022\/12\/P1020164-768x576.jpg 768w\" sizes=\"auto, (max-width: 800px) 100vw, 800px\" \/><\/figure>\n\n\n\n<figure class=\"wp-block-image size-large\"><img loading=\"lazy\" decoding=\"async\" width=\"338\" height=\"600\" src=\"https:\/\/das-stille-woertchen.de\/wp-content\/uploads\/2022\/12\/20190114_143926.jpg\" alt=\"\" class=\"wp-image-5615\" srcset=\"https:\/\/das-stille-woertchen.de\/wp-content\/uploads\/2022\/12\/20190114_143926.jpg 338w, https:\/\/das-stille-woertchen.de\/wp-content\/uploads\/2022\/12\/20190114_143926-169x300.jpg 169w\" sizes=\"auto, (max-width: 338px) 100vw, 338px\" \/><\/figure>\n\n\n\n<figure class=\"wp-block-image size-large\"><img loading=\"lazy\" decoding=\"async\" width=\"800\" height=\"450\" src=\"https:\/\/das-stille-woertchen.de\/wp-content\/uploads\/2022\/12\/20150801_092402-Kopie.jpg\" alt=\"\" class=\"wp-image-5607\" srcset=\"https:\/\/das-stille-woertchen.de\/wp-content\/uploads\/2022\/12\/20150801_092402-Kopie.jpg 800w, https:\/\/das-stille-woertchen.de\/wp-content\/uploads\/2022\/12\/20150801_092402-Kopie-300x169.jpg 300w, https:\/\/das-stille-woertchen.de\/wp-content\/uploads\/2022\/12\/20150801_092402-Kopie-768x432.jpg 768w\" sizes=\"auto, (max-width: 800px) 100vw, 800px\" \/><\/figure>\n\n\n\n<figure class=\"wp-block-image size-large\"><img loading=\"lazy\" decoding=\"async\" width=\"800\" height=\"450\" src=\"https:\/\/das-stille-woertchen.de\/wp-content\/uploads\/2022\/12\/2016-05-22-16.10.16.jpg\" alt=\"\" class=\"wp-image-5600\" srcset=\"https:\/\/das-stille-woertchen.de\/wp-content\/uploads\/2022\/12\/2016-05-22-16.10.16.jpg 800w, https:\/\/das-stille-woertchen.de\/wp-content\/uploads\/2022\/12\/2016-05-22-16.10.16-300x169.jpg 300w, https:\/\/das-stille-woertchen.de\/wp-content\/uploads\/2022\/12\/2016-05-22-16.10.16-768x432.jpg 768w\" sizes=\"auto, (max-width: 800px) 100vw, 800px\" \/><\/figure>\n\n\n\n<figure class=\"wp-block-image size-large\"><img loading=\"lazy\" decoding=\"async\" width=\"800\" height=\"600\" src=\"https:\/\/das-stille-woertchen.de\/wp-content\/uploads\/2022\/12\/9F6466E5-F8C7-4B06-B918-908CA02109B4.jpg\" alt=\"\" class=\"wp-image-5598\" srcset=\"https:\/\/das-stille-woertchen.de\/wp-content\/uploads\/2022\/12\/9F6466E5-F8C7-4B06-B918-908CA02109B4.jpg 800w, https:\/\/das-stille-woertchen.de\/wp-content\/uploads\/2022\/12\/9F6466E5-F8C7-4B06-B918-908CA02109B4-300x225.jpg 300w, https:\/\/das-stille-woertchen.de\/wp-content\/uploads\/2022\/12\/9F6466E5-F8C7-4B06-B918-908CA02109B4-768x576.jpg 768w\" sizes=\"auto, (max-width: 800px) 100vw, 800px\" \/><\/figure>\n\n\n\n<p>Hm, was gibt es noch zu sagen, \u00fcber unsere Lila?<br>Sie konnte unheimlich gut pupsen! Oft sehr leise &#8211; meist nur ein ganz sanftes Pfffff &#8211; aber immer mit viel Wind! (Zum Gl\u00fcck gibt es keine Duft-Fotos!)<br><br>Sie \u00fcberkreuzte gerne die Vorderbeine beim Liegen. Elegant!<\/p>\n\n\n\n<figure class=\"wp-block-image size-large\"><img loading=\"lazy\" decoding=\"async\" width=\"800\" height=\"600\" src=\"https:\/\/das-stille-woertchen.de\/wp-content\/uploads\/2022\/12\/P1380206-Kopie.jpg\" alt=\"\" class=\"wp-image-5666\" srcset=\"https:\/\/das-stille-woertchen.de\/wp-content\/uploads\/2022\/12\/P1380206-Kopie.jpg 800w, https:\/\/das-stille-woertchen.de\/wp-content\/uploads\/2022\/12\/P1380206-Kopie-300x225.jpg 300w, https:\/\/das-stille-woertchen.de\/wp-content\/uploads\/2022\/12\/P1380206-Kopie-768x576.jpg 768w\" sizes=\"auto, (max-width: 800px) 100vw, 800px\" \/><\/figure>\n\n\n\n<p>Sie war eine weltmeisterliche Dr\u00e4nglerin. Sie musste immer vor einem durch die T\u00fcr. Und vor einem laufen. Wie oft wir \u00fcber diesen Hund gestolpert sind! Wie oft wir sie deshalb verflucht haben! (Liebevoll, aber schon auch mal genervt.)<\/p>\n\n\n\n<p>Oh Lilly, wie gerne, gerne w\u00fcrden wir \u00fcber dich stolpern, uns  danach endlos von dir abschlecken und gleichzeitig die Nase voll pupsen lassen. Und bellen d\u00fcrftest du, aufgeregt jaulen &#8211; alles ohne ein Meckern von uns! (Naja, vielleicht ein Kleines &#8230; Weil das ja schlie\u00dflich auch immer dazu geh\u00f6rt hat.) <br><br>Die ersten Tage, als Lila nicht mehr da war, haben wir weiter unterm Tisch vorsichtig die F\u00fc\u00dfe angezogen. So, als ob sie noch daliegen w\u00fcrde. Wir haben die T\u00fcren ge\u00f6ffnet, drinnen und drau\u00dfen, und uns gewundert, dass das einfach ging. Ohne, dass Lilly im Weg liegt. <br><br>Genauso fehlt die morgendliche Schlabberdusche. <br><br>Ach. Lilly.<br><br>Naja, und weil jetzt eh schon wieder die Tr\u00e4nen in den Augen glitzern, n\u00e4hern wir uns wohl oder \u00fcbel dem traurigen Abschied.<\/p>\n\n\n\n<p>Die letzte Selfie-Session. <\/p>\n\n\n\n<figure class=\"wp-block-image size-large\"><img loading=\"lazy\" decoding=\"async\" width=\"799\" height=\"600\" src=\"https:\/\/das-stille-woertchen.de\/wp-content\/uploads\/2022\/12\/IMG_5363.jpg\" alt=\"\" class=\"wp-image-5630\" srcset=\"https:\/\/das-stille-woertchen.de\/wp-content\/uploads\/2022\/12\/IMG_5363.jpg 799w, https:\/\/das-stille-woertchen.de\/wp-content\/uploads\/2022\/12\/IMG_5363-300x225.jpg 300w, https:\/\/das-stille-woertchen.de\/wp-content\/uploads\/2022\/12\/IMG_5363-768x577.jpg 768w\" sizes=\"auto, (max-width: 799px) 100vw, 799px\" \/><\/figure>\n\n\n\n<figure class=\"wp-block-image size-large\"><img loading=\"lazy\" decoding=\"async\" width=\"799\" height=\"600\" src=\"https:\/\/das-stille-woertchen.de\/wp-content\/uploads\/2022\/12\/IMG_5361.jpg\" alt=\"\" class=\"wp-image-5629\" srcset=\"https:\/\/das-stille-woertchen.de\/wp-content\/uploads\/2022\/12\/IMG_5361.jpg 799w, https:\/\/das-stille-woertchen.de\/wp-content\/uploads\/2022\/12\/IMG_5361-300x225.jpg 300w, https:\/\/das-stille-woertchen.de\/wp-content\/uploads\/2022\/12\/IMG_5361-768x577.jpg 768w\" sizes=\"auto, (max-width: 799px) 100vw, 799px\" \/><\/figure>\n\n\n\n<figure class=\"wp-block-image size-large\"><img loading=\"lazy\" decoding=\"async\" width=\"799\" height=\"600\" src=\"https:\/\/das-stille-woertchen.de\/wp-content\/uploads\/2022\/12\/IMG_5357.jpg\" alt=\"\" class=\"wp-image-5628\" srcset=\"https:\/\/das-stille-woertchen.de\/wp-content\/uploads\/2022\/12\/IMG_5357.jpg 799w, https:\/\/das-stille-woertchen.de\/wp-content\/uploads\/2022\/12\/IMG_5357-300x225.jpg 300w, https:\/\/das-stille-woertchen.de\/wp-content\/uploads\/2022\/12\/IMG_5357-768x577.jpg 768w\" sizes=\"auto, (max-width: 799px) 100vw, 799px\" \/><\/figure>\n\n\n\n<p>Die letzten Tage mit unserer Lila &#8211; mit einem zum Gl\u00fcck lachenden Hund. (Sch\u00f6n w\u00e4re es, wenn Mensch in solchen Situationen &#8211; und ab und zu \u00fcberhaupt &#8211; auch so ein sorgloses Hundehirn h\u00e4tte. So ganz ohne Zukunftsgedanken.)<\/p>\n\n\n\n<figure class=\"wp-block-image size-large\"><img loading=\"lazy\" decoding=\"async\" width=\"450\" height=\"600\" src=\"https:\/\/das-stille-woertchen.de\/wp-content\/uploads\/2022\/12\/IMG_5424.jpg\" alt=\"\" class=\"wp-image-5635\" srcset=\"https:\/\/das-stille-woertchen.de\/wp-content\/uploads\/2022\/12\/IMG_5424.jpg 450w, https:\/\/das-stille-woertchen.de\/wp-content\/uploads\/2022\/12\/IMG_5424-225x300.jpg 225w\" sizes=\"auto, (max-width: 450px) 100vw, 450px\" \/><\/figure>\n\n\n\n<figure class=\"wp-block-image size-large\"><img loading=\"lazy\" decoding=\"async\" width=\"1020\" height=\"1024\" src=\"https:\/\/das-stille-woertchen.de\/wp-content\/uploads\/2022\/12\/IMG_5415-2-1020x1024.jpg\" alt=\"\" class=\"wp-image-5633\" srcset=\"https:\/\/das-stille-woertchen.de\/wp-content\/uploads\/2022\/12\/IMG_5415-2-1020x1024.jpg 1020w, https:\/\/das-stille-woertchen.de\/wp-content\/uploads\/2022\/12\/IMG_5415-2-300x300.jpg 300w, https:\/\/das-stille-woertchen.de\/wp-content\/uploads\/2022\/12\/IMG_5415-2-150x150.jpg 150w, https:\/\/das-stille-woertchen.de\/wp-content\/uploads\/2022\/12\/IMG_5415-2-768x771.jpg 768w, https:\/\/das-stille-woertchen.de\/wp-content\/uploads\/2022\/12\/IMG_5415-2-1530x1536.jpg 1530w, https:\/\/das-stille-woertchen.de\/wp-content\/uploads\/2022\/12\/IMG_5415-2-2040x2048.jpg 2040w\" sizes=\"auto, (max-width: 1020px) 100vw, 1020px\" \/><\/figure>\n\n\n\n<figure class=\"wp-block-image size-large\"><img loading=\"lazy\" decoding=\"async\" width=\"450\" height=\"600\" src=\"https:\/\/das-stille-woertchen.de\/wp-content\/uploads\/2022\/12\/IMG_5316-2.jpg\" alt=\"\" class=\"wp-image-5624\" srcset=\"https:\/\/das-stille-woertchen.de\/wp-content\/uploads\/2022\/12\/IMG_5316-2.jpg 450w, https:\/\/das-stille-woertchen.de\/wp-content\/uploads\/2022\/12\/IMG_5316-2-225x300.jpg 225w\" sizes=\"auto, (max-width: 450px) 100vw, 450px\" \/><\/figure>\n\n\n\n<p>Eine der letzten gemeinsamen Wachen am Tor.<\/p>\n\n\n\n<figure class=\"wp-block-image size-large\"><img loading=\"lazy\" decoding=\"async\" width=\"800\" height=\"600\" src=\"https:\/\/das-stille-woertchen.de\/wp-content\/uploads\/2022\/12\/IMG_5384-Kopie.jpg\" alt=\"\" class=\"wp-image-5632\" srcset=\"https:\/\/das-stille-woertchen.de\/wp-content\/uploads\/2022\/12\/IMG_5384-Kopie.jpg 800w, https:\/\/das-stille-woertchen.de\/wp-content\/uploads\/2022\/12\/IMG_5384-Kopie-300x225.jpg 300w, https:\/\/das-stille-woertchen.de\/wp-content\/uploads\/2022\/12\/IMG_5384-Kopie-768x576.jpg 768w\" sizes=\"auto, (max-width: 800px) 100vw, 800px\" \/><\/figure>\n\n\n\n<figure class=\"wp-block-image size-large\"><img loading=\"lazy\" decoding=\"async\" width=\"800\" height=\"600\" src=\"https:\/\/das-stille-woertchen.de\/wp-content\/uploads\/2022\/12\/IMG_5353-Kopie.jpg\" alt=\"\" class=\"wp-image-5627\" srcset=\"https:\/\/das-stille-woertchen.de\/wp-content\/uploads\/2022\/12\/IMG_5353-Kopie.jpg 800w, https:\/\/das-stille-woertchen.de\/wp-content\/uploads\/2022\/12\/IMG_5353-Kopie-300x225.jpg 300w, https:\/\/das-stille-woertchen.de\/wp-content\/uploads\/2022\/12\/IMG_5353-Kopie-768x576.jpg 768w\" sizes=\"auto, (max-width: 800px) 100vw, 800px\" \/><\/figure>\n\n\n\n<figure class=\"wp-block-image size-large\"><img loading=\"lazy\" decoding=\"async\" width=\"800\" height=\"600\" src=\"https:\/\/das-stille-woertchen.de\/wp-content\/uploads\/2022\/12\/IMG_5352.jpg\" alt=\"\" class=\"wp-image-5626\" srcset=\"https:\/\/das-stille-woertchen.de\/wp-content\/uploads\/2022\/12\/IMG_5352.jpg 800w, https:\/\/das-stille-woertchen.de\/wp-content\/uploads\/2022\/12\/IMG_5352-300x225.jpg 300w, https:\/\/das-stille-woertchen.de\/wp-content\/uploads\/2022\/12\/IMG_5352-768x576.jpg 768w\" sizes=\"auto, (max-width: 800px) 100vw, 800px\" \/><\/figure>\n\n\n\n<p>Mach&#8217;s gut, liebste Lilly, du gute Terrort\u00f6le, du.<\/p>\n\n\n\n<p>Danke f\u00fcr zw\u00f6lf herrlich bekloppte Jahre.<br><br><\/p>\n\n\n\n<figure class=\"wp-block-image size-large\"><img loading=\"lazy\" decoding=\"async\" width=\"800\" height=\"600\" src=\"https:\/\/das-stille-woertchen.de\/wp-content\/uploads\/2022\/12\/P1020643.jpg\" alt=\"\" class=\"wp-image-5642\" srcset=\"https:\/\/das-stille-woertchen.de\/wp-content\/uploads\/2022\/12\/P1020643.jpg 800w, https:\/\/das-stille-woertchen.de\/wp-content\/uploads\/2022\/12\/P1020643-300x225.jpg 300w, https:\/\/das-stille-woertchen.de\/wp-content\/uploads\/2022\/12\/P1020643-768x576.jpg 768w\" sizes=\"auto, (max-width: 800px) 100vw, 800px\" \/><\/figure>\n\n\n\n<p><\/p>\n","protected":false},"excerpt":{"rendered":"<p>So. Ein Moment Pause, bevor es zum Alltag \u00fcbergeht. Bevor hier der schon wieder l\u00e4ngst \u00fcberf\u00e4llige Herbst-Blog an der Reihe ist, der ziemlich winterlich sein wird. Die Zeit rast &#8211; und der letzte Eintrag ist mal wieder \u00fcber drei Monate &hellip; <a href=\"https:\/\/das-stille-woertchen.de\/index.php\/2022\/12\/16\/lila\/\">Weiterlesen <span class=\"meta-nav\">&rarr;<\/span><\/a><\/p>\n","protected":false},"author":2,"featured_media":0,"comment_status":"open","ping_status":"open","sticky":false,"template":"","format":"standard","meta":{"footnotes":""},"categories":[3,5],"tags":[],"class_list":["post-5596","post","type-post","status-publish","format-standard","hentry","category-oertchen","category-tierisch"],"_links":{"self":[{"href":"https:\/\/das-stille-woertchen.de\/index.php\/wp-json\/wp\/v2\/posts\/5596","targetHints":{"allow":["GET"]}}],"collection":[{"href":"https:\/\/das-stille-woertchen.de\/index.php\/wp-json\/wp\/v2\/posts"}],"about":[{"href":"https:\/\/das-stille-woertchen.de\/index.php\/wp-json\/wp\/v2\/types\/post"}],"author":[{"embeddable":true,"href":"https:\/\/das-stille-woertchen.de\/index.php\/wp-json\/wp\/v2\/users\/2"}],"replies":[{"embeddable":true,"href":"https:\/\/das-stille-woertchen.de\/index.php\/wp-json\/wp\/v2\/comments?post=5596"}],"version-history":[{"count":10,"href":"https:\/\/das-stille-woertchen.de\/index.php\/wp-json\/wp\/v2\/posts\/5596\/revisions"}],"predecessor-version":[{"id":5682,"href":"https:\/\/das-stille-woertchen.de\/index.php\/wp-json\/wp\/v2\/posts\/5596\/revisions\/5682"}],"wp:attachment":[{"href":"https:\/\/das-stille-woertchen.de\/index.php\/wp-json\/wp\/v2\/media?parent=5596"}],"wp:term":[{"taxonomy":"category","embeddable":true,"href":"https:\/\/das-stille-woertchen.de\/index.php\/wp-json\/wp\/v2\/categories?post=5596"},{"taxonomy":"post_tag","embeddable":true,"href":"https:\/\/das-stille-woertchen.de\/index.php\/wp-json\/wp\/v2\/tags?post=5596"}],"curies":[{"name":"wp","href":"https:\/\/api.w.org\/{rel}","templated":true}]}}