{"id":5960,"date":"2023-06-02T19:09:05","date_gmt":"2023-06-02T17:09:05","guid":{"rendered":"https:\/\/das-stille-woertchen.de\/?p=5960"},"modified":"2023-06-04T10:34:36","modified_gmt":"2023-06-04T08:34:36","slug":"ein-fruehling-ohne-fruehling-fuenfundzwanzig-gluecksbaeumchen-und-eine-hand-voll-puscheldamen","status":"publish","type":"post","link":"https:\/\/das-stille-woertchen.de\/index.php\/2023\/06\/02\/ein-fruehling-ohne-fruehling-fuenfundzwanzig-gluecksbaeumchen-und-eine-hand-voll-puscheldamen\/","title":{"rendered":"Ein Fr\u00fchling ohne Fr\u00fchling, f\u00fcnfundzwanzig Gl\u00fccksb\u00e4umchen und eine Hand voll Puscheldamen"},"content":{"rendered":"\n<p>So. Gerade noch erwischt. (Fast) p\u00fcnktlich zum meteorologischen Sommeranfang gibt es den Fr\u00fchjahrsr\u00fcckblick. <br><br>Und wir blicken zur\u00fcck &#8211; auf ein feuchtes, tr\u00fcbes, kaltes Fr\u00fchjahr. Es hat genervt! Aber: Der Regen tat auch soooo gut. Also der Natur (nicht den kalten Menschenf\u00fc\u00dfen, die viel zu lange vor einem warmen Ofen gew\u00e4rmt werden mussten) &#8211; und damit ja doch auch uns und unseren d\u00fcrresommergeplagten Seelen.<br><br>Am 1. Januar allerdings &#8211; da schien tats\u00e4chlich die Sonne! <br>Und das passte wunderbar. Denn ein Apfelb\u00e4umchen wartete, nach langen Tagen des Frosts, darauf, endlich, aus dem Topf, in die Erde zu kommen. Und in was f\u00fcr eine! Beim letzten R\u00fcckblick wurde schon geteasert: Es gibt was Neues auf dem \u00d6rtchen! Einen Hektar Gl\u00fcck n\u00e4mlich.<br><br>Aber hier erstmal der Herr des Hauses auf der Winterwiese mit Apfelbaum:<\/p>\n\n\n\n<p><\/p>\n\n\n\n<figure class=\"wp-block-image size-full\"><a href=\"https:\/\/das-stille-woertchen.de\/wp-content\/uploads\/2023\/05\/P1090869.jpg\"><img loading=\"lazy\" decoding=\"async\" width=\"800\" height=\"600\" src=\"https:\/\/das-stille-woertchen.de\/wp-content\/uploads\/2023\/05\/P1090869.jpg\" alt=\"\" class=\"wp-image-5948\" srcset=\"https:\/\/das-stille-woertchen.de\/wp-content\/uploads\/2023\/05\/P1090869.jpg 800w, https:\/\/das-stille-woertchen.de\/wp-content\/uploads\/2023\/05\/P1090869-300x225.jpg 300w, https:\/\/das-stille-woertchen.de\/wp-content\/uploads\/2023\/05\/P1090869-768x576.jpg 768w\" sizes=\"auto, (max-width: 800px) 100vw, 800px\" \/><\/a><\/figure>\n\n\n\n<p>Mittlerweile sind 25 weitere Obstb\u00e4ume dazu gekommen, auf unserem sch\u00f6nen, neuen Land. Es grenzt direkt an unseren Hof. Gartent\u00fcrchen uff und druff! (Der gro\u00dfe Nu\u00dfbaum da oben markiert die obere Grenze und l\u00e4dt ein zum Verweilen &#8211; mit Ausblick. Und mit Abendsonne.) Und wir haben soooo lange davon getr\u00e4umt (und irgendwann nicht mehr gewagt, davon zu tr\u00e4umen), dass wir damit die heile \u00d6rtchen-Insel noch etwas gr\u00f6\u00dfer und heiler machen. Elf Jahre ganz genau gesagt.<br>Und nun: Gro\u00dfe Freude, gro\u00dfe Liebe! Eine entstehende Streuobstwiese mit viel Platz und Gras f\u00fcr die Pferdchen, aber auch f\u00fcr V\u00f6gel, Insekten und welches Getier auch immer sich dort wohlf\u00fchlen mag.<br><br>Mitte M\u00e4rz haben wir die B\u00e4ume geholt. Dank &#8222;Streuobst f\u00fcr alle!&#8220; hat sie der Freistaat Bayern gesponsert. <\/p>\n\n\n\n<figure class=\"wp-block-image size-full\"><a href=\"https:\/\/das-stille-woertchen.de\/wp-content\/uploads\/2023\/05\/IMG_7585-rotated.jpg\"><img loading=\"lazy\" decoding=\"async\" width=\"480\" height=\"640\" src=\"https:\/\/das-stille-woertchen.de\/wp-content\/uploads\/2023\/05\/IMG_7585-rotated.jpg\" alt=\"\" class=\"wp-image-5924\" srcset=\"https:\/\/das-stille-woertchen.de\/wp-content\/uploads\/2023\/05\/IMG_7585-rotated.jpg 480w, https:\/\/das-stille-woertchen.de\/wp-content\/uploads\/2023\/05\/IMG_7585-225x300.jpg 225w\" sizes=\"auto, (max-width: 480px) 100vw, 480px\" \/><\/a><\/figure>\n\n\n\n<figure class=\"wp-block-image size-full\"><a href=\"https:\/\/das-stille-woertchen.de\/wp-content\/uploads\/2023\/05\/IMG_7579-rotated.jpg\"><img loading=\"lazy\" decoding=\"async\" width=\"480\" height=\"640\" src=\"https:\/\/das-stille-woertchen.de\/wp-content\/uploads\/2023\/05\/IMG_7579-rotated.jpg\" alt=\"\" class=\"wp-image-5925\" srcset=\"https:\/\/das-stille-woertchen.de\/wp-content\/uploads\/2023\/05\/IMG_7579-rotated.jpg 480w, https:\/\/das-stille-woertchen.de\/wp-content\/uploads\/2023\/05\/IMG_7579-225x300.jpg 225w\" sizes=\"auto, (max-width: 480px) 100vw, 480px\" \/><\/a><\/figure>\n\n\n\n<p>Nur die St\u00fctzen und den Verbissschutz  mussten bezahlt werden. Und professionelle Baumschnittanweisungen (f\u00fcr den ersten Pflanzschnitt &#8211; wussten wir vorher auch nicht, wir Streuobstbanausen, dass  sowas n\u00f6tig ist &#8230;) gab es gratis dazu. Perfekt! <\/p>\n\n\n\n<figure class=\"wp-block-image size-full\"><a href=\"https:\/\/das-stille-woertchen.de\/wp-content\/uploads\/2023\/05\/IMG_0002.jpg\"><img loading=\"lazy\" decoding=\"async\" width=\"640\" height=\"480\" src=\"https:\/\/das-stille-woertchen.de\/wp-content\/uploads\/2023\/05\/IMG_0002.jpg\" alt=\"\" class=\"wp-image-5920\" srcset=\"https:\/\/das-stille-woertchen.de\/wp-content\/uploads\/2023\/05\/IMG_0002.jpg 640w, https:\/\/das-stille-woertchen.de\/wp-content\/uploads\/2023\/05\/IMG_0002-300x225.jpg 300w\" sizes=\"auto, (max-width: 640px) 100vw, 640px\" \/><\/a><\/figure>\n\n\n\n<p>Mittlerweile haben die B\u00e4ume gebl\u00fcht, nun haben sie Bl\u00e4tter &#8211; und alle sind brav angewachsen. Hurra!<br><br>Aber mal wieder sch\u00f6n und (mal mehr und mal weniger) bunt der Reihe nach. <br>Hier noch ein paar Impressionen vom fr\u00fcheren Fr\u00fchjahr. Oder sp\u00e4tem Winter:<br><br>Tats\u00e4chlich gab es mehrmals Schnee! <br>Wie gro\u00df die Begeisterung war, das k\u00f6nnt ihr selbst aus den Bildern heraus interpretieren. Na gut. Die Tierchen h\u00fcpfen schon gerne darin herum (nur die H\u00fchner, die armen, sind schneeblind!) Und sauberer als Matsch ist das weiche Wei\u00dfe auch. Doch an sich ist saftiges Gr\u00fcn schon etwas reizvoller. Aber alles zu seiner Zeit. <\/p>\n\n\n\n<p><\/p>\n\n\n\n<figure class=\"wp-block-image size-full\"><a href=\"https:\/\/das-stille-woertchen.de\/wp-content\/uploads\/2023\/05\/IMG_6807.jpg\"><img loading=\"lazy\" decoding=\"async\" width=\"640\" height=\"480\" src=\"https:\/\/das-stille-woertchen.de\/wp-content\/uploads\/2023\/05\/IMG_6807.jpg\" alt=\"\" class=\"wp-image-5942\" srcset=\"https:\/\/das-stille-woertchen.de\/wp-content\/uploads\/2023\/05\/IMG_6807.jpg 640w, https:\/\/das-stille-woertchen.de\/wp-content\/uploads\/2023\/05\/IMG_6807-300x225.jpg 300w\" sizes=\"auto, (max-width: 640px) 100vw, 640px\" \/><\/a><\/figure>\n\n\n<div class=\"wp-block-image\">\n<figure class=\"aligncenter size-full\"><a href=\"https:\/\/das-stille-woertchen.de\/wp-content\/uploads\/2023\/05\/IMG_6835-rotated.jpg\"><img loading=\"lazy\" decoding=\"async\" width=\"480\" height=\"640\" src=\"https:\/\/das-stille-woertchen.de\/wp-content\/uploads\/2023\/05\/IMG_6835-rotated.jpg\" alt=\"\" class=\"wp-image-5940\" srcset=\"https:\/\/das-stille-woertchen.de\/wp-content\/uploads\/2023\/05\/IMG_6835-rotated.jpg 480w, https:\/\/das-stille-woertchen.de\/wp-content\/uploads\/2023\/05\/IMG_6835-225x300.jpg 225w\" sizes=\"auto, (max-width: 480px) 100vw, 480px\" \/><\/a><\/figure><\/div>\n\n\n<figure class=\"wp-block-image size-full\"><a href=\"https:\/\/das-stille-woertchen.de\/wp-content\/uploads\/2023\/05\/IMG_6830-rotated.jpg\"><img loading=\"lazy\" decoding=\"async\" width=\"640\" height=\"481\" src=\"https:\/\/das-stille-woertchen.de\/wp-content\/uploads\/2023\/05\/IMG_6830-rotated.jpg\" alt=\"\" class=\"wp-image-5941\" srcset=\"https:\/\/das-stille-woertchen.de\/wp-content\/uploads\/2023\/05\/IMG_6830-rotated.jpg 640w, https:\/\/das-stille-woertchen.de\/wp-content\/uploads\/2023\/05\/IMG_6830-300x225.jpg 300w\" sizes=\"auto, (max-width: 640px) 100vw, 640px\" \/><\/a><\/figure>\n\n\n\n<p>Wenn es drau\u00dfen, was des \u00f6fteren der Fall war, zu ungem\u00fctlich wurde, gab es zum Gl\u00fcck ein heimeliges Drinnen.<\/p>\n\n\n\n<p><\/p>\n\n\n\n<figure class=\"wp-block-image size-full\"><a href=\"https:\/\/das-stille-woertchen.de\/wp-content\/uploads\/2023\/05\/A3C87CAC-A305-4E26-A353-753F7C31FF96.jpg\"><img loading=\"lazy\" decoding=\"async\" width=\"640\" height=\"640\" src=\"https:\/\/das-stille-woertchen.de\/wp-content\/uploads\/2023\/05\/A3C87CAC-A305-4E26-A353-753F7C31FF96.jpg\" alt=\"\" class=\"wp-image-5900\" srcset=\"https:\/\/das-stille-woertchen.de\/wp-content\/uploads\/2023\/05\/A3C87CAC-A305-4E26-A353-753F7C31FF96.jpg 640w, https:\/\/das-stille-woertchen.de\/wp-content\/uploads\/2023\/05\/A3C87CAC-A305-4E26-A353-753F7C31FF96-300x300.jpg 300w, https:\/\/das-stille-woertchen.de\/wp-content\/uploads\/2023\/05\/A3C87CAC-A305-4E26-A353-753F7C31FF96-150x150.jpg 150w\" sizes=\"auto, (max-width: 640px) 100vw, 640px\" \/><\/a><\/figure>\n\n\n\n<p>Sehr wichtig in der kalten, dunklen Jahreszeit war auch diese Teekanne! Und egal, was in der K\u00fcche gewurschtelt wurde &#8211; ihrerseits war das Staunen stets grOOOO\u00df.<\/p>\n\n\n\n<figure class=\"wp-block-image size-full\"><a href=\"https:\/\/das-stille-woertchen.de\/wp-content\/uploads\/2023\/05\/IMG_6873.jpg\"><img loading=\"lazy\" decoding=\"async\" width=\"640\" height=\"640\" src=\"https:\/\/das-stille-woertchen.de\/wp-content\/uploads\/2023\/05\/IMG_6873.jpg\" alt=\"\" class=\"wp-image-5938\" srcset=\"https:\/\/das-stille-woertchen.de\/wp-content\/uploads\/2023\/05\/IMG_6873.jpg 640w, https:\/\/das-stille-woertchen.de\/wp-content\/uploads\/2023\/05\/IMG_6873-300x300.jpg 300w, https:\/\/das-stille-woertchen.de\/wp-content\/uploads\/2023\/05\/IMG_6873-150x150.jpg 150w\" sizes=\"auto, (max-width: 640px) 100vw, 640px\" \/><\/a><\/figure>\n\n\n\n<p>W\u00e4hrendessen, nebenan, am Ofenrand: Die ersten Pfl\u00e4nzchen. (Paprika in dem Fall.)<\/p>\n\n\n\n<figure class=\"wp-block-image size-full\"><a href=\"https:\/\/das-stille-woertchen.de\/wp-content\/uploads\/2023\/05\/IMG_6860.jpg\"><img loading=\"lazy\" decoding=\"async\" width=\"640\" height=\"506\" src=\"https:\/\/das-stille-woertchen.de\/wp-content\/uploads\/2023\/05\/IMG_6860.jpg\" alt=\"\" class=\"wp-image-5939\" srcset=\"https:\/\/das-stille-woertchen.de\/wp-content\/uploads\/2023\/05\/IMG_6860.jpg 640w, https:\/\/das-stille-woertchen.de\/wp-content\/uploads\/2023\/05\/IMG_6860-300x237.jpg 300w\" sizes=\"auto, (max-width: 640px) 100vw, 640px\" \/><\/a><\/figure>\n\n\n\n<p>Und um die Ecke, im Wohnzimmer: Ein (gut durchleuchteter) Dschungel bahnt sich an!<br>(Der ist irgendwann, als es milder wurde, in den Wintergarten gezogen. Und mittlerweile drau\u00dfen in den Gew\u00e4chsh\u00e4usern gelandet.)<br><\/p>\n\n\n\n<figure class=\"wp-block-image size-full\"><a href=\"https:\/\/das-stille-woertchen.de\/wp-content\/uploads\/2023\/05\/IMG_7689-rotated.jpg\"><img loading=\"lazy\" decoding=\"async\" width=\"480\" height=\"640\" src=\"https:\/\/das-stille-woertchen.de\/wp-content\/uploads\/2023\/05\/IMG_7689-rotated.jpg\" alt=\"\" class=\"wp-image-5919\" srcset=\"https:\/\/das-stille-woertchen.de\/wp-content\/uploads\/2023\/05\/IMG_7689-rotated.jpg 480w, https:\/\/das-stille-woertchen.de\/wp-content\/uploads\/2023\/05\/IMG_7689-225x300.jpg 225w\" sizes=\"auto, (max-width: 480px) 100vw, 480px\" \/><\/a><\/figure>\n\n\n\n<p>Auch die gro\u00dfen Vierbeiner wussten es sich gem\u00fctlich zu machen:<\/p>\n\n\n\n<figure class=\"wp-block-image size-full\"><a href=\"https:\/\/das-stille-woertchen.de\/wp-content\/uploads\/2023\/05\/IMG_7607-rotated.jpg\"><img loading=\"lazy\" decoding=\"async\" width=\"480\" height=\"640\" src=\"https:\/\/das-stille-woertchen.de\/wp-content\/uploads\/2023\/05\/IMG_7607-rotated.jpg\" alt=\"\" class=\"wp-image-5921\" srcset=\"https:\/\/das-stille-woertchen.de\/wp-content\/uploads\/2023\/05\/IMG_7607-rotated.jpg 480w, https:\/\/das-stille-woertchen.de\/wp-content\/uploads\/2023\/05\/IMG_7607-225x300.jpg 225w\" sizes=\"auto, (max-width: 480px) 100vw, 480px\" \/><\/a><\/figure>\n\n\n\n<p>Und wenn das Wetter nicht ganz so tr\u00fcbselig bis sogar sonnig war, war nat\u00fcrlich Frischluftaktion angesagt. Mal mit und mal ohne Selfies:<\/p>\n\n\n\n<figure class=\"wp-block-image size-full\"><a href=\"https:\/\/das-stille-woertchen.de\/wp-content\/uploads\/2023\/05\/2CC5307E-6962-4BCF-9A5F-F9E680F18204.jpg\"><img loading=\"lazy\" decoding=\"async\" width=\"640\" height=\"640\" src=\"https:\/\/das-stille-woertchen.de\/wp-content\/uploads\/2023\/05\/2CC5307E-6962-4BCF-9A5F-F9E680F18204.jpg\" alt=\"\" class=\"wp-image-5946\" srcset=\"https:\/\/das-stille-woertchen.de\/wp-content\/uploads\/2023\/05\/2CC5307E-6962-4BCF-9A5F-F9E680F18204.jpg 640w, https:\/\/das-stille-woertchen.de\/wp-content\/uploads\/2023\/05\/2CC5307E-6962-4BCF-9A5F-F9E680F18204-300x300.jpg 300w, https:\/\/das-stille-woertchen.de\/wp-content\/uploads\/2023\/05\/2CC5307E-6962-4BCF-9A5F-F9E680F18204-150x150.jpg 150w\" sizes=\"auto, (max-width: 640px) 100vw, 640px\" \/><\/a><\/figure>\n\n\n\n<figure class=\"wp-block-image size-full\"><a href=\"https:\/\/das-stille-woertchen.de\/wp-content\/uploads\/2023\/05\/26271F3C-A8F7-4C1A-9791-0E83F5160B2D.jpg\"><img loading=\"lazy\" decoding=\"async\" width=\"640\" height=\"640\" src=\"https:\/\/das-stille-woertchen.de\/wp-content\/uploads\/2023\/05\/26271F3C-A8F7-4C1A-9791-0E83F5160B2D.jpg\" alt=\"\" class=\"wp-image-5943\" srcset=\"https:\/\/das-stille-woertchen.de\/wp-content\/uploads\/2023\/05\/26271F3C-A8F7-4C1A-9791-0E83F5160B2D.jpg 640w, https:\/\/das-stille-woertchen.de\/wp-content\/uploads\/2023\/05\/26271F3C-A8F7-4C1A-9791-0E83F5160B2D-300x300.jpg 300w, https:\/\/das-stille-woertchen.de\/wp-content\/uploads\/2023\/05\/26271F3C-A8F7-4C1A-9791-0E83F5160B2D-150x150.jpg 150w\" sizes=\"auto, (max-width: 640px) 100vw, 640px\" \/><\/a><\/figure>\n\n\n\n<figure class=\"wp-block-image size-full\"><a href=\"https:\/\/das-stille-woertchen.de\/wp-content\/uploads\/2023\/05\/9895BF0A-D01A-4A88-977A-A76F500B7E8A.jpg\"><img loading=\"lazy\" decoding=\"async\" width=\"640\" height=\"640\" src=\"https:\/\/das-stille-woertchen.de\/wp-content\/uploads\/2023\/05\/9895BF0A-D01A-4A88-977A-A76F500B7E8A.jpg\" alt=\"\" class=\"wp-image-5944\" srcset=\"https:\/\/das-stille-woertchen.de\/wp-content\/uploads\/2023\/05\/9895BF0A-D01A-4A88-977A-A76F500B7E8A.jpg 640w, https:\/\/das-stille-woertchen.de\/wp-content\/uploads\/2023\/05\/9895BF0A-D01A-4A88-977A-A76F500B7E8A-300x300.jpg 300w, https:\/\/das-stille-woertchen.de\/wp-content\/uploads\/2023\/05\/9895BF0A-D01A-4A88-977A-A76F500B7E8A-150x150.jpg 150w\" sizes=\"auto, (max-width: 640px) 100vw, 640px\" \/><\/a><\/figure>\n\n\n\n<figure class=\"wp-block-image size-full\"><a href=\"https:\/\/das-stille-woertchen.de\/wp-content\/uploads\/2023\/05\/IMG_6917-rotated.jpg\"><img loading=\"lazy\" decoding=\"async\" width=\"640\" height=\"481\" src=\"https:\/\/das-stille-woertchen.de\/wp-content\/uploads\/2023\/05\/IMG_6917-rotated.jpg\" alt=\"\" class=\"wp-image-5937\" srcset=\"https:\/\/das-stille-woertchen.de\/wp-content\/uploads\/2023\/05\/IMG_6917-rotated.jpg 640w, https:\/\/das-stille-woertchen.de\/wp-content\/uploads\/2023\/05\/IMG_6917-300x225.jpg 300w\" sizes=\"auto, (max-width: 640px) 100vw, 640px\" \/><\/a><\/figure>\n\n\n\n<figure class=\"wp-block-image size-full\"><a href=\"https:\/\/das-stille-woertchen.de\/wp-content\/uploads\/2023\/05\/IMG_6920-rotated.jpg\"><img loading=\"lazy\" decoding=\"async\" width=\"640\" height=\"481\" src=\"https:\/\/das-stille-woertchen.de\/wp-content\/uploads\/2023\/05\/IMG_6920-rotated.jpg\" alt=\"\" class=\"wp-image-5936\" srcset=\"https:\/\/das-stille-woertchen.de\/wp-content\/uploads\/2023\/05\/IMG_6920-rotated.jpg 640w, https:\/\/das-stille-woertchen.de\/wp-content\/uploads\/2023\/05\/IMG_6920-300x225.jpg 300w\" sizes=\"auto, (max-width: 640px) 100vw, 640px\" \/><\/a><\/figure>\n\n\n\n<figure class=\"wp-block-image size-full\"><a href=\"https:\/\/das-stille-woertchen.de\/wp-content\/uploads\/2023\/05\/IMG_7219-rotated.jpg\"><img loading=\"lazy\" decoding=\"async\" width=\"640\" height=\"481\" src=\"https:\/\/das-stille-woertchen.de\/wp-content\/uploads\/2023\/05\/IMG_7219-rotated.jpg\" alt=\"\" class=\"wp-image-5929\" srcset=\"https:\/\/das-stille-woertchen.de\/wp-content\/uploads\/2023\/05\/IMG_7219-rotated.jpg 640w, https:\/\/das-stille-woertchen.de\/wp-content\/uploads\/2023\/05\/IMG_7219-300x225.jpg 300w\" sizes=\"auto, (max-width: 640px) 100vw, 640px\" \/><\/a><\/figure>\n\n\n\n<p>Hier seht ihr Judith und W\u00f6lkchen. Die gute Gackerdame hat fast den ganzen Winter die N\u00e4chte im  extra f\u00fcr sie geheizten Badezimmer verbracht. Weil sie einfach nicht ganz fit wurde &#8211; was sie hatte, wusste niemand:<\/p>\n\n\n\n<figure class=\"wp-block-image size-large\"><a href=\"https:\/\/das-stille-woertchen.de\/wp-content\/uploads\/2023\/05\/0387B4C3-AFBA-43E1-A924-F9149F1BEE8B.jpg\"><img loading=\"lazy\" decoding=\"async\" width=\"1024\" height=\"1024\" src=\"https:\/\/das-stille-woertchen.de\/wp-content\/uploads\/2023\/05\/0387B4C3-AFBA-43E1-A924-F9149F1BEE8B-1024x1024.jpg\" alt=\"\" class=\"wp-image-5945\" srcset=\"https:\/\/das-stille-woertchen.de\/wp-content\/uploads\/2023\/05\/0387B4C3-AFBA-43E1-A924-F9149F1BEE8B-1024x1024.jpg 1024w, https:\/\/das-stille-woertchen.de\/wp-content\/uploads\/2023\/05\/0387B4C3-AFBA-43E1-A924-F9149F1BEE8B-300x300.jpg 300w, https:\/\/das-stille-woertchen.de\/wp-content\/uploads\/2023\/05\/0387B4C3-AFBA-43E1-A924-F9149F1BEE8B-150x150.jpg 150w, https:\/\/das-stille-woertchen.de\/wp-content\/uploads\/2023\/05\/0387B4C3-AFBA-43E1-A924-F9149F1BEE8B-768x768.jpg 768w, https:\/\/das-stille-woertchen.de\/wp-content\/uploads\/2023\/05\/0387B4C3-AFBA-43E1-A924-F9149F1BEE8B.jpg 1440w\" sizes=\"auto, (max-width: 1024px) 100vw, 1024px\" \/><\/a><\/figure>\n\n\n\n<p>Sie war immer etwas abseits, immer etwas langsamer &#8211; aber als der Fr\u00fchling kam ist sie wieder (freiwillig) zu den anderen in den Stall gezogen. Und gerade als wir uns freuten, dass sie ein recht normales H\u00fchnerleben lebt,  trotz geheimnisvoller, chronischer Krankheit, lag sie vor ein paar Wochen morgens tot neben der Stange. <br><br>Liebes, h\u00fcbsches, gutes W\u00f6lkchen. Sch\u00f6n, dass du bei uns warst! Wenn wir auch hofften, wir h\u00e4tten noch etwas l\u00e4nger etwas von deinem unvergleichlichem Charme! Zum Abschied gackern wir dir ein liebliches Gockgock.<\/p>\n\n\n\n<p>Ja und dann hat Alma endlich so laut gebellt, dass sich der Sp\u00e4twinter, wo doch eigentlich schon l\u00e4ngst Zeit f\u00fcr Fr\u00fchling war, zumindest teilweise, verzogen hat. <\/p>\n\n\n\n<figure class=\"wp-block-image size-full\"><a href=\"https:\/\/das-stille-woertchen.de\/wp-content\/uploads\/2023\/05\/IMG_7066.jpg\"><img loading=\"lazy\" decoding=\"async\" width=\"594\" height=\"640\" src=\"https:\/\/das-stille-woertchen.de\/wp-content\/uploads\/2023\/05\/IMG_7066.jpg\" alt=\"\" class=\"wp-image-5932\" srcset=\"https:\/\/das-stille-woertchen.de\/wp-content\/uploads\/2023\/05\/IMG_7066.jpg 594w, https:\/\/das-stille-woertchen.de\/wp-content\/uploads\/2023\/05\/IMG_7066-278x300.jpg 278w\" sizes=\"auto, (max-width: 594px) 100vw, 594px\" \/><\/a><\/figure>\n\n\n\n<p>Da waren sie, die Bl\u00fcmchen und (nicht im Bild) die Bienchen.<\/p>\n\n\n\n<p><\/p>\n\n\n\n<figure class=\"wp-block-image size-full\"><a href=\"https:\/\/das-stille-woertchen.de\/wp-content\/uploads\/2023\/05\/IMG_7098-rotated.jpg\"><img loading=\"lazy\" decoding=\"async\" width=\"480\" height=\"640\" src=\"https:\/\/das-stille-woertchen.de\/wp-content\/uploads\/2023\/05\/IMG_7098-rotated.jpg\" alt=\"\" class=\"wp-image-5931\" srcset=\"https:\/\/das-stille-woertchen.de\/wp-content\/uploads\/2023\/05\/IMG_7098-rotated.jpg 480w, https:\/\/das-stille-woertchen.de\/wp-content\/uploads\/2023\/05\/IMG_7098-225x300.jpg 225w\" sizes=\"auto, (max-width: 480px) 100vw, 480px\" \/><\/a><\/figure>\n\n\n\n<figure class=\"wp-block-image size-full\"><a href=\"https:\/\/das-stille-woertchen.de\/wp-content\/uploads\/2023\/05\/IMG_7099-rotated.jpg\"><img loading=\"lazy\" decoding=\"async\" width=\"480\" height=\"640\" src=\"https:\/\/das-stille-woertchen.de\/wp-content\/uploads\/2023\/05\/IMG_7099-rotated.jpg\" alt=\"\" class=\"wp-image-5930\" srcset=\"https:\/\/das-stille-woertchen.de\/wp-content\/uploads\/2023\/05\/IMG_7099-rotated.jpg 480w, https:\/\/das-stille-woertchen.de\/wp-content\/uploads\/2023\/05\/IMG_7099-225x300.jpg 225w\" sizes=\"auto, (max-width: 480px) 100vw, 480px\" \/><\/a><\/figure>\n\n\n\n<figure class=\"wp-block-image size-full\"><a href=\"https:\/\/das-stille-woertchen.de\/wp-content\/uploads\/2023\/05\/IMG_7591-rotated.jpg\"><img loading=\"lazy\" decoding=\"async\" width=\"480\" height=\"640\" src=\"https:\/\/das-stille-woertchen.de\/wp-content\/uploads\/2023\/05\/IMG_7591-rotated.jpg\" alt=\"\" class=\"wp-image-5923\" srcset=\"https:\/\/das-stille-woertchen.de\/wp-content\/uploads\/2023\/05\/IMG_7591-rotated.jpg 480w, https:\/\/das-stille-woertchen.de\/wp-content\/uploads\/2023\/05\/IMG_7591-225x300.jpg 225w\" sizes=\"auto, (max-width: 480px) 100vw, 480px\" \/><\/a><\/figure>\n\n\n\n<p>Hier noch ohne Bl\u00fcmchen: Der Feldsalat. Ein ganzes Feld war im Gew\u00e4chshaus den Winter \u00fcber gewachsen. <\/p>\n\n\n\n<figure class=\"wp-block-image size-full\"><a href=\"https:\/\/das-stille-woertchen.de\/wp-content\/uploads\/2023\/05\/IMG_7596-rotated.jpg\"><img loading=\"lazy\" decoding=\"async\" width=\"480\" height=\"640\" src=\"https:\/\/das-stille-woertchen.de\/wp-content\/uploads\/2023\/05\/IMG_7596-rotated.jpg\" alt=\"\" class=\"wp-image-5922\" srcset=\"https:\/\/das-stille-woertchen.de\/wp-content\/uploads\/2023\/05\/IMG_7596-rotated.jpg 480w, https:\/\/das-stille-woertchen.de\/wp-content\/uploads\/2023\/05\/IMG_7596-225x300.jpg 225w\" sizes=\"auto, (max-width: 480px) 100vw, 480px\" \/><\/a><figcaption class=\"wp-element-caption\">E<\/figcaption><\/figure>\n\n\n\n<p>Und da mit Bl\u00fcten! (Die haben auf dem \u00d6rtchen eine menschliche Bildungsl\u00fccke gef\u00fcllt.)<\/p>\n\n\n\n<figure class=\"wp-block-image size-full\"><a href=\"https:\/\/das-stille-woertchen.de\/wp-content\/uploads\/2023\/05\/IMG_8065-rotated.jpg\"><img loading=\"lazy\" decoding=\"async\" width=\"480\" height=\"640\" src=\"https:\/\/das-stille-woertchen.de\/wp-content\/uploads\/2023\/05\/IMG_8065-rotated.jpg\" alt=\"\" class=\"wp-image-5908\" srcset=\"https:\/\/das-stille-woertchen.de\/wp-content\/uploads\/2023\/05\/IMG_8065-rotated.jpg 480w, https:\/\/das-stille-woertchen.de\/wp-content\/uploads\/2023\/05\/IMG_8065-225x300.jpg 225w\" sizes=\"auto, (max-width: 480px) 100vw, 480px\" \/><\/a><\/figure>\n\n\n\n<p>So sah es auf der alten, kleinen Obstaumwiese aus:<\/p>\n\n\n\n<figure class=\"wp-block-image size-full\"><a href=\"https:\/\/das-stille-woertchen.de\/wp-content\/uploads\/2023\/05\/IMG_8075-rotated.jpg\"><img loading=\"lazy\" decoding=\"async\" width=\"480\" height=\"640\" src=\"https:\/\/das-stille-woertchen.de\/wp-content\/uploads\/2023\/05\/IMG_8075-rotated.jpg\" alt=\"\" class=\"wp-image-5907\" srcset=\"https:\/\/das-stille-woertchen.de\/wp-content\/uploads\/2023\/05\/IMG_8075-rotated.jpg 480w, https:\/\/das-stille-woertchen.de\/wp-content\/uploads\/2023\/05\/IMG_8075-225x300.jpg 225w\" sizes=\"auto, (max-width: 480px) 100vw, 480px\" \/><\/a><\/figure>\n\n\n\n<p>Wie anfangs angedeutet, war der Fr\u00fchling &#8211; bis in den Mai &#8211; jedoch sehr k\u00fchl und nass. Selbst Ende Mai waren die N\u00e4chte noch viel zu kalt und oftmals frostig. Und heute erst wieder: Morgens f\u00fcnf Grad! Trotzdem, seit ein paar Wochen hei\u00dft es meistens:<br>Viel Frischluft um die Ohren und bestenfalls noch Sonne auf die Nase!<\/p>\n\n\n\n<figure class=\"wp-block-image size-full\"><a href=\"https:\/\/das-stille-woertchen.de\/wp-content\/uploads\/2023\/05\/IMG_8382.jpg\"><img loading=\"lazy\" decoding=\"async\" width=\"640\" height=\"480\" src=\"https:\/\/das-stille-woertchen.de\/wp-content\/uploads\/2023\/05\/IMG_8382.jpg\" alt=\"\" class=\"wp-image-5903\" srcset=\"https:\/\/das-stille-woertchen.de\/wp-content\/uploads\/2023\/05\/IMG_8382.jpg 640w, https:\/\/das-stille-woertchen.de\/wp-content\/uploads\/2023\/05\/IMG_8382-300x225.jpg 300w\" sizes=\"auto, (max-width: 640px) 100vw, 640px\" \/><\/a><\/figure>\n\n\n\n<p>Angeweidet wurde, dank gut gew\u00e4sserter Wiese, schon Anfang April. Schweine, Pferde &#8211; und \u00fcberhaupt alle im Gl\u00fcck!<\/p>\n\n\n\n<figure class=\"wp-block-image size-full\"><a href=\"https:\/\/das-stille-woertchen.de\/wp-content\/uploads\/2023\/05\/IMG_7719.jpg\"><img loading=\"lazy\" decoding=\"async\" width=\"640\" height=\"480\" src=\"https:\/\/das-stille-woertchen.de\/wp-content\/uploads\/2023\/05\/IMG_7719.jpg\" alt=\"\" class=\"wp-image-5918\" srcset=\"https:\/\/das-stille-woertchen.de\/wp-content\/uploads\/2023\/05\/IMG_7719.jpg 640w, https:\/\/das-stille-woertchen.de\/wp-content\/uploads\/2023\/05\/IMG_7719-300x225.jpg 300w\" sizes=\"auto, (max-width: 640px) 100vw, 640px\" \/><\/a><\/figure>\n\n\n\n<figure class=\"wp-block-image size-full\"><a href=\"https:\/\/das-stille-woertchen.de\/wp-content\/uploads\/2023\/05\/IMG_7891-rotated.jpg\"><img loading=\"lazy\" decoding=\"async\" width=\"480\" height=\"640\" src=\"https:\/\/das-stille-woertchen.de\/wp-content\/uploads\/2023\/05\/IMG_7891-rotated.jpg\" alt=\"\" class=\"wp-image-5914\" srcset=\"https:\/\/das-stille-woertchen.de\/wp-content\/uploads\/2023\/05\/IMG_7891-rotated.jpg 480w, https:\/\/das-stille-woertchen.de\/wp-content\/uploads\/2023\/05\/IMG_7891-225x300.jpg 225w\" sizes=\"auto, (max-width: 480px) 100vw, 480px\" \/><\/a><\/figure>\n\n\n\n<p><\/p>\n\n\n\n<figure class=\"wp-block-image size-full\"><a href=\"https:\/\/das-stille-woertchen.de\/wp-content\/uploads\/2023\/05\/IMG_8029.jpg\"><img loading=\"lazy\" decoding=\"async\" width=\"640\" height=\"480\" src=\"https:\/\/das-stille-woertchen.de\/wp-content\/uploads\/2023\/05\/IMG_8029.jpg\" alt=\"\" class=\"wp-image-5910\" srcset=\"https:\/\/das-stille-woertchen.de\/wp-content\/uploads\/2023\/05\/IMG_8029.jpg 640w, https:\/\/das-stille-woertchen.de\/wp-content\/uploads\/2023\/05\/IMG_8029-300x225.jpg 300w\" sizes=\"auto, (max-width: 640px) 100vw, 640px\" \/><\/a><\/figure>\n\n\n\n<figure class=\"wp-block-image size-full\"><a href=\"https:\/\/das-stille-woertchen.de\/wp-content\/uploads\/2023\/05\/IMG_8143.jpg\"><img loading=\"lazy\" decoding=\"async\" width=\"640\" height=\"480\" src=\"https:\/\/das-stille-woertchen.de\/wp-content\/uploads\/2023\/05\/IMG_8143.jpg\" alt=\"\" class=\"wp-image-5906\" srcset=\"https:\/\/das-stille-woertchen.de\/wp-content\/uploads\/2023\/05\/IMG_8143.jpg 640w, https:\/\/das-stille-woertchen.de\/wp-content\/uploads\/2023\/05\/IMG_8143-300x225.jpg 300w\" sizes=\"auto, (max-width: 640px) 100vw, 640px\" \/><\/a><\/figure>\n\n\n\n<p><\/p>\n\n\n\n<figure class=\"wp-block-image size-full\"><a href=\"https:\/\/das-stille-woertchen.de\/wp-content\/uploads\/2023\/05\/IMG_8203-rotated.jpg\"><img loading=\"lazy\" decoding=\"async\" width=\"480\" height=\"640\" src=\"https:\/\/das-stille-woertchen.de\/wp-content\/uploads\/2023\/05\/IMG_8203-rotated.jpg\" alt=\"\" class=\"wp-image-5905\" srcset=\"https:\/\/das-stille-woertchen.de\/wp-content\/uploads\/2023\/05\/IMG_8203-rotated.jpg 480w, https:\/\/das-stille-woertchen.de\/wp-content\/uploads\/2023\/05\/IMG_8203-225x300.jpg 225w\" sizes=\"auto, (max-width: 480px) 100vw, 480px\" \/><\/a><\/figure>\n\n\n\n<figure class=\"wp-block-image size-full\"><a href=\"https:\/\/das-stille-woertchen.de\/wp-content\/uploads\/2023\/05\/IMG_8399.jpg\"><img loading=\"lazy\" decoding=\"async\" width=\"640\" height=\"480\" src=\"https:\/\/das-stille-woertchen.de\/wp-content\/uploads\/2023\/05\/IMG_8399.jpg\" alt=\"\" class=\"wp-image-5901\" srcset=\"https:\/\/das-stille-woertchen.de\/wp-content\/uploads\/2023\/05\/IMG_8399.jpg 640w, https:\/\/das-stille-woertchen.de\/wp-content\/uploads\/2023\/05\/IMG_8399-300x225.jpg 300w\" sizes=\"auto, (max-width: 640px) 100vw, 640px\" \/><\/a><\/figure>\n\n\n\n<p>Und seit Kurzem ist auch angebadet:<\/p>\n\n\n\n<figure class=\"wp-block-image size-full\"><a href=\"https:\/\/das-stille-woertchen.de\/wp-content\/uploads\/2023\/05\/IMG_8396.jpg\"><img loading=\"lazy\" decoding=\"async\" width=\"640\" height=\"480\" src=\"https:\/\/das-stille-woertchen.de\/wp-content\/uploads\/2023\/05\/IMG_8396.jpg\" alt=\"\" class=\"wp-image-5902\" srcset=\"https:\/\/das-stille-woertchen.de\/wp-content\/uploads\/2023\/05\/IMG_8396.jpg 640w, https:\/\/das-stille-woertchen.de\/wp-content\/uploads\/2023\/05\/IMG_8396-300x225.jpg 300w\" sizes=\"auto, (max-width: 640px) 100vw, 640px\" \/><\/a><\/figure>\n\n\n\n<p>Die Kartoffeln sind schon seit Mitte Mai im Boden.<\/p>\n\n\n\n<figure class=\"wp-block-image size-full\"><a href=\"https:\/\/das-stille-woertchen.de\/wp-content\/uploads\/2023\/05\/IMG_8058-rotated.jpg\"><img loading=\"lazy\" decoding=\"async\" width=\"480\" height=\"640\" src=\"https:\/\/das-stille-woertchen.de\/wp-content\/uploads\/2023\/05\/IMG_8058-rotated.jpg\" alt=\"\" class=\"wp-image-5909\" srcset=\"https:\/\/das-stille-woertchen.de\/wp-content\/uploads\/2023\/05\/IMG_8058-rotated.jpg 480w, https:\/\/das-stille-woertchen.de\/wp-content\/uploads\/2023\/05\/IMG_8058-225x300.jpg 225w\" sizes=\"auto, (max-width: 480px) 100vw, 480px\" \/><\/a><\/figure>\n\n\n\n<p>Des weiteren ist  &#8211; topaktuell &#8211; von f\u00fcnf nigelnagelneuen Familienmitgliedern zu berichten. Wie immer auf dem \u00d6rtchen steckte eine Gackerdamen-Lebensschenkungsaktion  dahinter &#8211; statt in den Kochtopf, wie es f\u00fcr sogenannte Nutztiere viel zu oft irgendwann \u00fcblich ist, ging es ab ins Paradies. Ganz bedingungslos, als hoch gesch\u00e4tztes Nichtsnutztier nat\u00fcrlich.<br>Wobei die Madames gerade noch etwas sch\u00fcchtern sind und man sich M\u00fche geben muss, sie vor die Linse zu bekommen. Aber Tag f\u00fcr Tagen werden sie mutiger, neugieriger und lustiger.<\/p>\n\n\n\n<figure class=\"wp-block-image size-large\"><a href=\"https:\/\/das-stille-woertchen.de\/wp-content\/uploads\/2023\/05\/AF3908A6-A807-43D1-9138-BC657F1BD1F6-rotated.jpeg\"><img loading=\"lazy\" decoding=\"async\" width=\"768\" height=\"1024\" src=\"https:\/\/das-stille-woertchen.de\/wp-content\/uploads\/2023\/05\/AF3908A6-A807-43D1-9138-BC657F1BD1F6-768x1024.jpeg\" alt=\"\" class=\"wp-image-5959\" srcset=\"https:\/\/das-stille-woertchen.de\/wp-content\/uploads\/2023\/05\/AF3908A6-A807-43D1-9138-BC657F1BD1F6-768x1024.jpeg 768w, https:\/\/das-stille-woertchen.de\/wp-content\/uploads\/2023\/05\/AF3908A6-A807-43D1-9138-BC657F1BD1F6-225x300.jpeg 225w, https:\/\/das-stille-woertchen.de\/wp-content\/uploads\/2023\/05\/AF3908A6-A807-43D1-9138-BC657F1BD1F6-1152x1536.jpeg 1152w, https:\/\/das-stille-woertchen.de\/wp-content\/uploads\/2023\/05\/AF3908A6-A807-43D1-9138-BC657F1BD1F6-1536x2048.jpeg 1536w, https:\/\/das-stille-woertchen.de\/wp-content\/uploads\/2023\/05\/AF3908A6-A807-43D1-9138-BC657F1BD1F6-rotated.jpeg 1800w\" sizes=\"auto, (max-width: 768px) 100vw, 768px\" \/><\/a><\/figure>\n\n\n\n<p><br>So ein Huhn schon mal gesehen? H\u00f6chstwahrscheinlich nicht! Ist n\u00e4mlich nicht gerade h\u00e4ufig zu entdecken. &#8222;Annaberger Haubenstrupph\u00fchner&#8220; nennen sich diese Wuschelpuschelirokesenschn\u00e4belinge offiziell. <\/p>\n\n\n\n<figure class=\"wp-block-image size-large\"><a href=\"https:\/\/das-stille-woertchen.de\/wp-content\/uploads\/2023\/05\/CA15AB61-7FE1-46C9-94AB-2ECFD551A592.jpeg\"><img loading=\"lazy\" decoding=\"async\" width=\"1024\" height=\"768\" src=\"https:\/\/das-stille-woertchen.de\/wp-content\/uploads\/2023\/05\/CA15AB61-7FE1-46C9-94AB-2ECFD551A592-1024x768.jpeg\" alt=\"\" class=\"wp-image-5956\" srcset=\"https:\/\/das-stille-woertchen.de\/wp-content\/uploads\/2023\/05\/CA15AB61-7FE1-46C9-94AB-2ECFD551A592-1024x768.jpeg 1024w, https:\/\/das-stille-woertchen.de\/wp-content\/uploads\/2023\/05\/CA15AB61-7FE1-46C9-94AB-2ECFD551A592-300x225.jpeg 300w, https:\/\/das-stille-woertchen.de\/wp-content\/uploads\/2023\/05\/CA15AB61-7FE1-46C9-94AB-2ECFD551A592-768x576.jpeg 768w, https:\/\/das-stille-woertchen.de\/wp-content\/uploads\/2023\/05\/CA15AB61-7FE1-46C9-94AB-2ECFD551A592-1536x1152.jpeg 1536w, https:\/\/das-stille-woertchen.de\/wp-content\/uploads\/2023\/05\/CA15AB61-7FE1-46C9-94AB-2ECFD551A592-2048x1536.jpeg 2048w\" sizes=\"auto, (max-width: 1024px) 100vw, 1024px\" \/><\/a><\/figure>\n\n\n\n<figure class=\"wp-block-image size-large\"><a href=\"https:\/\/das-stille-woertchen.de\/wp-content\/uploads\/2023\/05\/E3419C96-78BB-4807-BED4-623B7F96ABE4.jpeg\"><img loading=\"lazy\" decoding=\"async\" width=\"1024\" height=\"768\" src=\"https:\/\/das-stille-woertchen.de\/wp-content\/uploads\/2023\/05\/E3419C96-78BB-4807-BED4-623B7F96ABE4-1024x768.jpeg\" alt=\"\" class=\"wp-image-5957\" srcset=\"https:\/\/das-stille-woertchen.de\/wp-content\/uploads\/2023\/05\/E3419C96-78BB-4807-BED4-623B7F96ABE4-1024x768.jpeg 1024w, https:\/\/das-stille-woertchen.de\/wp-content\/uploads\/2023\/05\/E3419C96-78BB-4807-BED4-623B7F96ABE4-300x225.jpeg 300w, https:\/\/das-stille-woertchen.de\/wp-content\/uploads\/2023\/05\/E3419C96-78BB-4807-BED4-623B7F96ABE4-768x576.jpeg 768w, https:\/\/das-stille-woertchen.de\/wp-content\/uploads\/2023\/05\/E3419C96-78BB-4807-BED4-623B7F96ABE4-1536x1152.jpeg 1536w, https:\/\/das-stille-woertchen.de\/wp-content\/uploads\/2023\/05\/E3419C96-78BB-4807-BED4-623B7F96ABE4-2048x1536.jpeg 2048w\" sizes=\"auto, (max-width: 1024px) 100vw, 1024px\" \/><\/a><\/figure>\n\n\n\n<p>Da seht ihr  in der Mitte unsere treue Maran-Dame. Sieben Jahre jung und immer noch topfit. (Einmal hatten wir ja K\u00fcken, geschl\u00fcpft aus geschenkten Bruteiern. Sie ist die letzte davon. Mitterweile werden hier keine neuen Wesen mehr in die Welt gesetzt, sondern nur jenen ein sch\u00f6ner Lebensplatz geboten, die woanders keinen finden.)<\/p>\n\n\n\n<figure class=\"wp-block-gallery has-nested-images columns-default is-cropped wp-block-gallery-1 is-layout-flex wp-block-gallery-is-layout-flex\">\n<figure class=\"wp-block-image size-large\"><a href=\"https:\/\/das-stille-woertchen.de\/wp-content\/uploads\/2023\/05\/7A90CCAA-92DA-407B-98E8-A0F497706009.jpeg\"><img loading=\"lazy\" decoding=\"async\" width=\"1024\" height=\"768\" data-id=\"5958\" src=\"https:\/\/das-stille-woertchen.de\/wp-content\/uploads\/2023\/05\/7A90CCAA-92DA-407B-98E8-A0F497706009-1024x768.jpeg\" alt=\"\" class=\"wp-image-5958\" srcset=\"https:\/\/das-stille-woertchen.de\/wp-content\/uploads\/2023\/05\/7A90CCAA-92DA-407B-98E8-A0F497706009-1024x768.jpeg 1024w, https:\/\/das-stille-woertchen.de\/wp-content\/uploads\/2023\/05\/7A90CCAA-92DA-407B-98E8-A0F497706009-300x225.jpeg 300w, https:\/\/das-stille-woertchen.de\/wp-content\/uploads\/2023\/05\/7A90CCAA-92DA-407B-98E8-A0F497706009-768x576.jpeg 768w, https:\/\/das-stille-woertchen.de\/wp-content\/uploads\/2023\/05\/7A90CCAA-92DA-407B-98E8-A0F497706009-1536x1152.jpeg 1536w, https:\/\/das-stille-woertchen.de\/wp-content\/uploads\/2023\/05\/7A90CCAA-92DA-407B-98E8-A0F497706009-2048x1536.jpeg 2048w\" sizes=\"auto, (max-width: 1024px) 100vw, 1024px\" \/><\/a><\/figure>\n<\/figure>\n\n\n\n<p>Der schicke Herr Hahn. Sir Peter genannt. <\/p>\n\n\n\n<figure class=\"wp-block-image size-full\"><a href=\"https:\/\/das-stille-woertchen.de\/wp-content\/uploads\/2023\/05\/IMG_8007.jpg\"><img loading=\"lazy\" decoding=\"async\" width=\"640\" height=\"480\" src=\"https:\/\/das-stille-woertchen.de\/wp-content\/uploads\/2023\/05\/IMG_8007.jpg\" alt=\"\" class=\"wp-image-5911\" srcset=\"https:\/\/das-stille-woertchen.de\/wp-content\/uploads\/2023\/05\/IMG_8007.jpg 640w, https:\/\/das-stille-woertchen.de\/wp-content\/uploads\/2023\/05\/IMG_8007-300x225.jpg 300w\" sizes=\"auto, (max-width: 640px) 100vw, 640px\" \/><\/a><\/figure>\n\n\n\n<p>Besuch hatten wir auch! Neugierigen und unerschrockenen. Hat uns eine ganze Weile aus der Linde im Hof heraus beobachtet. (Danke, Moritz, f\u00fcr das Foto!) <\/p>\n\n\n\n<figure class=\"wp-block-gallery has-nested-images columns-default is-cropped wp-block-gallery-2 is-layout-flex wp-block-gallery-is-layout-flex\">\n<figure class=\"wp-block-image size-large\"><a href=\"https:\/\/das-stille-woertchen.de\/wp-content\/uploads\/2023\/05\/P1090898.jpg\"><img loading=\"lazy\" decoding=\"async\" width=\"800\" height=\"600\" data-id=\"5950\" src=\"https:\/\/das-stille-woertchen.de\/wp-content\/uploads\/2023\/05\/P1090898.jpg\" alt=\"\" class=\"wp-image-5950\" srcset=\"https:\/\/das-stille-woertchen.de\/wp-content\/uploads\/2023\/05\/P1090898.jpg 800w, https:\/\/das-stille-woertchen.de\/wp-content\/uploads\/2023\/05\/P1090898-300x225.jpg 300w, https:\/\/das-stille-woertchen.de\/wp-content\/uploads\/2023\/05\/P1090898-768x576.jpg 768w\" sizes=\"auto, (max-width: 800px) 100vw, 800px\" \/><\/a><\/figure>\n\n\n\n<figure class=\"wp-block-image size-large\"><a href=\"https:\/\/das-stille-woertchen.de\/wp-content\/uploads\/2023\/05\/P1090894.jpg\"><img loading=\"lazy\" decoding=\"async\" width=\"800\" height=\"600\" data-id=\"5949\" src=\"https:\/\/das-stille-woertchen.de\/wp-content\/uploads\/2023\/05\/P1090894.jpg\" alt=\"\" class=\"wp-image-5949\" srcset=\"https:\/\/das-stille-woertchen.de\/wp-content\/uploads\/2023\/05\/P1090894.jpg 800w, https:\/\/das-stille-woertchen.de\/wp-content\/uploads\/2023\/05\/P1090894-300x225.jpg 300w, https:\/\/das-stille-woertchen.de\/wp-content\/uploads\/2023\/05\/P1090894-768x576.jpg 768w\" sizes=\"auto, (max-width: 800px) 100vw, 800px\" \/><\/a><\/figure>\n<\/figure>\n\n\n\n<p>Eventuell handelt es sich um Kleo von Knurps. Eine wichtige Protagonistin aus Judiths B\u00fcchern. Aber vorgestellt hat sich der Gast dann doch nicht. (Vielleicht ist es also auch Karl von Knurps.)<br><br>Mittlerweile ist die Gartensaison voll gestartet. <\/p>\n\n\n\n<p>Das ist das Kartoffelfeld:<\/p>\n\n\n\n<figure class=\"wp-block-image size-full\"><a href=\"https:\/\/das-stille-woertchen.de\/wp-content\/uploads\/2023\/06\/P1100210.jpg\"><img loading=\"lazy\" decoding=\"async\" width=\"800\" height=\"600\" src=\"https:\/\/das-stille-woertchen.de\/wp-content\/uploads\/2023\/06\/P1100210.jpg\" alt=\"\" class=\"wp-image-5981\" srcset=\"https:\/\/das-stille-woertchen.de\/wp-content\/uploads\/2023\/06\/P1100210.jpg 800w, https:\/\/das-stille-woertchen.de\/wp-content\/uploads\/2023\/06\/P1100210-300x225.jpg 300w, https:\/\/das-stille-woertchen.de\/wp-content\/uploads\/2023\/06\/P1100210-768x576.jpg 768w\" sizes=\"auto, (max-width: 800px) 100vw, 800px\" \/><\/a><\/figure>\n\n\n\n<p><br>Und hier die Kartoffelpflanzen, die dieses Jahr aber mal so richtig toll aussehen, in Nahaufnahme:<\/p>\n\n\n\n<figure class=\"wp-block-image size-full\"><a href=\"https:\/\/das-stille-woertchen.de\/wp-content\/uploads\/2023\/06\/P1100187.jpg\"><img loading=\"lazy\" decoding=\"async\" width=\"600\" height=\"800\" src=\"https:\/\/das-stille-woertchen.de\/wp-content\/uploads\/2023\/06\/P1100187.jpg\" alt=\"\" class=\"wp-image-5973\" srcset=\"https:\/\/das-stille-woertchen.de\/wp-content\/uploads\/2023\/06\/P1100187.jpg 600w, https:\/\/das-stille-woertchen.de\/wp-content\/uploads\/2023\/06\/P1100187-225x300.jpg 225w\" sizes=\"auto, (max-width: 600px) 100vw, 600px\" \/><\/a><\/figure>\n\n\n\n<p><br>Es gibt jedoch noch so einige Pflanzen, die aufgrund der k\u00fchlen N\u00e4chte nicht so recht von der Stelle wachsen wollten. Tomaten, Zucchini, K\u00fcrbisse \u2026 Und bis das Gew\u00e4chshaus verdschungelt, dauert es wohl noch ein wenig.<\/p>\n\n\n\n<figure class=\"wp-block-image size-full\"><a href=\"https:\/\/das-stille-woertchen.de\/wp-content\/uploads\/2023\/06\/P1100200.jpg\"><img loading=\"lazy\" decoding=\"async\" width=\"800\" height=\"600\" src=\"https:\/\/das-stille-woertchen.de\/wp-content\/uploads\/2023\/06\/P1100200.jpg\" alt=\"\" class=\"wp-image-5978\" srcset=\"https:\/\/das-stille-woertchen.de\/wp-content\/uploads\/2023\/06\/P1100200.jpg 800w, https:\/\/das-stille-woertchen.de\/wp-content\/uploads\/2023\/06\/P1100200-300x225.jpg 300w, https:\/\/das-stille-woertchen.de\/wp-content\/uploads\/2023\/06\/P1100200-768x576.jpg 768w\" sizes=\"auto, (max-width: 800px) 100vw, 800px\" \/><\/a><\/figure>\n\n\n\n<figure class=\"wp-block-image size-full\"><a href=\"https:\/\/das-stille-woertchen.de\/wp-content\/uploads\/2023\/06\/P1100183.jpg\"><img loading=\"lazy\" decoding=\"async\" width=\"800\" height=\"600\" src=\"https:\/\/das-stille-woertchen.de\/wp-content\/uploads\/2023\/06\/P1100183.jpg\" alt=\"\" class=\"wp-image-5971\" srcset=\"https:\/\/das-stille-woertchen.de\/wp-content\/uploads\/2023\/06\/P1100183.jpg 800w, https:\/\/das-stille-woertchen.de\/wp-content\/uploads\/2023\/06\/P1100183-300x225.jpg 300w, https:\/\/das-stille-woertchen.de\/wp-content\/uploads\/2023\/06\/P1100183-768x576.jpg 768w\" sizes=\"auto, (max-width: 800px) 100vw, 800px\" \/><\/a><\/figure>\n\n\n\n<p>Hier die Freilandtomaten. Hinter Gittern!  Aber zu ihrer eigenen Sicherheit. Weil die H\u00fchner gerne dazwischen Sand- bzw. Erdbaden. Das will ihnen keiner verwehren.<\/p>\n\n\n\n<figure class=\"wp-block-image size-full\"><a href=\"https:\/\/das-stille-woertchen.de\/wp-content\/uploads\/2023\/06\/P1100199.jpg\"><img loading=\"lazy\" decoding=\"async\" width=\"600\" height=\"800\" src=\"https:\/\/das-stille-woertchen.de\/wp-content\/uploads\/2023\/06\/P1100199.jpg\" alt=\"\" class=\"wp-image-5977\" srcset=\"https:\/\/das-stille-woertchen.de\/wp-content\/uploads\/2023\/06\/P1100199.jpg 600w, https:\/\/das-stille-woertchen.de\/wp-content\/uploads\/2023\/06\/P1100199-225x300.jpg 225w\" sizes=\"auto, (max-width: 600px) 100vw, 600px\" \/><\/a><\/figure>\n\n\n\n<p>Das werden mal Pastinaken &#8230;<\/p>\n\n\n\n<figure class=\"wp-block-image size-full\"><a href=\"https:\/\/das-stille-woertchen.de\/wp-content\/uploads\/2023\/06\/P1100190.jpg\"><img loading=\"lazy\" decoding=\"async\" width=\"600\" height=\"800\" src=\"https:\/\/das-stille-woertchen.de\/wp-content\/uploads\/2023\/06\/P1100190.jpg\" alt=\"\" class=\"wp-image-5974\" srcset=\"https:\/\/das-stille-woertchen.de\/wp-content\/uploads\/2023\/06\/P1100190.jpg 600w, https:\/\/das-stille-woertchen.de\/wp-content\/uploads\/2023\/06\/P1100190-225x300.jpg 225w\" sizes=\"auto, (max-width: 600px) 100vw, 600px\" \/><\/a><\/figure>\n\n\n\n<p>&#8230; und das Schwarzwurzeln:<\/p>\n\n\n\n<figure class=\"wp-block-image size-full\"><a href=\"https:\/\/das-stille-woertchen.de\/wp-content\/uploads\/2023\/06\/P1100192.jpg\"><img loading=\"lazy\" decoding=\"async\" width=\"600\" height=\"800\" src=\"https:\/\/das-stille-woertchen.de\/wp-content\/uploads\/2023\/06\/P1100192.jpg\" alt=\"\" class=\"wp-image-5975\" srcset=\"https:\/\/das-stille-woertchen.de\/wp-content\/uploads\/2023\/06\/P1100192.jpg 600w, https:\/\/das-stille-woertchen.de\/wp-content\/uploads\/2023\/06\/P1100192-225x300.jpg 225w\" sizes=\"auto, (max-width: 600px) 100vw, 600px\" \/><\/a><\/figure>\n\n\n\n<p>Voil\u00e0: Erbsen (mit Hafer zwischendrin. &#8211; als Rankexperiment.)<\/p>\n\n\n\n<figure class=\"wp-block-image size-full\"><a href=\"https:\/\/das-stille-woertchen.de\/wp-content\/uploads\/2023\/06\/P1100193.jpg\"><img loading=\"lazy\" decoding=\"async\" width=\"800\" height=\"600\" src=\"https:\/\/das-stille-woertchen.de\/wp-content\/uploads\/2023\/06\/P1100193.jpg\" alt=\"\" class=\"wp-image-5976\" srcset=\"https:\/\/das-stille-woertchen.de\/wp-content\/uploads\/2023\/06\/P1100193.jpg 800w, https:\/\/das-stille-woertchen.de\/wp-content\/uploads\/2023\/06\/P1100193-300x225.jpg 300w, https:\/\/das-stille-woertchen.de\/wp-content\/uploads\/2023\/06\/P1100193-768x576.jpg 768w\" sizes=\"auto, (max-width: 800px) 100vw, 800px\" \/><\/a><\/figure>\n\n\n\n<p>Vor Kurzem ist im Nachbarbaum ein Bienenschwarm gelandet! Sehr beeindruckend! Er war aber schneller wieder weg, als ihn jemand einsammeln konnte: <\/p>\n\n\n\n<p><\/p>\n\n\n\n<figure class=\"wp-block-gallery has-nested-images columns-default is-cropped wp-block-gallery-3 is-layout-flex wp-block-gallery-is-layout-flex\">\n<figure class=\"wp-block-image size-large\"><a href=\"https:\/\/das-stille-woertchen.de\/wp-content\/uploads\/2023\/06\/P1100002.jpg\"><img loading=\"lazy\" decoding=\"async\" width=\"800\" height=\"450\" data-id=\"5965\" src=\"https:\/\/das-stille-woertchen.de\/wp-content\/uploads\/2023\/06\/P1100002.jpg\" alt=\"\" class=\"wp-image-5965\" srcset=\"https:\/\/das-stille-woertchen.de\/wp-content\/uploads\/2023\/06\/P1100002.jpg 800w, https:\/\/das-stille-woertchen.de\/wp-content\/uploads\/2023\/06\/P1100002-300x169.jpg 300w, https:\/\/das-stille-woertchen.de\/wp-content\/uploads\/2023\/06\/P1100002-768x432.jpg 768w\" sizes=\"auto, (max-width: 800px) 100vw, 800px\" \/><\/a><\/figure>\n\n\n\n<figure class=\"wp-block-image size-large\"><a href=\"https:\/\/das-stille-woertchen.de\/wp-content\/uploads\/2023\/06\/P1100003.jpg\"><img loading=\"lazy\" decoding=\"async\" width=\"800\" height=\"600\" data-id=\"5966\" src=\"https:\/\/das-stille-woertchen.de\/wp-content\/uploads\/2023\/06\/P1100003.jpg\" alt=\"\" class=\"wp-image-5966\" srcset=\"https:\/\/das-stille-woertchen.de\/wp-content\/uploads\/2023\/06\/P1100003.jpg 800w, https:\/\/das-stille-woertchen.de\/wp-content\/uploads\/2023\/06\/P1100003-300x225.jpg 300w, https:\/\/das-stille-woertchen.de\/wp-content\/uploads\/2023\/06\/P1100003-768x576.jpg 768w\" sizes=\"auto, (max-width: 800px) 100vw, 800px\" \/><\/a><\/figure>\n<\/figure>\n\n\n\n<p><br>Achja, trotz Dauernass im Fr\u00fchjahr lassen die Nacktschnecken bisher auf sich warten. (Nicht, dass wir sie sehnlich erwarten &#8230;)<br><br>Und sonst?<br>Tja, inzwischen wird schon wieder sehr auf Regen gehofft. Und wenn er nicht kommt, m\u00fcssen die neuen B\u00e4umchen (und noch mehr) gew\u00e4ssert werden. Ein Gl\u00fcck, dass es hier immerhin Brunnenwasser gibt.  <br><br>Ansonsten wird jeder fr\u00fchlings- bis fr\u00fchsommerhafte, milde, sonnige, nicht zu hei\u00dfe, gr\u00fcnumkringelte, vogelbezwitscherte Atemzug auf dem \u00d6rtchen, so gut es geht, genossen. <br><br>Der Winter kommt erfahrungsgem\u00e4\u00df schnell (und bleibt zum Ausgleich extra lange). <br><br>Deshalb hier nochmal, zum Genie\u00dfen, ein paar Fr\u00fchsommer- und Sp\u00e4tfr\u00fchlingsimpressionen. <br><\/p>\n\n\n\n<figure class=\"wp-block-gallery has-nested-images columns-default is-cropped wp-block-gallery-4 is-layout-flex wp-block-gallery-is-layout-flex\">\n<figure class=\"wp-block-image size-large\"><a href=\"https:\/\/das-stille-woertchen.de\/wp-content\/uploads\/2023\/06\/P1100209.jpg\"><img loading=\"lazy\" decoding=\"async\" width=\"800\" height=\"600\" data-id=\"5980\" src=\"https:\/\/das-stille-woertchen.de\/wp-content\/uploads\/2023\/06\/P1100209.jpg\" alt=\"\" class=\"wp-image-5980\" srcset=\"https:\/\/das-stille-woertchen.de\/wp-content\/uploads\/2023\/06\/P1100209.jpg 800w, https:\/\/das-stille-woertchen.de\/wp-content\/uploads\/2023\/06\/P1100209-300x225.jpg 300w, https:\/\/das-stille-woertchen.de\/wp-content\/uploads\/2023\/06\/P1100209-768x576.jpg 768w\" sizes=\"auto, (max-width: 800px) 100vw, 800px\" \/><\/a><\/figure>\n<\/figure>\n\n\n\n<figure class=\"wp-block-gallery has-nested-images columns-default is-cropped wp-block-gallery-5 is-layout-flex wp-block-gallery-is-layout-flex\">\n<figure class=\"wp-block-image size-large\"><a href=\"https:\/\/das-stille-woertchen.de\/wp-content\/uploads\/2023\/06\/P1100036.jpg\"><img loading=\"lazy\" decoding=\"async\" width=\"800\" height=\"600\" data-id=\"5969\" src=\"https:\/\/das-stille-woertchen.de\/wp-content\/uploads\/2023\/06\/P1100036.jpg\" alt=\"\" class=\"wp-image-5969\" srcset=\"https:\/\/das-stille-woertchen.de\/wp-content\/uploads\/2023\/06\/P1100036.jpg 800w, https:\/\/das-stille-woertchen.de\/wp-content\/uploads\/2023\/06\/P1100036-300x225.jpg 300w, https:\/\/das-stille-woertchen.de\/wp-content\/uploads\/2023\/06\/P1100036-768x576.jpg 768w\" sizes=\"auto, (max-width: 800px) 100vw, 800px\" \/><\/a><\/figure>\n\n\n\n<figure class=\"wp-block-image size-large\"><a href=\"https:\/\/das-stille-woertchen.de\/wp-content\/uploads\/2023\/06\/P1100077.jpg\"><img loading=\"lazy\" decoding=\"async\" width=\"600\" height=\"800\" data-id=\"5970\" src=\"https:\/\/das-stille-woertchen.de\/wp-content\/uploads\/2023\/06\/P1100077.jpg\" alt=\"\" class=\"wp-image-5970\" srcset=\"https:\/\/das-stille-woertchen.de\/wp-content\/uploads\/2023\/06\/P1100077.jpg 600w, https:\/\/das-stille-woertchen.de\/wp-content\/uploads\/2023\/06\/P1100077-225x300.jpg 225w\" sizes=\"auto, (max-width: 600px) 100vw, 600px\" \/><\/a><\/figure>\n<\/figure>\n\n\n\n<figure class=\"wp-block-gallery has-nested-images columns-default is-cropped wp-block-gallery-6 is-layout-flex wp-block-gallery-is-layout-flex\">\n<figure class=\"wp-block-image size-large\"><a href=\"https:\/\/das-stille-woertchen.de\/wp-content\/uploads\/2023\/06\/P1100020.jpg\"><img loading=\"lazy\" decoding=\"async\" width=\"800\" height=\"600\" data-id=\"5967\" src=\"https:\/\/das-stille-woertchen.de\/wp-content\/uploads\/2023\/06\/P1100020.jpg\" alt=\"\" class=\"wp-image-5967\" srcset=\"https:\/\/das-stille-woertchen.de\/wp-content\/uploads\/2023\/06\/P1100020.jpg 800w, https:\/\/das-stille-woertchen.de\/wp-content\/uploads\/2023\/06\/P1100020-300x225.jpg 300w, https:\/\/das-stille-woertchen.de\/wp-content\/uploads\/2023\/06\/P1100020-768x576.jpg 768w\" sizes=\"auto, (max-width: 800px) 100vw, 800px\" \/><\/a><\/figure>\n\n\n\n<figure class=\"wp-block-image size-large\"><a href=\"https:\/\/das-stille-woertchen.de\/wp-content\/uploads\/2023\/05\/P1090847.jpg\"><img loading=\"lazy\" decoding=\"async\" width=\"800\" height=\"600\" data-id=\"5955\" src=\"https:\/\/das-stille-woertchen.de\/wp-content\/uploads\/2023\/05\/P1090847.jpg\" alt=\"\" class=\"wp-image-5955\" srcset=\"https:\/\/das-stille-woertchen.de\/wp-content\/uploads\/2023\/05\/P1090847.jpg 800w, https:\/\/das-stille-woertchen.de\/wp-content\/uploads\/2023\/05\/P1090847-300x225.jpg 300w, https:\/\/das-stille-woertchen.de\/wp-content\/uploads\/2023\/05\/P1090847-768x576.jpg 768w\" sizes=\"auto, (max-width: 800px) 100vw, 800px\" \/><\/a><\/figure>\n<\/figure>\n\n\n\n<div class=\"wp-block-group\"><div class=\"wp-block-group__inner-container is-layout-constrained wp-block-group-is-layout-constrained\">\n<figure class=\"wp-block-gallery has-nested-images columns-default is-cropped wp-block-gallery-7 is-layout-flex wp-block-gallery-is-layout-flex\">\n<figure class=\"wp-block-image size-large\"><a href=\"https:\/\/das-stille-woertchen.de\/wp-content\/uploads\/2023\/05\/P1100091.jpg\"><img loading=\"lazy\" decoding=\"async\" width=\"800\" height=\"600\" data-id=\"5952\" src=\"https:\/\/das-stille-woertchen.de\/wp-content\/uploads\/2023\/05\/P1100091.jpg\" alt=\"\" class=\"wp-image-5952\" srcset=\"https:\/\/das-stille-woertchen.de\/wp-content\/uploads\/2023\/05\/P1100091.jpg 800w, https:\/\/das-stille-woertchen.de\/wp-content\/uploads\/2023\/05\/P1100091-300x225.jpg 300w, https:\/\/das-stille-woertchen.de\/wp-content\/uploads\/2023\/05\/P1100091-768x576.jpg 768w\" sizes=\"auto, (max-width: 800px) 100vw, 800px\" \/><\/a><\/figure>\n\n\n\n<figure class=\"wp-block-image size-large\"><a href=\"https:\/\/das-stille-woertchen.de\/wp-content\/uploads\/2023\/05\/P1100099.jpg\"><img loading=\"lazy\" decoding=\"async\" width=\"600\" height=\"800\" data-id=\"5953\" src=\"https:\/\/das-stille-woertchen.de\/wp-content\/uploads\/2023\/05\/P1100099.jpg\" alt=\"\" class=\"wp-image-5953\" srcset=\"https:\/\/das-stille-woertchen.de\/wp-content\/uploads\/2023\/05\/P1100099.jpg 600w, https:\/\/das-stille-woertchen.de\/wp-content\/uploads\/2023\/05\/P1100099-225x300.jpg 225w\" sizes=\"auto, (max-width: 600px) 100vw, 600px\" \/><\/a><\/figure>\n\n\n\n<figure class=\"wp-block-image size-large\"><a href=\"https:\/\/das-stille-woertchen.de\/wp-content\/uploads\/2023\/05\/P1100109.jpg\"><img loading=\"lazy\" decoding=\"async\" width=\"800\" height=\"600\" data-id=\"5954\" src=\"https:\/\/das-stille-woertchen.de\/wp-content\/uploads\/2023\/05\/P1100109.jpg\" alt=\"\" class=\"wp-image-5954\" srcset=\"https:\/\/das-stille-woertchen.de\/wp-content\/uploads\/2023\/05\/P1100109.jpg 800w, https:\/\/das-stille-woertchen.de\/wp-content\/uploads\/2023\/05\/P1100109-300x225.jpg 300w, https:\/\/das-stille-woertchen.de\/wp-content\/uploads\/2023\/05\/P1100109-768x576.jpg 768w\" sizes=\"auto, (max-width: 800px) 100vw, 800px\" \/><\/a><\/figure>\n\n\n\n<figure class=\"wp-block-image size-large\"><a href=\"https:\/\/das-stille-woertchen.de\/wp-content\/uploads\/2023\/05\/P1100061.jpg\"><img loading=\"lazy\" decoding=\"async\" width=\"800\" height=\"600\" data-id=\"5951\" src=\"https:\/\/das-stille-woertchen.de\/wp-content\/uploads\/2023\/05\/P1100061.jpg\" alt=\"\" class=\"wp-image-5951\" srcset=\"https:\/\/das-stille-woertchen.de\/wp-content\/uploads\/2023\/05\/P1100061.jpg 800w, https:\/\/das-stille-woertchen.de\/wp-content\/uploads\/2023\/05\/P1100061-300x225.jpg 300w, https:\/\/das-stille-woertchen.de\/wp-content\/uploads\/2023\/05\/P1100061-768x576.jpg 768w\" sizes=\"auto, (max-width: 800px) 100vw, 800px\" \/><\/a><\/figure>\n<\/figure>\n<\/div><\/div>\n\n\n\n<p>Das erste ist eine Zierlauchbl\u00fcte. <br>Darunter: Die gute Madame Schwarz ist auch schon \u00fcber sechs Jahre alt. <br>Alma vor wiesiger Kastanienbaumkulisse (der Riesenbaum steht mitten im Hof). <br>Kr\u00fcmel ruht in der Suhle und die Gackerbande vergn\u00fcgt sich auf einem Hackschnitzelberg.<br><br>Und dann nochmal die treue, viel zu kleine, Hundemeute &#8211; seit \u00fcber einem halben Jahr nun schon ohne unsere liebste Lila. Alma, mit grauen Augenbrauen und stolzen 14 Jahren, l\u00e4sst sich ihr Alter &#8211; unter anderem beim Spiel mit siebenj\u00e4hrigem Jungspund Johnny &#8211; zum Gl\u00fcck nur selten richtig anmerken. Auf dass das noch lange so bleiben m\u00f6ge! (Nicht nur bei Alma. Die Schweinchen feiern im August auch schon zehnten Geburtstag. Heieiei.)<br><br>Achja. Fast vergessen:<\/p>\n\n\n\n<p>Drei Zebras haben wir jetzt auch.<\/p>\n\n\n\n<figure class=\"wp-block-image size-full\"><a href=\"https:\/\/das-stille-woertchen.de\/wp-content\/uploads\/2023\/06\/IMG_8598.jpeg\"><img decoding=\"async\" src=\"https:\/\/das-stille-woertchen.de\/wp-content\/uploads\/2023\/06\/IMG_8598.jpeg\" alt=\"\" class=\"wp-image-5988\"\/><\/a><\/figure>\n\n\n\n<p><\/p>\n\n\n<div class=\"wp-block-image\">\n<figure class=\"aligncenter size-full is-resized\"><a href=\"https:\/\/das-stille-woertchen.de\/wp-content\/uploads\/2023\/06\/Mittel-IMG_8595.jpeg\"><img loading=\"lazy\" decoding=\"async\" src=\"https:\/\/das-stille-woertchen.de\/wp-content\/uploads\/2023\/06\/Mittel-IMG_8595.jpeg\" alt=\"\" class=\"wp-image-5989\" width=\"343\" height=\"457\" srcset=\"https:\/\/das-stille-woertchen.de\/wp-content\/uploads\/2023\/06\/Mittel-IMG_8595.jpeg 480w, https:\/\/das-stille-woertchen.de\/wp-content\/uploads\/2023\/06\/Mittel-IMG_8595-225x300.jpeg 225w\" sizes=\"auto, (max-width: 343px) 100vw, 343px\" \/><\/a><\/figure><\/div>\n\n\n<p> <br><br><br><br><br><br><\/p>\n","protected":false},"excerpt":{"rendered":"<p>So. Gerade noch erwischt. (Fast) p\u00fcnktlich zum meteorologischen Sommeranfang gibt es den Fr\u00fchjahrsr\u00fcckblick. Und wir blicken zur\u00fcck &#8211; auf ein feuchtes, tr\u00fcbes, kaltes Fr\u00fchjahr. Es hat genervt! Aber: Der Regen tat auch soooo gut. Also der Natur (nicht den kalten &hellip; <a href=\"https:\/\/das-stille-woertchen.de\/index.php\/2023\/06\/02\/ein-fruehling-ohne-fruehling-fuenfundzwanzig-gluecksbaeumchen-und-eine-hand-voll-puscheldamen\/\">Weiterlesen <span class=\"meta-nav\">&rarr;<\/span><\/a><\/p>\n","protected":false},"author":2,"featured_media":0,"comment_status":"open","ping_status":"open","sticky":false,"template":"","format":"standard","meta":{"footnotes":""},"categories":[11,3,5],"tags":[],"class_list":["post-5960","post","type-post","status-publish","format-standard","hentry","category-grunzeug","category-oertchen","category-tierisch"],"_links":{"self":[{"href":"https:\/\/das-stille-woertchen.de\/index.php\/wp-json\/wp\/v2\/posts\/5960","targetHints":{"allow":["GET"]}}],"collection":[{"href":"https:\/\/das-stille-woertchen.de\/index.php\/wp-json\/wp\/v2\/posts"}],"about":[{"href":"https:\/\/das-stille-woertchen.de\/index.php\/wp-json\/wp\/v2\/types\/post"}],"author":[{"embeddable":true,"href":"https:\/\/das-stille-woertchen.de\/index.php\/wp-json\/wp\/v2\/users\/2"}],"replies":[{"embeddable":true,"href":"https:\/\/das-stille-woertchen.de\/index.php\/wp-json\/wp\/v2\/comments?post=5960"}],"version-history":[{"count":14,"href":"https:\/\/das-stille-woertchen.de\/index.php\/wp-json\/wp\/v2\/posts\/5960\/revisions"}],"predecessor-version":[{"id":5996,"href":"https:\/\/das-stille-woertchen.de\/index.php\/wp-json\/wp\/v2\/posts\/5960\/revisions\/5996"}],"wp:attachment":[{"href":"https:\/\/das-stille-woertchen.de\/index.php\/wp-json\/wp\/v2\/media?parent=5960"}],"wp:term":[{"taxonomy":"category","embeddable":true,"href":"https:\/\/das-stille-woertchen.de\/index.php\/wp-json\/wp\/v2\/categories?post=5960"},{"taxonomy":"post_tag","embeddable":true,"href":"https:\/\/das-stille-woertchen.de\/index.php\/wp-json\/wp\/v2\/tags?post=5960"}],"curies":[{"name":"wp","href":"https:\/\/api.w.org\/{rel}","templated":true}]}}