{"id":6117,"date":"2023-11-09T20:04:16","date_gmt":"2023-11-09T18:04:16","guid":{"rendered":"https:\/\/das-stille-woertchen.de\/?p=6117"},"modified":"2023-11-09T20:36:15","modified_gmt":"2023-11-09T18:36:15","slug":"und-schon-wieder-neigt-sich-das-jahr","status":"publish","type":"post","link":"https:\/\/das-stille-woertchen.de\/index.php\/2023\/11\/09\/und-schon-wieder-neigt-sich-das-jahr\/","title":{"rendered":"Und schon wieder neigt sich das Jahr  &#8230;"},"content":{"rendered":"\n<p>Herbst ist&#8217;s. Und das schon gar nicht mal so eine kleine Weile. Aber bevor davon berichtet wird, erst nochmal ein R\u00fcckblick in den Sommer hinein. Ja und das, was den (im elften Jahr auf dem Hof) ganz besonders und ganz besonders begl\u00fcckend gemacht hat, war:<br>Ein Hektar extra Gl\u00fcck auf unserer nun etwas gr\u00f6\u00dferen, kleinen, heilen Insel.<br>Es war der erste Sommer, in dem wir eine gro\u00dfe Wiese f\u00fcr die Pferde hatten. Eine Wiese, auf der wir den kleinen Obstb\u00e4umen beim Wachsen zuschauen konnten (wenn auch erst sp\u00e4ter, im nicht mehr so trockenen Sommer, als es endlich mal wieder geregnet hat). Die Wiese, die den menschlichen Zweibeinern laaaaange, sonnige Abende beschert hat. <br>Rundumblickgl\u00fcck mit Sonnenunterg\u00e4ngen!<br><br><\/p>\n\n\n<div class=\"wp-block-image\">\n<figure class=\"aligncenter size-large is-resized\"><a href=\"https:\/\/das-stille-woertchen.de\/wp-content\/uploads\/2023\/11\/Gross-IMG_8855.jpeg\"><img loading=\"lazy\" decoding=\"async\" src=\"https:\/\/das-stille-woertchen.de\/wp-content\/uploads\/2023\/11\/Gross-IMG_8855-768x1024.jpeg\" alt=\"\" class=\"wp-image-6074\" width=\"551\" height=\"734\" srcset=\"https:\/\/das-stille-woertchen.de\/wp-content\/uploads\/2023\/11\/Gross-IMG_8855-768x1024.jpeg 768w, https:\/\/das-stille-woertchen.de\/wp-content\/uploads\/2023\/11\/Gross-IMG_8855-225x300.jpeg 225w, https:\/\/das-stille-woertchen.de\/wp-content\/uploads\/2023\/11\/Gross-IMG_8855.jpeg 960w\" sizes=\"auto, (max-width: 551px) 100vw, 551px\" \/><\/a><\/figure><\/div>\n\n<div class=\"wp-block-image\">\n<figure class=\"aligncenter size-large is-resized\"><a href=\"https:\/\/das-stille-woertchen.de\/wp-content\/uploads\/2023\/11\/Gross-IMG_9430.jpeg\"><img loading=\"lazy\" decoding=\"async\" src=\"https:\/\/das-stille-woertchen.de\/wp-content\/uploads\/2023\/11\/Gross-IMG_9430-1024x768.jpeg\" alt=\"\" class=\"wp-image-6106\" width=\"534\" height=\"400\" srcset=\"https:\/\/das-stille-woertchen.de\/wp-content\/uploads\/2023\/11\/Gross-IMG_9430-1024x768.jpeg 1024w, https:\/\/das-stille-woertchen.de\/wp-content\/uploads\/2023\/11\/Gross-IMG_9430-300x225.jpeg 300w, https:\/\/das-stille-woertchen.de\/wp-content\/uploads\/2023\/11\/Gross-IMG_9430-768x576.jpeg 768w, https:\/\/das-stille-woertchen.de\/wp-content\/uploads\/2023\/11\/Gross-IMG_9430.jpeg 1280w\" sizes=\"auto, (max-width: 534px) 100vw, 534px\" \/><\/a><\/figure><\/div>\n\n\n<p>Manchmal so h\u00fcbsch, dass es schon unecht wirkte.<\/p>\n\n\n<div class=\"wp-block-image\">\n<figure class=\"aligncenter size-full is-resized\"><a href=\"https:\/\/das-stille-woertchen.de\/wp-content\/uploads\/2023\/11\/Gross-252989ee-4a45-4259-a34a-e87b5c33d77c.jpeg\"><img loading=\"lazy\" decoding=\"async\" src=\"https:\/\/das-stille-woertchen.de\/wp-content\/uploads\/2023\/11\/Gross-252989ee-4a45-4259-a34a-e87b5c33d77c.jpeg\" alt=\"\" class=\"wp-image-6003\" width=\"530\" height=\"707\" srcset=\"https:\/\/das-stille-woertchen.de\/wp-content\/uploads\/2023\/11\/Gross-252989ee-4a45-4259-a34a-e87b5c33d77c.jpeg 768w, https:\/\/das-stille-woertchen.de\/wp-content\/uploads\/2023\/11\/Gross-252989ee-4a45-4259-a34a-e87b5c33d77c-225x300.jpeg 225w\" sizes=\"auto, (max-width: 530px) 100vw, 530px\" \/><\/a><\/figure><\/div>\n\n\n<p>Und manchmal auch wild &#8211; dank Affenschaukel am alten Nussbaum und Kinderbesuch:<\/p>\n\n\n<div class=\"wp-block-image\">\n<figure class=\"aligncenter size-full is-resized\"><a href=\"https:\/\/das-stille-woertchen.de\/wp-content\/uploads\/2023\/11\/Gross-6c64b3b2-9ba3-42eb-9622-4588a7cb5412.jpeg\"><img loading=\"lazy\" decoding=\"async\" src=\"https:\/\/das-stille-woertchen.de\/wp-content\/uploads\/2023\/11\/Gross-6c64b3b2-9ba3-42eb-9622-4588a7cb5412.jpeg\" alt=\"\" class=\"wp-image-6002\" width=\"471\" height=\"627\" srcset=\"https:\/\/das-stille-woertchen.de\/wp-content\/uploads\/2023\/11\/Gross-6c64b3b2-9ba3-42eb-9622-4588a7cb5412.jpeg 768w, https:\/\/das-stille-woertchen.de\/wp-content\/uploads\/2023\/11\/Gross-6c64b3b2-9ba3-42eb-9622-4588a7cb5412-225x300.jpeg 225w\" sizes=\"auto, (max-width: 471px) 100vw, 471px\" \/><\/a><\/figure><\/div>\n\n\n<p>Die Pferdchen haben derweil so getan, als h\u00e4tten sie das immer schon so gehabt bei uns. Stundenlang rumh\u00e4ngen, grasen und gucken. (Gut, im Offenstall ging es ihnen ja auch nicht schlecht. Aber das nun &#8230; hach! M\u00f6gen sie das noch laaaange nutzen k\u00f6nnen, unsere nicht mehr ganz so jungen Klepper.)<\/p>\n\n\n\n<figure class=\"wp-block-image size-large\"><a href=\"https:\/\/das-stille-woertchen.de\/wp-content\/uploads\/2023\/11\/Gross-IMG_9789-19.22.55.jpeg\"><img loading=\"lazy\" decoding=\"async\" width=\"1024\" height=\"768\" src=\"https:\/\/das-stille-woertchen.de\/wp-content\/uploads\/2023\/11\/Gross-IMG_9789-19.22.55-1024x768.jpeg\" alt=\"\" class=\"wp-image-6116\" srcset=\"https:\/\/das-stille-woertchen.de\/wp-content\/uploads\/2023\/11\/Gross-IMG_9789-19.22.55-1024x768.jpeg 1024w, https:\/\/das-stille-woertchen.de\/wp-content\/uploads\/2023\/11\/Gross-IMG_9789-19.22.55-300x225.jpeg 300w, https:\/\/das-stille-woertchen.de\/wp-content\/uploads\/2023\/11\/Gross-IMG_9789-19.22.55-768x576.jpeg 768w, https:\/\/das-stille-woertchen.de\/wp-content\/uploads\/2023\/11\/Gross-IMG_9789-19.22.55.jpeg 1280w\" sizes=\"auto, (max-width: 1024px) 100vw, 1024px\" \/><\/a><\/figure>\n\n\n\n<p>Hier der Blick sp\u00e4ter im Sommer oder  besser im fr\u00fchen Herbst. Da haben wir noch gar nicht an Saisonabschluss gedacht. Aber als Anfang Oktober dann der Beinahe-Dauerregen startete, ging es damit tats\u00e4chlich ganz schnell. (Schon allein, weil der Weg auf die Koppel unter den Pferdehufen sofort vermatscht und rutschig war.)<\/p>\n\n\n\n<figure class=\"wp-block-image size-large\"><a href=\"https:\/\/das-stille-woertchen.de\/wp-content\/uploads\/2023\/11\/Gross-IMG_0943.jpeg\"><img loading=\"lazy\" decoding=\"async\" width=\"1024\" height=\"768\" src=\"https:\/\/das-stille-woertchen.de\/wp-content\/uploads\/2023\/11\/Gross-IMG_0943-1024x768.jpeg\" alt=\"\" class=\"wp-image-6049\" srcset=\"https:\/\/das-stille-woertchen.de\/wp-content\/uploads\/2023\/11\/Gross-IMG_0943-1024x768.jpeg 1024w, https:\/\/das-stille-woertchen.de\/wp-content\/uploads\/2023\/11\/Gross-IMG_0943-300x225.jpeg 300w, https:\/\/das-stille-woertchen.de\/wp-content\/uploads\/2023\/11\/Gross-IMG_0943-768x576.jpeg 768w, https:\/\/das-stille-woertchen.de\/wp-content\/uploads\/2023\/11\/Gross-IMG_0943.jpeg 1280w\" sizes=\"auto, (max-width: 1024px) 100vw, 1024px\" \/><\/a><\/figure>\n\n\n\n<figure class=\"wp-block-image size-large\"><a href=\"https:\/\/das-stille-woertchen.de\/wp-content\/uploads\/2023\/11\/Gross-IMG_0948-2.jpeg\"><img loading=\"lazy\" decoding=\"async\" width=\"1024\" height=\"768\" src=\"https:\/\/das-stille-woertchen.de\/wp-content\/uploads\/2023\/11\/Gross-IMG_0948-2-1024x768.jpeg\" alt=\"\" class=\"wp-image-6050\" srcset=\"https:\/\/das-stille-woertchen.de\/wp-content\/uploads\/2023\/11\/Gross-IMG_0948-2-1024x768.jpeg 1024w, https:\/\/das-stille-woertchen.de\/wp-content\/uploads\/2023\/11\/Gross-IMG_0948-2-300x225.jpeg 300w, https:\/\/das-stille-woertchen.de\/wp-content\/uploads\/2023\/11\/Gross-IMG_0948-2-768x576.jpeg 768w, https:\/\/das-stille-woertchen.de\/wp-content\/uploads\/2023\/11\/Gross-IMG_0948-2.jpeg 1280w\" sizes=\"auto, (max-width: 1024px) 100vw, 1024px\" \/><\/a><\/figure>\n\n\n\n<figure class=\"wp-block-image size-large\"><a href=\"https:\/\/das-stille-woertchen.de\/wp-content\/uploads\/2023\/11\/Gross-IMG_1257-1.jpeg\"><img loading=\"lazy\" decoding=\"async\" width=\"1024\" height=\"768\" src=\"https:\/\/das-stille-woertchen.de\/wp-content\/uploads\/2023\/11\/Gross-IMG_1257-1-1024x768.jpeg\" alt=\"\" class=\"wp-image-6133\" srcset=\"https:\/\/das-stille-woertchen.de\/wp-content\/uploads\/2023\/11\/Gross-IMG_1257-1-1024x768.jpeg 1024w, https:\/\/das-stille-woertchen.de\/wp-content\/uploads\/2023\/11\/Gross-IMG_1257-1-300x225.jpeg 300w, https:\/\/das-stille-woertchen.de\/wp-content\/uploads\/2023\/11\/Gross-IMG_1257-1-768x576.jpeg 768w, https:\/\/das-stille-woertchen.de\/wp-content\/uploads\/2023\/11\/Gross-IMG_1257-1.jpeg 1280w\" sizes=\"auto, (max-width: 1024px) 100vw, 1024px\" \/><\/a><\/figure>\n\n\n\n<p>Nicht nur zum Gucken, auch zum Arbeiten ist das neue St\u00fcck Gl\u00fcck bestens geeignet. <br>Sogleich wurde ein neuer Schreibtisch installiert.<\/p>\n\n\n<div class=\"wp-block-image\">\n<figure class=\"aligncenter size-large is-resized\"><a href=\"https:\/\/das-stille-woertchen.de\/wp-content\/uploads\/2023\/11\/Gross-IMG_9071.jpeg\"><img loading=\"lazy\" decoding=\"async\" src=\"https:\/\/das-stille-woertchen.de\/wp-content\/uploads\/2023\/11\/Gross-IMG_9071-1024x1024.jpeg\" alt=\"\" class=\"wp-image-6076\" width=\"525\" height=\"525\" srcset=\"https:\/\/das-stille-woertchen.de\/wp-content\/uploads\/2023\/11\/Gross-IMG_9071-1024x1024.jpeg 1024w, https:\/\/das-stille-woertchen.de\/wp-content\/uploads\/2023\/11\/Gross-IMG_9071-300x300.jpeg 300w, https:\/\/das-stille-woertchen.de\/wp-content\/uploads\/2023\/11\/Gross-IMG_9071-150x150.jpeg 150w, https:\/\/das-stille-woertchen.de\/wp-content\/uploads\/2023\/11\/Gross-IMG_9071-768x768.jpeg 768w, https:\/\/das-stille-woertchen.de\/wp-content\/uploads\/2023\/11\/Gross-IMG_9071.jpeg 1280w\" sizes=\"auto, (max-width: 525px) 100vw, 525px\" \/><\/a><\/figure><\/div>\n\n\n<p>Und der hat der Fr\u00fchaufsteherautorin sogar ganz, ganz fr\u00fche Morgenkaffees in der Sonne erm\u00f6glicht. <\/p>\n\n\n\n<figure class=\"wp-block-image size-large\"><a href=\"https:\/\/das-stille-woertchen.de\/wp-content\/uploads\/2023\/11\/Gross-IMG_9152.jpeg\"><img loading=\"lazy\" decoding=\"async\" width=\"1024\" height=\"768\" src=\"https:\/\/das-stille-woertchen.de\/wp-content\/uploads\/2023\/11\/Gross-IMG_9152-1024x768.jpeg\" alt=\"\" class=\"wp-image-6089\" srcset=\"https:\/\/das-stille-woertchen.de\/wp-content\/uploads\/2023\/11\/Gross-IMG_9152-1024x768.jpeg 1024w, https:\/\/das-stille-woertchen.de\/wp-content\/uploads\/2023\/11\/Gross-IMG_9152-300x225.jpeg 300w, https:\/\/das-stille-woertchen.de\/wp-content\/uploads\/2023\/11\/Gross-IMG_9152-768x576.jpeg 768w, https:\/\/das-stille-woertchen.de\/wp-content\/uploads\/2023\/11\/Gross-IMG_9152.jpeg 1280w\" sizes=\"auto, (max-width: 1024px) 100vw, 1024px\" \/><\/a><\/figure>\n\n\n\n<p><\/p>\n\n\n\n<figure class=\"wp-block-image size-large\"><a href=\"https:\/\/das-stille-woertchen.de\/wp-content\/uploads\/2023\/11\/Gross-IMG_0384.jpeg\"><img loading=\"lazy\" decoding=\"async\" width=\"1024\" height=\"768\" src=\"https:\/\/das-stille-woertchen.de\/wp-content\/uploads\/2023\/11\/Gross-IMG_0384-1024x768.jpeg\" alt=\"\" class=\"wp-image-6030\" srcset=\"https:\/\/das-stille-woertchen.de\/wp-content\/uploads\/2023\/11\/Gross-IMG_0384-1024x768.jpeg 1024w, https:\/\/das-stille-woertchen.de\/wp-content\/uploads\/2023\/11\/Gross-IMG_0384-300x225.jpeg 300w, https:\/\/das-stille-woertchen.de\/wp-content\/uploads\/2023\/11\/Gross-IMG_0384-768x576.jpeg 768w, https:\/\/das-stille-woertchen.de\/wp-content\/uploads\/2023\/11\/Gross-IMG_0384.jpeg 1280w\" sizes=\"auto, (max-width: 1024px) 100vw, 1024px\" \/><\/a><\/figure>\n\n\n\n<p>Aber nat\u00fcrlich hat man sich trotz Wiesengewusel noch andernorts rundum den Hof &#8211; zum Beispiel im Gem\u00fcsegarten  &#8211; aufgehalten.<br>Die kurze Kurzzusammenfassung:<br>Erst war es so trocken, dass alles recht gem\u00fctlich  und  wundersch\u00f6n \u00fcbersichtlich gewachsen ist. Dann kam ausgiebiger Sommerregen &#8211; und dann wucherte es nach und nach und der \u00dcberblick ging (mal wieder) verloren. Aufgrund vieler Lesungen und Schreibtischarbeit ist das morgendliche Beikrauternten etwas rar ausgefallen und so ist dann leider bis zur Erntezeit einiges an gepflanzten Pfl\u00e4nzchen verschwunden gewesen. <\/p>\n\n\n\n<p>Keine Angst. Es gab schon noch was und tats\u00e4chlich am Ende gar nicht mal so wenig.<br>Aber bevor Erntefotos serviert werden, ein paar Eindr\u00fccke vom saftig gr\u00fcnen Vorfreude-Sommergarten:<\/p>\n\n\n\n<figure class=\"wp-block-gallery has-nested-images columns-default is-cropped wp-block-gallery-1 is-layout-flex wp-block-gallery-is-layout-flex\">\n<figure class=\"wp-block-image size-large\"><a href=\"https:\/\/das-stille-woertchen.de\/wp-content\/uploads\/2023\/11\/Gross-IMG_9122.jpeg\"><img loading=\"lazy\" decoding=\"async\" width=\"1024\" height=\"768\" data-id=\"6088\" src=\"https:\/\/das-stille-woertchen.de\/wp-content\/uploads\/2023\/11\/Gross-IMG_9122-1024x768.jpeg\" alt=\"\" class=\"wp-image-6088\" srcset=\"https:\/\/das-stille-woertchen.de\/wp-content\/uploads\/2023\/11\/Gross-IMG_9122-1024x768.jpeg 1024w, https:\/\/das-stille-woertchen.de\/wp-content\/uploads\/2023\/11\/Gross-IMG_9122-300x225.jpeg 300w, https:\/\/das-stille-woertchen.de\/wp-content\/uploads\/2023\/11\/Gross-IMG_9122-768x576.jpeg 768w, https:\/\/das-stille-woertchen.de\/wp-content\/uploads\/2023\/11\/Gross-IMG_9122.jpeg 1280w\" sizes=\"auto, (max-width: 1024px) 100vw, 1024px\" \/><\/a><\/figure>\n\n\n\n<figure class=\"wp-block-image size-large\"><a href=\"https:\/\/das-stille-woertchen.de\/wp-content\/uploads\/2023\/11\/Gross-IMG_9120.jpeg\"><img loading=\"lazy\" decoding=\"async\" width=\"1024\" height=\"768\" data-id=\"6086\" src=\"https:\/\/das-stille-woertchen.de\/wp-content\/uploads\/2023\/11\/Gross-IMG_9120-1024x768.jpeg\" alt=\"\" class=\"wp-image-6086\" srcset=\"https:\/\/das-stille-woertchen.de\/wp-content\/uploads\/2023\/11\/Gross-IMG_9120-1024x768.jpeg 1024w, https:\/\/das-stille-woertchen.de\/wp-content\/uploads\/2023\/11\/Gross-IMG_9120-300x225.jpeg 300w, https:\/\/das-stille-woertchen.de\/wp-content\/uploads\/2023\/11\/Gross-IMG_9120-768x576.jpeg 768w, https:\/\/das-stille-woertchen.de\/wp-content\/uploads\/2023\/11\/Gross-IMG_9120.jpeg 1280w\" sizes=\"auto, (max-width: 1024px) 100vw, 1024px\" \/><\/a><\/figure>\n\n\n\n<figure class=\"wp-block-image size-large\"><a href=\"https:\/\/das-stille-woertchen.de\/wp-content\/uploads\/2023\/11\/Gross-IMG_9121.jpeg\"><img loading=\"lazy\" decoding=\"async\" width=\"1024\" height=\"768\" data-id=\"6087\" src=\"https:\/\/das-stille-woertchen.de\/wp-content\/uploads\/2023\/11\/Gross-IMG_9121-1024x768.jpeg\" alt=\"\" class=\"wp-image-6087\" srcset=\"https:\/\/das-stille-woertchen.de\/wp-content\/uploads\/2023\/11\/Gross-IMG_9121-1024x768.jpeg 1024w, https:\/\/das-stille-woertchen.de\/wp-content\/uploads\/2023\/11\/Gross-IMG_9121-300x225.jpeg 300w, https:\/\/das-stille-woertchen.de\/wp-content\/uploads\/2023\/11\/Gross-IMG_9121-768x576.jpeg 768w, https:\/\/das-stille-woertchen.de\/wp-content\/uploads\/2023\/11\/Gross-IMG_9121.jpeg 1280w\" sizes=\"auto, (max-width: 1024px) 100vw, 1024px\" \/><\/a><\/figure>\n\n\n\n<figure class=\"wp-block-image size-large\"><a href=\"https:\/\/das-stille-woertchen.de\/wp-content\/uploads\/2023\/11\/Gross-IMG_9111.jpeg\"><img loading=\"lazy\" decoding=\"async\" width=\"768\" height=\"1024\" data-id=\"6085\" src=\"https:\/\/das-stille-woertchen.de\/wp-content\/uploads\/2023\/11\/Gross-IMG_9111-768x1024.jpeg\" alt=\"\" class=\"wp-image-6085\" srcset=\"https:\/\/das-stille-woertchen.de\/wp-content\/uploads\/2023\/11\/Gross-IMG_9111-768x1024.jpeg 768w, https:\/\/das-stille-woertchen.de\/wp-content\/uploads\/2023\/11\/Gross-IMG_9111-225x300.jpeg 225w, https:\/\/das-stille-woertchen.de\/wp-content\/uploads\/2023\/11\/Gross-IMG_9111.jpeg 960w\" sizes=\"auto, (max-width: 768px) 100vw, 768px\" \/><\/a><\/figure>\n\n\n\n<figure class=\"wp-block-image size-large\"><a href=\"https:\/\/das-stille-woertchen.de\/wp-content\/uploads\/2023\/11\/Gross-IMG_9101.jpeg\"><img loading=\"lazy\" decoding=\"async\" width=\"1024\" height=\"768\" data-id=\"6081\" src=\"https:\/\/das-stille-woertchen.de\/wp-content\/uploads\/2023\/11\/Gross-IMG_9101-1024x768.jpeg\" alt=\"\" class=\"wp-image-6081\" srcset=\"https:\/\/das-stille-woertchen.de\/wp-content\/uploads\/2023\/11\/Gross-IMG_9101-1024x768.jpeg 1024w, https:\/\/das-stille-woertchen.de\/wp-content\/uploads\/2023\/11\/Gross-IMG_9101-300x225.jpeg 300w, https:\/\/das-stille-woertchen.de\/wp-content\/uploads\/2023\/11\/Gross-IMG_9101-768x576.jpeg 768w, https:\/\/das-stille-woertchen.de\/wp-content\/uploads\/2023\/11\/Gross-IMG_9101.jpeg 1280w\" sizes=\"auto, (max-width: 1024px) 100vw, 1024px\" \/><\/a><\/figure>\n\n\n\n<figure class=\"wp-block-image size-large\"><a href=\"https:\/\/das-stille-woertchen.de\/wp-content\/uploads\/2023\/11\/Gross-IMG_9102.jpeg\"><img loading=\"lazy\" decoding=\"async\" width=\"1024\" height=\"768\" data-id=\"6082\" src=\"https:\/\/das-stille-woertchen.de\/wp-content\/uploads\/2023\/11\/Gross-IMG_9102-1024x768.jpeg\" alt=\"\" class=\"wp-image-6082\" srcset=\"https:\/\/das-stille-woertchen.de\/wp-content\/uploads\/2023\/11\/Gross-IMG_9102-1024x768.jpeg 1024w, https:\/\/das-stille-woertchen.de\/wp-content\/uploads\/2023\/11\/Gross-IMG_9102-300x225.jpeg 300w, https:\/\/das-stille-woertchen.de\/wp-content\/uploads\/2023\/11\/Gross-IMG_9102-768x576.jpeg 768w, https:\/\/das-stille-woertchen.de\/wp-content\/uploads\/2023\/11\/Gross-IMG_9102.jpeg 1280w\" sizes=\"auto, (max-width: 1024px) 100vw, 1024px\" \/><\/a><\/figure>\n\n\n\n<figure class=\"wp-block-image size-large\"><a href=\"https:\/\/das-stille-woertchen.de\/wp-content\/uploads\/2023\/11\/Gross-IMG_9108-1.jpeg\"><img loading=\"lazy\" decoding=\"async\" width=\"1024\" height=\"768\" data-id=\"6100\" src=\"https:\/\/das-stille-woertchen.de\/wp-content\/uploads\/2023\/11\/Gross-IMG_9108-1-1024x768.jpeg\" alt=\"\" class=\"wp-image-6100\" srcset=\"https:\/\/das-stille-woertchen.de\/wp-content\/uploads\/2023\/11\/Gross-IMG_9108-1-1024x768.jpeg 1024w, https:\/\/das-stille-woertchen.de\/wp-content\/uploads\/2023\/11\/Gross-IMG_9108-1-300x225.jpeg 300w, https:\/\/das-stille-woertchen.de\/wp-content\/uploads\/2023\/11\/Gross-IMG_9108-1-768x576.jpeg 768w, https:\/\/das-stille-woertchen.de\/wp-content\/uploads\/2023\/11\/Gross-IMG_9108-1.jpeg 1280w\" sizes=\"auto, (max-width: 1024px) 100vw, 1024px\" \/><\/a><\/figure>\n<\/figure>\n\n\n\n<p> <br>Da dachten wir noch, wir h\u00e4tten dieses Jahr die sch\u00f6nsten Kartoffeln aller Zeiten. Aber dann kam der Augustregen und dann &#8230;<\/p>\n\n\n\n<p>Na, mal der Reihe nach &#8211; Erntebeweisbilder, bitte hier entlang:<br><br>Hervorzuheben sind mal wieder Tomaten und Zucchini. Die wurden von August bis Mitte Oktober ungef\u00e4hr nahezu t\u00e4glich verpeist. Beides in zahlreichen Farben und Formen:<br><\/p>\n\n\n<div class=\"wp-block-image\">\n<figure class=\"aligncenter size-large is-resized\"><a href=\"https:\/\/das-stille-woertchen.de\/wp-content\/uploads\/2023\/11\/Gross-IMG_9847.jpeg\"><img loading=\"lazy\" decoding=\"async\" src=\"https:\/\/das-stille-woertchen.de\/wp-content\/uploads\/2023\/11\/Gross-IMG_9847-1024x768.jpeg\" alt=\"\" class=\"wp-image-6095\" width=\"518\" height=\"388\" srcset=\"https:\/\/das-stille-woertchen.de\/wp-content\/uploads\/2023\/11\/Gross-IMG_9847-1024x768.jpeg 1024w, https:\/\/das-stille-woertchen.de\/wp-content\/uploads\/2023\/11\/Gross-IMG_9847-300x225.jpeg 300w, https:\/\/das-stille-woertchen.de\/wp-content\/uploads\/2023\/11\/Gross-IMG_9847-768x576.jpeg 768w, https:\/\/das-stille-woertchen.de\/wp-content\/uploads\/2023\/11\/Gross-IMG_9847.jpeg 1280w\" sizes=\"auto, (max-width: 518px) 100vw, 518px\" \/><\/a><\/figure><\/div>\n\n\n<p>Achja und auch Gurken! Das erste Mal seit einigen Jahren mal wieder richtig viele. Sie sind mit Salzwasser im gro\u00dfen Sauerkrauttopf (also ohne Sauerkraut) gelandet und es ist wirklich allerh\u00f6chste Zeit, mal wieder nach ihnen zu sehen.<\/p>\n\n\n<div class=\"wp-block-image\">\n<figure class=\"aligncenter size-large is-resized\"><a href=\"https:\/\/das-stille-woertchen.de\/wp-content\/uploads\/2023\/11\/Gross-IMG_9855.jpeg\"><img loading=\"lazy\" decoding=\"async\" src=\"https:\/\/das-stille-woertchen.de\/wp-content\/uploads\/2023\/11\/Gross-IMG_9855-1024x1024.jpeg\" alt=\"\" class=\"wp-image-6096\" width=\"540\" height=\"540\" srcset=\"https:\/\/das-stille-woertchen.de\/wp-content\/uploads\/2023\/11\/Gross-IMG_9855-1024x1024.jpeg 1024w, https:\/\/das-stille-woertchen.de\/wp-content\/uploads\/2023\/11\/Gross-IMG_9855-300x300.jpeg 300w, https:\/\/das-stille-woertchen.de\/wp-content\/uploads\/2023\/11\/Gross-IMG_9855-150x150.jpeg 150w, https:\/\/das-stille-woertchen.de\/wp-content\/uploads\/2023\/11\/Gross-IMG_9855-768x768.jpeg 768w, https:\/\/das-stille-woertchen.de\/wp-content\/uploads\/2023\/11\/Gross-IMG_9855.jpeg 1280w\" sizes=\"auto, (max-width: 540px) 100vw, 540px\" \/><\/a><\/figure><\/div>\n\n<div class=\"wp-block-image\">\n<figure class=\"aligncenter size-large is-resized\"><a href=\"https:\/\/das-stille-woertchen.de\/wp-content\/uploads\/2023\/11\/Gross-IMG_9856.jpeg\"><img loading=\"lazy\" decoding=\"async\" src=\"https:\/\/das-stille-woertchen.de\/wp-content\/uploads\/2023\/11\/Gross-IMG_9856-1024x1024.jpeg\" alt=\"\" class=\"wp-image-6097\" width=\"546\" height=\"546\" srcset=\"https:\/\/das-stille-woertchen.de\/wp-content\/uploads\/2023\/11\/Gross-IMG_9856-1024x1024.jpeg 1024w, https:\/\/das-stille-woertchen.de\/wp-content\/uploads\/2023\/11\/Gross-IMG_9856-300x300.jpeg 300w, https:\/\/das-stille-woertchen.de\/wp-content\/uploads\/2023\/11\/Gross-IMG_9856-150x150.jpeg 150w, https:\/\/das-stille-woertchen.de\/wp-content\/uploads\/2023\/11\/Gross-IMG_9856-768x768.jpeg 768w, https:\/\/das-stille-woertchen.de\/wp-content\/uploads\/2023\/11\/Gross-IMG_9856.jpeg 1280w\" sizes=\"auto, (max-width: 546px) 100vw, 546px\" \/><\/a><\/figure><\/div>\n\n\n<p>Deshalb wurde auch wieder viel und oft eingekocht. Am liebsten komplett drau\u00dfen. Und zweimal sogar vermischt mit Fenchel aus dem Garten &#8211; eine Premiere!<br><br><\/p>\n\n\n\n<figure class=\"wp-block-image size-large\"><a href=\"https:\/\/das-stille-woertchen.de\/wp-content\/uploads\/2023\/11\/Gross-IMG_9845.jpeg\"><img loading=\"lazy\" decoding=\"async\" width=\"1024\" height=\"768\" src=\"https:\/\/das-stille-woertchen.de\/wp-content\/uploads\/2023\/11\/Gross-IMG_9845-1024x768.jpeg\" alt=\"\" class=\"wp-image-6094\" srcset=\"https:\/\/das-stille-woertchen.de\/wp-content\/uploads\/2023\/11\/Gross-IMG_9845-1024x768.jpeg 1024w, https:\/\/das-stille-woertchen.de\/wp-content\/uploads\/2023\/11\/Gross-IMG_9845-300x225.jpeg 300w, https:\/\/das-stille-woertchen.de\/wp-content\/uploads\/2023\/11\/Gross-IMG_9845-768x576.jpeg 768w, https:\/\/das-stille-woertchen.de\/wp-content\/uploads\/2023\/11\/Gross-IMG_9845.jpeg 1280w\" sizes=\"auto, (max-width: 1024px) 100vw, 1024px\" \/><\/a><\/figure>\n\n\n<div class=\"wp-block-image\">\n<figure class=\"aligncenter size-large is-resized\"><a href=\"https:\/\/das-stille-woertchen.de\/wp-content\/uploads\/2023\/11\/Gross-IMG_0060.jpeg\"><img loading=\"lazy\" decoding=\"async\" src=\"https:\/\/das-stille-woertchen.de\/wp-content\/uploads\/2023\/11\/Gross-IMG_0060-768x1024.jpeg\" alt=\"\" class=\"wp-image-6007\" width=\"469\" height=\"625\" srcset=\"https:\/\/das-stille-woertchen.de\/wp-content\/uploads\/2023\/11\/Gross-IMG_0060-768x1024.jpeg 768w, https:\/\/das-stille-woertchen.de\/wp-content\/uploads\/2023\/11\/Gross-IMG_0060-225x300.jpeg 225w, https:\/\/das-stille-woertchen.de\/wp-content\/uploads\/2023\/11\/Gross-IMG_0060.jpeg 960w\" sizes=\"auto, (max-width: 469px) 100vw, 469px\" \/><\/a><\/figure><\/div>\n\n<div class=\"wp-block-image\">\n<figure class=\"aligncenter size-large is-resized\"><a href=\"https:\/\/das-stille-woertchen.de\/wp-content\/uploads\/2023\/11\/Gross-IMG_0781.jpeg\"><img loading=\"lazy\" decoding=\"async\" src=\"https:\/\/das-stille-woertchen.de\/wp-content\/uploads\/2023\/11\/Gross-IMG_0781-768x1024.jpeg\" alt=\"\" class=\"wp-image-6040\" width=\"444\" height=\"592\" srcset=\"https:\/\/das-stille-woertchen.de\/wp-content\/uploads\/2023\/11\/Gross-IMG_0781-768x1024.jpeg 768w, https:\/\/das-stille-woertchen.de\/wp-content\/uploads\/2023\/11\/Gross-IMG_0781-225x300.jpeg 225w, https:\/\/das-stille-woertchen.de\/wp-content\/uploads\/2023\/11\/Gross-IMG_0781.jpeg 960w\" sizes=\"auto, (max-width: 444px) 100vw, 444px\" \/><\/a><\/figure><\/div>\n\n<div class=\"wp-block-image\">\n<figure class=\"aligncenter size-large is-resized\"><a href=\"https:\/\/das-stille-woertchen.de\/wp-content\/uploads\/2023\/11\/Gross-IMG_0059.jpeg\"><img loading=\"lazy\" decoding=\"async\" src=\"https:\/\/das-stille-woertchen.de\/wp-content\/uploads\/2023\/11\/Gross-IMG_0059-768x1024.jpeg\" alt=\"\" class=\"wp-image-6006\" width=\"507\" height=\"676\" srcset=\"https:\/\/das-stille-woertchen.de\/wp-content\/uploads\/2023\/11\/Gross-IMG_0059-768x1024.jpeg 768w, https:\/\/das-stille-woertchen.de\/wp-content\/uploads\/2023\/11\/Gross-IMG_0059-225x300.jpeg 225w, https:\/\/das-stille-woertchen.de\/wp-content\/uploads\/2023\/11\/Gross-IMG_0059.jpeg 960w\" sizes=\"auto, (max-width: 507px) 100vw, 507px\" \/><\/a><\/figure><\/div>\n\n\n<p> (Das schicke \u00d6fchen nennt sich \u00fcrbigens &#8222;Chantico&#8220; und produziert nebenbei &#8211; ohne CO2 freizulassen &#8211; beim Kochen wertvollste Pflanzenkohle! Perfekter, mega-\u00f6kologischer Superd\u00fcnger! Und abgasfreundliches Lagerfeuer. Und &#8230; einfach nur schick!)<br><br>Und noch eine Premiere: Nach elf Jahren \u00d6rtchen hatte wir das ERSTE MAL eine richtige Karottenernte. Auf dem Foto seht ihr nur einen Teil davon. Was wir dieses Jahr anders gemacht haben als sonst? \u00c4\u00e4\u00e4\u00e4\u00e4h. Hm &#8230; ? Keine Ahnung!<\/p>\n\n\n\n<p><\/p>\n\n\n<div class=\"wp-block-image\">\n<figure class=\"aligncenter size-large is-resized\"><a href=\"https:\/\/das-stille-woertchen.de\/wp-content\/uploads\/2023\/11\/Gross-IMG_0139.jpeg\"><img loading=\"lazy\" decoding=\"async\" src=\"https:\/\/das-stille-woertchen.de\/wp-content\/uploads\/2023\/11\/Gross-IMG_0139-1024x1024.jpeg\" alt=\"\" class=\"wp-image-6017\" width=\"549\" height=\"549\" srcset=\"https:\/\/das-stille-woertchen.de\/wp-content\/uploads\/2023\/11\/Gross-IMG_0139-1024x1024.jpeg 1024w, https:\/\/das-stille-woertchen.de\/wp-content\/uploads\/2023\/11\/Gross-IMG_0139-300x300.jpeg 300w, https:\/\/das-stille-woertchen.de\/wp-content\/uploads\/2023\/11\/Gross-IMG_0139-150x150.jpeg 150w, https:\/\/das-stille-woertchen.de\/wp-content\/uploads\/2023\/11\/Gross-IMG_0139-768x768.jpeg 768w, https:\/\/das-stille-woertchen.de\/wp-content\/uploads\/2023\/11\/Gross-IMG_0139.jpeg 1280w\" sizes=\"auto, (max-width: 549px) 100vw, 549px\" \/><\/a><\/figure><\/div>\n\n\n<p>Ein trauriger Abschied stand auch an. Bei dem netten Sommerselfie hier wussten wir (zum Gl\u00fcck) noch nichts davon. <\/p>\n\n\n\n<figure class=\"wp-block-image size-large\"><a href=\"https:\/\/das-stille-woertchen.de\/wp-content\/uploads\/2023\/11\/Gross-IMG_9459.jpeg\"><img loading=\"lazy\" decoding=\"async\" width=\"1024\" height=\"1024\" src=\"https:\/\/das-stille-woertchen.de\/wp-content\/uploads\/2023\/11\/Gross-IMG_9459-1024x1024.jpeg\" alt=\"\" class=\"wp-image-6113\" srcset=\"https:\/\/das-stille-woertchen.de\/wp-content\/uploads\/2023\/11\/Gross-IMG_9459-1024x1024.jpeg 1024w, https:\/\/das-stille-woertchen.de\/wp-content\/uploads\/2023\/11\/Gross-IMG_9459-300x300.jpeg 300w, https:\/\/das-stille-woertchen.de\/wp-content\/uploads\/2023\/11\/Gross-IMG_9459-150x150.jpeg 150w, https:\/\/das-stille-woertchen.de\/wp-content\/uploads\/2023\/11\/Gross-IMG_9459-768x768.jpeg 768w, https:\/\/das-stille-woertchen.de\/wp-content\/uploads\/2023\/11\/Gross-IMG_9459.jpeg 1280w\" sizes=\"auto, (max-width: 1024px) 100vw, 1024px\" \/><\/a><\/figure>\n\n\n\n<p>Ein paar Wochen sp\u00e4ter war unsere gute, treue Frau Fleck auf einmal blind. Erst dachten wir, sie bleibt uns auch auf diese, etwas eingeschr\u00e4nkte, Weise noch eine Weile erhalten. Aber es war der Anfang vom Ende. Und die Gute ist dann tats\u00e4chlich friedlich eingeschlafen.  Immerhin. Frau Fleck war, wie die meisten Gackerdamen bei uns, eine vor dem Schlachten gerettete Legehenne. Und sie war so schlau, bei uns das Legen gleich komplett einzustellen. Denn so ist sie viel \u00e4lter geworden als ihre Artgenossinnen. Gerade die andauerne Eierlegerei macht die armen Wesen schlichtweg kaputt. Und das oft nach maximal drei Lebensjahren. Meist eher nach zwei. <br>Frau Fleck war nett und neugierig. Recht zutraulich. Wunderh\u00fcbsch \u2026 Und einfach absolut einmalig. <br>Danke, dass du so lange bei uns warst und uns so oft zum Lachen gebracht hast, du liebe, gute Gackerdame, du!<\/p>\n\n\n\n<figure class=\"wp-block-image size-large\"><a href=\"https:\/\/das-stille-woertchen.de\/wp-content\/uploads\/2023\/11\/Gross-IMG_0102.jpeg\"><img loading=\"lazy\" decoding=\"async\" width=\"1024\" height=\"768\" src=\"https:\/\/das-stille-woertchen.de\/wp-content\/uploads\/2023\/11\/Gross-IMG_0102-1024x768.jpeg\" alt=\"\" class=\"wp-image-6012\" srcset=\"https:\/\/das-stille-woertchen.de\/wp-content\/uploads\/2023\/11\/Gross-IMG_0102-1024x768.jpeg 1024w, https:\/\/das-stille-woertchen.de\/wp-content\/uploads\/2023\/11\/Gross-IMG_0102-300x225.jpeg 300w, https:\/\/das-stille-woertchen.de\/wp-content\/uploads\/2023\/11\/Gross-IMG_0102-768x576.jpeg 768w, https:\/\/das-stille-woertchen.de\/wp-content\/uploads\/2023\/11\/Gross-IMG_0102.jpeg 1280w\" sizes=\"auto, (max-width: 1024px) 100vw, 1024px\" \/><\/a><\/figure>\n\n\n<div class=\"wp-block-image\">\n<figure class=\"aligncenter size-large is-resized\"><a href=\"https:\/\/das-stille-woertchen.de\/wp-content\/uploads\/2023\/11\/Gross-IMG_0107.jpeg\"><img loading=\"lazy\" decoding=\"async\" src=\"https:\/\/das-stille-woertchen.de\/wp-content\/uploads\/2023\/11\/Gross-IMG_0107-768x1024.jpeg\" alt=\"\" class=\"wp-image-6013\" width=\"557\" height=\"742\" srcset=\"https:\/\/das-stille-woertchen.de\/wp-content\/uploads\/2023\/11\/Gross-IMG_0107-768x1024.jpeg 768w, https:\/\/das-stille-woertchen.de\/wp-content\/uploads\/2023\/11\/Gross-IMG_0107-225x300.jpeg 225w, https:\/\/das-stille-woertchen.de\/wp-content\/uploads\/2023\/11\/Gross-IMG_0107.jpeg 960w\" sizes=\"auto, (max-width: 557px) 100vw, 557px\" \/><\/a><\/figure><\/div>\n\n\n<p>Da sieht ihr Frau Willi Schwarz. Sie m\u00fcsste nun locker sieben Jahre alt sein &#8211; l\u00e4sst sich das aber noch nicht anmerken (sie ist eben keine &#8222;normale&#8220; Legehenne,  in ihr steckt vermutlich noch eine etwas robustere Rasse).<\/p>\n\n\n\n<figure class=\"wp-block-image size-large\"><a href=\"https:\/\/das-stille-woertchen.de\/wp-content\/uploads\/2023\/11\/Gross-IMG_0099.jpeg\"><img loading=\"lazy\" decoding=\"async\" width=\"1024\" height=\"768\" src=\"https:\/\/das-stille-woertchen.de\/wp-content\/uploads\/2023\/11\/Gross-IMG_0099-1024x768.jpeg\" alt=\"\" class=\"wp-image-6010\" srcset=\"https:\/\/das-stille-woertchen.de\/wp-content\/uploads\/2023\/11\/Gross-IMG_0099-1024x768.jpeg 1024w, https:\/\/das-stille-woertchen.de\/wp-content\/uploads\/2023\/11\/Gross-IMG_0099-300x225.jpeg 300w, https:\/\/das-stille-woertchen.de\/wp-content\/uploads\/2023\/11\/Gross-IMG_0099-768x576.jpeg 768w, https:\/\/das-stille-woertchen.de\/wp-content\/uploads\/2023\/11\/Gross-IMG_0099.jpeg 1280w\" sizes=\"auto, (max-width: 1024px) 100vw, 1024px\" \/><\/a><\/figure>\n\n\n\n<p>Wie man auf den Bildern erkennt, haben die Gackerdamen gro\u00dfen Gefallen am Gew\u00e4chshaus gefunden. Egal bei welchem Wetter tummeln sie sich darin liebend gerne. (Beziehungsweise davor, wenn sie darauf hoffen, dass die menschlichen Zweibeiner dort etwas Leckeres f\u00fcr sie zu bieten haben.)<\/p>\n\n\n\n<figure class=\"wp-block-image size-large\"><a href=\"https:\/\/das-stille-woertchen.de\/wp-content\/uploads\/2023\/11\/Gross-IMG_0100.jpeg\"><img loading=\"lazy\" decoding=\"async\" width=\"1024\" height=\"768\" src=\"https:\/\/das-stille-woertchen.de\/wp-content\/uploads\/2023\/11\/Gross-IMG_0100-1024x768.jpeg\" alt=\"\" class=\"wp-image-6011\" srcset=\"https:\/\/das-stille-woertchen.de\/wp-content\/uploads\/2023\/11\/Gross-IMG_0100-1024x768.jpeg 1024w, https:\/\/das-stille-woertchen.de\/wp-content\/uploads\/2023\/11\/Gross-IMG_0100-300x225.jpeg 300w, https:\/\/das-stille-woertchen.de\/wp-content\/uploads\/2023\/11\/Gross-IMG_0100-768x576.jpeg 768w, https:\/\/das-stille-woertchen.de\/wp-content\/uploads\/2023\/11\/Gross-IMG_0100.jpeg 1280w\" sizes=\"auto, (max-width: 1024px) 100vw, 1024px\" \/><\/a><\/figure>\n\n\n\n<p>Bleiben wir bei tierischen Sommerimpressionen. Bei denen spielt nat\u00fcrlich immer eine wonnigliche Matschepatsche eine Rolle. Wonnig und r\u00fcsselig:<\/p>\n\n\n\n<figure class=\"wp-block-image size-large\"><a href=\"https:\/\/das-stille-woertchen.de\/wp-content\/uploads\/2023\/11\/Gross-IMG_9082.jpeg\"><img loading=\"lazy\" decoding=\"async\" width=\"1024\" height=\"768\" src=\"https:\/\/das-stille-woertchen.de\/wp-content\/uploads\/2023\/11\/Gross-IMG_9082-1024x768.jpeg\" alt=\"\" class=\"wp-image-6080\" srcset=\"https:\/\/das-stille-woertchen.de\/wp-content\/uploads\/2023\/11\/Gross-IMG_9082-1024x768.jpeg 1024w, https:\/\/das-stille-woertchen.de\/wp-content\/uploads\/2023\/11\/Gross-IMG_9082-300x225.jpeg 300w, https:\/\/das-stille-woertchen.de\/wp-content\/uploads\/2023\/11\/Gross-IMG_9082-768x576.jpeg 768w, https:\/\/das-stille-woertchen.de\/wp-content\/uploads\/2023\/11\/Gross-IMG_9082.jpeg 1280w\" sizes=\"auto, (max-width: 1024px) 100vw, 1024px\" \/><\/a><\/figure>\n\n\n\n<figure class=\"wp-block-image size-large\"><a href=\"https:\/\/das-stille-woertchen.de\/wp-content\/uploads\/2023\/11\/Gross-IMG_9074-2.jpeg\"><img loading=\"lazy\" decoding=\"async\" width=\"1024\" height=\"923\" src=\"https:\/\/das-stille-woertchen.de\/wp-content\/uploads\/2023\/11\/Gross-IMG_9074-2-1024x923.jpeg\" alt=\"\" class=\"wp-image-6077\" srcset=\"https:\/\/das-stille-woertchen.de\/wp-content\/uploads\/2023\/11\/Gross-IMG_9074-2-1024x923.jpeg 1024w, https:\/\/das-stille-woertchen.de\/wp-content\/uploads\/2023\/11\/Gross-IMG_9074-2-300x270.jpeg 300w, https:\/\/das-stille-woertchen.de\/wp-content\/uploads\/2023\/11\/Gross-IMG_9074-2-768x692.jpeg 768w, https:\/\/das-stille-woertchen.de\/wp-content\/uploads\/2023\/11\/Gross-IMG_9074-2.jpeg 1280w\" sizes=\"auto, (max-width: 1024px) 100vw, 1024px\" \/><\/a><\/figure>\n\n\n\n<p>Gl\u00fccklich gegrast wurde auch in den Sommermonaten. Die kleine Koppel, die sich Pferde und Schweine bisher teilen mussten, ist nun n\u00e4mlich komplett f\u00fcr die Grunzlinge da. Schweinotastisch!<br>(Und \u00fc\u00fc\u00fc\u00fc\u00fc\u00fcbrigens hattten die Schweinchen im August ZEHNTEN Geburtstag!!!! Gut gehalten, oder?)<\/p>\n\n\n\n<figure class=\"wp-block-image size-large\"><a href=\"https:\/\/das-stille-woertchen.de\/wp-content\/uploads\/2023\/11\/Gross-IMG_0322.jpeg\"><img loading=\"lazy\" decoding=\"async\" width=\"1024\" height=\"768\" src=\"https:\/\/das-stille-woertchen.de\/wp-content\/uploads\/2023\/11\/Gross-IMG_0322-1024x768.jpeg\" alt=\"\" class=\"wp-image-6028\" srcset=\"https:\/\/das-stille-woertchen.de\/wp-content\/uploads\/2023\/11\/Gross-IMG_0322-1024x768.jpeg 1024w, https:\/\/das-stille-woertchen.de\/wp-content\/uploads\/2023\/11\/Gross-IMG_0322-300x225.jpeg 300w, https:\/\/das-stille-woertchen.de\/wp-content\/uploads\/2023\/11\/Gross-IMG_0322-768x576.jpeg 768w, https:\/\/das-stille-woertchen.de\/wp-content\/uploads\/2023\/11\/Gross-IMG_0322.jpeg 1280w\" sizes=\"auto, (max-width: 1024px) 100vw, 1024px\" \/><\/a><\/figure>\n\n\n\n<p><\/p>\n\n\n\n<figure class=\"wp-block-image size-large\"><a href=\"https:\/\/das-stille-woertchen.de\/wp-content\/uploads\/2023\/11\/Gross-IMG_0315.jpeg\"><img loading=\"lazy\" decoding=\"async\" width=\"1024\" height=\"768\" src=\"https:\/\/das-stille-woertchen.de\/wp-content\/uploads\/2023\/11\/Gross-IMG_0315-1024x768.jpeg\" alt=\"\" class=\"wp-image-6026\" srcset=\"https:\/\/das-stille-woertchen.de\/wp-content\/uploads\/2023\/11\/Gross-IMG_0315-1024x768.jpeg 1024w, https:\/\/das-stille-woertchen.de\/wp-content\/uploads\/2023\/11\/Gross-IMG_0315-300x225.jpeg 300w, https:\/\/das-stille-woertchen.de\/wp-content\/uploads\/2023\/11\/Gross-IMG_0315-768x576.jpeg 768w, https:\/\/das-stille-woertchen.de\/wp-content\/uploads\/2023\/11\/Gross-IMG_0315.jpeg 1280w\" sizes=\"auto, (max-width: 1024px) 100vw, 1024px\" \/><\/a><\/figure>\n\n\n<div class=\"wp-block-image\">\n<figure class=\"aligncenter size-large is-resized\"><a href=\"https:\/\/das-stille-woertchen.de\/wp-content\/uploads\/2023\/11\/37bf4ee9-8fba-4e37-ac62-1befd991b06e.jpg\"><img loading=\"lazy\" decoding=\"async\" src=\"https:\/\/das-stille-woertchen.de\/wp-content\/uploads\/2023\/11\/37bf4ee9-8fba-4e37-ac62-1befd991b06e-1024x938.jpg\" alt=\"\" class=\"wp-image-5999\" width=\"487\" height=\"445\" srcset=\"https:\/\/das-stille-woertchen.de\/wp-content\/uploads\/2023\/11\/37bf4ee9-8fba-4e37-ac62-1befd991b06e-1024x938.jpg 1024w, https:\/\/das-stille-woertchen.de\/wp-content\/uploads\/2023\/11\/37bf4ee9-8fba-4e37-ac62-1befd991b06e-300x275.jpg 300w, https:\/\/das-stille-woertchen.de\/wp-content\/uploads\/2023\/11\/37bf4ee9-8fba-4e37-ac62-1befd991b06e-768x703.jpg 768w, https:\/\/das-stille-woertchen.de\/wp-content\/uploads\/2023\/11\/37bf4ee9-8fba-4e37-ac62-1befd991b06e-1536x1406.jpg 1536w, https:\/\/das-stille-woertchen.de\/wp-content\/uploads\/2023\/11\/37bf4ee9-8fba-4e37-ac62-1befd991b06e.jpg 2048w\" sizes=\"auto, (max-width: 487px) 100vw, 487px\" \/><\/a><\/figure><\/div>\n\n<div class=\"wp-block-image\">\n<figure class=\"aligncenter size-large is-resized\"><a href=\"https:\/\/das-stille-woertchen.de\/wp-content\/uploads\/2023\/11\/9557b556-192c-466c-9552-b994d5617edd.jpg\"><img loading=\"lazy\" decoding=\"async\" src=\"https:\/\/das-stille-woertchen.de\/wp-content\/uploads\/2023\/11\/9557b556-192c-466c-9552-b994d5617edd-768x1024.jpg\" alt=\"\" class=\"wp-image-6000\" width=\"523\" height=\"697\" srcset=\"https:\/\/das-stille-woertchen.de\/wp-content\/uploads\/2023\/11\/9557b556-192c-466c-9552-b994d5617edd-768x1024.jpg 768w, https:\/\/das-stille-woertchen.de\/wp-content\/uploads\/2023\/11\/9557b556-192c-466c-9552-b994d5617edd-225x300.jpg 225w, https:\/\/das-stille-woertchen.de\/wp-content\/uploads\/2023\/11\/9557b556-192c-466c-9552-b994d5617edd-1152x1536.jpg 1152w, https:\/\/das-stille-woertchen.de\/wp-content\/uploads\/2023\/11\/9557b556-192c-466c-9552-b994d5617edd.jpg 1512w\" sizes=\"auto, (max-width: 523px) 100vw, 523px\" \/><\/a><\/figure><\/div>\n\n\n<p>Hier seht ihr Sticky nach der Heulieferung, thronend und turnend auf einem der Ballen. Die Miezen sind jetzt auch schon zw\u00f6lf. Verr\u00fcckt. Sehr verr\u00fcckt. Aber sie sehen irgendwie noch immer aus wie putzeligste Babykatzen. Oder? Ansonsten lassen sie sich auch noch keine Alterswehwehchen anmerken.<\/p>\n\n\n\n<p><\/p>\n\n\n<div class=\"wp-block-image\">\n<figure class=\"aligncenter size-large is-resized\"><a href=\"https:\/\/das-stille-woertchen.de\/wp-content\/uploads\/2023\/11\/Gross-IMG_9150.jpeg\"><img loading=\"lazy\" decoding=\"async\" src=\"https:\/\/das-stille-woertchen.de\/wp-content\/uploads\/2023\/11\/Gross-IMG_9150-768x1024.jpeg\" alt=\"\" class=\"wp-image-6101\" width=\"515\" height=\"686\" srcset=\"https:\/\/das-stille-woertchen.de\/wp-content\/uploads\/2023\/11\/Gross-IMG_9150-768x1024.jpeg 768w, https:\/\/das-stille-woertchen.de\/wp-content\/uploads\/2023\/11\/Gross-IMG_9150-225x300.jpeg 225w, https:\/\/das-stille-woertchen.de\/wp-content\/uploads\/2023\/11\/Gross-IMG_9150.jpeg 960w\" sizes=\"auto, (max-width: 515px) 100vw, 515px\" \/><\/a><\/figure><\/div>\n\n\n<p>Molly beim Abh\u00e4ngen:<\/p>\n\n\n\n<figure class=\"wp-block-image size-large\"><a href=\"https:\/\/das-stille-woertchen.de\/wp-content\/uploads\/2023\/11\/Gross-IMG_9948.jpeg\"><img loading=\"lazy\" decoding=\"async\" width=\"1024\" height=\"768\" src=\"https:\/\/das-stille-woertchen.de\/wp-content\/uploads\/2023\/11\/Gross-IMG_9948-1024x768.jpeg\" alt=\"\" class=\"wp-image-6099\" srcset=\"https:\/\/das-stille-woertchen.de\/wp-content\/uploads\/2023\/11\/Gross-IMG_9948-1024x768.jpeg 1024w, https:\/\/das-stille-woertchen.de\/wp-content\/uploads\/2023\/11\/Gross-IMG_9948-300x225.jpeg 300w, https:\/\/das-stille-woertchen.de\/wp-content\/uploads\/2023\/11\/Gross-IMG_9948-768x576.jpeg 768w, https:\/\/das-stille-woertchen.de\/wp-content\/uploads\/2023\/11\/Gross-IMG_9948.jpeg 1280w\" sizes=\"auto, (max-width: 1024px) 100vw, 1024px\" \/><\/a><\/figure>\n\n\n\n<figure class=\"wp-block-image size-large\"><a href=\"https:\/\/das-stille-woertchen.de\/wp-content\/uploads\/2023\/11\/Gross-IMG_0293.jpeg\"><img loading=\"lazy\" decoding=\"async\" width=\"1024\" height=\"768\" src=\"https:\/\/das-stille-woertchen.de\/wp-content\/uploads\/2023\/11\/Gross-IMG_0293-1024x768.jpeg\" alt=\"\" class=\"wp-image-6023\" srcset=\"https:\/\/das-stille-woertchen.de\/wp-content\/uploads\/2023\/11\/Gross-IMG_0293-1024x768.jpeg 1024w, https:\/\/das-stille-woertchen.de\/wp-content\/uploads\/2023\/11\/Gross-IMG_0293-300x225.jpeg 300w, https:\/\/das-stille-woertchen.de\/wp-content\/uploads\/2023\/11\/Gross-IMG_0293-768x576.jpeg 768w, https:\/\/das-stille-woertchen.de\/wp-content\/uploads\/2023\/11\/Gross-IMG_0293.jpeg 1280w\" sizes=\"auto, (max-width: 1024px) 100vw, 1024px\" \/><\/a><\/figure>\n\n\n\n<p>Und da die Miezen mit Johnny beim &#8230;. hm? Gucken? Muss sich ja auch mal jemand drum k\u00fcmmern!<\/p>\n\n\n\n<figure class=\"wp-block-image size-large\"><a href=\"https:\/\/das-stille-woertchen.de\/wp-content\/uploads\/2023\/11\/Gross-IMG_9153.jpeg\"><img loading=\"lazy\" decoding=\"async\" width=\"1024\" height=\"768\" src=\"https:\/\/das-stille-woertchen.de\/wp-content\/uploads\/2023\/11\/Gross-IMG_9153-1024x768.jpeg\" alt=\"\" class=\"wp-image-6102\" srcset=\"https:\/\/das-stille-woertchen.de\/wp-content\/uploads\/2023\/11\/Gross-IMG_9153-1024x768.jpeg 1024w, https:\/\/das-stille-woertchen.de\/wp-content\/uploads\/2023\/11\/Gross-IMG_9153-300x225.jpeg 300w, https:\/\/das-stille-woertchen.de\/wp-content\/uploads\/2023\/11\/Gross-IMG_9153-768x576.jpeg 768w, https:\/\/das-stille-woertchen.de\/wp-content\/uploads\/2023\/11\/Gross-IMG_9153.jpeg 1280w\" sizes=\"auto, (max-width: 1024px) 100vw, 1024px\" \/><\/a><\/figure>\n\n\n\n<p>Achja, viiiiiiele bunte Chilis gab es &#8211; und gibt es noch. Wir haben diesmal Pflanzen gekauft, anstatt selber vorzuziehen. So hat man viel schneller schon viel gr\u00f6\u00dfere St\u00e4mmchen &#8211; und das mit reicher, bunter und feuriger Ernte. Gerade stehen die T\u00f6pfe im Wintergarten. So langsam m\u00fcssen wir mal ernten &#8211; und zum Beispiel Einfrieren.<\/p>\n\n\n\n<figure class=\"wp-block-image size-large\"><a href=\"https:\/\/das-stille-woertchen.de\/wp-content\/uploads\/2023\/11\/Gross-IMG_0114.jpeg\"><img loading=\"lazy\" decoding=\"async\" width=\"1024\" height=\"768\" src=\"https:\/\/das-stille-woertchen.de\/wp-content\/uploads\/2023\/11\/Gross-IMG_0114-1024x768.jpeg\" alt=\"\" class=\"wp-image-6015\" srcset=\"https:\/\/das-stille-woertchen.de\/wp-content\/uploads\/2023\/11\/Gross-IMG_0114-1024x768.jpeg 1024w, https:\/\/das-stille-woertchen.de\/wp-content\/uploads\/2023\/11\/Gross-IMG_0114-300x225.jpeg 300w, https:\/\/das-stille-woertchen.de\/wp-content\/uploads\/2023\/11\/Gross-IMG_0114-768x576.jpeg 768w, https:\/\/das-stille-woertchen.de\/wp-content\/uploads\/2023\/11\/Gross-IMG_0114.jpeg 1280w\" sizes=\"auto, (max-width: 1024px) 100vw, 1024px\" \/><\/a><\/figure>\n\n\n\n<p>Sonst noch was aus dem Sommer zu berichten?<br><br>Achja. Kartoffelbilder gibt es keine. Es war, wie oben schon geheimnisvoll angedeutet, ganz wider Erwarten, die schlechteste Ernte aller Zeiten. Dabei hatten wir sooooo sch\u00f6ne Pflanzen. Aber die zwei nassen, recht k\u00fchlen Wochen im August haben die Knollen in gro\u00dfer Menge faulen lassen. Ein paar kleine Kistchen haben wir immerhin gerettet. Und auf jeden Fall damit genug f\u00fcr die n\u00e4chste Aussaat im Fr\u00fchjahr. <br><br>Tja, dann kommen wir wohl mal zum Herbst.<br>Der gleicht die Kartoffelernte etwas aus &#8211; mit Uuuuuuunmengen von K\u00fcrbissen. Ein kleines Feld hat am Rand der neuen Wiese seinen Platz gefunden. Ja und dort hat es wild gewuchert. Da hatte die Frau Autorentante keinen Platz mehr zum B\u00fccherschreiben. (Und das ist nur eine Teilmenge der ganzen Ernte!)<\/p>\n\n\n<div class=\"wp-block-image\">\n<figure class=\"aligncenter size-large is-resized\"><a href=\"https:\/\/das-stille-woertchen.de\/wp-content\/uploads\/2023\/11\/Gross-IMG_0484.jpeg\"><img loading=\"lazy\" decoding=\"async\" src=\"https:\/\/das-stille-woertchen.de\/wp-content\/uploads\/2023\/11\/Gross-IMG_0484-1024x1024.jpeg\" alt=\"\" class=\"wp-image-6031\" width=\"542\" height=\"542\" srcset=\"https:\/\/das-stille-woertchen.de\/wp-content\/uploads\/2023\/11\/Gross-IMG_0484-1024x1024.jpeg 1024w, https:\/\/das-stille-woertchen.de\/wp-content\/uploads\/2023\/11\/Gross-IMG_0484-300x300.jpeg 300w, https:\/\/das-stille-woertchen.de\/wp-content\/uploads\/2023\/11\/Gross-IMG_0484-150x150.jpeg 150w, https:\/\/das-stille-woertchen.de\/wp-content\/uploads\/2023\/11\/Gross-IMG_0484-768x768.jpeg 768w, https:\/\/das-stille-woertchen.de\/wp-content\/uploads\/2023\/11\/Gross-IMG_0484.jpeg 1280w\" sizes=\"auto, (max-width: 542px) 100vw, 542px\" \/><\/a><\/figure><\/div>\n\n\n<p>Hier noch eine Biene auf einer Staude (vorherbstlicherweise).<\/p>\n\n\n\n<figure class=\"wp-block-gallery has-nested-images columns-default is-cropped wp-block-gallery-2 is-layout-flex wp-block-gallery-is-layout-flex\">\n<figure class=\"wp-block-image size-large\"><a href=\"https:\/\/das-stille-woertchen.de\/wp-content\/uploads\/2023\/11\/Gross-IMG_9390.jpeg\"><img loading=\"lazy\" decoding=\"async\" width=\"768\" height=\"1024\" data-id=\"6104\" src=\"https:\/\/das-stille-woertchen.de\/wp-content\/uploads\/2023\/11\/Gross-IMG_9390-768x1024.jpeg\" alt=\"\" class=\"wp-image-6104\" srcset=\"https:\/\/das-stille-woertchen.de\/wp-content\/uploads\/2023\/11\/Gross-IMG_9390-768x1024.jpeg 768w, https:\/\/das-stille-woertchen.de\/wp-content\/uploads\/2023\/11\/Gross-IMG_9390-225x300.jpeg 225w, https:\/\/das-stille-woertchen.de\/wp-content\/uploads\/2023\/11\/Gross-IMG_9390.jpeg 960w\" sizes=\"auto, (max-width: 768px) 100vw, 768px\" \/><\/a><\/figure>\n<\/figure>\n\n\n\n<p>Und eine Alma, die sich inzwischen wieder ganz gut daran gew\u00f6hnt hat, dass  einfach nicht mehr die Zeit ist, in der sie den lieben, langen Tag hinter dem Hoftor wachen kann.<\/p>\n\n\n\n<figure class=\"wp-block-gallery has-nested-images columns-default is-cropped wp-block-gallery-3 is-layout-flex wp-block-gallery-is-layout-flex\">\n<figure class=\"wp-block-image size-large\"><a href=\"https:\/\/das-stille-woertchen.de\/wp-content\/uploads\/2023\/11\/Gross-IMG_1189.jpeg\"><img loading=\"lazy\" decoding=\"async\" width=\"768\" height=\"1024\" data-id=\"6053\" src=\"https:\/\/das-stille-woertchen.de\/wp-content\/uploads\/2023\/11\/Gross-IMG_1189-768x1024.jpeg\" alt=\"\" class=\"wp-image-6053\" srcset=\"https:\/\/das-stille-woertchen.de\/wp-content\/uploads\/2023\/11\/Gross-IMG_1189-768x1024.jpeg 768w, https:\/\/das-stille-woertchen.de\/wp-content\/uploads\/2023\/11\/Gross-IMG_1189-225x300.jpeg 225w, https:\/\/das-stille-woertchen.de\/wp-content\/uploads\/2023\/11\/Gross-IMG_1189.jpeg 960w\" sizes=\"auto, (max-width: 768px) 100vw, 768px\" \/><\/a><\/figure>\n\n\n\n<figure class=\"wp-block-image size-large\"><a href=\"https:\/\/das-stille-woertchen.de\/wp-content\/uploads\/2023\/11\/Gross-IMG_1195.jpeg\"><img loading=\"lazy\" decoding=\"async\" width=\"1024\" height=\"770\" data-id=\"6054\" src=\"https:\/\/das-stille-woertchen.de\/wp-content\/uploads\/2023\/11\/Gross-IMG_1195-1024x770.jpeg\" alt=\"\" class=\"wp-image-6054\" srcset=\"https:\/\/das-stille-woertchen.de\/wp-content\/uploads\/2023\/11\/Gross-IMG_1195-1024x770.jpeg 1024w, https:\/\/das-stille-woertchen.de\/wp-content\/uploads\/2023\/11\/Gross-IMG_1195-300x225.jpeg 300w, https:\/\/das-stille-woertchen.de\/wp-content\/uploads\/2023\/11\/Gross-IMG_1195-768x577.jpeg 768w, https:\/\/das-stille-woertchen.de\/wp-content\/uploads\/2023\/11\/Gross-IMG_1195.jpeg 1280w\" sizes=\"auto, (max-width: 1024px) 100vw, 1024px\" \/><\/a><\/figure>\n\n\n\n<figure class=\"wp-block-image size-large\"><a href=\"https:\/\/das-stille-woertchen.de\/wp-content\/uploads\/2023\/11\/Gross-IMG_1185.jpeg\"><img loading=\"lazy\" decoding=\"async\" width=\"768\" height=\"1024\" data-id=\"6052\" src=\"https:\/\/das-stille-woertchen.de\/wp-content\/uploads\/2023\/11\/Gross-IMG_1185-768x1024.jpeg\" alt=\"\" class=\"wp-image-6052\" srcset=\"https:\/\/das-stille-woertchen.de\/wp-content\/uploads\/2023\/11\/Gross-IMG_1185-768x1024.jpeg 768w, https:\/\/das-stille-woertchen.de\/wp-content\/uploads\/2023\/11\/Gross-IMG_1185-225x300.jpeg 225w, https:\/\/das-stille-woertchen.de\/wp-content\/uploads\/2023\/11\/Gross-IMG_1185.jpeg 960w\" sizes=\"auto, (max-width: 768px) 100vw, 768px\" \/><\/a><\/figure>\n<\/figure>\n\n\n<div class=\"wp-block-image\">\n<figure class=\"aligncenter size-large is-resized\"><a href=\"https:\/\/das-stille-woertchen.de\/wp-content\/uploads\/2023\/11\/Gross-IMG_9391.jpeg\"><img loading=\"lazy\" decoding=\"async\" src=\"https:\/\/das-stille-woertchen.de\/wp-content\/uploads\/2023\/11\/Gross-IMG_9391-1024x1024.jpeg\" alt=\"\" class=\"wp-image-6105\" width=\"493\" height=\"493\" srcset=\"https:\/\/das-stille-woertchen.de\/wp-content\/uploads\/2023\/11\/Gross-IMG_9391-1024x1024.jpeg 1024w, https:\/\/das-stille-woertchen.de\/wp-content\/uploads\/2023\/11\/Gross-IMG_9391-300x300.jpeg 300w, https:\/\/das-stille-woertchen.de\/wp-content\/uploads\/2023\/11\/Gross-IMG_9391-150x150.jpeg 150w, https:\/\/das-stille-woertchen.de\/wp-content\/uploads\/2023\/11\/Gross-IMG_9391-768x768.jpeg 768w, https:\/\/das-stille-woertchen.de\/wp-content\/uploads\/2023\/11\/Gross-IMG_9391.jpeg 1280w\" sizes=\"auto, (max-width: 493px) 100vw, 493px\" \/><\/a><\/figure><\/div>\n\n\n<p>Und da, Johnny am Hoftor (der ist dagegen froh, dass er nun endlich wieder noch viel l\u00e4nger und \u00f6fter auf seiner geliebten Wohnzimmercouch liegen darf):<\/p>\n\n\n<div class=\"wp-block-image\">\n<figure class=\"aligncenter size-large is-resized\"><a href=\"https:\/\/das-stille-woertchen.de\/wp-content\/uploads\/2023\/11\/Gross-IMG_1209.jpeg\"><img loading=\"lazy\" decoding=\"async\" src=\"https:\/\/das-stille-woertchen.de\/wp-content\/uploads\/2023\/11\/Gross-IMG_1209-768x1024.jpeg\" alt=\"\" class=\"wp-image-6056\" width=\"492\" height=\"656\" srcset=\"https:\/\/das-stille-woertchen.de\/wp-content\/uploads\/2023\/11\/Gross-IMG_1209-768x1024.jpeg 768w, https:\/\/das-stille-woertchen.de\/wp-content\/uploads\/2023\/11\/Gross-IMG_1209-225x300.jpeg 225w, https:\/\/das-stille-woertchen.de\/wp-content\/uploads\/2023\/11\/Gross-IMG_1209.jpeg 960w\" sizes=\"auto, (max-width: 492px) 100vw, 492px\" \/><\/a><\/figure><\/div>\n\n\n<p>Und nochmal gemeinsame Hofwache:<\/p>\n\n\n\n<figure class=\"wp-block-gallery has-nested-images columns-default is-cropped wp-block-gallery-4 is-layout-flex wp-block-gallery-is-layout-flex\">\n<figure class=\"wp-block-image size-large\"><a href=\"https:\/\/das-stille-woertchen.de\/wp-content\/uploads\/2023\/11\/Gross-IMG_1204.jpeg\"><img loading=\"lazy\" decoding=\"async\" width=\"1024\" height=\"768\" data-id=\"6055\" src=\"https:\/\/das-stille-woertchen.de\/wp-content\/uploads\/2023\/11\/Gross-IMG_1204-1024x768.jpeg\" alt=\"\" class=\"wp-image-6055\" srcset=\"https:\/\/das-stille-woertchen.de\/wp-content\/uploads\/2023\/11\/Gross-IMG_1204-1024x768.jpeg 1024w, https:\/\/das-stille-woertchen.de\/wp-content\/uploads\/2023\/11\/Gross-IMG_1204-300x225.jpeg 300w, https:\/\/das-stille-woertchen.de\/wp-content\/uploads\/2023\/11\/Gross-IMG_1204-768x576.jpeg 768w, https:\/\/das-stille-woertchen.de\/wp-content\/uploads\/2023\/11\/Gross-IMG_1204.jpeg 1280w\" sizes=\"auto, (max-width: 1024px) 100vw, 1024px\" \/><\/a><\/figure>\n\n\n\n<figure class=\"wp-block-image size-large\"><a href=\"https:\/\/das-stille-woertchen.de\/wp-content\/uploads\/2023\/11\/Gross-IMG_1268.jpeg\"><img loading=\"lazy\" decoding=\"async\" width=\"1024\" height=\"768\" data-id=\"6073\" src=\"https:\/\/das-stille-woertchen.de\/wp-content\/uploads\/2023\/11\/Gross-IMG_1268-1024x768.jpeg\" alt=\"\" class=\"wp-image-6073\" srcset=\"https:\/\/das-stille-woertchen.de\/wp-content\/uploads\/2023\/11\/Gross-IMG_1268-1024x768.jpeg 1024w, https:\/\/das-stille-woertchen.de\/wp-content\/uploads\/2023\/11\/Gross-IMG_1268-300x225.jpeg 300w, https:\/\/das-stille-woertchen.de\/wp-content\/uploads\/2023\/11\/Gross-IMG_1268-768x576.jpeg 768w, https:\/\/das-stille-woertchen.de\/wp-content\/uploads\/2023\/11\/Gross-IMG_1268.jpeg 1280w\" sizes=\"auto, (max-width: 1024px) 100vw, 1024px\" \/><\/a><\/figure>\n<\/figure>\n\n\n\n<p>Da ein bisschen Herbst-&#8222;Obst&#8220;. Mispeln, Hagebutten und Quitten.<\/p>\n\n\n\n<figure class=\"wp-block-gallery has-nested-images columns-default is-cropped wp-block-gallery-5 is-layout-flex wp-block-gallery-is-layout-flex\">\n<figure class=\"wp-block-image size-large\"><a href=\"https:\/\/das-stille-woertchen.de\/wp-content\/uploads\/2023\/11\/Gross-IMG_1253.jpeg\"><img loading=\"lazy\" decoding=\"async\" width=\"1024\" height=\"768\" data-id=\"6071\" src=\"https:\/\/das-stille-woertchen.de\/wp-content\/uploads\/2023\/11\/Gross-IMG_1253-1024x768.jpeg\" alt=\"\" class=\"wp-image-6071\" srcset=\"https:\/\/das-stille-woertchen.de\/wp-content\/uploads\/2023\/11\/Gross-IMG_1253-1024x768.jpeg 1024w, https:\/\/das-stille-woertchen.de\/wp-content\/uploads\/2023\/11\/Gross-IMG_1253-300x225.jpeg 300w, https:\/\/das-stille-woertchen.de\/wp-content\/uploads\/2023\/11\/Gross-IMG_1253-768x576.jpeg 768w, https:\/\/das-stille-woertchen.de\/wp-content\/uploads\/2023\/11\/Gross-IMG_1253.jpeg 1280w\" sizes=\"auto, (max-width: 1024px) 100vw, 1024px\" \/><\/a><\/figure>\n\n\n\n<figure class=\"wp-block-image size-large\"><a href=\"https:\/\/das-stille-woertchen.de\/wp-content\/uploads\/2023\/11\/Gross-IMG_1237.jpeg\"><img loading=\"lazy\" decoding=\"async\" width=\"1024\" height=\"768\" data-id=\"6064\" src=\"https:\/\/das-stille-woertchen.de\/wp-content\/uploads\/2023\/11\/Gross-IMG_1237-1024x768.jpeg\" alt=\"\" class=\"wp-image-6064\" srcset=\"https:\/\/das-stille-woertchen.de\/wp-content\/uploads\/2023\/11\/Gross-IMG_1237-1024x768.jpeg 1024w, https:\/\/das-stille-woertchen.de\/wp-content\/uploads\/2023\/11\/Gross-IMG_1237-300x225.jpeg 300w, https:\/\/das-stille-woertchen.de\/wp-content\/uploads\/2023\/11\/Gross-IMG_1237-768x576.jpeg 768w, https:\/\/das-stille-woertchen.de\/wp-content\/uploads\/2023\/11\/Gross-IMG_1237.jpeg 1280w\" sizes=\"auto, (max-width: 1024px) 100vw, 1024px\" \/><\/a><\/figure>\n\n\n\n<figure class=\"wp-block-image size-large\"><a href=\"https:\/\/das-stille-woertchen.de\/wp-content\/uploads\/2023\/11\/Gross-IMG_1251.jpeg\"><img loading=\"lazy\" decoding=\"async\" width=\"768\" height=\"1024\" data-id=\"6070\" src=\"https:\/\/das-stille-woertchen.de\/wp-content\/uploads\/2023\/11\/Gross-IMG_1251-768x1024.jpeg\" alt=\"\" class=\"wp-image-6070\" srcset=\"https:\/\/das-stille-woertchen.de\/wp-content\/uploads\/2023\/11\/Gross-IMG_1251-768x1024.jpeg 768w, https:\/\/das-stille-woertchen.de\/wp-content\/uploads\/2023\/11\/Gross-IMG_1251-225x300.jpeg 225w, https:\/\/das-stille-woertchen.de\/wp-content\/uploads\/2023\/11\/Gross-IMG_1251.jpeg 960w\" sizes=\"auto, (max-width: 768px) 100vw, 768px\" \/><\/a><\/figure>\n<\/figure>\n\n\n\n<p><br>Ein Symbolbild f\u00fcr den Beginn der staden Zeit:<\/p>\n\n\n<div class=\"wp-block-image\">\n<figure class=\"aligncenter size-large is-resized\"><a href=\"https:\/\/das-stille-woertchen.de\/wp-content\/uploads\/2023\/11\/Gross-IMG_1250-1.jpeg\"><img loading=\"lazy\" decoding=\"async\" src=\"https:\/\/das-stille-woertchen.de\/wp-content\/uploads\/2023\/11\/Gross-IMG_1250-1-768x1024.jpeg\" alt=\"\" class=\"wp-image-6135\" width=\"413\" height=\"550\" srcset=\"https:\/\/das-stille-woertchen.de\/wp-content\/uploads\/2023\/11\/Gross-IMG_1250-1-768x1024.jpeg 768w, https:\/\/das-stille-woertchen.de\/wp-content\/uploads\/2023\/11\/Gross-IMG_1250-1-225x300.jpeg 225w, https:\/\/das-stille-woertchen.de\/wp-content\/uploads\/2023\/11\/Gross-IMG_1250-1.jpeg 960w\" sizes=\"auto, (max-width: 413px) 100vw, 413px\" \/><\/a><\/figure><\/div>\n\n\n<p><br>Und eine herbstliche Pony-Schweine-Collage.<br><br><\/p>\n\n\n\n<figure class=\"wp-block-gallery has-nested-images columns-default is-cropped wp-block-gallery-6 is-layout-flex wp-block-gallery-is-layout-flex\">\n<figure class=\"wp-block-image size-large\"><a href=\"https:\/\/das-stille-woertchen.de\/wp-content\/uploads\/2023\/11\/Gross-IMG_1216.jpeg\"><img loading=\"lazy\" decoding=\"async\" width=\"768\" height=\"1024\" data-id=\"6059\" src=\"https:\/\/das-stille-woertchen.de\/wp-content\/uploads\/2023\/11\/Gross-IMG_1216-768x1024.jpeg\" alt=\"\" class=\"wp-image-6059\" srcset=\"https:\/\/das-stille-woertchen.de\/wp-content\/uploads\/2023\/11\/Gross-IMG_1216-768x1024.jpeg 768w, https:\/\/das-stille-woertchen.de\/wp-content\/uploads\/2023\/11\/Gross-IMG_1216-225x300.jpeg 225w, https:\/\/das-stille-woertchen.de\/wp-content\/uploads\/2023\/11\/Gross-IMG_1216.jpeg 960w\" sizes=\"auto, (max-width: 768px) 100vw, 768px\" \/><\/a><\/figure>\n\n\n\n<figure class=\"wp-block-image size-large\"><a href=\"https:\/\/das-stille-woertchen.de\/wp-content\/uploads\/2023\/11\/Gross-IMG_1222.jpeg\"><img loading=\"lazy\" decoding=\"async\" width=\"768\" height=\"1024\" data-id=\"6061\" src=\"https:\/\/das-stille-woertchen.de\/wp-content\/uploads\/2023\/11\/Gross-IMG_1222-768x1024.jpeg\" alt=\"\" class=\"wp-image-6061\" srcset=\"https:\/\/das-stille-woertchen.de\/wp-content\/uploads\/2023\/11\/Gross-IMG_1222-768x1024.jpeg 768w, https:\/\/das-stille-woertchen.de\/wp-content\/uploads\/2023\/11\/Gross-IMG_1222-225x300.jpeg 225w, https:\/\/das-stille-woertchen.de\/wp-content\/uploads\/2023\/11\/Gross-IMG_1222.jpeg 960w\" sizes=\"auto, (max-width: 768px) 100vw, 768px\" \/><\/a><\/figure>\n<\/figure>\n\n\n\n<p>Mittlerweile ist die Schweinekoppel bis auf einen schmalen Streifen abgesperrt &#8211; es ist nun grunzligerweise eher Buddel- statt Grasezeit. Bald wird daher auch der Gem\u00fcsegarten zur Buddelsaison freigegeben &#8211; aber erst m\u00fcssen die Menschen buddeln: Das Gem\u00fcse raus und ab damit in Sandkisten zum Einlagern f\u00fcr den Winter.<br><br>Und zum Abschluss noch eine Neuerung dieses Jahr. Eine gr\u00fcne Prise Freiheit sozusagen.<\/p>\n\n\n\n<p>D\u00fcrfen wir vorstellen: Neben Henne Willi gibt es jetzt auch noch Willi, den Grash\u00fcpfer auf dem Hof:<\/p>\n\n\n\n<figure class=\"wp-block-image size-large\"><a href=\"https:\/\/das-stille-woertchen.de\/wp-content\/uploads\/2023\/11\/IMG_0544-scaled.jpeg\"><img loading=\"lazy\" decoding=\"async\" width=\"1024\" height=\"768\" src=\"https:\/\/das-stille-woertchen.de\/wp-content\/uploads\/2023\/11\/IMG_0544-1024x768.jpeg\" alt=\"\" class=\"wp-image-6125\" srcset=\"https:\/\/das-stille-woertchen.de\/wp-content\/uploads\/2023\/11\/IMG_0544-1024x768.jpeg 1024w, https:\/\/das-stille-woertchen.de\/wp-content\/uploads\/2023\/11\/IMG_0544-300x225.jpeg 300w, https:\/\/das-stille-woertchen.de\/wp-content\/uploads\/2023\/11\/IMG_0544-768x576.jpeg 768w, https:\/\/das-stille-woertchen.de\/wp-content\/uploads\/2023\/11\/IMG_0544-1536x1152.jpeg 1536w, https:\/\/das-stille-woertchen.de\/wp-content\/uploads\/2023\/11\/IMG_0544-2048x1536.jpeg 2048w\" sizes=\"auto, (max-width: 1024px) 100vw, 1024px\" \/><\/a><\/figure>\n\n\n\n<p>Willi ist ein E-Bike. Nun ist die Saison leider schon wieder vorbei. Aber seit er eingezogen ist, konnte Judith, zum ersten Mal \u00fcberhaupt, autolos das Dorf Richtung &#8222;Stadt&#8220; (und Richtung Bahnhof und Richtung Lesereisen) verlassen. Okay, der Weg <em>dahin <\/em>w\u00e4re noch zu ertragen gewesen, weil es nur bergab geht. Aber zur\u00fcck? Herrje! Nein, viiiiel zu steil! Ja aber mit Willi alles kein Problem mehr! So einige Mal ist diesen Sommer also das E-Auto brav zuhause geblieben. Und dank der tollen Gep\u00e4cktaschen haben auch alle Lesungsutensilien an Willi rangepasst. Nun br\u00e4uchte es nur noch ein paar Schlie\u00dff\u00e4cher am Bahnhof, damit man dort auch den Akku verwahren und nicht die ganze Zeit mit herum schleppen muss.<\/p>\n\n\n\n<p>Gro\u00dfe Begeisterung also! Auch bei Johnny. Er l\u00e4sst sich das nur nicht so gerne anmerken.<\/p>\n\n\n\n<figure class=\"wp-block-image size-large\"><a href=\"https:\/\/das-stille-woertchen.de\/wp-content\/uploads\/2023\/11\/Gross-IMG_0546.jpeg\"><img loading=\"lazy\" decoding=\"async\" width=\"1024\" height=\"770\" src=\"https:\/\/das-stille-woertchen.de\/wp-content\/uploads\/2023\/11\/Gross-IMG_0546-1024x770.jpeg\" alt=\"\" class=\"wp-image-6033\" srcset=\"https:\/\/das-stille-woertchen.de\/wp-content\/uploads\/2023\/11\/Gross-IMG_0546-1024x770.jpeg 1024w, https:\/\/das-stille-woertchen.de\/wp-content\/uploads\/2023\/11\/Gross-IMG_0546-300x225.jpeg 300w, https:\/\/das-stille-woertchen.de\/wp-content\/uploads\/2023\/11\/Gross-IMG_0546-768x577.jpeg 768w, https:\/\/das-stille-woertchen.de\/wp-content\/uploads\/2023\/11\/Gross-IMG_0546.jpeg 1280w\" sizes=\"auto, (max-width: 1024px) 100vw, 1024px\" \/><\/a><\/figure>\n\n\n\n<p>Ja und beim Radeln (durch den Wald) lassen sich dann auch mal ganz besondere Entdeckungen machen:<\/p>\n\n\n\n<figure class=\"wp-block-gallery has-nested-images columns-default is-cropped wp-block-gallery-7 is-layout-flex wp-block-gallery-is-layout-flex\">\n<figure class=\"wp-block-image size-large\"><a href=\"https:\/\/das-stille-woertchen.de\/wp-content\/uploads\/2023\/11\/Gross-IMG_0745.jpeg\"><img loading=\"lazy\" decoding=\"async\" width=\"1024\" height=\"768\" data-id=\"6038\" src=\"https:\/\/das-stille-woertchen.de\/wp-content\/uploads\/2023\/11\/Gross-IMG_0745-1024x768.jpeg\" alt=\"\" class=\"wp-image-6038\" srcset=\"https:\/\/das-stille-woertchen.de\/wp-content\/uploads\/2023\/11\/Gross-IMG_0745-1024x768.jpeg 1024w, https:\/\/das-stille-woertchen.de\/wp-content\/uploads\/2023\/11\/Gross-IMG_0745-300x225.jpeg 300w, https:\/\/das-stille-woertchen.de\/wp-content\/uploads\/2023\/11\/Gross-IMG_0745-768x576.jpeg 768w, https:\/\/das-stille-woertchen.de\/wp-content\/uploads\/2023\/11\/Gross-IMG_0745.jpeg 1280w\" sizes=\"auto, (max-width: 1024px) 100vw, 1024px\" \/><\/a><\/figure>\n<\/figure>\n\n\n\n<p><\/p>\n\n\n\n<p>Und ganz, ganz zum Abschluss noch ein paar Impressionen, die \u00d6rtchen und W\u00f6rtchen verbinden und auch zum Schlagwort &#8222;Mobilit\u00e4t auf dem Lande&#8220; passen.<br>Im Oktober war Besuch da &#8211; der eigentlich schon h\u00e4tte im Juli kommen sollen (aber da kam der Rufbus leider nicht wie gerufen!):<\/p>\n\n\n\n<figure class=\"wp-block-gallery has-nested-images columns-default is-cropped wp-block-gallery-8 is-layout-flex wp-block-gallery-is-layout-flex\">\n<figure class=\"wp-block-image size-large\"><a href=\"https:\/\/das-stille-woertchen.de\/wp-content\/uploads\/2023\/11\/Gross-IMG_0847.jpeg\"><img loading=\"lazy\" decoding=\"async\" width=\"1024\" height=\"768\" data-id=\"6044\" src=\"https:\/\/das-stille-woertchen.de\/wp-content\/uploads\/2023\/11\/Gross-IMG_0847-1024x768.jpeg\" alt=\"\" class=\"wp-image-6044\" srcset=\"https:\/\/das-stille-woertchen.de\/wp-content\/uploads\/2023\/11\/Gross-IMG_0847-1024x768.jpeg 1024w, https:\/\/das-stille-woertchen.de\/wp-content\/uploads\/2023\/11\/Gross-IMG_0847-300x225.jpeg 300w, https:\/\/das-stille-woertchen.de\/wp-content\/uploads\/2023\/11\/Gross-IMG_0847-768x576.jpeg 768w, https:\/\/das-stille-woertchen.de\/wp-content\/uploads\/2023\/11\/Gross-IMG_0847.jpeg 1280w\" sizes=\"auto, (max-width: 1024px) 100vw, 1024px\" \/><\/a><\/figure>\n\n\n\n<figure class=\"wp-block-image size-large\"><a href=\"https:\/\/das-stille-woertchen.de\/wp-content\/uploads\/2023\/11\/Gross-IMG_0862.jpeg\"><img loading=\"lazy\" decoding=\"async\" width=\"1024\" height=\"768\" data-id=\"6045\" src=\"https:\/\/das-stille-woertchen.de\/wp-content\/uploads\/2023\/11\/Gross-IMG_0862-1024x768.jpeg\" alt=\"\" class=\"wp-image-6045\" srcset=\"https:\/\/das-stille-woertchen.de\/wp-content\/uploads\/2023\/11\/Gross-IMG_0862-1024x768.jpeg 1024w, https:\/\/das-stille-woertchen.de\/wp-content\/uploads\/2023\/11\/Gross-IMG_0862-300x225.jpeg 300w, https:\/\/das-stille-woertchen.de\/wp-content\/uploads\/2023\/11\/Gross-IMG_0862-768x576.jpeg 768w, https:\/\/das-stille-woertchen.de\/wp-content\/uploads\/2023\/11\/Gross-IMG_0862.jpeg 1280w\" sizes=\"auto, (max-width: 1024px) 100vw, 1024px\" \/><\/a><\/figure>\n\n\n\n<figure class=\"wp-block-image size-large\"><a href=\"https:\/\/das-stille-woertchen.de\/wp-content\/uploads\/2023\/11\/Gross-IMG_0841.jpeg\"><img loading=\"lazy\" decoding=\"async\" width=\"1024\" height=\"770\" data-id=\"6043\" src=\"https:\/\/das-stille-woertchen.de\/wp-content\/uploads\/2023\/11\/Gross-IMG_0841-1024x770.jpeg\" alt=\"\" class=\"wp-image-6043\" srcset=\"https:\/\/das-stille-woertchen.de\/wp-content\/uploads\/2023\/11\/Gross-IMG_0841-1024x770.jpeg 1024w, https:\/\/das-stille-woertchen.de\/wp-content\/uploads\/2023\/11\/Gross-IMG_0841-300x225.jpeg 300w, https:\/\/das-stille-woertchen.de\/wp-content\/uploads\/2023\/11\/Gross-IMG_0841-768x577.jpeg 768w, https:\/\/das-stille-woertchen.de\/wp-content\/uploads\/2023\/11\/Gross-IMG_0841.jpeg 1280w\" sizes=\"auto, (max-width: 1024px) 100vw, 1024px\" \/><\/a><\/figure>\n\n\n\n<figure class=\"wp-block-image size-large\"><a href=\"https:\/\/das-stille-woertchen.de\/wp-content\/uploads\/2023\/11\/Gross-IMG_0880.jpeg\"><img loading=\"lazy\" decoding=\"async\" width=\"1024\" height=\"768\" data-id=\"6046\" src=\"https:\/\/das-stille-woertchen.de\/wp-content\/uploads\/2023\/11\/Gross-IMG_0880-1024x768.jpeg\" alt=\"\" class=\"wp-image-6046\" srcset=\"https:\/\/das-stille-woertchen.de\/wp-content\/uploads\/2023\/11\/Gross-IMG_0880-1024x768.jpeg 1024w, https:\/\/das-stille-woertchen.de\/wp-content\/uploads\/2023\/11\/Gross-IMG_0880-300x225.jpeg 300w, https:\/\/das-stille-woertchen.de\/wp-content\/uploads\/2023\/11\/Gross-IMG_0880-768x576.jpeg 768w, https:\/\/das-stille-woertchen.de\/wp-content\/uploads\/2023\/11\/Gross-IMG_0880.jpeg 1280w\" sizes=\"auto, (max-width: 1024px) 100vw, 1024px\" \/><\/a><\/figure>\n\n\n\n<figure class=\"wp-block-image size-large\"><a href=\"https:\/\/das-stille-woertchen.de\/wp-content\/uploads\/2023\/11\/Gross-IMG_0824.jpeg\"><img loading=\"lazy\" decoding=\"async\" width=\"1024\" height=\"768\" data-id=\"6041\" src=\"https:\/\/das-stille-woertchen.de\/wp-content\/uploads\/2023\/11\/Gross-IMG_0824-1024x768.jpeg\" alt=\"\" class=\"wp-image-6041\" srcset=\"https:\/\/das-stille-woertchen.de\/wp-content\/uploads\/2023\/11\/Gross-IMG_0824-1024x768.jpeg 1024w, https:\/\/das-stille-woertchen.de\/wp-content\/uploads\/2023\/11\/Gross-IMG_0824-300x225.jpeg 300w, https:\/\/das-stille-woertchen.de\/wp-content\/uploads\/2023\/11\/Gross-IMG_0824-768x576.jpeg 768w, https:\/\/das-stille-woertchen.de\/wp-content\/uploads\/2023\/11\/Gross-IMG_0824.jpeg 1280w\" sizes=\"auto, (max-width: 1024px) 100vw, 1024px\" \/><\/a><\/figure>\n\n\n\n<figure class=\"wp-block-image size-large\"><a href=\"https:\/\/das-stille-woertchen.de\/wp-content\/uploads\/2023\/11\/Gross-IMG_0830.jpeg\"><img loading=\"lazy\" decoding=\"async\" width=\"1024\" height=\"951\" data-id=\"6042\" src=\"https:\/\/das-stille-woertchen.de\/wp-content\/uploads\/2023\/11\/Gross-IMG_0830-1024x951.jpeg\" alt=\"\" class=\"wp-image-6042\" srcset=\"https:\/\/das-stille-woertchen.de\/wp-content\/uploads\/2023\/11\/Gross-IMG_0830-1024x951.jpeg 1024w, https:\/\/das-stille-woertchen.de\/wp-content\/uploads\/2023\/11\/Gross-IMG_0830-300x279.jpeg 300w, https:\/\/das-stille-woertchen.de\/wp-content\/uploads\/2023\/11\/Gross-IMG_0830-768x713.jpeg 768w, https:\/\/das-stille-woertchen.de\/wp-content\/uploads\/2023\/11\/Gross-IMG_0830.jpeg 1280w\" sizes=\"auto, (max-width: 1024px) 100vw, 1024px\" \/><\/a><\/figure>\n<\/figure>\n\n\n\n<p>Eine Schulkasse war zu Besuch! Gemeinsam mit der lieben Iris von der <a rel=\"noreferrer noopener\" href=\"https:\/\/kinderbuchstabensuppe.de\/\" target=\"_blank\">Kinderbuchstabensuppe<\/a> wurde viel \u00fcber die geliebten Nichtsnutztiere gesprochen. Und auch in das passende <a href=\"https:\/\/www.calmemaraverlag.de\/schlau-wie-sau\/\" target=\"_blank\" rel=\"noreferrer noopener\">Buch<\/a> geschaut. (Fast mitten im Schweinegehege sozusagen). Nebenbei wurde noch Heckenkunde gemacht. Auf dem Spielplatz gespielt. Tomaten  wurden geerntet. Kastanien gesammelt. Und, und, und &#8230; <br>Sch\u00f6\u00f6\u00f6\u00f6\u00f6n war&#8217;s! <br><br>Ja und damit warten wir mal gespannt ab, was der Herbst noch so bringt. (Gerade ist er sehr tr\u00fcb und sehr nass. Matscheplatschepflatschenass.)<\/p>\n\n\n\n<p>PS: Eben gemerkt, dass die titelgebenden Puscheldamen vom vorherigen Bericht gar nicht auf den Fotos gelandet sind. Aber keine Sorge! Ihnen geht es gut. Sie haben sich toll eingelebt &#8211; aber sind offensichtlich etwas fotoscheu! <\/p>\n","protected":false},"excerpt":{"rendered":"<p>Herbst ist&#8217;s. Und das schon gar nicht mal so eine kleine Weile. Aber bevor davon berichtet wird, erst nochmal ein R\u00fcckblick in den Sommer hinein. Ja und das, was den (im elften Jahr auf dem Hof) ganz besonders und ganz &hellip; <a href=\"https:\/\/das-stille-woertchen.de\/index.php\/2023\/11\/09\/und-schon-wieder-neigt-sich-das-jahr\/\">Weiterlesen <span class=\"meta-nav\">&rarr;<\/span><\/a><\/p>\n","protected":false},"author":2,"featured_media":0,"comment_status":"open","ping_status":"open","sticky":false,"template":"","format":"standard","meta":{"footnotes":""},"categories":[11,3],"tags":[],"class_list":["post-6117","post","type-post","status-publish","format-standard","hentry","category-grunzeug","category-oertchen"],"_links":{"self":[{"href":"https:\/\/das-stille-woertchen.de\/index.php\/wp-json\/wp\/v2\/posts\/6117","targetHints":{"allow":["GET"]}}],"collection":[{"href":"https:\/\/das-stille-woertchen.de\/index.php\/wp-json\/wp\/v2\/posts"}],"about":[{"href":"https:\/\/das-stille-woertchen.de\/index.php\/wp-json\/wp\/v2\/types\/post"}],"author":[{"embeddable":true,"href":"https:\/\/das-stille-woertchen.de\/index.php\/wp-json\/wp\/v2\/users\/2"}],"replies":[{"embeddable":true,"href":"https:\/\/das-stille-woertchen.de\/index.php\/wp-json\/wp\/v2\/comments?post=6117"}],"version-history":[{"count":14,"href":"https:\/\/das-stille-woertchen.de\/index.php\/wp-json\/wp\/v2\/posts\/6117\/revisions"}],"predecessor-version":[{"id":6137,"href":"https:\/\/das-stille-woertchen.de\/index.php\/wp-json\/wp\/v2\/posts\/6117\/revisions\/6137"}],"wp:attachment":[{"href":"https:\/\/das-stille-woertchen.de\/index.php\/wp-json\/wp\/v2\/media?parent=6117"}],"wp:term":[{"taxonomy":"category","embeddable":true,"href":"https:\/\/das-stille-woertchen.de\/index.php\/wp-json\/wp\/v2\/categories?post=6117"},{"taxonomy":"post_tag","embeddable":true,"href":"https:\/\/das-stille-woertchen.de\/index.php\/wp-json\/wp\/v2\/tags?post=6117"}],"curies":[{"name":"wp","href":"https:\/\/api.w.org\/{rel}","templated":true}]}}