{"id":7098,"date":"2026-01-08T17:25:46","date_gmt":"2026-01-08T15:25:46","guid":{"rendered":"https:\/\/das-stille-woertchen.de\/?p=7098"},"modified":"2026-01-08T19:06:48","modified_gmt":"2026-01-08T17:06:48","slug":"2025-ein-kunterbuntes-kinderbuch-jahr","status":"publish","type":"post","link":"https:\/\/das-stille-woertchen.de\/index.php\/2026\/01\/08\/2025-ein-kunterbuntes-kinderbuch-jahr\/","title":{"rendered":"2025: Ein kunterbuntes Kinderbuch-Jahr"},"content":{"rendered":"\n<p>Da nun schon dr\u00fcben, beim &#8222;\u00d6rtchen&#8220; brav ein <a href=\"https:\/\/das-stille-woertchen.de\/index.php\/2026\/01\/04\/2025-ein-rueckblick-mit-nachholbedarf\/\">Jahresr\u00fcckblick<\/a> verfasst wurde, ist nun auch hier, unter &#8222;W\u00f6rtchen&#8220;, einer an der Reihe. Diesmal geht es nicht um Gem\u00fcse und um die geliebten Tierchen nur um Rande &#8211; hier steht die Kinderbuchschreiberei im Mittelpunkt und alles was damit zusammen h\u00e4ngt. Und auch wenn auf dem Schreibtisch (oder auf dem Sofa, am Garten- oder K\u00fcchentisch, im Wintergarten &#8211; oder wo auch immer der Laptop aufgeklappt wird) gerne mal gro\u00dfes Chaos herrscht, orientiere ich mich jetzt mal brav an den Monaten<br><\/p>\n\n\n\n<p>Los ging das Schreib- und Lesejahr also im &#8230;<\/p>\n\n\n\n<p><strong> Januar<\/strong><\/p>\n\n\n\n<p>Der war war, wie so oft, ein recht ruhiger Monat. Ein klein wenig machen die Verlage teilweise noch Winterschlaf und Buchungen f\u00fcr Lesungen habe ich auch recht selten. Schreibtischtechnisch war ich mit einem neuen Band der &#8222;Insel der Tierabenteuer&#8220; besch\u00e4ftigt und mit dem allerallerletzen Feinschliff der &#8222;Kn\u00e4ckebrothelden&#8220;.<br><\/p>\n\n\n\n<figure class=\"wp-block-gallery has-nested-images columns-default is-cropped wp-block-gallery-1 is-layout-flex wp-block-gallery-is-layout-flex\">\n<figure class=\"wp-block-image size-large\"><a href=\"https:\/\/das-stille-woertchen.de\/wp-content\/uploads\/2026\/01\/Mittel-IMG_7992-2.jpeg\"><img loading=\"lazy\" decoding=\"async\" width=\"480\" height=\"640\" data-id=\"7117\" src=\"https:\/\/das-stille-woertchen.de\/wp-content\/uploads\/2026\/01\/Mittel-IMG_7992-2.jpeg\" alt=\"\" class=\"wp-image-7117\" srcset=\"https:\/\/das-stille-woertchen.de\/wp-content\/uploads\/2026\/01\/Mittel-IMG_7992-2.jpeg 480w, https:\/\/das-stille-woertchen.de\/wp-content\/uploads\/2026\/01\/Mittel-IMG_7992-2-225x300.jpeg 225w\" sizes=\"auto, (max-width: 480px) 100vw, 480px\" \/><\/a><\/figure>\n\n\n\n<figure class=\"wp-block-image size-large\"><a href=\"https:\/\/das-stille-woertchen.de\/wp-content\/uploads\/2026\/01\/Mittel-IMG_8180.jpeg\"><img loading=\"lazy\" decoding=\"async\" width=\"480\" height=\"640\" data-id=\"7118\" src=\"https:\/\/das-stille-woertchen.de\/wp-content\/uploads\/2026\/01\/Mittel-IMG_8180.jpeg\" alt=\"\" class=\"wp-image-7118\" srcset=\"https:\/\/das-stille-woertchen.de\/wp-content\/uploads\/2026\/01\/Mittel-IMG_8180.jpeg 480w, https:\/\/das-stille-woertchen.de\/wp-content\/uploads\/2026\/01\/Mittel-IMG_8180-225x300.jpeg 225w\" sizes=\"auto, (max-width: 480px) 100vw, 480px\" \/><\/a><\/figure>\n\n\n\n<figure class=\"wp-block-image size-large\"><a href=\"https:\/\/das-stille-woertchen.de\/wp-content\/uploads\/2026\/01\/Mittel-IMG_7996.jpeg\"><img loading=\"lazy\" decoding=\"async\" width=\"480\" height=\"640\" data-id=\"7119\" src=\"https:\/\/das-stille-woertchen.de\/wp-content\/uploads\/2026\/01\/Mittel-IMG_7996.jpeg\" alt=\"\" class=\"wp-image-7119\" srcset=\"https:\/\/das-stille-woertchen.de\/wp-content\/uploads\/2026\/01\/Mittel-IMG_7996.jpeg 480w, https:\/\/das-stille-woertchen.de\/wp-content\/uploads\/2026\/01\/Mittel-IMG_7996-225x300.jpeg 225w\" sizes=\"auto, (max-width: 480px) 100vw, 480px\" \/><\/a><\/figure>\n\n\n\n<figure class=\"wp-block-image size-full\"><a href=\"https:\/\/das-stille-woertchen.de\/wp-content\/uploads\/2026\/01\/D91933C2-6E62-4119-BF14-A6DED033DF64.jpeg\"><img loading=\"lazy\" decoding=\"async\" width=\"764\" height=\"704\" data-id=\"7120\" src=\"https:\/\/das-stille-woertchen.de\/wp-content\/uploads\/2026\/01\/D91933C2-6E62-4119-BF14-A6DED033DF64.jpeg\" alt=\"\" class=\"wp-image-7120\" srcset=\"https:\/\/das-stille-woertchen.de\/wp-content\/uploads\/2026\/01\/D91933C2-6E62-4119-BF14-A6DED033DF64.jpeg 764w, https:\/\/das-stille-woertchen.de\/wp-content\/uploads\/2026\/01\/D91933C2-6E62-4119-BF14-A6DED033DF64-300x276.jpeg 300w\" sizes=\"auto, (max-width: 764px) 100vw, 764px\" \/><\/a><\/figure>\n\n\n\n<figure class=\"wp-block-image size-large\"><a href=\"https:\/\/das-stille-woertchen.de\/wp-content\/uploads\/2026\/01\/Mittel-IMG_7458.jpeg\"><img loading=\"lazy\" decoding=\"async\" width=\"640\" height=\"640\" data-id=\"7279\" src=\"https:\/\/das-stille-woertchen.de\/wp-content\/uploads\/2026\/01\/Mittel-IMG_7458.jpeg\" alt=\"\" class=\"wp-image-7279\" srcset=\"https:\/\/das-stille-woertchen.de\/wp-content\/uploads\/2026\/01\/Mittel-IMG_7458.jpeg 640w, https:\/\/das-stille-woertchen.de\/wp-content\/uploads\/2026\/01\/Mittel-IMG_7458-300x300.jpeg 300w, https:\/\/das-stille-woertchen.de\/wp-content\/uploads\/2026\/01\/Mittel-IMG_7458-150x150.jpeg 150w\" sizes=\"auto, (max-width: 640px) 100vw, 640px\" \/><\/a><\/figure>\n<\/figure>\n\n\n\n<p>Wie man auf den Fotos sieht, wurde sogar schon die Freiluftschreibtischsaison eingel\u00e4utet &#8211; mit kalten F\u00fc\u00dfen und sehr zaghaft. Und Molly hat den ersten Karton Belegexemplare bewacht (einer von so einigen &#8211; denn 2025 war ein wirklich au\u00dferordentlich ver\u00f6ffentlichungsfreudiges Jahr &#8211; dazu sp\u00e4ter mehr). Was sich drin versteckt? Wird n\u00e4chsten Monat verraten!<br>Das erste Buchgeheimnis wird aber schon jetzt gel\u00fcftet:<br>Im Januar sind n\u00e4mlich die &#8222;Fu\u00dfballgeschichten&#8220; erschienen. Ein Ravensburger-Leserabe aus der Vorlesestufe. Supers\u00fc\u00df illustriert von der lieben Matthia Tiemeyer.<br>Jetzt kann ich bei Lesungen endlich sagen, dass ich ein Fu\u00dfballbuch geschrieben habe! (Bei der Frage gab es, meist unter Jungs, oft leicht entt\u00e4uschte Gesichter.).<br><br>Au\u00dferdem hatten wir den ersten Gruppe 7-Stammtisch des Jahres. Die Gruppe 7 ist eine buntgemischte Kinderbuchmenschen-Truppe aus Franken, die sich einmal im Monat (an jedem 7. ) im Bamberger Raum trifft. Und seit letztem Jahr des \u00f6fteren in der B\u00fccherei Gundelsheim, weil unsere liebe Iris seitdem die Leitung ist. Und da ist es immer ganz besonders nett! (Und im Januar hat uns sogar der Gundelsheimer B\u00fcrgermeister pers\u00f6nlich mit Pralinen und Sekt begr\u00fc\u00dft &#8211; und das Foto geknipst.)<\/p>\n\n\n\n<p><strong>Februar<\/strong><\/p>\n\n\n\n<p>Im Februar erfahrt ihr, was sich in Mollys geheimnisvollen Karton verbarg:<br>Die Belegexemplare f\u00fcr &#8222;Chilli, die faulste Piraten der Welt&#8220;. Ein Vorlesebuch mit vielen, vielen Comics, das ich gemeinsam mit der tollen Franziska H\u00f6llbacher ausget\u00fcftelt habe und das bei ArsEdition erschienen ist. <br>Und dann kam auch noch &#8222;Die Waschb\u00e4ren-Bande&#8220; in die L\u00e4den &#8211; verr\u00fcckterweise zum zweiten Mal. Der Leserabe war schon vor einigen Jahren erschienen, wurde dann &#8222;verramscht&#8220; (wie die Ladenpreisaufhebung in der Buchbranche so nett beschrieben wird) &#8211; ja und dann hat Ravensburger \u00fcberraschenderweise entschieden, das Buch nochmal neu rauszubringen. Freut mich enorm, denn ich mag es sehr, sehr gern. Das hat nat\u00fcrlich auch einiges mit den wuuuuunderbaren Illustrationen der sehr gesch\u00e4tzten Susanne G\u00f6hlich zu tun. (Und damit, dass ich damals mit em Titel den Siegener Preis f\u00fcr Erstleseliteratur gewonnen habe.)<\/p>\n\n\n\n<figure class=\"wp-block-gallery has-nested-images columns-default is-cropped wp-block-gallery-2 is-layout-flex wp-block-gallery-is-layout-flex\">\n<figure class=\"wp-block-image size-large\"><a href=\"https:\/\/das-stille-woertchen.de\/wp-content\/uploads\/2026\/01\/Mittel-IMG_8506.jpeg\"><img loading=\"lazy\" decoding=\"async\" width=\"480\" height=\"640\" data-id=\"7122\" src=\"https:\/\/das-stille-woertchen.de\/wp-content\/uploads\/2026\/01\/Mittel-IMG_8506.jpeg\" alt=\"\" class=\"wp-image-7122\" srcset=\"https:\/\/das-stille-woertchen.de\/wp-content\/uploads\/2026\/01\/Mittel-IMG_8506.jpeg 480w, https:\/\/das-stille-woertchen.de\/wp-content\/uploads\/2026\/01\/Mittel-IMG_8506-225x300.jpeg 225w\" sizes=\"auto, (max-width: 480px) 100vw, 480px\" \/><\/a><\/figure>\n\n\n\n<figure class=\"wp-block-image size-large\"><a href=\"https:\/\/das-stille-woertchen.de\/wp-content\/uploads\/2026\/01\/Mittel-IMG_8509.jpeg\"><img loading=\"lazy\" decoding=\"async\" width=\"481\" height=\"640\" data-id=\"7121\" src=\"https:\/\/das-stille-woertchen.de\/wp-content\/uploads\/2026\/01\/Mittel-IMG_8509.jpeg\" alt=\"\" class=\"wp-image-7121\" srcset=\"https:\/\/das-stille-woertchen.de\/wp-content\/uploads\/2026\/01\/Mittel-IMG_8509.jpeg 481w, https:\/\/das-stille-woertchen.de\/wp-content\/uploads\/2026\/01\/Mittel-IMG_8509-225x300.jpeg 225w\" sizes=\"auto, (max-width: 481px) 100vw, 481px\" \/><\/a><\/figure>\n\n\n\n<figure class=\"wp-block-image size-large\"><a href=\"https:\/\/das-stille-woertchen.de\/wp-content\/uploads\/2026\/01\/Mittel-IMG_8519.jpeg\"><img loading=\"lazy\" decoding=\"async\" width=\"480\" height=\"640\" data-id=\"7124\" src=\"https:\/\/das-stille-woertchen.de\/wp-content\/uploads\/2026\/01\/Mittel-IMG_8519.jpeg\" alt=\"\" class=\"wp-image-7124\" srcset=\"https:\/\/das-stille-woertchen.de\/wp-content\/uploads\/2026\/01\/Mittel-IMG_8519.jpeg 480w, https:\/\/das-stille-woertchen.de\/wp-content\/uploads\/2026\/01\/Mittel-IMG_8519-225x300.jpeg 225w\" sizes=\"auto, (max-width: 480px) 100vw, 480px\" \/><\/a><\/figure>\n<\/figure>\n\n\n\n<p><strong>M\u00e4rz<\/strong><\/p>\n\n\n\n<p>Der M\u00e4rz war wild. Kann man nicht anders sagen. Los ging es mit einer Reise nach Mannheim (das \u00fcbrigens, wer es noch nicht wusste, in Quadrate aufgeteilt ist &#8211; siehe Stra\u00dfenschild). Dort findet in der Alten Feuerwache immer ein tolles Lesefest statt und ich durfte mit meiner &#8222;Risottostra\u00dfe&#8220; (wundersch\u00f6nst illustriert von Simona Ceccarelli) dabei sein. In der gro\u00dfen Stadt gab es viel zu entdecken und statt am Vorabend, wie das oft auf Lesereise so ist, alleine im Hotel zu sitzen, konnte ich einer anderen Feuerwachen-Lesung lauschen. (Einer f\u00fcr Erwachsene &#8211; das d\u00fcrfen Kinderbuchautorinnen auch mal :-)).<br>Bei meiner Veranstaltung waren schlie\u00dflich nicht nur supernette Kita-Kinder zu Gast, sondern ich hatte auch eine megaschicke K\u00fcnstlerinnengarderobe. Da f\u00fchlt man sich ja schon ein klein bisschen wichtig.<\/p>\n\n\n\n<p><\/p>\n\n\n\n<figure class=\"wp-block-gallery has-nested-images columns-default is-cropped wp-block-gallery-3 is-layout-flex wp-block-gallery-is-layout-flex\">\n<figure class=\"wp-block-image size-large\"><a href=\"https:\/\/das-stille-woertchen.de\/wp-content\/uploads\/2026\/01\/Mittel-IMG_8917.jpeg\"><img loading=\"lazy\" decoding=\"async\" width=\"640\" height=\"480\" data-id=\"7129\" src=\"https:\/\/das-stille-woertchen.de\/wp-content\/uploads\/2026\/01\/Mittel-IMG_8917.jpeg\" alt=\"\" class=\"wp-image-7129\" srcset=\"https:\/\/das-stille-woertchen.de\/wp-content\/uploads\/2026\/01\/Mittel-IMG_8917.jpeg 640w, https:\/\/das-stille-woertchen.de\/wp-content\/uploads\/2026\/01\/Mittel-IMG_8917-300x225.jpeg 300w\" sizes=\"auto, (max-width: 640px) 100vw, 640px\" \/><\/a><\/figure>\n\n\n\n<figure class=\"wp-block-image size-large\"><a href=\"https:\/\/das-stille-woertchen.de\/wp-content\/uploads\/2026\/01\/Mittel-IMG_8918.jpeg\"><img loading=\"lazy\" decoding=\"async\" width=\"640\" height=\"480\" data-id=\"7130\" src=\"https:\/\/das-stille-woertchen.de\/wp-content\/uploads\/2026\/01\/Mittel-IMG_8918.jpeg\" alt=\"\" class=\"wp-image-7130\" srcset=\"https:\/\/das-stille-woertchen.de\/wp-content\/uploads\/2026\/01\/Mittel-IMG_8918.jpeg 640w, https:\/\/das-stille-woertchen.de\/wp-content\/uploads\/2026\/01\/Mittel-IMG_8918-300x225.jpeg 300w\" sizes=\"auto, (max-width: 640px) 100vw, 640px\" \/><\/a><\/figure>\n\n\n\n<figure class=\"wp-block-image size-large\"><a href=\"https:\/\/das-stille-woertchen.de\/wp-content\/uploads\/2026\/01\/Mittel-IMG_8937.jpeg\"><img loading=\"lazy\" decoding=\"async\" width=\"640\" height=\"480\" data-id=\"7134\" src=\"https:\/\/das-stille-woertchen.de\/wp-content\/uploads\/2026\/01\/Mittel-IMG_8937.jpeg\" alt=\"\" class=\"wp-image-7134\" srcset=\"https:\/\/das-stille-woertchen.de\/wp-content\/uploads\/2026\/01\/Mittel-IMG_8937.jpeg 640w, https:\/\/das-stille-woertchen.de\/wp-content\/uploads\/2026\/01\/Mittel-IMG_8937-300x225.jpeg 300w\" sizes=\"auto, (max-width: 640px) 100vw, 640px\" \/><\/a><\/figure>\n\n\n\n<figure class=\"wp-block-image size-large\"><a href=\"https:\/\/das-stille-woertchen.de\/wp-content\/uploads\/2026\/01\/IMG_8925-scaled.jpg\"><img loading=\"lazy\" decoding=\"async\" width=\"1024\" height=\"768\" data-id=\"7142\" src=\"https:\/\/das-stille-woertchen.de\/wp-content\/uploads\/2026\/01\/IMG_8925-1024x768.jpg\" alt=\"\" class=\"wp-image-7142\" srcset=\"https:\/\/das-stille-woertchen.de\/wp-content\/uploads\/2026\/01\/IMG_8925-1024x768.jpg 1024w, https:\/\/das-stille-woertchen.de\/wp-content\/uploads\/2026\/01\/IMG_8925-300x225.jpg 300w, https:\/\/das-stille-woertchen.de\/wp-content\/uploads\/2026\/01\/IMG_8925-768x576.jpg 768w, https:\/\/das-stille-woertchen.de\/wp-content\/uploads\/2026\/01\/IMG_8925-1536x1152.jpg 1536w, https:\/\/das-stille-woertchen.de\/wp-content\/uploads\/2026\/01\/IMG_8925-2048x1536.jpg 2048w\" sizes=\"auto, (max-width: 1024px) 100vw, 1024px\" \/><\/a><\/figure>\n\n\n\n<figure class=\"wp-block-image size-large\"><a href=\"https:\/\/das-stille-woertchen.de\/wp-content\/uploads\/2026\/01\/Mittel-IMG_8940.jpeg\"><img loading=\"lazy\" decoding=\"async\" width=\"640\" height=\"480\" data-id=\"7131\" src=\"https:\/\/das-stille-woertchen.de\/wp-content\/uploads\/2026\/01\/Mittel-IMG_8940.jpeg\" alt=\"\" class=\"wp-image-7131\" srcset=\"https:\/\/das-stille-woertchen.de\/wp-content\/uploads\/2026\/01\/Mittel-IMG_8940.jpeg 640w, https:\/\/das-stille-woertchen.de\/wp-content\/uploads\/2026\/01\/Mittel-IMG_8940-300x225.jpeg 300w\" sizes=\"auto, (max-width: 640px) 100vw, 640px\" \/><\/a><\/figure>\n\n\n\n<figure class=\"wp-block-image size-large\"><a href=\"https:\/\/das-stille-woertchen.de\/wp-content\/uploads\/2026\/01\/Mittel-IMG_8942.jpeg\"><img loading=\"lazy\" decoding=\"async\" width=\"640\" height=\"480\" data-id=\"7133\" src=\"https:\/\/das-stille-woertchen.de\/wp-content\/uploads\/2026\/01\/Mittel-IMG_8942.jpeg\" alt=\"\" class=\"wp-image-7133\" srcset=\"https:\/\/das-stille-woertchen.de\/wp-content\/uploads\/2026\/01\/Mittel-IMG_8942.jpeg 640w, https:\/\/das-stille-woertchen.de\/wp-content\/uploads\/2026\/01\/Mittel-IMG_8942-300x225.jpeg 300w\" sizes=\"auto, (max-width: 640px) 100vw, 640px\" \/><\/a><\/figure>\n<\/figure>\n\n\n\n<figure class=\"wp-block-gallery has-nested-images columns-default is-cropped wp-block-gallery-4 is-layout-flex wp-block-gallery-is-layout-flex\">\n<figure class=\"wp-block-image size-large\"><a href=\"https:\/\/das-stille-woertchen.de\/wp-content\/uploads\/2026\/01\/IMG_8936-scaled.jpg\"><img loading=\"lazy\" decoding=\"async\" width=\"1024\" height=\"768\" data-id=\"7139\" src=\"https:\/\/das-stille-woertchen.de\/wp-content\/uploads\/2026\/01\/IMG_8936-1024x768.jpg\" alt=\"\" class=\"wp-image-7139\" srcset=\"https:\/\/das-stille-woertchen.de\/wp-content\/uploads\/2026\/01\/IMG_8936-1024x768.jpg 1024w, https:\/\/das-stille-woertchen.de\/wp-content\/uploads\/2026\/01\/IMG_8936-300x225.jpg 300w, https:\/\/das-stille-woertchen.de\/wp-content\/uploads\/2026\/01\/IMG_8936-768x576.jpg 768w, https:\/\/das-stille-woertchen.de\/wp-content\/uploads\/2026\/01\/IMG_8936-1536x1152.jpg 1536w, https:\/\/das-stille-woertchen.de\/wp-content\/uploads\/2026\/01\/IMG_8936-2048x1536.jpg 2048w\" sizes=\"auto, (max-width: 1024px) 100vw, 1024px\" \/><\/a><\/figure>\n\n\n\n<figure class=\"wp-block-image size-large\"><a href=\"https:\/\/das-stille-woertchen.de\/wp-content\/uploads\/2026\/01\/IMG_8952-scaled.jpg\"><img loading=\"lazy\" decoding=\"async\" width=\"768\" height=\"1024\" data-id=\"7141\" src=\"https:\/\/das-stille-woertchen.de\/wp-content\/uploads\/2026\/01\/IMG_8952-768x1024.jpg\" alt=\"\" class=\"wp-image-7141\" srcset=\"https:\/\/das-stille-woertchen.de\/wp-content\/uploads\/2026\/01\/IMG_8952-768x1024.jpg 768w, https:\/\/das-stille-woertchen.de\/wp-content\/uploads\/2026\/01\/IMG_8952-225x300.jpg 225w, https:\/\/das-stille-woertchen.de\/wp-content\/uploads\/2026\/01\/IMG_8952-1152x1536.jpg 1152w, https:\/\/das-stille-woertchen.de\/wp-content\/uploads\/2026\/01\/IMG_8952-1536x2048.jpg 1536w, https:\/\/das-stille-woertchen.de\/wp-content\/uploads\/2026\/01\/IMG_8952-scaled.jpg 1920w\" sizes=\"auto, (max-width: 768px) 100vw, 768px\" \/><\/a><\/figure>\n\n\n\n<figure class=\"wp-block-image size-large\"><a href=\"https:\/\/das-stille-woertchen.de\/wp-content\/uploads\/2026\/01\/IMG_8946-1-scaled.jpg\"><img loading=\"lazy\" decoding=\"async\" width=\"1024\" height=\"768\" data-id=\"7140\" src=\"https:\/\/das-stille-woertchen.de\/wp-content\/uploads\/2026\/01\/IMG_8946-1-1024x768.jpg\" alt=\"\" class=\"wp-image-7140\" srcset=\"https:\/\/das-stille-woertchen.de\/wp-content\/uploads\/2026\/01\/IMG_8946-1-1024x768.jpg 1024w, https:\/\/das-stille-woertchen.de\/wp-content\/uploads\/2026\/01\/IMG_8946-1-300x225.jpg 300w, https:\/\/das-stille-woertchen.de\/wp-content\/uploads\/2026\/01\/IMG_8946-1-768x576.jpg 768w, https:\/\/das-stille-woertchen.de\/wp-content\/uploads\/2026\/01\/IMG_8946-1-1536x1152.jpg 1536w, https:\/\/das-stille-woertchen.de\/wp-content\/uploads\/2026\/01\/IMG_8946-1-2048x1536.jpg 2048w\" sizes=\"auto, (max-width: 1024px) 100vw, 1024px\" \/><\/a><\/figure>\n\n\n\n<figure class=\"wp-block-image size-large\"><a href=\"https:\/\/das-stille-woertchen.de\/wp-content\/uploads\/2026\/01\/IMG_8955-scaled.jpg\"><img loading=\"lazy\" decoding=\"async\" width=\"655\" height=\"1024\" data-id=\"7143\" src=\"https:\/\/das-stille-woertchen.de\/wp-content\/uploads\/2026\/01\/IMG_8955-655x1024.jpg\" alt=\"\" class=\"wp-image-7143\" srcset=\"https:\/\/das-stille-woertchen.de\/wp-content\/uploads\/2026\/01\/IMG_8955-655x1024.jpg 655w, https:\/\/das-stille-woertchen.de\/wp-content\/uploads\/2026\/01\/IMG_8955-192x300.jpg 192w, https:\/\/das-stille-woertchen.de\/wp-content\/uploads\/2026\/01\/IMG_8955-768x1201.jpg 768w, https:\/\/das-stille-woertchen.de\/wp-content\/uploads\/2026\/01\/IMG_8955-983x1536.jpg 983w, https:\/\/das-stille-woertchen.de\/wp-content\/uploads\/2026\/01\/IMG_8955-1310x2048.jpg 1310w, https:\/\/das-stille-woertchen.de\/wp-content\/uploads\/2026\/01\/IMG_8955-scaled.jpg 1638w\" sizes=\"auto, (max-width: 655px) 100vw, 655px\" \/><\/a><\/figure>\n\n\n\n<figure class=\"wp-block-image size-large\"><a href=\"https:\/\/das-stille-woertchen.de\/wp-content\/uploads\/2026\/01\/IMG_8954-scaled.jpg\"><img loading=\"lazy\" decoding=\"async\" width=\"768\" height=\"1024\" data-id=\"7144\" src=\"https:\/\/das-stille-woertchen.de\/wp-content\/uploads\/2026\/01\/IMG_8954-768x1024.jpg\" alt=\"\" class=\"wp-image-7144\" srcset=\"https:\/\/das-stille-woertchen.de\/wp-content\/uploads\/2026\/01\/IMG_8954-768x1024.jpg 768w, https:\/\/das-stille-woertchen.de\/wp-content\/uploads\/2026\/01\/IMG_8954-225x300.jpg 225w, https:\/\/das-stille-woertchen.de\/wp-content\/uploads\/2026\/01\/IMG_8954-1152x1536.jpg 1152w, https:\/\/das-stille-woertchen.de\/wp-content\/uploads\/2026\/01\/IMG_8954-1536x2048.jpg 1536w, https:\/\/das-stille-woertchen.de\/wp-content\/uploads\/2026\/01\/IMG_8954-scaled.jpg 1920w\" sizes=\"auto, (max-width: 768px) 100vw, 768px\" \/><\/a><\/figure>\n<\/figure>\n\n\n\n<p>Heimw\u00e4rts bin ich dann gleich noch in der Gundelsheimer B\u00fccherei vorbei geschneit:<br>Gruppe 7- Treffen nat\u00fcrlich! Und zwar das allerletzte mit unserem lieben Andreas Ulich &#8211; der ist n\u00e4mlich kurz darauf einfach aus Franken weggezogen! Und er feeeeeehlt!<\/p>\n\n\n<div class=\"wp-block-image\">\n<figure class=\"aligncenter size-large is-resized\"><a href=\"https:\/\/das-stille-woertchen.de\/wp-content\/uploads\/2026\/01\/34d20277-4e53-45d6-9096-ec5205ddf766-1.jpg\"><img loading=\"lazy\" decoding=\"async\" width=\"768\" height=\"1024\" src=\"https:\/\/das-stille-woertchen.de\/wp-content\/uploads\/2026\/01\/34d20277-4e53-45d6-9096-ec5205ddf766-1-768x1024.jpg\" alt=\"\" class=\"wp-image-7217\" style=\"width:404px;height:auto\" srcset=\"https:\/\/das-stille-woertchen.de\/wp-content\/uploads\/2026\/01\/34d20277-4e53-45d6-9096-ec5205ddf766-1-768x1024.jpg 768w, https:\/\/das-stille-woertchen.de\/wp-content\/uploads\/2026\/01\/34d20277-4e53-45d6-9096-ec5205ddf766-1-225x300.jpg 225w, https:\/\/das-stille-woertchen.de\/wp-content\/uploads\/2026\/01\/34d20277-4e53-45d6-9096-ec5205ddf766-1-1152x1536.jpg 1152w, https:\/\/das-stille-woertchen.de\/wp-content\/uploads\/2026\/01\/34d20277-4e53-45d6-9096-ec5205ddf766-1.jpg 1200w\" sizes=\"auto, (max-width: 768px) 100vw, 768px\" \/><\/a><\/figure><\/div>\n\n\n<p><br>Dann war ich noch in Tuttlingen. Da hatte mich eine Grundschule geladen und alles so herzlich organisiert &#8211; p\u00fcnktlich zum Fr\u00fchlingsanfang mit Fr\u00fchlingswetter. So kam es, dass ich in der Mittagspause beim sonnigen Autogrammbekritzeln meine Hose dekoriert habe! (Seitdem trag ich sie falschrum. :-))<\/p>\n\n\n\n<p><\/p>\n\n\n\n<figure class=\"wp-block-gallery has-nested-images columns-default is-cropped wp-block-gallery-5 is-layout-flex wp-block-gallery-is-layout-flex\">\n<figure class=\"wp-block-image size-large\"><a href=\"https:\/\/das-stille-woertchen.de\/wp-content\/uploads\/2026\/01\/Mittel-IMG_9218.jpeg\"><img loading=\"lazy\" decoding=\"async\" width=\"640\" height=\"480\" data-id=\"7148\" src=\"https:\/\/das-stille-woertchen.de\/wp-content\/uploads\/2026\/01\/Mittel-IMG_9218.jpeg\" alt=\"\" class=\"wp-image-7148\" srcset=\"https:\/\/das-stille-woertchen.de\/wp-content\/uploads\/2026\/01\/Mittel-IMG_9218.jpeg 640w, https:\/\/das-stille-woertchen.de\/wp-content\/uploads\/2026\/01\/Mittel-IMG_9218-300x225.jpeg 300w\" sizes=\"auto, (max-width: 640px) 100vw, 640px\" \/><\/a><\/figure>\n\n\n\n<figure class=\"wp-block-image size-large\"><a href=\"https:\/\/das-stille-woertchen.de\/wp-content\/uploads\/2026\/01\/Mittel-IMG_9220.jpeg\"><img loading=\"lazy\" decoding=\"async\" width=\"640\" height=\"480\" data-id=\"7147\" src=\"https:\/\/das-stille-woertchen.de\/wp-content\/uploads\/2026\/01\/Mittel-IMG_9220.jpeg\" alt=\"\" class=\"wp-image-7147\" srcset=\"https:\/\/das-stille-woertchen.de\/wp-content\/uploads\/2026\/01\/Mittel-IMG_9220.jpeg 640w, https:\/\/das-stille-woertchen.de\/wp-content\/uploads\/2026\/01\/Mittel-IMG_9220-300x225.jpeg 300w\" sizes=\"auto, (max-width: 640px) 100vw, 640px\" \/><\/a><\/figure>\n\n\n\n<figure class=\"wp-block-image size-large\"><a href=\"https:\/\/das-stille-woertchen.de\/wp-content\/uploads\/2026\/01\/Mittel-IMG_9225.jpeg\"><img loading=\"lazy\" decoding=\"async\" width=\"480\" height=\"640\" data-id=\"7149\" src=\"https:\/\/das-stille-woertchen.de\/wp-content\/uploads\/2026\/01\/Mittel-IMG_9225.jpeg\" alt=\"\" class=\"wp-image-7149\" srcset=\"https:\/\/das-stille-woertchen.de\/wp-content\/uploads\/2026\/01\/Mittel-IMG_9225.jpeg 480w, https:\/\/das-stille-woertchen.de\/wp-content\/uploads\/2026\/01\/Mittel-IMG_9225-225x300.jpeg 225w\" sizes=\"auto, (max-width: 480px) 100vw, 480px\" \/><\/a><\/figure>\n<\/figure>\n\n\n\n<p>Ach, nach Passau bin ich auch noch ged\u00fcst! Etwas fr\u00fcher &#8211; Anfang M\u00e4rz und da war es wenig fr\u00fchlingshaft. Wie das bei Winterlesereisen oftmals so ist, hatte ich nach Ankunft noch etwa eine Stunde Tageslicht, um die Stadt zu bestaunen. Aber im Dunkeln war&#8217;s zumindest auch sehr schick. Die Dreifl\u00fcssestadt Passau ist auf jeden Fall, auch abseits von Vorlesereien, einen Besuch wert. Der Empfang in der Schule war ebenso sehr, sehr nett. (Beweisfotos hab ich bei der Lesung mal wieder vergessen.)<\/p>\n\n\n\n<figure class=\"wp-block-gallery has-nested-images columns-default is-cropped wp-block-gallery-6 is-layout-flex wp-block-gallery-is-layout-flex\">\n<figure class=\"wp-block-image size-large\"><a href=\"https:\/\/das-stille-woertchen.de\/wp-content\/uploads\/2026\/01\/Mittel-IMG_9068.jpeg\"><img loading=\"lazy\" decoding=\"async\" width=\"480\" height=\"640\" data-id=\"7162\" src=\"https:\/\/das-stille-woertchen.de\/wp-content\/uploads\/2026\/01\/Mittel-IMG_9068.jpeg\" alt=\"\" class=\"wp-image-7162\" srcset=\"https:\/\/das-stille-woertchen.de\/wp-content\/uploads\/2026\/01\/Mittel-IMG_9068.jpeg 480w, https:\/\/das-stille-woertchen.de\/wp-content\/uploads\/2026\/01\/Mittel-IMG_9068-225x300.jpeg 225w\" sizes=\"auto, (max-width: 480px) 100vw, 480px\" \/><\/a><\/figure>\n\n\n\n<figure class=\"wp-block-image size-large\"><a href=\"https:\/\/das-stille-woertchen.de\/wp-content\/uploads\/2026\/01\/Mittel-IMG_9074.jpeg\"><img loading=\"lazy\" decoding=\"async\" width=\"480\" height=\"640\" data-id=\"7163\" src=\"https:\/\/das-stille-woertchen.de\/wp-content\/uploads\/2026\/01\/Mittel-IMG_9074.jpeg\" alt=\"\" class=\"wp-image-7163\" srcset=\"https:\/\/das-stille-woertchen.de\/wp-content\/uploads\/2026\/01\/Mittel-IMG_9074.jpeg 480w, https:\/\/das-stille-woertchen.de\/wp-content\/uploads\/2026\/01\/Mittel-IMG_9074-225x300.jpeg 225w\" sizes=\"auto, (max-width: 480px) 100vw, 480px\" \/><\/a><\/figure>\n\n\n\n<figure class=\"wp-block-image size-large\"><a href=\"https:\/\/das-stille-woertchen.de\/wp-content\/uploads\/2026\/01\/Mittel-IMG_9083.jpeg\"><img loading=\"lazy\" decoding=\"async\" width=\"480\" height=\"640\" data-id=\"7169\" src=\"https:\/\/das-stille-woertchen.de\/wp-content\/uploads\/2026\/01\/Mittel-IMG_9083.jpeg\" alt=\"\" class=\"wp-image-7169\" srcset=\"https:\/\/das-stille-woertchen.de\/wp-content\/uploads\/2026\/01\/Mittel-IMG_9083.jpeg 480w, https:\/\/das-stille-woertchen.de\/wp-content\/uploads\/2026\/01\/Mittel-IMG_9083-225x300.jpeg 225w\" sizes=\"auto, (max-width: 480px) 100vw, 480px\" \/><\/a><\/figure>\n\n\n\n<figure class=\"wp-block-image size-large\"><a href=\"https:\/\/das-stille-woertchen.de\/wp-content\/uploads\/2026\/01\/Mittel-IMG_9087.jpeg\"><img loading=\"lazy\" decoding=\"async\" width=\"640\" height=\"480\" data-id=\"7167\" src=\"https:\/\/das-stille-woertchen.de\/wp-content\/uploads\/2026\/01\/Mittel-IMG_9087.jpeg\" alt=\"\" class=\"wp-image-7167\" srcset=\"https:\/\/das-stille-woertchen.de\/wp-content\/uploads\/2026\/01\/Mittel-IMG_9087.jpeg 640w, https:\/\/das-stille-woertchen.de\/wp-content\/uploads\/2026\/01\/Mittel-IMG_9087-300x225.jpeg 300w\" sizes=\"auto, (max-width: 640px) 100vw, 640px\" \/><\/a><\/figure>\n\n\n\n<figure class=\"wp-block-image size-large\"><a href=\"https:\/\/das-stille-woertchen.de\/wp-content\/uploads\/2026\/01\/Mittel-IMG_9096.jpeg\"><img loading=\"lazy\" decoding=\"async\" width=\"480\" height=\"640\" data-id=\"7168\" src=\"https:\/\/das-stille-woertchen.de\/wp-content\/uploads\/2026\/01\/Mittel-IMG_9096.jpeg\" alt=\"\" class=\"wp-image-7168\" srcset=\"https:\/\/das-stille-woertchen.de\/wp-content\/uploads\/2026\/01\/Mittel-IMG_9096.jpeg 480w, https:\/\/das-stille-woertchen.de\/wp-content\/uploads\/2026\/01\/Mittel-IMG_9096-225x300.jpeg 225w\" sizes=\"auto, (max-width: 480px) 100vw, 480px\" \/><\/a><\/figure>\n\n\n\n<figure class=\"wp-block-image size-large\"><a href=\"https:\/\/das-stille-woertchen.de\/wp-content\/uploads\/2026\/01\/Mittel-IMG_9089.jpeg\"><img loading=\"lazy\" decoding=\"async\" width=\"480\" height=\"640\" data-id=\"7164\" src=\"https:\/\/das-stille-woertchen.de\/wp-content\/uploads\/2026\/01\/Mittel-IMG_9089.jpeg\" alt=\"\" class=\"wp-image-7164\" srcset=\"https:\/\/das-stille-woertchen.de\/wp-content\/uploads\/2026\/01\/Mittel-IMG_9089.jpeg 480w, https:\/\/das-stille-woertchen.de\/wp-content\/uploads\/2026\/01\/Mittel-IMG_9089-225x300.jpeg 225w\" sizes=\"auto, (max-width: 480px) 100vw, 480px\" \/><\/a><\/figure>\n<\/figure>\n\n\n\n<p>Zudem hatte mich noch F\u00fcrth geladen. Zum Lesefr\u00fchling in die Stadtbibliothek &#8211; dort war meine &#8222;Kn\u00e4ckebrothelden&#8220;-Premiere vor sechsten Klassen. Gleich doppelt spannend! Normalerweise hab ich ja eher Grundschulpublikum. Und dann ist das noch das erste meiner B\u00fccher, das ein etwas ernsteres Thema hat &#8211; Tod und Abschied. Zwar humorvoll und mit viel Herz verpackt, aber trotzdem. Tats\u00e4chlich war das schon etwas anders als bei meinen anderen Lesungen. Aber weniger wegen des Themas, sondern weil die Gro\u00dfen anfangs teilweise ein bisschen schwerer zu &#8222;knacken&#8220; sind als die Grundschulkinder. Doch langsam lerne ich, dass ein wenig (anf\u00e4ngliche) Coolheit im Publikum noch lange nicht bedeutet, dass es den Beinahe-Teenies nicht gef\u00e4llt.<\/p>\n\n\n\n<figure class=\"wp-block-gallery has-nested-images columns-default is-cropped wp-block-gallery-7 is-layout-flex wp-block-gallery-is-layout-flex\">\n<figure class=\"wp-block-image size-large\"><a href=\"https:\/\/das-stille-woertchen.de\/wp-content\/uploads\/2026\/01\/Mittel-IMG_9268.jpeg\"><img loading=\"lazy\" decoding=\"async\" width=\"480\" height=\"640\" data-id=\"7151\" src=\"https:\/\/das-stille-woertchen.de\/wp-content\/uploads\/2026\/01\/Mittel-IMG_9268.jpeg\" alt=\"\" class=\"wp-image-7151\" srcset=\"https:\/\/das-stille-woertchen.de\/wp-content\/uploads\/2026\/01\/Mittel-IMG_9268.jpeg 480w, https:\/\/das-stille-woertchen.de\/wp-content\/uploads\/2026\/01\/Mittel-IMG_9268-225x300.jpeg 225w\" sizes=\"auto, (max-width: 480px) 100vw, 480px\" \/><\/a><\/figure>\n\n\n\n<figure class=\"wp-block-image size-large\"><a href=\"https:\/\/das-stille-woertchen.de\/wp-content\/uploads\/2026\/01\/Mittel-IMG_9273.jpeg\"><img loading=\"lazy\" decoding=\"async\" width=\"640\" height=\"480\" data-id=\"7152\" src=\"https:\/\/das-stille-woertchen.de\/wp-content\/uploads\/2026\/01\/Mittel-IMG_9273.jpeg\" alt=\"\" class=\"wp-image-7152\" srcset=\"https:\/\/das-stille-woertchen.de\/wp-content\/uploads\/2026\/01\/Mittel-IMG_9273.jpeg 640w, https:\/\/das-stille-woertchen.de\/wp-content\/uploads\/2026\/01\/Mittel-IMG_9273-300x225.jpeg 300w\" sizes=\"auto, (max-width: 640px) 100vw, 640px\" \/><\/a><\/figure>\n<\/figure>\n\n\n\n<p>Von dort ging es beinahe schnurstracks weiter zur Leipziger Buchmesse. Dort hab ich sowohl die &#8222;Kn\u00e4ckebrothelden&#8220; als auch den ersten Band meiner nigelnagelneuen Reihe &#8222;Insel der Tierabenteuer&#8220; (einzigartig illustriert von Sarah Garbers!) und zudem &#8222;Chilli, die faulste Piratin der Welt&#8220; vorgestellt. Auf Lesungen in der Stadt, bei Messelesungen, bei Interviews &#8230; Ganz sch\u00f6n spannend! (Ich glaube, das letzte Mal war ich 2017 in Leipzig. Noch mit einer Kr\u00fcmel &amp; Fussel-Lesung. Wie die Zeit vergeht!) <br><br>Au\u00dferdem hatte ich nette Verlagsessen und ein bisschen Zeit f\u00fcr Mini-Treffen mit Kolleginnen (all das mal wieder ohne Fotobeweis) war auch \u00fcbrig. Und neben dem kunterbunten Haus dort unten auf dem Bild hatte ich eine sehr, sehr ber\u00fchrende Lesung:<br>Vor einer f\u00fcnften Klasse hab ich die &#8222;Kn\u00e4ckebrothelden&#8220; gelesen. Und hinterher haben wir so herzerw\u00e4rmende, g\u00e4nseh\u00e4utige, r\u00fchrende und gar nicht traurige Gespr\u00e4che \u00fcber das Abschiednehmen, Trauern und Tr\u00f6sten gef\u00fchrt. (Kinder sind einfach so toll! Manchmal denkt man ja schon, man hat den wunderbarsten Beruf der Welt.)<\/p>\n\n\n\n<figure class=\"wp-block-gallery has-nested-images columns-default is-cropped wp-block-gallery-8 is-layout-flex wp-block-gallery-is-layout-flex\">\n<figure class=\"wp-block-image size-large\"><a href=\"https:\/\/das-stille-woertchen.de\/wp-content\/uploads\/2026\/01\/Mittel-IMG_9304.jpeg\"><img loading=\"lazy\" decoding=\"async\" width=\"480\" height=\"640\" data-id=\"7154\" src=\"https:\/\/das-stille-woertchen.de\/wp-content\/uploads\/2026\/01\/Mittel-IMG_9304.jpeg\" alt=\"\" class=\"wp-image-7154\" srcset=\"https:\/\/das-stille-woertchen.de\/wp-content\/uploads\/2026\/01\/Mittel-IMG_9304.jpeg 480w, https:\/\/das-stille-woertchen.de\/wp-content\/uploads\/2026\/01\/Mittel-IMG_9304-225x300.jpeg 225w\" sizes=\"auto, (max-width: 480px) 100vw, 480px\" \/><\/a><\/figure>\n\n\n\n<figure class=\"wp-block-image size-large\"><a href=\"https:\/\/das-stille-woertchen.de\/wp-content\/uploads\/2026\/01\/Mittel-IMG_9342.jpeg\"><img loading=\"lazy\" decoding=\"async\" width=\"640\" height=\"480\" data-id=\"7155\" src=\"https:\/\/das-stille-woertchen.de\/wp-content\/uploads\/2026\/01\/Mittel-IMG_9342.jpeg\" alt=\"\" class=\"wp-image-7155\" srcset=\"https:\/\/das-stille-woertchen.de\/wp-content\/uploads\/2026\/01\/Mittel-IMG_9342.jpeg 640w, https:\/\/das-stille-woertchen.de\/wp-content\/uploads\/2026\/01\/Mittel-IMG_9342-300x225.jpeg 300w\" sizes=\"auto, (max-width: 640px) 100vw, 640px\" \/><\/a><\/figure>\n\n\n\n<figure class=\"wp-block-image size-large\"><a href=\"https:\/\/das-stille-woertchen.de\/wp-content\/uploads\/2026\/01\/Mittel-IMG_9321.jpeg\"><img loading=\"lazy\" decoding=\"async\" width=\"566\" height=\"640\" data-id=\"7159\" src=\"https:\/\/das-stille-woertchen.de\/wp-content\/uploads\/2026\/01\/Mittel-IMG_9321.jpeg\" alt=\"\" class=\"wp-image-7159\" srcset=\"https:\/\/das-stille-woertchen.de\/wp-content\/uploads\/2026\/01\/Mittel-IMG_9321.jpeg 566w, https:\/\/das-stille-woertchen.de\/wp-content\/uploads\/2026\/01\/Mittel-IMG_9321-265x300.jpeg 265w\" sizes=\"auto, (max-width: 566px) 100vw, 566px\" \/><\/a><\/figure>\n\n\n\n<figure class=\"wp-block-image size-large\"><a href=\"https:\/\/das-stille-woertchen.de\/wp-content\/uploads\/2026\/01\/Mittel-IMG_9327.jpeg\"><img loading=\"lazy\" decoding=\"async\" width=\"480\" height=\"640\" data-id=\"7153\" src=\"https:\/\/das-stille-woertchen.de\/wp-content\/uploads\/2026\/01\/Mittel-IMG_9327.jpeg\" alt=\"\" class=\"wp-image-7153\" srcset=\"https:\/\/das-stille-woertchen.de\/wp-content\/uploads\/2026\/01\/Mittel-IMG_9327.jpeg 480w, https:\/\/das-stille-woertchen.de\/wp-content\/uploads\/2026\/01\/Mittel-IMG_9327-225x300.jpeg 225w\" sizes=\"auto, (max-width: 480px) 100vw, 480px\" \/><\/a><\/figure>\n\n\n\n<figure class=\"wp-block-image size-large\"><a href=\"https:\/\/das-stille-woertchen.de\/wp-content\/uploads\/2026\/01\/IMG_9348.jpg\"><img loading=\"lazy\" decoding=\"async\" width=\"568\" height=\"568\" data-id=\"7171\" src=\"https:\/\/das-stille-woertchen.de\/wp-content\/uploads\/2026\/01\/IMG_9348-edited-1.jpg\" alt=\"\" class=\"wp-image-7171\" srcset=\"https:\/\/das-stille-woertchen.de\/wp-content\/uploads\/2026\/01\/IMG_9348-edited-1.jpg 568w, https:\/\/das-stille-woertchen.de\/wp-content\/uploads\/2026\/01\/IMG_9348-edited-1-300x300.jpg 300w, https:\/\/das-stille-woertchen.de\/wp-content\/uploads\/2026\/01\/IMG_9348-edited-1-150x150.jpg 150w\" sizes=\"auto, (max-width: 568px) 100vw, 568px\" \/><\/a><\/figure>\n\n\n\n<figure class=\"wp-block-image size-large\"><a href=\"https:\/\/das-stille-woertchen.de\/wp-content\/uploads\/2026\/01\/Mittel-IMG_9344.jpeg\"><img loading=\"lazy\" decoding=\"async\" width=\"480\" height=\"640\" data-id=\"7158\" src=\"https:\/\/das-stille-woertchen.de\/wp-content\/uploads\/2026\/01\/Mittel-IMG_9344.jpeg\" alt=\"\" class=\"wp-image-7158\" srcset=\"https:\/\/das-stille-woertchen.de\/wp-content\/uploads\/2026\/01\/Mittel-IMG_9344.jpeg 480w, https:\/\/das-stille-woertchen.de\/wp-content\/uploads\/2026\/01\/Mittel-IMG_9344-225x300.jpeg 225w\" sizes=\"auto, (max-width: 480px) 100vw, 480px\" \/><\/a><\/figure>\n<\/figure>\n\n\n\n<p>Nach der Gro\u00dfstadtsause ein klitzekleines Momentchen auf Gut Pusteblume verschnauft &#8211; und dann ging es &#8211; zack &#8211; ab nach Bologna zur gr\u00f6\u00dften Kinderbuchmesse der Welt!<br>\u00c4u\u00dferst turbulent war dieser M\u00e4rz, f\u00fcr ein eigentlich doch so gem\u00fctliches Landei, wie ich eines bin.<\/p>\n\n\n\n<p>Ja und die Reise nach Bologna hat mich auch gleich nochmal heraus gefordert! BEINAHE h\u00e4tte ich den Railjet in M\u00fcnchen verpasst &#8211; und darin sa\u00df doch meine Reisetruppe!<br><br>(Aber etwas Gutes hatte es, das dreist\u00fcndige im versp\u00e4teten Zug zappeln und hoffen und bangen. Ich hab in meiner Not mit dem Smartphone eine Instagramstory abgesetzt &#8211; was ich sonst fast nie mache! Und die hat die tolle <a href=\"https:\/\/www.julia-bierkandt.de\/\">Julia Bierkandt<\/a> gelesen, eine supernette und supertolle Illustratorin. So hat sie mitgekriegt, dass ich wie sie, in Franken wohne. Ja und dank dieser Episode kennen wir uns jetzt so richtig in echt, sehen uns regelm\u00e4\u00dfig mit der Gruppe 7 und das ist wirklich ein gro\u00dfes Gl\u00fcck!)<\/p>\n\n\n\n<p>Weil die Bologna-Reise bis in den April reicht, wechseln wir nun aber schnell mal  den Monat (dieser hier ist ja auch schon sowas von \u00fcbervoll!)<\/p>\n\n\n\n<p><strong>April <\/strong><br><br>Hach, seufz, schmacht &#8211; Bologna also mal wieder. Seit 2016 reise ich (bis auf Corona-Pausen)  jetzt jedes Jahr hin. Dank der liebsten Joelle Tourlonias, die mich mit ihren Schw\u00e4rmereien angesteckt und eine zauberhafte Bologna-WG (das sogenannte &#8222;Familienzimmer&#8220; &#8211; denn beim ersten Mal hatten wir ein Hotelzimmer zu f\u00fcnft) zusammen gew\u00fcrftelt hat, die seitdem mindestens einmal im Jahr unzertrennlich ist. <br><br>Ich zeig euch jetzt einfach erstmal, warum es in Bologna so toll ist. Ach nee. Ich verrate es vorher schon: Weil die Kinderbuchmenschen einfach so unglaublich liebenswert und lustig sind! <br>(Naja und weil Bologna in Italien liegt, es Pizza gibt und gerne mal die Sonne scheint &#8211; deshalb auch. Aber mit so einer Truppe w\u00fcrde ich auch in den Schnee reisen!)<br>Und nebenbei t\u00fcftelt man auch noch miteinander Buchideen aus oder kriegt anderweitig tolle Inspirationen.&#8216;<br>Netzwerken auf die wundervollste Art ist das! (Sozusagen fast unbemerkt, ganz nebenbei.)<\/p>\n\n\n\n<p><\/p>\n\n\n\n<figure class=\"wp-block-gallery has-nested-images columns-default is-cropped wp-block-gallery-9 is-layout-flex wp-block-gallery-is-layout-flex\">\n<figure class=\"wp-block-image size-large\"><a href=\"https:\/\/das-stille-woertchen.de\/wp-content\/uploads\/2026\/01\/Mittel-IMG_9374.jpeg\"><img loading=\"lazy\" decoding=\"async\" width=\"640\" height=\"480\" data-id=\"7175\" src=\"https:\/\/das-stille-woertchen.de\/wp-content\/uploads\/2026\/01\/Mittel-IMG_9374.jpeg\" alt=\"\" class=\"wp-image-7175\" srcset=\"https:\/\/das-stille-woertchen.de\/wp-content\/uploads\/2026\/01\/Mittel-IMG_9374.jpeg 640w, https:\/\/das-stille-woertchen.de\/wp-content\/uploads\/2026\/01\/Mittel-IMG_9374-300x225.jpeg 300w\" sizes=\"auto, (max-width: 640px) 100vw, 640px\" \/><\/a><\/figure>\n\n\n\n<figure class=\"wp-block-image size-large\"><a href=\"https:\/\/das-stille-woertchen.de\/wp-content\/uploads\/2026\/01\/Mittel-IMG_9409.jpeg\"><img loading=\"lazy\" decoding=\"async\" width=\"640\" height=\"480\" data-id=\"7185\" src=\"https:\/\/das-stille-woertchen.de\/wp-content\/uploads\/2026\/01\/Mittel-IMG_9409.jpeg\" alt=\"\" class=\"wp-image-7185\" srcset=\"https:\/\/das-stille-woertchen.de\/wp-content\/uploads\/2026\/01\/Mittel-IMG_9409.jpeg 640w, https:\/\/das-stille-woertchen.de\/wp-content\/uploads\/2026\/01\/Mittel-IMG_9409-300x225.jpeg 300w\" sizes=\"auto, (max-width: 640px) 100vw, 640px\" \/><\/a><\/figure>\n\n\n\n<figure class=\"wp-block-image size-large\"><a href=\"https:\/\/das-stille-woertchen.de\/wp-content\/uploads\/2026\/01\/Mittel-IMG_9389.jpeg\"><img loading=\"lazy\" decoding=\"async\" width=\"480\" height=\"640\" data-id=\"7173\" src=\"https:\/\/das-stille-woertchen.de\/wp-content\/uploads\/2026\/01\/Mittel-IMG_9389.jpeg\" alt=\"\" class=\"wp-image-7173\" srcset=\"https:\/\/das-stille-woertchen.de\/wp-content\/uploads\/2026\/01\/Mittel-IMG_9389.jpeg 480w, https:\/\/das-stille-woertchen.de\/wp-content\/uploads\/2026\/01\/Mittel-IMG_9389-225x300.jpeg 225w\" sizes=\"auto, (max-width: 480px) 100vw, 480px\" \/><\/a><\/figure>\n\n\n\n<figure class=\"wp-block-image size-large\"><a href=\"https:\/\/das-stille-woertchen.de\/wp-content\/uploads\/2026\/01\/Mittel-IMG_9430.jpeg\"><img loading=\"lazy\" decoding=\"async\" width=\"640\" height=\"481\" data-id=\"7179\" src=\"https:\/\/das-stille-woertchen.de\/wp-content\/uploads\/2026\/01\/Mittel-IMG_9430.jpeg\" alt=\"\" class=\"wp-image-7179\" srcset=\"https:\/\/das-stille-woertchen.de\/wp-content\/uploads\/2026\/01\/Mittel-IMG_9430.jpeg 640w, https:\/\/das-stille-woertchen.de\/wp-content\/uploads\/2026\/01\/Mittel-IMG_9430-300x225.jpeg 300w\" sizes=\"auto, (max-width: 640px) 100vw, 640px\" \/><\/a><\/figure>\n\n\n\n<figure class=\"wp-block-image size-large\"><a href=\"https:\/\/das-stille-woertchen.de\/wp-content\/uploads\/2026\/01\/Mittel-IMG_7133.jpeg\"><img loading=\"lazy\" decoding=\"async\" width=\"640\" height=\"480\" data-id=\"7182\" src=\"https:\/\/das-stille-woertchen.de\/wp-content\/uploads\/2026\/01\/Mittel-IMG_7133.jpeg\" alt=\"\" class=\"wp-image-7182\" srcset=\"https:\/\/das-stille-woertchen.de\/wp-content\/uploads\/2026\/01\/Mittel-IMG_7133.jpeg 640w, https:\/\/das-stille-woertchen.de\/wp-content\/uploads\/2026\/01\/Mittel-IMG_7133-300x225.jpeg 300w\" sizes=\"auto, (max-width: 640px) 100vw, 640px\" \/><\/a><\/figure>\n\n\n\n<figure class=\"wp-block-image size-large\"><a href=\"https:\/\/das-stille-woertchen.de\/wp-content\/uploads\/2026\/01\/Mittel-IMG_9415.jpeg\"><img loading=\"lazy\" decoding=\"async\" width=\"640\" height=\"481\" data-id=\"7197\" src=\"https:\/\/das-stille-woertchen.de\/wp-content\/uploads\/2026\/01\/Mittel-IMG_9415.jpeg\" alt=\"\" class=\"wp-image-7197\" srcset=\"https:\/\/das-stille-woertchen.de\/wp-content\/uploads\/2026\/01\/Mittel-IMG_9415.jpeg 640w, https:\/\/das-stille-woertchen.de\/wp-content\/uploads\/2026\/01\/Mittel-IMG_9415-300x225.jpeg 300w\" sizes=\"auto, (max-width: 640px) 100vw, 640px\" \/><\/a><\/figure>\n\n\n\n<figure class=\"wp-block-image size-large\"><a href=\"https:\/\/das-stille-woertchen.de\/wp-content\/uploads\/2026\/01\/Mittel-IMG_9423.jpeg\"><img loading=\"lazy\" decoding=\"async\" width=\"640\" height=\"480\" data-id=\"7190\" src=\"https:\/\/das-stille-woertchen.de\/wp-content\/uploads\/2026\/01\/Mittel-IMG_9423.jpeg\" alt=\"\" class=\"wp-image-7190\" srcset=\"https:\/\/das-stille-woertchen.de\/wp-content\/uploads\/2026\/01\/Mittel-IMG_9423.jpeg 640w, https:\/\/das-stille-woertchen.de\/wp-content\/uploads\/2026\/01\/Mittel-IMG_9423-300x225.jpeg 300w\" sizes=\"auto, (max-width: 640px) 100vw, 640px\" \/><\/a><\/figure>\n\n\n\n<figure class=\"wp-block-image size-large\"><a href=\"https:\/\/das-stille-woertchen.de\/wp-content\/uploads\/2026\/01\/Mittel-IMG_9440.jpeg\"><img loading=\"lazy\" decoding=\"async\" width=\"480\" height=\"640\" data-id=\"7198\" src=\"https:\/\/das-stille-woertchen.de\/wp-content\/uploads\/2026\/01\/Mittel-IMG_9440.jpeg\" alt=\"\" class=\"wp-image-7198\" srcset=\"https:\/\/das-stille-woertchen.de\/wp-content\/uploads\/2026\/01\/Mittel-IMG_9440.jpeg 480w, https:\/\/das-stille-woertchen.de\/wp-content\/uploads\/2026\/01\/Mittel-IMG_9440-225x300.jpeg 225w\" sizes=\"auto, (max-width: 480px) 100vw, 480px\" \/><\/a><\/figure>\n\n\n\n<figure class=\"wp-block-image size-large\"><a href=\"https:\/\/das-stille-woertchen.de\/wp-content\/uploads\/2026\/01\/Mittel-IMG_9426.jpeg\"><img loading=\"lazy\" decoding=\"async\" width=\"480\" height=\"640\" data-id=\"7181\" src=\"https:\/\/das-stille-woertchen.de\/wp-content\/uploads\/2026\/01\/Mittel-IMG_9426.jpeg\" alt=\"\" class=\"wp-image-7181\" srcset=\"https:\/\/das-stille-woertchen.de\/wp-content\/uploads\/2026\/01\/Mittel-IMG_9426.jpeg 480w, https:\/\/das-stille-woertchen.de\/wp-content\/uploads\/2026\/01\/Mittel-IMG_9426-225x300.jpeg 225w\" sizes=\"auto, (max-width: 480px) 100vw, 480px\" \/><\/a><\/figure>\n\n\n\n<figure class=\"wp-block-image size-large\"><a href=\"https:\/\/das-stille-woertchen.de\/wp-content\/uploads\/2026\/01\/Mittel-IMG_9457.jpeg\"><img loading=\"lazy\" decoding=\"async\" width=\"640\" height=\"480\" data-id=\"7186\" src=\"https:\/\/das-stille-woertchen.de\/wp-content\/uploads\/2026\/01\/Mittel-IMG_9457.jpeg\" alt=\"\" class=\"wp-image-7186\" srcset=\"https:\/\/das-stille-woertchen.de\/wp-content\/uploads\/2026\/01\/Mittel-IMG_9457.jpeg 640w, https:\/\/das-stille-woertchen.de\/wp-content\/uploads\/2026\/01\/Mittel-IMG_9457-300x225.jpeg 300w\" sizes=\"auto, (max-width: 640px) 100vw, 640px\" \/><\/a><\/figure>\n\n\n\n<figure class=\"wp-block-image size-large\"><a href=\"https:\/\/das-stille-woertchen.de\/wp-content\/uploads\/2026\/01\/Mittel-IMG_9461.jpeg\"><img loading=\"lazy\" decoding=\"async\" width=\"481\" height=\"640\" data-id=\"7176\" src=\"https:\/\/das-stille-woertchen.de\/wp-content\/uploads\/2026\/01\/Mittel-IMG_9461.jpeg\" alt=\"\" class=\"wp-image-7176\" srcset=\"https:\/\/das-stille-woertchen.de\/wp-content\/uploads\/2026\/01\/Mittel-IMG_9461.jpeg 481w, https:\/\/das-stille-woertchen.de\/wp-content\/uploads\/2026\/01\/Mittel-IMG_9461-225x300.jpeg 225w\" sizes=\"auto, (max-width: 481px) 100vw, 481px\" \/><\/a><\/figure>\n\n\n\n<figure class=\"wp-block-image size-large\"><a href=\"https:\/\/das-stille-woertchen.de\/wp-content\/uploads\/2026\/01\/Mittel-IMG_9473.jpeg\"><img loading=\"lazy\" decoding=\"async\" width=\"640\" height=\"480\" data-id=\"7192\" src=\"https:\/\/das-stille-woertchen.de\/wp-content\/uploads\/2026\/01\/Mittel-IMG_9473.jpeg\" alt=\"\" class=\"wp-image-7192\" srcset=\"https:\/\/das-stille-woertchen.de\/wp-content\/uploads\/2026\/01\/Mittel-IMG_9473.jpeg 640w, https:\/\/das-stille-woertchen.de\/wp-content\/uploads\/2026\/01\/Mittel-IMG_9473-300x225.jpeg 300w\" sizes=\"auto, (max-width: 640px) 100vw, 640px\" \/><\/a><\/figure>\n\n\n\n<figure class=\"wp-block-image size-large\"><a href=\"https:\/\/das-stille-woertchen.de\/wp-content\/uploads\/2026\/01\/Mittel-IMG_9480.jpeg\"><img loading=\"lazy\" decoding=\"async\" width=\"640\" height=\"480\" data-id=\"7177\" src=\"https:\/\/das-stille-woertchen.de\/wp-content\/uploads\/2026\/01\/Mittel-IMG_9480.jpeg\" alt=\"\" class=\"wp-image-7177\" srcset=\"https:\/\/das-stille-woertchen.de\/wp-content\/uploads\/2026\/01\/Mittel-IMG_9480.jpeg 640w, https:\/\/das-stille-woertchen.de\/wp-content\/uploads\/2026\/01\/Mittel-IMG_9480-300x225.jpeg 300w\" sizes=\"auto, (max-width: 640px) 100vw, 640px\" \/><\/a><\/figure>\n\n\n\n<figure class=\"wp-block-image size-large\"><a href=\"https:\/\/das-stille-woertchen.de\/wp-content\/uploads\/2026\/01\/Mittel-IMG_9515.jpeg\"><img loading=\"lazy\" decoding=\"async\" width=\"640\" height=\"481\" data-id=\"7180\" src=\"https:\/\/das-stille-woertchen.de\/wp-content\/uploads\/2026\/01\/Mittel-IMG_9515.jpeg\" alt=\"\" class=\"wp-image-7180\" srcset=\"https:\/\/das-stille-woertchen.de\/wp-content\/uploads\/2026\/01\/Mittel-IMG_9515.jpeg 640w, https:\/\/das-stille-woertchen.de\/wp-content\/uploads\/2026\/01\/Mittel-IMG_9515-300x225.jpeg 300w\" sizes=\"auto, (max-width: 640px) 100vw, 640px\" \/><\/a><\/figure>\n\n\n\n<figure class=\"wp-block-image size-large\"><a href=\"https:\/\/das-stille-woertchen.de\/wp-content\/uploads\/2026\/01\/Mittel-IMG_9481.jpeg\"><img loading=\"lazy\" decoding=\"async\" width=\"640\" height=\"480\" data-id=\"7174\" src=\"https:\/\/das-stille-woertchen.de\/wp-content\/uploads\/2026\/01\/Mittel-IMG_9481.jpeg\" alt=\"\" class=\"wp-image-7174\" srcset=\"https:\/\/das-stille-woertchen.de\/wp-content\/uploads\/2026\/01\/Mittel-IMG_9481.jpeg 640w, https:\/\/das-stille-woertchen.de\/wp-content\/uploads\/2026\/01\/Mittel-IMG_9481-300x225.jpeg 300w\" sizes=\"auto, (max-width: 640px) 100vw, 640px\" \/><\/a><\/figure>\n\n\n\n<figure class=\"wp-block-image size-large\"><a href=\"https:\/\/das-stille-woertchen.de\/wp-content\/uploads\/2026\/01\/Mittel-IMG_9522.jpeg\"><img loading=\"lazy\" decoding=\"async\" width=\"640\" height=\"480\" data-id=\"7191\" src=\"https:\/\/das-stille-woertchen.de\/wp-content\/uploads\/2026\/01\/Mittel-IMG_9522.jpeg\" alt=\"\" class=\"wp-image-7191\" srcset=\"https:\/\/das-stille-woertchen.de\/wp-content\/uploads\/2026\/01\/Mittel-IMG_9522.jpeg 640w, https:\/\/das-stille-woertchen.de\/wp-content\/uploads\/2026\/01\/Mittel-IMG_9522-300x225.jpeg 300w\" sizes=\"auto, (max-width: 640px) 100vw, 640px\" \/><\/a><\/figure>\n\n\n\n<figure class=\"wp-block-image size-large\"><a href=\"https:\/\/das-stille-woertchen.de\/wp-content\/uploads\/2026\/01\/Mittel-IMG_9525.jpeg\"><img loading=\"lazy\" decoding=\"async\" width=\"640\" height=\"481\" data-id=\"7189\" src=\"https:\/\/das-stille-woertchen.de\/wp-content\/uploads\/2026\/01\/Mittel-IMG_9525.jpeg\" alt=\"\" class=\"wp-image-7189\" srcset=\"https:\/\/das-stille-woertchen.de\/wp-content\/uploads\/2026\/01\/Mittel-IMG_9525.jpeg 640w, https:\/\/das-stille-woertchen.de\/wp-content\/uploads\/2026\/01\/Mittel-IMG_9525-300x225.jpeg 300w\" sizes=\"auto, (max-width: 640px) 100vw, 640px\" \/><\/a><\/figure>\n\n\n\n<figure class=\"wp-block-image size-large\"><a href=\"https:\/\/das-stille-woertchen.de\/wp-content\/uploads\/2026\/01\/Mittel-IMG_9532.jpeg\"><img loading=\"lazy\" decoding=\"async\" width=\"640\" height=\"480\" data-id=\"7196\" src=\"https:\/\/das-stille-woertchen.de\/wp-content\/uploads\/2026\/01\/Mittel-IMG_9532.jpeg\" alt=\"\" class=\"wp-image-7196\" srcset=\"https:\/\/das-stille-woertchen.de\/wp-content\/uploads\/2026\/01\/Mittel-IMG_9532.jpeg 640w, https:\/\/das-stille-woertchen.de\/wp-content\/uploads\/2026\/01\/Mittel-IMG_9532-300x225.jpeg 300w\" sizes=\"auto, (max-width: 640px) 100vw, 640px\" \/><\/a><\/figure>\n\n\n\n<figure class=\"wp-block-image size-large\"><a href=\"https:\/\/das-stille-woertchen.de\/wp-content\/uploads\/2026\/01\/Mittel-IMG_9554.jpeg\"><img loading=\"lazy\" decoding=\"async\" width=\"640\" height=\"480\" data-id=\"7183\" src=\"https:\/\/das-stille-woertchen.de\/wp-content\/uploads\/2026\/01\/Mittel-IMG_9554.jpeg\" alt=\"\" class=\"wp-image-7183\" srcset=\"https:\/\/das-stille-woertchen.de\/wp-content\/uploads\/2026\/01\/Mittel-IMG_9554.jpeg 640w, https:\/\/das-stille-woertchen.de\/wp-content\/uploads\/2026\/01\/Mittel-IMG_9554-300x225.jpeg 300w\" sizes=\"auto, (max-width: 640px) 100vw, 640px\" \/><\/a><\/figure>\n\n\n\n<figure class=\"wp-block-image size-large\"><a href=\"https:\/\/das-stille-woertchen.de\/wp-content\/uploads\/2026\/01\/Mittel-IMG_9560.jpeg\"><img loading=\"lazy\" decoding=\"async\" width=\"640\" height=\"480\" data-id=\"7188\" src=\"https:\/\/das-stille-woertchen.de\/wp-content\/uploads\/2026\/01\/Mittel-IMG_9560.jpeg\" alt=\"\" class=\"wp-image-7188\" srcset=\"https:\/\/das-stille-woertchen.de\/wp-content\/uploads\/2026\/01\/Mittel-IMG_9560.jpeg 640w, https:\/\/das-stille-woertchen.de\/wp-content\/uploads\/2026\/01\/Mittel-IMG_9560-300x225.jpeg 300w\" sizes=\"auto, (max-width: 640px) 100vw, 640px\" \/><\/a><\/figure>\n\n\n\n<figure class=\"wp-block-image size-large\"><a href=\"https:\/\/das-stille-woertchen.de\/wp-content\/uploads\/2026\/01\/Mittel-IMG_9572.jpeg\"><img loading=\"lazy\" decoding=\"async\" width=\"480\" height=\"640\" data-id=\"7194\" src=\"https:\/\/das-stille-woertchen.de\/wp-content\/uploads\/2026\/01\/Mittel-IMG_9572.jpeg\" alt=\"\" class=\"wp-image-7194\" srcset=\"https:\/\/das-stille-woertchen.de\/wp-content\/uploads\/2026\/01\/Mittel-IMG_9572.jpeg 480w, https:\/\/das-stille-woertchen.de\/wp-content\/uploads\/2026\/01\/Mittel-IMG_9572-225x300.jpeg 225w\" sizes=\"auto, (max-width: 480px) 100vw, 480px\" \/><\/a><\/figure>\n\n\n\n<figure class=\"wp-block-image size-large\"><a href=\"https:\/\/das-stille-woertchen.de\/wp-content\/uploads\/2026\/01\/453446f9-1b0c-456e-8642-02b3bc68e755.jpg\"><img loading=\"lazy\" decoding=\"async\" width=\"768\" height=\"1024\" data-id=\"7202\" src=\"https:\/\/das-stille-woertchen.de\/wp-content\/uploads\/2026\/01\/453446f9-1b0c-456e-8642-02b3bc68e755-768x1024.jpg\" alt=\"\" class=\"wp-image-7202\" srcset=\"https:\/\/das-stille-woertchen.de\/wp-content\/uploads\/2026\/01\/453446f9-1b0c-456e-8642-02b3bc68e755-768x1024.jpg 768w, https:\/\/das-stille-woertchen.de\/wp-content\/uploads\/2026\/01\/453446f9-1b0c-456e-8642-02b3bc68e755-225x300.jpg 225w, https:\/\/das-stille-woertchen.de\/wp-content\/uploads\/2026\/01\/453446f9-1b0c-456e-8642-02b3bc68e755-1152x1536.jpg 1152w, https:\/\/das-stille-woertchen.de\/wp-content\/uploads\/2026\/01\/453446f9-1b0c-456e-8642-02b3bc68e755.jpg 1536w\" sizes=\"auto, (max-width: 768px) 100vw, 768px\" \/><\/a><\/figure>\n\n\n\n<figure class=\"wp-block-image size-large\"><a href=\"https:\/\/das-stille-woertchen.de\/wp-content\/uploads\/2026\/01\/IMG_0136.jpg\"><img loading=\"lazy\" decoding=\"async\" width=\"768\" height=\"1024\" data-id=\"7203\" src=\"https:\/\/das-stille-woertchen.de\/wp-content\/uploads\/2026\/01\/IMG_0136-768x1024.jpg\" alt=\"\" class=\"wp-image-7203\" srcset=\"https:\/\/das-stille-woertchen.de\/wp-content\/uploads\/2026\/01\/IMG_0136-768x1024.jpg 768w, https:\/\/das-stille-woertchen.de\/wp-content\/uploads\/2026\/01\/IMG_0136-225x300.jpg 225w, https:\/\/das-stille-woertchen.de\/wp-content\/uploads\/2026\/01\/IMG_0136-1152x1536.jpg 1152w, https:\/\/das-stille-woertchen.de\/wp-content\/uploads\/2026\/01\/IMG_0136.jpg 1536w\" sizes=\"auto, (max-width: 768px) 100vw, 768px\" \/><\/a><\/figure>\n\n\n\n<figure class=\"wp-block-image size-large\"><a href=\"https:\/\/das-stille-woertchen.de\/wp-content\/uploads\/2026\/01\/2f943aad-006b-4423-9068-4faa1b49762b.jpg\"><img loading=\"lazy\" decoding=\"async\" width=\"768\" height=\"1024\" data-id=\"7201\" src=\"https:\/\/das-stille-woertchen.de\/wp-content\/uploads\/2026\/01\/2f943aad-006b-4423-9068-4faa1b49762b-768x1024.jpg\" alt=\"\" class=\"wp-image-7201\" srcset=\"https:\/\/das-stille-woertchen.de\/wp-content\/uploads\/2026\/01\/2f943aad-006b-4423-9068-4faa1b49762b-768x1024.jpg 768w, https:\/\/das-stille-woertchen.de\/wp-content\/uploads\/2026\/01\/2f943aad-006b-4423-9068-4faa1b49762b-225x300.jpg 225w, https:\/\/das-stille-woertchen.de\/wp-content\/uploads\/2026\/01\/2f943aad-006b-4423-9068-4faa1b49762b-1152x1536.jpg 1152w, https:\/\/das-stille-woertchen.de\/wp-content\/uploads\/2026\/01\/2f943aad-006b-4423-9068-4faa1b49762b.jpg 1536w\" sizes=\"auto, (max-width: 768px) 100vw, 768px\" \/><\/a><\/figure>\n<\/figure>\n\n\n\n<p>Auf den Fotos sehr ihr &#8211; von oben links nach unten rechts (Doppelungen lass ich aus):<\/p>\n\n\n\n<p>Petra Eimer, Birgit Antoni, Miro Poferl, Markus Lefrancois, Marina Halac, Caro Helm, Joelle Tourlonias, Robert Scheffner, Cecile Jaudon, Anne Behl, Simone Leiss-Bohn, Alex Helm, Karolina Benz, Horst Hellmeier, Larisa Lauber, Birgit und Luis Arteaga und Helen Oppen. Die allermeisten sind Illustratorinnen und Illustratoren. Helen ist meine Carlsen-Lektorin f\u00fcr die &#8222;Tierabenteuer&#8220; und die beiden Arteagas ergeben meine Agentur. <br><br>Tags\u00fcber hat man nette Termine auf der Messe, danach leckere Abendessen, spannende Ausstellungsbesuche und immer viel, viel zu wenig Schlaf. Und (meinerseits) auch ziemlich Heimweh, das schon. So lang bin ich sonst nie freiwillig von Gut Pusteblume weg! Aber das Gute am Vermissen ist ja die Freude aufs Wiedersehen. Und so werde ich auch 2026 von Bologna berichten k\u00f6nnen. Zug und Unterkunft sind jedenfalls gebucht.<\/p>\n\n\n\n<p>Zur\u00fcck zu Hause hab ich mich mit meinen Tierchen in der zwitscherig-summsigen Fr\u00fchlingskulisse weiter \u00fcber meine sch\u00f6nen, neuen B\u00fccher gefreut (und \u00fcber Reaktionen darauf &#8211; meine Kn\u00e4ckebrothelden wurden zum Beispiel im Eselsohr empfohlen &#8211; DER Fachzeitschrift f\u00fcr Kinder- und Jugendliteratur).<br><br>Au\u00dferdem hat mich mein lieberlieber Kollege Andreas Ulich vor seinem Wegzug aus Franken nochmal besucht und das aus einem ganz besonderen Grund: Um mit mir vor unserem bunten Bauwagen die ersten Exemplare seines neuen Buchs auszupacken und darauf anzusto\u00dfen. Der Schm\u00f6ker ist sozusagen auf Gut Pusteblume erschienen &#8211; denn so hei\u00dft nicht nur unser Hof, sondern der Name steht inzwischen auch auf zwei B\u00fcchern drauf, als ganz besonderes, kleines Buch-Label.<br>Was es genau damit auf sich hat, erfahrt ihr kurz und knapp <a href=\"https:\/\/www.judithallert.de\/gut-pusteblume\/\">da<\/a> &#8211; aber bald auch noch viel ausf\u00fchrlicher, wenn die pusteblumige Homepage fertig ist. <br><br>Einen netten Stammtisch in Gundelsheim hatten wir im April auch wieder &#8211; da hat Dagmar Gei\u00dfler zum Beispiel mit nem Lese-Fuchs gekuschelt und Anna Trenkwald hatte mit Klein-O. alle H\u00e4nde voll zu tun &#8230;<\/p>\n\n\n\n<figure class=\"wp-block-gallery has-nested-images columns-default is-cropped wp-block-gallery-10 is-layout-flex wp-block-gallery-is-layout-flex\">\n<figure class=\"wp-block-image size-large\"><a href=\"https:\/\/das-stille-woertchen.de\/wp-content\/uploads\/2026\/01\/Mittel-IMG_9663.jpeg\"><img loading=\"lazy\" decoding=\"async\" width=\"640\" height=\"480\" data-id=\"7208\" src=\"https:\/\/das-stille-woertchen.de\/wp-content\/uploads\/2026\/01\/Mittel-IMG_9663.jpeg\" alt=\"\" class=\"wp-image-7208\" srcset=\"https:\/\/das-stille-woertchen.de\/wp-content\/uploads\/2026\/01\/Mittel-IMG_9663.jpeg 640w, https:\/\/das-stille-woertchen.de\/wp-content\/uploads\/2026\/01\/Mittel-IMG_9663-300x225.jpeg 300w\" sizes=\"auto, (max-width: 640px) 100vw, 640px\" \/><\/a><\/figure>\n\n\n\n<figure class=\"wp-block-image size-large\"><a href=\"https:\/\/das-stille-woertchen.de\/wp-content\/uploads\/2026\/01\/Mittel-IMG_9731.jpeg\"><img loading=\"lazy\" decoding=\"async\" width=\"480\" height=\"640\" data-id=\"7209\" src=\"https:\/\/das-stille-woertchen.de\/wp-content\/uploads\/2026\/01\/Mittel-IMG_9731.jpeg\" alt=\"\" class=\"wp-image-7209\" srcset=\"https:\/\/das-stille-woertchen.de\/wp-content\/uploads\/2026\/01\/Mittel-IMG_9731.jpeg 480w, https:\/\/das-stille-woertchen.de\/wp-content\/uploads\/2026\/01\/Mittel-IMG_9731-225x300.jpeg 225w\" sizes=\"auto, (max-width: 480px) 100vw, 480px\" \/><\/a><\/figure>\n\n\n\n<figure class=\"wp-block-image size-large\"><a href=\"https:\/\/das-stille-woertchen.de\/wp-content\/uploads\/2026\/01\/Mittel-IMG_9841.jpeg\"><img loading=\"lazy\" decoding=\"async\" width=\"480\" height=\"640\" data-id=\"7213\" src=\"https:\/\/das-stille-woertchen.de\/wp-content\/uploads\/2026\/01\/Mittel-IMG_9841.jpeg\" alt=\"\" class=\"wp-image-7213\" srcset=\"https:\/\/das-stille-woertchen.de\/wp-content\/uploads\/2026\/01\/Mittel-IMG_9841.jpeg 480w, https:\/\/das-stille-woertchen.de\/wp-content\/uploads\/2026\/01\/Mittel-IMG_9841-225x300.jpeg 225w\" sizes=\"auto, (max-width: 480px) 100vw, 480px\" \/><\/a><\/figure>\n\n\n\n<figure class=\"wp-block-image size-large\"><a href=\"https:\/\/das-stille-woertchen.de\/wp-content\/uploads\/2026\/01\/Mittel-IMG_9782.jpeg\"><img loading=\"lazy\" decoding=\"async\" width=\"480\" height=\"640\" data-id=\"7204\" src=\"https:\/\/das-stille-woertchen.de\/wp-content\/uploads\/2026\/01\/Mittel-IMG_9782.jpeg\" alt=\"\" class=\"wp-image-7204\" srcset=\"https:\/\/das-stille-woertchen.de\/wp-content\/uploads\/2026\/01\/Mittel-IMG_9782.jpeg 480w, https:\/\/das-stille-woertchen.de\/wp-content\/uploads\/2026\/01\/Mittel-IMG_9782-225x300.jpeg 225w\" sizes=\"auto, (max-width: 480px) 100vw, 480px\" \/><\/a><\/figure>\n\n\n\n<figure class=\"wp-block-image size-large\"><a href=\"https:\/\/das-stille-woertchen.de\/wp-content\/uploads\/2026\/01\/Mittel-IMG_9805.jpeg\"><img loading=\"lazy\" decoding=\"async\" width=\"480\" height=\"640\" data-id=\"7212\" src=\"https:\/\/das-stille-woertchen.de\/wp-content\/uploads\/2026\/01\/Mittel-IMG_9805.jpeg\" alt=\"\" class=\"wp-image-7212\" srcset=\"https:\/\/das-stille-woertchen.de\/wp-content\/uploads\/2026\/01\/Mittel-IMG_9805.jpeg 480w, https:\/\/das-stille-woertchen.de\/wp-content\/uploads\/2026\/01\/Mittel-IMG_9805-225x300.jpeg 225w\" sizes=\"auto, (max-width: 480px) 100vw, 480px\" \/><\/a><\/figure>\n\n\n\n<figure class=\"wp-block-image size-large\"><a href=\"https:\/\/das-stille-woertchen.de\/wp-content\/uploads\/2026\/01\/Mittel-IMG_9771.jpeg\"><img loading=\"lazy\" decoding=\"async\" width=\"537\" height=\"640\" data-id=\"7206\" src=\"https:\/\/das-stille-woertchen.de\/wp-content\/uploads\/2026\/01\/Mittel-IMG_9771.jpeg\" alt=\"\" class=\"wp-image-7206\" srcset=\"https:\/\/das-stille-woertchen.de\/wp-content\/uploads\/2026\/01\/Mittel-IMG_9771.jpeg 537w, https:\/\/das-stille-woertchen.de\/wp-content\/uploads\/2026\/01\/Mittel-IMG_9771-252x300.jpeg 252w\" sizes=\"auto, (max-width: 537px) 100vw, 537px\" \/><\/a><\/figure>\n\n\n\n<figure class=\"wp-block-image size-large\"><a href=\"https:\/\/das-stille-woertchen.de\/wp-content\/uploads\/2026\/01\/Mittel-IMG_9868.jpeg\"><img loading=\"lazy\" decoding=\"async\" width=\"640\" height=\"640\" data-id=\"7215\" src=\"https:\/\/das-stille-woertchen.de\/wp-content\/uploads\/2026\/01\/Mittel-IMG_9868.jpeg\" alt=\"\" class=\"wp-image-7215\" srcset=\"https:\/\/das-stille-woertchen.de\/wp-content\/uploads\/2026\/01\/Mittel-IMG_9868.jpeg 640w, https:\/\/das-stille-woertchen.de\/wp-content\/uploads\/2026\/01\/Mittel-IMG_9868-300x300.jpeg 300w, https:\/\/das-stille-woertchen.de\/wp-content\/uploads\/2026\/01\/Mittel-IMG_9868-150x150.jpeg 150w\" sizes=\"auto, (max-width: 640px) 100vw, 640px\" \/><\/a><\/figure>\n\n\n\n<figure class=\"wp-block-image size-large\"><a href=\"https:\/\/das-stille-woertchen.de\/wp-content\/uploads\/2026\/01\/Mittel-IMG_9878.jpeg\"><img loading=\"lazy\" decoding=\"async\" width=\"640\" height=\"640\" data-id=\"7214\" src=\"https:\/\/das-stille-woertchen.de\/wp-content\/uploads\/2026\/01\/Mittel-IMG_9878.jpeg\" alt=\"\" class=\"wp-image-7214\" srcset=\"https:\/\/das-stille-woertchen.de\/wp-content\/uploads\/2026\/01\/Mittel-IMG_9878.jpeg 640w, https:\/\/das-stille-woertchen.de\/wp-content\/uploads\/2026\/01\/Mittel-IMG_9878-300x300.jpeg 300w, https:\/\/das-stille-woertchen.de\/wp-content\/uploads\/2026\/01\/Mittel-IMG_9878-150x150.jpeg 150w\" sizes=\"auto, (max-width: 640px) 100vw, 640px\" \/><\/a><\/figure>\n<\/figure>\n\n\n\n<p><strong>Mai<\/strong><\/p>\n\n\n\n<p>Im Monat darauf war ich schon wieder von allerliebsten und gesch\u00e4tzten Kinderbuchmenschen umringt! Seit vielen, vielen Jahren tummeln wir uns gemeinsam in einem Kinderbuch-Onlineforum. Und einmal im Jahr sehen wir uns in echt, ein ganzes Wochenende lang. Zum gem\u00fctlichen Plaudern &#8211; aber auch mit viel schlauem Input. Die Vortr\u00e4ge kommen immer aus den eigenen Reihen und es ist jedes Mal beeindruckend, was wir gemeinsam alles drauf haben und wie sehr man sich gegenseitig bereichern kann. Diesmal waren wir in Fulda &#8211; im Kloster! Und wie immer war es soooo sch\u00f6n!<br>(Auf den Fotos seht ihr unter anderem Katrin Schachtschabel, Fritz Fa\u00dfbinder, Miriam Mann, Yvonne Struck, Katharina Mauder, Karolin K\u00fcntzel, Johanna Prinz, Judith LeHuray und Anne Scheller.)<\/p>\n\n\n\n<figure class=\"wp-block-gallery has-nested-images columns-default is-cropped wp-block-gallery-11 is-layout-flex wp-block-gallery-is-layout-flex\">\n<figure class=\"wp-block-image size-large\"><a href=\"https:\/\/das-stille-woertchen.de\/wp-content\/uploads\/2026\/01\/Mittel-IMG_0323.jpeg\"><img loading=\"lazy\" decoding=\"async\" width=\"640\" height=\"480\" data-id=\"7225\" src=\"https:\/\/das-stille-woertchen.de\/wp-content\/uploads\/2026\/01\/Mittel-IMG_0323.jpeg\" alt=\"\" class=\"wp-image-7225\" srcset=\"https:\/\/das-stille-woertchen.de\/wp-content\/uploads\/2026\/01\/Mittel-IMG_0323.jpeg 640w, https:\/\/das-stille-woertchen.de\/wp-content\/uploads\/2026\/01\/Mittel-IMG_0323-300x225.jpeg 300w\" sizes=\"auto, (max-width: 640px) 100vw, 640px\" \/><\/a><\/figure>\n\n\n\n<figure class=\"wp-block-image size-large\"><a href=\"https:\/\/das-stille-woertchen.de\/wp-content\/uploads\/2026\/01\/Mittel-IMG_0327.jpeg\"><img loading=\"lazy\" decoding=\"async\" width=\"640\" height=\"480\" data-id=\"7221\" src=\"https:\/\/das-stille-woertchen.de\/wp-content\/uploads\/2026\/01\/Mittel-IMG_0327.jpeg\" alt=\"\" class=\"wp-image-7221\" srcset=\"https:\/\/das-stille-woertchen.de\/wp-content\/uploads\/2026\/01\/Mittel-IMG_0327.jpeg 640w, https:\/\/das-stille-woertchen.de\/wp-content\/uploads\/2026\/01\/Mittel-IMG_0327-300x225.jpeg 300w\" sizes=\"auto, (max-width: 640px) 100vw, 640px\" \/><\/a><\/figure>\n\n\n\n<figure class=\"wp-block-image size-large\"><a href=\"https:\/\/das-stille-woertchen.de\/wp-content\/uploads\/2026\/01\/Mittel-IMG_0334.jpeg\"><img loading=\"lazy\" decoding=\"async\" width=\"640\" height=\"480\" data-id=\"7237\" src=\"https:\/\/das-stille-woertchen.de\/wp-content\/uploads\/2026\/01\/Mittel-IMG_0334.jpeg\" alt=\"\" class=\"wp-image-7237\" srcset=\"https:\/\/das-stille-woertchen.de\/wp-content\/uploads\/2026\/01\/Mittel-IMG_0334.jpeg 640w, https:\/\/das-stille-woertchen.de\/wp-content\/uploads\/2026\/01\/Mittel-IMG_0334-300x225.jpeg 300w\" sizes=\"auto, (max-width: 640px) 100vw, 640px\" \/><\/a><\/figure>\n\n\n\n<figure class=\"wp-block-image size-large\"><a href=\"https:\/\/das-stille-woertchen.de\/wp-content\/uploads\/2026\/01\/Mittel-IMG_0342.jpeg\"><img loading=\"lazy\" decoding=\"async\" width=\"640\" height=\"480\" data-id=\"7235\" src=\"https:\/\/das-stille-woertchen.de\/wp-content\/uploads\/2026\/01\/Mittel-IMG_0342.jpeg\" alt=\"\" class=\"wp-image-7235\" srcset=\"https:\/\/das-stille-woertchen.de\/wp-content\/uploads\/2026\/01\/Mittel-IMG_0342.jpeg 640w, https:\/\/das-stille-woertchen.de\/wp-content\/uploads\/2026\/01\/Mittel-IMG_0342-300x225.jpeg 300w\" sizes=\"auto, (max-width: 640px) 100vw, 640px\" \/><\/a><\/figure>\n\n\n\n<figure class=\"wp-block-image size-large\"><a href=\"https:\/\/das-stille-woertchen.de\/wp-content\/uploads\/2026\/01\/Mittel-IMG_0347.jpeg\"><img loading=\"lazy\" decoding=\"async\" width=\"640\" height=\"480\" data-id=\"7229\" src=\"https:\/\/das-stille-woertchen.de\/wp-content\/uploads\/2026\/01\/Mittel-IMG_0347.jpeg\" alt=\"\" class=\"wp-image-7229\" srcset=\"https:\/\/das-stille-woertchen.de\/wp-content\/uploads\/2026\/01\/Mittel-IMG_0347.jpeg 640w, https:\/\/das-stille-woertchen.de\/wp-content\/uploads\/2026\/01\/Mittel-IMG_0347-300x225.jpeg 300w\" sizes=\"auto, (max-width: 640px) 100vw, 640px\" \/><\/a><\/figure>\n\n\n\n<figure class=\"wp-block-image size-large\"><a href=\"https:\/\/das-stille-woertchen.de\/wp-content\/uploads\/2026\/01\/173a3a3b-c2a7-44b8-ac4b-9dea6f72d626.jpg\"><img loading=\"lazy\" decoding=\"async\" width=\"768\" height=\"1024\" data-id=\"7241\" src=\"https:\/\/das-stille-woertchen.de\/wp-content\/uploads\/2026\/01\/173a3a3b-c2a7-44b8-ac4b-9dea6f72d626-768x1024.jpg\" alt=\"\" class=\"wp-image-7241\" srcset=\"https:\/\/das-stille-woertchen.de\/wp-content\/uploads\/2026\/01\/173a3a3b-c2a7-44b8-ac4b-9dea6f72d626-768x1024.jpg 768w, https:\/\/das-stille-woertchen.de\/wp-content\/uploads\/2026\/01\/173a3a3b-c2a7-44b8-ac4b-9dea6f72d626-225x300.jpg 225w, https:\/\/das-stille-woertchen.de\/wp-content\/uploads\/2026\/01\/173a3a3b-c2a7-44b8-ac4b-9dea6f72d626-1152x1536.jpg 1152w, https:\/\/das-stille-woertchen.de\/wp-content\/uploads\/2026\/01\/173a3a3b-c2a7-44b8-ac4b-9dea6f72d626.jpg 1200w\" sizes=\"auto, (max-width: 768px) 100vw, 768px\" \/><\/a><\/figure>\n\n\n\n<figure class=\"wp-block-image size-large\"><a href=\"https:\/\/das-stille-woertchen.de\/wp-content\/uploads\/2026\/01\/27036604-f799-492b-878f-f051da107e48.jpg\"><img loading=\"lazy\" decoding=\"async\" width=\"768\" height=\"1024\" data-id=\"7251\" src=\"https:\/\/das-stille-woertchen.de\/wp-content\/uploads\/2026\/01\/27036604-f799-492b-878f-f051da107e48-768x1024.jpg\" alt=\"\" class=\"wp-image-7251\" srcset=\"https:\/\/das-stille-woertchen.de\/wp-content\/uploads\/2026\/01\/27036604-f799-492b-878f-f051da107e48-768x1024.jpg 768w, https:\/\/das-stille-woertchen.de\/wp-content\/uploads\/2026\/01\/27036604-f799-492b-878f-f051da107e48-225x300.jpg 225w, https:\/\/das-stille-woertchen.de\/wp-content\/uploads\/2026\/01\/27036604-f799-492b-878f-f051da107e48-1152x1536.jpg 1152w, https:\/\/das-stille-woertchen.de\/wp-content\/uploads\/2026\/01\/27036604-f799-492b-878f-f051da107e48.jpg 1200w\" sizes=\"auto, (max-width: 768px) 100vw, 768px\" \/><\/a><\/figure>\n\n\n\n<figure class=\"wp-block-image size-large\"><a href=\"https:\/\/das-stille-woertchen.de\/wp-content\/uploads\/2026\/01\/a165732e-711d-4f35-86d4-cb6e593799e5.jpg\"><img loading=\"lazy\" decoding=\"async\" width=\"768\" height=\"1024\" data-id=\"7250\" src=\"https:\/\/das-stille-woertchen.de\/wp-content\/uploads\/2026\/01\/a165732e-711d-4f35-86d4-cb6e593799e5-768x1024.jpg\" alt=\"\" class=\"wp-image-7250\" srcset=\"https:\/\/das-stille-woertchen.de\/wp-content\/uploads\/2026\/01\/a165732e-711d-4f35-86d4-cb6e593799e5-768x1024.jpg 768w, https:\/\/das-stille-woertchen.de\/wp-content\/uploads\/2026\/01\/a165732e-711d-4f35-86d4-cb6e593799e5-225x300.jpg 225w, https:\/\/das-stille-woertchen.de\/wp-content\/uploads\/2026\/01\/a165732e-711d-4f35-86d4-cb6e593799e5-1152x1536.jpg 1152w, https:\/\/das-stille-woertchen.de\/wp-content\/uploads\/2026\/01\/a165732e-711d-4f35-86d4-cb6e593799e5.jpg 1200w\" sizes=\"auto, (max-width: 768px) 100vw, 768px\" \/><\/a><\/figure>\n<\/figure>\n\n\n\n<p>Ja und dann war da noch ne Sause! Mal wieder mit der Gruppe 7. Wir haben unseren B\u00fccherschrank an der &#8222;Kunni&#8220; eingeweiht &#8211; einem tollen, Bamberger Kiosk. Das ganze ist ein Gemeinschaftsprojekt mit dem Magellan-Verlag. Deshalb ist auf den Fotos auch die liebe Judith von L\u00f6ffelholz mit drauf &#8211; Teil des Magellan-Presse-Teams. Leider haben wir einen der wenigen k\u00fchlen Dauerregentage im Mai erwischt. Aber lustig und kreativ war es trotzdem! Ein paar von uns haben Mini-Lesungen gehalten (Rolf-Bernhard Essig, Anna Trenkwald, Suza Kolb &#8230;) und es wurden Mini-B\u00fccher gebastelt.<\/p>\n\n\n\n<figure class=\"wp-block-gallery has-nested-images columns-default is-cropped wp-block-gallery-12 is-layout-flex wp-block-gallery-is-layout-flex\">\n<figure class=\"wp-block-image size-large\"><a href=\"https:\/\/das-stille-woertchen.de\/wp-content\/uploads\/2026\/01\/f8d8e7fb-da8f-4fea-a82d-09237948a412.jpg\"><img loading=\"lazy\" decoding=\"async\" width=\"768\" height=\"1024\" data-id=\"7249\" src=\"https:\/\/das-stille-woertchen.de\/wp-content\/uploads\/2026\/01\/f8d8e7fb-da8f-4fea-a82d-09237948a412-768x1024.jpg\" alt=\"\" class=\"wp-image-7249\" srcset=\"https:\/\/das-stille-woertchen.de\/wp-content\/uploads\/2026\/01\/f8d8e7fb-da8f-4fea-a82d-09237948a412-768x1024.jpg 768w, https:\/\/das-stille-woertchen.de\/wp-content\/uploads\/2026\/01\/f8d8e7fb-da8f-4fea-a82d-09237948a412-225x300.jpg 225w, https:\/\/das-stille-woertchen.de\/wp-content\/uploads\/2026\/01\/f8d8e7fb-da8f-4fea-a82d-09237948a412-1152x1536.jpg 1152w, https:\/\/das-stille-woertchen.de\/wp-content\/uploads\/2026\/01\/f8d8e7fb-da8f-4fea-a82d-09237948a412.jpg 1536w\" sizes=\"auto, (max-width: 768px) 100vw, 768px\" \/><\/a><\/figure>\n\n\n\n<figure class=\"wp-block-image size-large\"><a href=\"https:\/\/das-stille-woertchen.de\/wp-content\/uploads\/2026\/01\/f244a232-1c79-41f2-a888-278586886b15.jpg\"><img loading=\"lazy\" decoding=\"async\" width=\"1024\" height=\"1024\" data-id=\"7252\" src=\"https:\/\/das-stille-woertchen.de\/wp-content\/uploads\/2026\/01\/f244a232-1c79-41f2-a888-278586886b15-1024x1024.jpg\" alt=\"\" class=\"wp-image-7252\" srcset=\"https:\/\/das-stille-woertchen.de\/wp-content\/uploads\/2026\/01\/f244a232-1c79-41f2-a888-278586886b15-1024x1024.jpg 1024w, https:\/\/das-stille-woertchen.de\/wp-content\/uploads\/2026\/01\/f244a232-1c79-41f2-a888-278586886b15-300x300.jpg 300w, https:\/\/das-stille-woertchen.de\/wp-content\/uploads\/2026\/01\/f244a232-1c79-41f2-a888-278586886b15-150x150.jpg 150w, https:\/\/das-stille-woertchen.de\/wp-content\/uploads\/2026\/01\/f244a232-1c79-41f2-a888-278586886b15-768x768.jpg 768w, https:\/\/das-stille-woertchen.de\/wp-content\/uploads\/2026\/01\/f244a232-1c79-41f2-a888-278586886b15-1536x1536.jpg 1536w, https:\/\/das-stille-woertchen.de\/wp-content\/uploads\/2026\/01\/f244a232-1c79-41f2-a888-278586886b15.jpg 1600w\" sizes=\"auto, (max-width: 1024px) 100vw, 1024px\" \/><\/a><\/figure>\n\n\n\n<figure class=\"wp-block-image size-large\"><a href=\"https:\/\/das-stille-woertchen.de\/wp-content\/uploads\/2026\/01\/Mittel-IMG_0662.jpeg\"><img loading=\"lazy\" decoding=\"async\" width=\"640\" height=\"480\" data-id=\"7239\" src=\"https:\/\/das-stille-woertchen.de\/wp-content\/uploads\/2026\/01\/Mittel-IMG_0662.jpeg\" alt=\"\" class=\"wp-image-7239\" srcset=\"https:\/\/das-stille-woertchen.de\/wp-content\/uploads\/2026\/01\/Mittel-IMG_0662.jpeg 640w, https:\/\/das-stille-woertchen.de\/wp-content\/uploads\/2026\/01\/Mittel-IMG_0662-300x225.jpeg 300w\" sizes=\"auto, (max-width: 640px) 100vw, 640px\" \/><\/a><\/figure>\n\n\n\n<figure class=\"wp-block-image size-large\"><a href=\"https:\/\/das-stille-woertchen.de\/wp-content\/uploads\/2026\/01\/Mittel-IMG_0681.jpeg\"><img loading=\"lazy\" decoding=\"async\" width=\"480\" height=\"640\" data-id=\"7236\" src=\"https:\/\/das-stille-woertchen.de\/wp-content\/uploads\/2026\/01\/Mittel-IMG_0681.jpeg\" alt=\"\" class=\"wp-image-7236\" srcset=\"https:\/\/das-stille-woertchen.de\/wp-content\/uploads\/2026\/01\/Mittel-IMG_0681.jpeg 480w, https:\/\/das-stille-woertchen.de\/wp-content\/uploads\/2026\/01\/Mittel-IMG_0681-225x300.jpeg 225w\" sizes=\"auto, (max-width: 480px) 100vw, 480px\" \/><\/a><\/figure>\n\n\n\n<figure class=\"wp-block-image size-large\"><a href=\"https:\/\/das-stille-woertchen.de\/wp-content\/uploads\/2026\/01\/Mittel-IMG_0685.jpeg\"><img loading=\"lazy\" decoding=\"async\" width=\"480\" height=\"640\" data-id=\"7245\" src=\"https:\/\/das-stille-woertchen.de\/wp-content\/uploads\/2026\/01\/Mittel-IMG_0685.jpeg\" alt=\"\" class=\"wp-image-7245\" srcset=\"https:\/\/das-stille-woertchen.de\/wp-content\/uploads\/2026\/01\/Mittel-IMG_0685.jpeg 480w, https:\/\/das-stille-woertchen.de\/wp-content\/uploads\/2026\/01\/Mittel-IMG_0685-225x300.jpeg 225w\" sizes=\"auto, (max-width: 480px) 100vw, 480px\" \/><\/a><\/figure>\n\n\n\n<figure class=\"wp-block-image size-large\"><a href=\"https:\/\/das-stille-woertchen.de\/wp-content\/uploads\/2026\/01\/Mittel-IMG_0705.jpeg\"><img loading=\"lazy\" decoding=\"async\" width=\"640\" height=\"480\" data-id=\"7233\" src=\"https:\/\/das-stille-woertchen.de\/wp-content\/uploads\/2026\/01\/Mittel-IMG_0705.jpeg\" alt=\"\" class=\"wp-image-7233\" srcset=\"https:\/\/das-stille-woertchen.de\/wp-content\/uploads\/2026\/01\/Mittel-IMG_0705.jpeg 640w, https:\/\/das-stille-woertchen.de\/wp-content\/uploads\/2026\/01\/Mittel-IMG_0705-300x225.jpeg 300w\" sizes=\"auto, (max-width: 640px) 100vw, 640px\" \/><\/a><\/figure>\n<\/figure>\n\n\n\n<p>Zudem gab&#8217;s von mir nochmal zwei Neuerscheinungen:<br>&#8222;Die Erdbeerm\u00e4dchen&#8220;. Ein erdbeerrotleuchtender (und glitzernder!) Erstleser aus dem Carlsen-Verlag, den ich gemeinsam mit der tollen Tessa Rath ausget\u00fcftelt habe. Und ein Vorlesebuch zum Schulstart &#8211; mit viel Sprachspielen und Mitmachelementen: <br>&#8222;Schulstart im Schling-Schlang-Schlungelwald&#8220;. Das Buch hat die wunderbare Julia Christians illustriert. <br><\/p>\n\n\n\n<figure class=\"wp-block-gallery has-nested-images columns-default is-cropped wp-block-gallery-13 is-layout-flex wp-block-gallery-is-layout-flex\">\n<figure class=\"wp-block-image size-large\"><a href=\"https:\/\/das-stille-woertchen.de\/wp-content\/uploads\/2026\/01\/Mittel-IMG_0391.jpeg\"><img loading=\"lazy\" decoding=\"async\" width=\"640\" height=\"613\" data-id=\"7248\" src=\"https:\/\/das-stille-woertchen.de\/wp-content\/uploads\/2026\/01\/Mittel-IMG_0391.jpeg\" alt=\"\" class=\"wp-image-7248\" srcset=\"https:\/\/das-stille-woertchen.de\/wp-content\/uploads\/2026\/01\/Mittel-IMG_0391.jpeg 640w, https:\/\/das-stille-woertchen.de\/wp-content\/uploads\/2026\/01\/Mittel-IMG_0391-300x287.jpeg 300w\" sizes=\"auto, (max-width: 640px) 100vw, 640px\" \/><\/a><\/figure>\n\n\n\n<figure class=\"wp-block-image size-large\"><a href=\"https:\/\/das-stille-woertchen.de\/wp-content\/uploads\/2026\/01\/Mittel-IMG_0423.jpeg\"><img loading=\"lazy\" decoding=\"async\" width=\"640\" height=\"640\" data-id=\"7242\" src=\"https:\/\/das-stille-woertchen.de\/wp-content\/uploads\/2026\/01\/Mittel-IMG_0423.jpeg\" alt=\"\" class=\"wp-image-7242\" srcset=\"https:\/\/das-stille-woertchen.de\/wp-content\/uploads\/2026\/01\/Mittel-IMG_0423.jpeg 640w, https:\/\/das-stille-woertchen.de\/wp-content\/uploads\/2026\/01\/Mittel-IMG_0423-300x300.jpeg 300w, https:\/\/das-stille-woertchen.de\/wp-content\/uploads\/2026\/01\/Mittel-IMG_0423-150x150.jpeg 150w\" sizes=\"auto, (max-width: 640px) 100vw, 640px\" \/><\/a><\/figure>\n<\/figure>\n\n\n\n<p><strong>Juni<\/strong><br><br>Bunt ging&#8217;s im Juni weiter:<\/p>\n\n\n\n<figure class=\"wp-block-gallery has-nested-images columns-default is-cropped wp-block-gallery-14 is-layout-flex wp-block-gallery-is-layout-flex\">\n<figure class=\"wp-block-image size-large\"><a href=\"https:\/\/das-stille-woertchen.de\/wp-content\/uploads\/2026\/01\/IMG_4843-1-scaled.jpg\"><img loading=\"lazy\" decoding=\"async\" width=\"1024\" height=\"768\" data-id=\"7277\" src=\"https:\/\/das-stille-woertchen.de\/wp-content\/uploads\/2026\/01\/IMG_4843-1-1024x768.jpg\" alt=\"\" class=\"wp-image-7277\" srcset=\"https:\/\/das-stille-woertchen.de\/wp-content\/uploads\/2026\/01\/IMG_4843-1-1024x768.jpg 1024w, https:\/\/das-stille-woertchen.de\/wp-content\/uploads\/2026\/01\/IMG_4843-1-300x225.jpg 300w, https:\/\/das-stille-woertchen.de\/wp-content\/uploads\/2026\/01\/IMG_4843-1-768x576.jpg 768w, https:\/\/das-stille-woertchen.de\/wp-content\/uploads\/2026\/01\/IMG_4843-1-1536x1152.jpg 1536w, https:\/\/das-stille-woertchen.de\/wp-content\/uploads\/2026\/01\/IMG_4843-1-2048x1536.jpg 2048w\" sizes=\"auto, (max-width: 1024px) 100vw, 1024px\" \/><\/a><\/figure>\n\n\n\n<figure class=\"wp-block-image size-large\"><a href=\"https:\/\/das-stille-woertchen.de\/wp-content\/uploads\/2026\/01\/IMG_1443-1-scaled.jpg\"><img loading=\"lazy\" decoding=\"async\" width=\"1021\" height=\"1024\" data-id=\"7270\" src=\"https:\/\/das-stille-woertchen.de\/wp-content\/uploads\/2026\/01\/IMG_1443-1-1021x1024.jpg\" alt=\"\" class=\"wp-image-7270\" srcset=\"https:\/\/das-stille-woertchen.de\/wp-content\/uploads\/2026\/01\/IMG_1443-1-1021x1024.jpg 1021w, https:\/\/das-stille-woertchen.de\/wp-content\/uploads\/2026\/01\/IMG_1443-1-300x300.jpg 300w, https:\/\/das-stille-woertchen.de\/wp-content\/uploads\/2026\/01\/IMG_1443-1-150x150.jpg 150w, https:\/\/das-stille-woertchen.de\/wp-content\/uploads\/2026\/01\/IMG_1443-1-768x771.jpg 768w, https:\/\/das-stille-woertchen.de\/wp-content\/uploads\/2026\/01\/IMG_1443-1-1531x1536.jpg 1531w, https:\/\/das-stille-woertchen.de\/wp-content\/uploads\/2026\/01\/IMG_1443-1-2041x2048.jpg 2041w\" sizes=\"auto, (max-width: 1021px) 100vw, 1021px\" \/><\/a><\/figure>\n\n\n\n<figure class=\"wp-block-image size-large\"><a href=\"https:\/\/das-stille-woertchen.de\/wp-content\/uploads\/2026\/01\/IMG_4823-scaled.jpg\"><img loading=\"lazy\" decoding=\"async\" width=\"1024\" height=\"768\" data-id=\"7276\" src=\"https:\/\/das-stille-woertchen.de\/wp-content\/uploads\/2026\/01\/IMG_4823-1024x768.jpg\" alt=\"\" class=\"wp-image-7276\" srcset=\"https:\/\/das-stille-woertchen.de\/wp-content\/uploads\/2026\/01\/IMG_4823-1024x768.jpg 1024w, https:\/\/das-stille-woertchen.de\/wp-content\/uploads\/2026\/01\/IMG_4823-300x225.jpg 300w, https:\/\/das-stille-woertchen.de\/wp-content\/uploads\/2026\/01\/IMG_4823-768x576.jpg 768w, https:\/\/das-stille-woertchen.de\/wp-content\/uploads\/2026\/01\/IMG_4823-1536x1152.jpg 1536w, https:\/\/das-stille-woertchen.de\/wp-content\/uploads\/2026\/01\/IMG_4823-2048x1536.jpg 2048w\" sizes=\"auto, (max-width: 1024px) 100vw, 1024px\" \/><\/a><\/figure>\n\n\n\n<figure class=\"wp-block-image size-large\"><a href=\"https:\/\/das-stille-woertchen.de\/wp-content\/uploads\/2026\/01\/IMG_1460-scaled.jpg\"><img loading=\"lazy\" decoding=\"async\" width=\"768\" height=\"1024\" data-id=\"7273\" src=\"https:\/\/das-stille-woertchen.de\/wp-content\/uploads\/2026\/01\/IMG_1460-768x1024.jpg\" alt=\"\" class=\"wp-image-7273\" srcset=\"https:\/\/das-stille-woertchen.de\/wp-content\/uploads\/2026\/01\/IMG_1460-768x1024.jpg 768w, https:\/\/das-stille-woertchen.de\/wp-content\/uploads\/2026\/01\/IMG_1460-225x300.jpg 225w, https:\/\/das-stille-woertchen.de\/wp-content\/uploads\/2026\/01\/IMG_1460-1152x1536.jpg 1152w, https:\/\/das-stille-woertchen.de\/wp-content\/uploads\/2026\/01\/IMG_1460-1536x2048.jpg 1536w, https:\/\/das-stille-woertchen.de\/wp-content\/uploads\/2026\/01\/IMG_1460-scaled.jpg 1920w\" sizes=\"auto, (max-width: 768px) 100vw, 768px\" \/><\/a><\/figure>\n\n\n\n<figure class=\"wp-block-image size-large\"><a href=\"https:\/\/das-stille-woertchen.de\/wp-content\/uploads\/2026\/01\/IMG_1463-scaled.jpg\"><img loading=\"lazy\" decoding=\"async\" width=\"1024\" height=\"768\" data-id=\"7274\" src=\"https:\/\/das-stille-woertchen.de\/wp-content\/uploads\/2026\/01\/IMG_1463-1024x768.jpg\" alt=\"\" class=\"wp-image-7274\" srcset=\"https:\/\/das-stille-woertchen.de\/wp-content\/uploads\/2026\/01\/IMG_1463-1024x768.jpg 1024w, https:\/\/das-stille-woertchen.de\/wp-content\/uploads\/2026\/01\/IMG_1463-300x225.jpg 300w, https:\/\/das-stille-woertchen.de\/wp-content\/uploads\/2026\/01\/IMG_1463-768x576.jpg 768w, https:\/\/das-stille-woertchen.de\/wp-content\/uploads\/2026\/01\/IMG_1463-1536x1152.jpg 1536w, https:\/\/das-stille-woertchen.de\/wp-content\/uploads\/2026\/01\/IMG_1463-2048x1536.jpg 2048w\" sizes=\"auto, (max-width: 1024px) 100vw, 1024px\" \/><\/a><\/figure>\n\n\n\n<figure class=\"wp-block-image size-large\"><a href=\"https:\/\/das-stille-woertchen.de\/wp-content\/uploads\/2026\/01\/IMG_1455-scaled.jpg\"><img loading=\"lazy\" decoding=\"async\" width=\"768\" height=\"1024\" data-id=\"7272\" src=\"https:\/\/das-stille-woertchen.de\/wp-content\/uploads\/2026\/01\/IMG_1455-768x1024.jpg\" alt=\"\" class=\"wp-image-7272\" srcset=\"https:\/\/das-stille-woertchen.de\/wp-content\/uploads\/2026\/01\/IMG_1455-768x1024.jpg 768w, https:\/\/das-stille-woertchen.de\/wp-content\/uploads\/2026\/01\/IMG_1455-225x300.jpg 225w, https:\/\/das-stille-woertchen.de\/wp-content\/uploads\/2026\/01\/IMG_1455-1152x1536.jpg 1152w, https:\/\/das-stille-woertchen.de\/wp-content\/uploads\/2026\/01\/IMG_1455-1536x2048.jpg 1536w, https:\/\/das-stille-woertchen.de\/wp-content\/uploads\/2026\/01\/IMG_1455-scaled.jpg 1920w\" sizes=\"auto, (max-width: 768px) 100vw, 768px\" \/><\/a><\/figure>\n\n\n\n<figure class=\"wp-block-image size-large\"><a href=\"https:\/\/das-stille-woertchen.de\/wp-content\/uploads\/2026\/01\/1893e11b-0d3c-491c-8b9f-201e0c7cbf4b-1.jpg\"><img loading=\"lazy\" decoding=\"async\" width=\"1003\" height=\"1024\" data-id=\"7264\" src=\"https:\/\/das-stille-woertchen.de\/wp-content\/uploads\/2026\/01\/1893e11b-0d3c-491c-8b9f-201e0c7cbf4b-1-1003x1024.jpg\" alt=\"\" class=\"wp-image-7264\" srcset=\"https:\/\/das-stille-woertchen.de\/wp-content\/uploads\/2026\/01\/1893e11b-0d3c-491c-8b9f-201e0c7cbf4b-1-1003x1024.jpg 1003w, https:\/\/das-stille-woertchen.de\/wp-content\/uploads\/2026\/01\/1893e11b-0d3c-491c-8b9f-201e0c7cbf4b-1-294x300.jpg 294w, https:\/\/das-stille-woertchen.de\/wp-content\/uploads\/2026\/01\/1893e11b-0d3c-491c-8b9f-201e0c7cbf4b-1-768x784.jpg 768w, https:\/\/das-stille-woertchen.de\/wp-content\/uploads\/2026\/01\/1893e11b-0d3c-491c-8b9f-201e0c7cbf4b-1.jpg 1066w\" sizes=\"auto, (max-width: 1003px) 100vw, 1003px\" \/><\/a><\/figure>\n\n\n\n<figure class=\"wp-block-image size-large\"><a href=\"https:\/\/das-stille-woertchen.de\/wp-content\/uploads\/2026\/01\/Mittel-IMG_1014-1.jpeg\"><img loading=\"lazy\" decoding=\"async\" width=\"640\" height=\"480\" data-id=\"7258\" src=\"https:\/\/das-stille-woertchen.de\/wp-content\/uploads\/2026\/01\/Mittel-IMG_1014-1.jpeg\" alt=\"\" class=\"wp-image-7258\" srcset=\"https:\/\/das-stille-woertchen.de\/wp-content\/uploads\/2026\/01\/Mittel-IMG_1014-1.jpeg 640w, https:\/\/das-stille-woertchen.de\/wp-content\/uploads\/2026\/01\/Mittel-IMG_1014-1-300x225.jpeg 300w\" sizes=\"auto, (max-width: 640px) 100vw, 640px\" \/><\/a><\/figure>\n\n\n\n<figure class=\"wp-block-image size-large\"><a href=\"https:\/\/das-stille-woertchen.de\/wp-content\/uploads\/2026\/01\/Mittel-IMG_1015-1.jpeg\"><img loading=\"lazy\" decoding=\"async\" width=\"480\" height=\"640\" data-id=\"7259\" src=\"https:\/\/das-stille-woertchen.de\/wp-content\/uploads\/2026\/01\/Mittel-IMG_1015-1.jpeg\" alt=\"\" class=\"wp-image-7259\" srcset=\"https:\/\/das-stille-woertchen.de\/wp-content\/uploads\/2026\/01\/Mittel-IMG_1015-1.jpeg 480w, https:\/\/das-stille-woertchen.de\/wp-content\/uploads\/2026\/01\/Mittel-IMG_1015-1-225x300.jpeg 225w\" sizes=\"auto, (max-width: 480px) 100vw, 480px\" \/><\/a><\/figure>\n\n\n\n<figure class=\"wp-block-image size-large\"><a href=\"https:\/\/das-stille-woertchen.de\/wp-content\/uploads\/2026\/01\/Mittel-IMG_0813.jpeg\"><img loading=\"lazy\" decoding=\"async\" width=\"640\" height=\"480\" data-id=\"7256\" src=\"https:\/\/das-stille-woertchen.de\/wp-content\/uploads\/2026\/01\/Mittel-IMG_0813.jpeg\" alt=\"\" class=\"wp-image-7256\" srcset=\"https:\/\/das-stille-woertchen.de\/wp-content\/uploads\/2026\/01\/Mittel-IMG_0813.jpeg 640w, https:\/\/das-stille-woertchen.de\/wp-content\/uploads\/2026\/01\/Mittel-IMG_0813-300x225.jpeg 300w\" sizes=\"auto, (max-width: 640px) 100vw, 640px\" \/><\/a><\/figure>\n\n\n\n<figure class=\"wp-block-image size-large\"><a href=\"https:\/\/das-stille-woertchen.de\/wp-content\/uploads\/2026\/01\/d7e807d0-0c89-40d2-a2a0-8af0b1374e00.jpg\"><img loading=\"lazy\" decoding=\"async\" width=\"1024\" height=\"768\" data-id=\"7266\" src=\"https:\/\/das-stille-woertchen.de\/wp-content\/uploads\/2026\/01\/d7e807d0-0c89-40d2-a2a0-8af0b1374e00-1024x768.jpg\" alt=\"\" class=\"wp-image-7266\" srcset=\"https:\/\/das-stille-woertchen.de\/wp-content\/uploads\/2026\/01\/d7e807d0-0c89-40d2-a2a0-8af0b1374e00-1024x768.jpg 1024w, https:\/\/das-stille-woertchen.de\/wp-content\/uploads\/2026\/01\/d7e807d0-0c89-40d2-a2a0-8af0b1374e00-300x225.jpg 300w, https:\/\/das-stille-woertchen.de\/wp-content\/uploads\/2026\/01\/d7e807d0-0c89-40d2-a2a0-8af0b1374e00-768x576.jpg 768w, https:\/\/das-stille-woertchen.de\/wp-content\/uploads\/2026\/01\/d7e807d0-0c89-40d2-a2a0-8af0b1374e00-1536x1152.jpg 1536w, https:\/\/das-stille-woertchen.de\/wp-content\/uploads\/2026\/01\/d7e807d0-0c89-40d2-a2a0-8af0b1374e00.jpg 1600w\" sizes=\"auto, (max-width: 1024px) 100vw, 1024px\" \/><\/a><\/figure>\n\n\n\n<figure class=\"wp-block-image size-large\"><a href=\"https:\/\/das-stille-woertchen.de\/wp-content\/uploads\/2026\/01\/IMG_0816.jpg\"><img loading=\"lazy\" decoding=\"async\" width=\"750\" height=\"507\" data-id=\"7269\" src=\"https:\/\/das-stille-woertchen.de\/wp-content\/uploads\/2026\/01\/IMG_0816.jpg\" alt=\"\" class=\"wp-image-7269\" srcset=\"https:\/\/das-stille-woertchen.de\/wp-content\/uploads\/2026\/01\/IMG_0816.jpg 750w, https:\/\/das-stille-woertchen.de\/wp-content\/uploads\/2026\/01\/IMG_0816-300x203.jpg 300w\" sizes=\"auto, (max-width: 750px) 100vw, 750px\" \/><\/a><\/figure>\n\n\n\n<figure class=\"wp-block-image size-large\"><a href=\"https:\/\/das-stille-woertchen.de\/wp-content\/uploads\/2026\/01\/149E61D8-E141-48E3-A27D-13574882C8FF-1-scaled.jpg\"><img loading=\"lazy\" decoding=\"async\" width=\"1024\" height=\"1024\" data-id=\"7262\" src=\"https:\/\/das-stille-woertchen.de\/wp-content\/uploads\/2026\/01\/149E61D8-E141-48E3-A27D-13574882C8FF-1-1024x1024.jpg\" alt=\"\" class=\"wp-image-7262\" srcset=\"https:\/\/das-stille-woertchen.de\/wp-content\/uploads\/2026\/01\/149E61D8-E141-48E3-A27D-13574882C8FF-1-1024x1024.jpg 1024w, https:\/\/das-stille-woertchen.de\/wp-content\/uploads\/2026\/01\/149E61D8-E141-48E3-A27D-13574882C8FF-1-300x300.jpg 300w, https:\/\/das-stille-woertchen.de\/wp-content\/uploads\/2026\/01\/149E61D8-E141-48E3-A27D-13574882C8FF-1-150x150.jpg 150w, https:\/\/das-stille-woertchen.de\/wp-content\/uploads\/2026\/01\/149E61D8-E141-48E3-A27D-13574882C8FF-1-768x768.jpg 768w, https:\/\/das-stille-woertchen.de\/wp-content\/uploads\/2026\/01\/149E61D8-E141-48E3-A27D-13574882C8FF-1-1536x1536.jpg 1536w, https:\/\/das-stille-woertchen.de\/wp-content\/uploads\/2026\/01\/149E61D8-E141-48E3-A27D-13574882C8FF-1-2048x2048.jpg 2048w\" sizes=\"auto, (max-width: 1024px) 100vw, 1024px\" \/><\/a><\/figure>\n<\/figure>\n\n\n\n<p><br><br>Ich hatte zauberhaften Besuch auf unserem Hof. Einmal von Saskia &#8211; meiner allerbesten <a href=\"https:\/\/www.judithallert.de\/gut-pusteblume\/\">Gut Pusteblume<\/a> Kollegin. Wir haben ein kleines Fotoshooting f\u00fcr unsere zuk\u00fcnftige Homepage geknipst (und wir sind beide soooo schlecht im entspannten Kameragucken &#8211; daf\u00fcr sind die Bildchen ganz gut geworden, oder? ;-))<br><br>Dazwischen seht ihr mich mit Coco und Oma Irmis Erdbeermarmelade. Letztere ist die aus dem &#8222;Erdbeerm\u00e4dchen&#8220;-Buch. Da ist n\u00e4mlich hinten drin ein Rezept. Zuuuuf\u00e4llig genau das, das ich immer nutze.<br><br>Zudem standen ein paar Lesereisen an. Zum Beispiel nach Pfreimd. Ein gem\u00fctliches St\u00e4dtchen in der Oberpfalz. Da hab ich die Mittagspause nach den Kindergartenlesungen auf einer gr\u00fcnen Wiese verbracht und bin eingenickt (kein Wunder, morgens um halb f\u00fcnf war ich zuvor f\u00fcr die Lesungen zum Bahnhof geradelt!) &#8211; aber rechtzeitig f\u00fcr die Nachmittagslesung im Hort wieder aufgewacht.<\/p>\n\n\n\n<p>Drunter k\u00f6nntihr meinen zweiten, kreativen Hofbesuch entdecken: Simone Lei\u00df-Bohn und Juliane Heider. Zwei nette, tolle Illustratorinnen. Nur leider war es, allergiebedingt, ein Kurzbesuch. Schnief. (Nur eine Nacht, statt, wie geplant, drei.)<br><br>Au\u00dferdem hat noch ein sommerliches Gruppe 7-Biergartentreffen stattgefunden (mit Claudia Frieser, Anna Trenkwald, Julia Bierkandt, Dagmar Gei\u00dfler, Christiane Wei\u00df, Anne Albrecht und mir) und links und rechts davon seht ihr Bilder von einer Lesung in Eisfeld. Da hatte &#8222;mich&#8220; der Carlsen-Verlag zum Wellttag des Buches verlost und die Buchhandlung &#8222;<a href=\"https:\/\/ichlesdirwasvor.de\/\">Ich les dir was vor&#8220;<\/a> hat mich gewonnen &#8211; und auch noch einen gro\u00dfz\u00fcgigen Sponsor aufgeftrieben, so dass alle lauschenden Sechtskl\u00e4ssler in der Eisfelder Realschule meine &#8222;Kn\u00e4ckebrothelden&#8220; geschenkt bekommen haben. Klasse!<\/p>\n\n\n\n<p>Geschrieben hab ich auch noch &#8211; und das nicht mal zu wenig. Im Sommer stand Band vier der &#8222;Insel der Tierabenteuer&#8220;, ein Bilderbuch und der zweite Band meines geliebten Vorlesebuchs &#8222;Risottostra\u00dfe 7&#8220; an. Ein Gl\u00fcck, dass (letztes Bild da oben) auch mal Riesenhund Johnny die Laptop-Schicht \u00fcbernommen hat.<br><\/p>\n\n\n\n<p><strong>Juli<\/strong><\/p>\n\n\n\n<p>Im Juli war ich unter anderem in Bamberg &#8211; da wurde der Platz der Menschenrechte eingeweiht und ich hatte auf einer groooo\u00dfen B\u00fchne eine Premierenlesung aus dem zweiten Band der &#8222;Insel der Tierabenteuer&#8220;. Herzlichst unterst\u00fctzt von Christiane Wei\u00df, Leiterin der Stadtb\u00fccherei Bamberg und langj\u00e4hrige Gruppe-Sieben-Mitsieberin. Ihr seht sie neben meinem Kollegen Rolf-Berhard Essig. Auch er stand bei dem Event auf der B\u00fchne. Und zwischendrin seht ihr das St\u00e4rkungs-Buffet, das den Kreativen geboten wurde. Beeindruckend! \ud83d\ude42<\/p>\n\n\n\n<p>Ich hatte Lesungen an der Gesamtschule Hollfeld &#8211; da hat der ganze Sechst-Klass-Jahrgang mein Buch &#8222;Ginger&#8220; gelesen. (Wuuuundertoll illustriert von Florentine Prechtl.)<br><br>Ich hab die liebe Iris in ihrer Gundelsheimer B\u00fccherei besucht. Da wurde Jubil\u00e4um gefeiert und deshalb war die sehr gesch\u00e4tzte Dr. Claudia Pecher zu Gast.<br><br>Und ich war in Stuttgart zum Vorlesen, bei den Kinder- und Jugendbuchwochen. Die unglaublich beeindruckende Stadtbibliothek hab ich Schussel nicht fotografiert. Daf\u00fcr das Literaturhaus. Da bin ich abends total spontan zu einer Lesung vorbei geh\u00fcpft. Auch nett! <br><br>Ja und ganz unten seht ihr Bilder aus Regenstauf. <br>Dorthin hatten mich die netten Inhaberinnen der Buchhandlung &#8222;B\u00fccherstube&#8220; geladen (nicht nur zum Lesen &#8211; auch zu einem zauberhaften Abendessen). NAT\u00dcRLICH hab ich keine Lesungsfotos geknipst. Aber ich hab euch den beeindruckenden F\u00f6n in meinem Hotelzimmer fotografiert. Und das sch\u00f6ne Schaufenster der Buchhandlung. Da drin war ich mit netten Kolleginnen und Kollegen vereint &#8211; also in Buchgestalt.<\/p>\n\n\n\n<figure class=\"wp-block-gallery has-nested-images columns-default is-cropped wp-block-gallery-15 is-layout-flex wp-block-gallery-is-layout-flex\">\n<figure class=\"wp-block-image size-large\"><a href=\"https:\/\/das-stille-woertchen.de\/wp-content\/uploads\/2026\/01\/66d8364c-b978-4e3a-b620-3a763ea93357.jpg\"><img loading=\"lazy\" decoding=\"async\" width=\"559\" height=\"1024\" data-id=\"7307\" src=\"https:\/\/das-stille-woertchen.de\/wp-content\/uploads\/2026\/01\/66d8364c-b978-4e3a-b620-3a763ea93357-559x1024.jpg\" alt=\"\" class=\"wp-image-7307\" srcset=\"https:\/\/das-stille-woertchen.de\/wp-content\/uploads\/2026\/01\/66d8364c-b978-4e3a-b620-3a763ea93357-559x1024.jpg 559w, https:\/\/das-stille-woertchen.de\/wp-content\/uploads\/2026\/01\/66d8364c-b978-4e3a-b620-3a763ea93357-164x300.jpg 164w, https:\/\/das-stille-woertchen.de\/wp-content\/uploads\/2026\/01\/66d8364c-b978-4e3a-b620-3a763ea93357-768x1407.jpg 768w, https:\/\/das-stille-woertchen.de\/wp-content\/uploads\/2026\/01\/66d8364c-b978-4e3a-b620-3a763ea93357-838x1536.jpg 838w, https:\/\/das-stille-woertchen.de\/wp-content\/uploads\/2026\/01\/66d8364c-b978-4e3a-b620-3a763ea93357.jpg 1026w\" sizes=\"auto, (max-width: 559px) 100vw, 559px\" \/><\/a><\/figure>\n\n\n\n<figure class=\"wp-block-image size-full\"><a href=\"https:\/\/das-stille-woertchen.de\/wp-content\/uploads\/2026\/01\/Mittel-IMG_2105.jpeg\"><img loading=\"lazy\" decoding=\"async\" width=\"640\" height=\"480\" data-id=\"7299\" src=\"https:\/\/das-stille-woertchen.de\/wp-content\/uploads\/2026\/01\/Mittel-IMG_2105.jpeg\" alt=\"\" class=\"wp-image-7299\" srcset=\"https:\/\/das-stille-woertchen.de\/wp-content\/uploads\/2026\/01\/Mittel-IMG_2105.jpeg 640w, https:\/\/das-stille-woertchen.de\/wp-content\/uploads\/2026\/01\/Mittel-IMG_2105-300x225.jpeg 300w\" sizes=\"auto, (max-width: 640px) 100vw, 640px\" \/><\/a><\/figure>\n\n\n\n<figure class=\"wp-block-image size-large\"><a href=\"https:\/\/das-stille-woertchen.de\/wp-content\/uploads\/2026\/01\/Mittel-IMG_2111.jpeg\"><img loading=\"lazy\" decoding=\"async\" width=\"480\" height=\"640\" data-id=\"7302\" src=\"https:\/\/das-stille-woertchen.de\/wp-content\/uploads\/2026\/01\/Mittel-IMG_2111.jpeg\" alt=\"\" class=\"wp-image-7302\" srcset=\"https:\/\/das-stille-woertchen.de\/wp-content\/uploads\/2026\/01\/Mittel-IMG_2111.jpeg 480w, https:\/\/das-stille-woertchen.de\/wp-content\/uploads\/2026\/01\/Mittel-IMG_2111-225x300.jpeg 225w\" sizes=\"auto, (max-width: 480px) 100vw, 480px\" \/><\/a><\/figure>\n\n\n\n<figure class=\"wp-block-image size-large\"><a href=\"https:\/\/das-stille-woertchen.de\/wp-content\/uploads\/2026\/01\/Mittel-IMG_2172.jpeg\"><img loading=\"lazy\" decoding=\"async\" width=\"480\" height=\"640\" data-id=\"7306\" src=\"https:\/\/das-stille-woertchen.de\/wp-content\/uploads\/2026\/01\/Mittel-IMG_2172.jpeg\" alt=\"\" class=\"wp-image-7306\" srcset=\"https:\/\/das-stille-woertchen.de\/wp-content\/uploads\/2026\/01\/Mittel-IMG_2172.jpeg 480w, https:\/\/das-stille-woertchen.de\/wp-content\/uploads\/2026\/01\/Mittel-IMG_2172-225x300.jpeg 225w\" sizes=\"auto, (max-width: 480px) 100vw, 480px\" \/><\/a><\/figure>\n\n\n\n<figure class=\"wp-block-image size-large\"><a href=\"https:\/\/das-stille-woertchen.de\/wp-content\/uploads\/2026\/01\/Mittel-IMG_1720.jpeg\"><img loading=\"lazy\" decoding=\"async\" width=\"640\" height=\"480\" data-id=\"7286\" src=\"https:\/\/das-stille-woertchen.de\/wp-content\/uploads\/2026\/01\/Mittel-IMG_1720.jpeg\" alt=\"\" class=\"wp-image-7286\" srcset=\"https:\/\/das-stille-woertchen.de\/wp-content\/uploads\/2026\/01\/Mittel-IMG_1720.jpeg 640w, https:\/\/das-stille-woertchen.de\/wp-content\/uploads\/2026\/01\/Mittel-IMG_1720-300x225.jpeg 300w\" sizes=\"auto, (max-width: 640px) 100vw, 640px\" \/><\/a><\/figure>\n\n\n\n<figure class=\"wp-block-image size-large\"><a href=\"https:\/\/das-stille-woertchen.de\/wp-content\/uploads\/2026\/01\/Mittel-IMG_1823.jpeg\"><img loading=\"lazy\" decoding=\"async\" width=\"480\" height=\"640\" data-id=\"7293\" src=\"https:\/\/das-stille-woertchen.de\/wp-content\/uploads\/2026\/01\/Mittel-IMG_1823.jpeg\" alt=\"\" class=\"wp-image-7293\" srcset=\"https:\/\/das-stille-woertchen.de\/wp-content\/uploads\/2026\/01\/Mittel-IMG_1823.jpeg 480w, https:\/\/das-stille-woertchen.de\/wp-content\/uploads\/2026\/01\/Mittel-IMG_1823-225x300.jpeg 225w\" sizes=\"auto, (max-width: 480px) 100vw, 480px\" \/><\/a><\/figure>\n\n\n\n<figure class=\"wp-block-image size-large\"><a href=\"https:\/\/das-stille-woertchen.de\/wp-content\/uploads\/2026\/01\/Mittel-IMG_1728.jpeg\"><img loading=\"lazy\" decoding=\"async\" width=\"480\" height=\"640\" data-id=\"7287\" src=\"https:\/\/das-stille-woertchen.de\/wp-content\/uploads\/2026\/01\/Mittel-IMG_1728.jpeg\" alt=\"\" class=\"wp-image-7287\" srcset=\"https:\/\/das-stille-woertchen.de\/wp-content\/uploads\/2026\/01\/Mittel-IMG_1728.jpeg 480w, https:\/\/das-stille-woertchen.de\/wp-content\/uploads\/2026\/01\/Mittel-IMG_1728-225x300.jpeg 225w\" sizes=\"auto, (max-width: 480px) 100vw, 480px\" \/><\/a><\/figure>\n\n\n\n<figure class=\"wp-block-image size-large\"><a href=\"https:\/\/das-stille-woertchen.de\/wp-content\/uploads\/2026\/01\/Mittel-IMG_1730.jpeg\"><img loading=\"lazy\" decoding=\"async\" width=\"480\" height=\"640\" data-id=\"7288\" src=\"https:\/\/das-stille-woertchen.de\/wp-content\/uploads\/2026\/01\/Mittel-IMG_1730.jpeg\" alt=\"\" class=\"wp-image-7288\" srcset=\"https:\/\/das-stille-woertchen.de\/wp-content\/uploads\/2026\/01\/Mittel-IMG_1730.jpeg 480w, https:\/\/das-stille-woertchen.de\/wp-content\/uploads\/2026\/01\/Mittel-IMG_1730-225x300.jpeg 225w\" sizes=\"auto, (max-width: 480px) 100vw, 480px\" \/><\/a><\/figure>\n<\/figure>\n\n\n\n<p>Au\u00dferdem war es an der Zeit, den Stapel der bisherigen Neuerscheinungen zu fotografieren.<br>Denn es kamen schon wieder drei dazu!<br>Die Belegexemplare f\u00fcr meine ersten B\u00fccher beim Oetinger-Verlag. Die ersten zwei B\u00e4nde einer Reihe namens &#8222;Mein Supers\u00fc\u00dfes Haustier&#8220; &#8211; supertoll, s\u00fc\u00df und frech illustriert von Hannah Thachenko. Und mit wichtigen Haustier- und Tierschutzwissen. <br>Und Band 2 der &#8222;Tierabenteuer&#8220; ist erschienen &#8211; ich liiiiiiebe die Illustrationen der lieben Sarah Garbers und ihre vielen grandiosen Ideen und ich hoffe sehr, dass wir noch so einige B\u00fccher zusammen aust\u00fcfteln werden.<\/p>\n\n\n\n<figure class=\"wp-block-gallery has-nested-images columns-default is-cropped wp-block-gallery-16 is-layout-flex wp-block-gallery-is-layout-flex\">\n<figure class=\"wp-block-image size-large\"><a href=\"https:\/\/das-stille-woertchen.de\/wp-content\/uploads\/2026\/01\/Mittel-IMG_1919.jpeg\"><img loading=\"lazy\" decoding=\"async\" width=\"640\" height=\"480\" data-id=\"7297\" src=\"https:\/\/das-stille-woertchen.de\/wp-content\/uploads\/2026\/01\/Mittel-IMG_1919.jpeg\" alt=\"\" class=\"wp-image-7297\" srcset=\"https:\/\/das-stille-woertchen.de\/wp-content\/uploads\/2026\/01\/Mittel-IMG_1919.jpeg 640w, https:\/\/das-stille-woertchen.de\/wp-content\/uploads\/2026\/01\/Mittel-IMG_1919-300x225.jpeg 300w\" sizes=\"auto, (max-width: 640px) 100vw, 640px\" \/><\/a><\/figure>\n\n\n\n<figure class=\"wp-block-image size-large\"><a href=\"https:\/\/das-stille-woertchen.de\/wp-content\/uploads\/2026\/01\/Mittel-IMG_1922.jpeg\"><img loading=\"lazy\" decoding=\"async\" width=\"640\" height=\"480\" data-id=\"7309\" src=\"https:\/\/das-stille-woertchen.de\/wp-content\/uploads\/2026\/01\/Mittel-IMG_1922-edited.jpeg\" alt=\"\" class=\"wp-image-7309\" srcset=\"https:\/\/das-stille-woertchen.de\/wp-content\/uploads\/2026\/01\/Mittel-IMG_1922-edited.jpeg 640w, https:\/\/das-stille-woertchen.de\/wp-content\/uploads\/2026\/01\/Mittel-IMG_1922-edited-300x225.jpeg 300w\" sizes=\"auto, (max-width: 640px) 100vw, 640px\" \/><\/a><\/figure>\n<\/figure>\n\n\n\n<figure class=\"wp-block-gallery has-nested-images columns-default is-cropped wp-block-gallery-17 is-layout-flex wp-block-gallery-is-layout-flex\">\n<figure class=\"wp-block-image size-large\"><a href=\"https:\/\/das-stille-woertchen.de\/wp-content\/uploads\/2026\/01\/Mittel-IMG_1875.jpeg\"><img loading=\"lazy\" decoding=\"async\" width=\"480\" height=\"640\" data-id=\"7295\" src=\"https:\/\/das-stille-woertchen.de\/wp-content\/uploads\/2026\/01\/Mittel-IMG_1875.jpeg\" alt=\"\" class=\"wp-image-7295\" srcset=\"https:\/\/das-stille-woertchen.de\/wp-content\/uploads\/2026\/01\/Mittel-IMG_1875.jpeg 480w, https:\/\/das-stille-woertchen.de\/wp-content\/uploads\/2026\/01\/Mittel-IMG_1875-225x300.jpeg 225w\" sizes=\"auto, (max-width: 480px) 100vw, 480px\" \/><\/a><\/figure>\n\n\n\n<figure class=\"wp-block-image size-full\"><a href=\"https:\/\/das-stille-woertchen.de\/wp-content\/uploads\/2026\/01\/Mittel-IMG_1914.jpeg\"><img loading=\"lazy\" decoding=\"async\" width=\"640\" height=\"480\" data-id=\"7296\" src=\"https:\/\/das-stille-woertchen.de\/wp-content\/uploads\/2026\/01\/Mittel-IMG_1914.jpeg\" alt=\"\" class=\"wp-image-7296\" srcset=\"https:\/\/das-stille-woertchen.de\/wp-content\/uploads\/2026\/01\/Mittel-IMG_1914.jpeg 640w, https:\/\/das-stille-woertchen.de\/wp-content\/uploads\/2026\/01\/Mittel-IMG_1914-300x225.jpeg 300w\" sizes=\"auto, (max-width: 640px) 100vw, 640px\" \/><\/a><\/figure>\n<\/figure>\n\n\n\n<p><strong>August <\/strong><\/p>\n\n\n\n<p>In diesem wilden Jahr war auch der sonst recht zuverl\u00e4ssige \u00fcberwiegend lesungsfreie August (hier in Bayern sind ja Sommerferien) nicht so ruhig wie gewohnt.<br>Zwei \u00f6ffentliche Lesungen standen an:<br>Beim Kinder-Literatur-Fest in Schwabach &#8211; inmitten eines trubelig-bunten Programms (wegen Augustregens nur leider nicht im Park, wie eigentlich geplant): Meine liebe Illustratoren-Kollegin Kathrin R\u00f6dl hat einen Comic-Workshop gehalten und musiziert wurde auch. Und sogar frisiert! Wer dem ans\u00e4ssigen Friseur beim Schnippeln und K\u00e4mmen vorgelesen hat, bekam den Haarschnitt umsonst.<br><br>Zwischendrin seht ihr die Bilder vom n\u00e4chsten Gruppe 7-Stammtisch &#8211; der fand diesmal auf Gut Pusteblume statt. Nat\u00fcrlich wurden bei der Gelegenheit Ponys und (nicht im Bild) Wollschweine gekrault.<br><br>Unten habt ihr ein paar Impressionen vom Erlanger Poetenfest. Da hab ich meine Hamburger Kollegin Anne Jaspersen pers\u00f6nlich kennen gelernt und nach der Arbeit haben wir ein paar schicke Getr\u00e4nke in der Sonne leuchten lassen.<\/p>\n\n\n\n<p>Und den Rest des Monats hatte ich Tomatenferien, wie ich das nenne! <br> (Im August ist es immer sehr wichtig, dass ich genug Zeit habe, Tomaten und Zucchini zu ernten und zu verarbeiten &#8211; was mich immer sehr begl\u00fcckt! Warum das 2025 besonders hervorzuheben ist, lest ihr am besten im \u00d6rtchen-Jahresr\u00fcckblick nebenan.)<br><\/p>\n\n\n\n<figure class=\"wp-block-gallery has-nested-images columns-default is-cropped wp-block-gallery-18 is-layout-flex wp-block-gallery-is-layout-flex\">\n<figure class=\"wp-block-image size-large\"><a href=\"https:\/\/das-stille-woertchen.de\/wp-content\/uploads\/2026\/01\/Mittel-IMG_2207.jpeg\"><img loading=\"lazy\" decoding=\"async\" width=\"640\" height=\"480\" data-id=\"7318\" src=\"https:\/\/das-stille-woertchen.de\/wp-content\/uploads\/2026\/01\/Mittel-IMG_2207.jpeg\" alt=\"\" class=\"wp-image-7318\" srcset=\"https:\/\/das-stille-woertchen.de\/wp-content\/uploads\/2026\/01\/Mittel-IMG_2207.jpeg 640w, https:\/\/das-stille-woertchen.de\/wp-content\/uploads\/2026\/01\/Mittel-IMG_2207-300x225.jpeg 300w\" sizes=\"auto, (max-width: 640px) 100vw, 640px\" \/><\/a><\/figure>\n\n\n\n<figure class=\"wp-block-image size-large\"><a href=\"https:\/\/das-stille-woertchen.de\/wp-content\/uploads\/2026\/01\/Mittel-IMG_2206.jpeg\"><img loading=\"lazy\" decoding=\"async\" width=\"480\" height=\"640\" data-id=\"7320\" src=\"https:\/\/das-stille-woertchen.de\/wp-content\/uploads\/2026\/01\/Mittel-IMG_2206.jpeg\" alt=\"\" class=\"wp-image-7320\" srcset=\"https:\/\/das-stille-woertchen.de\/wp-content\/uploads\/2026\/01\/Mittel-IMG_2206.jpeg 480w, https:\/\/das-stille-woertchen.de\/wp-content\/uploads\/2026\/01\/Mittel-IMG_2206-225x300.jpeg 225w\" sizes=\"auto, (max-width: 480px) 100vw, 480px\" \/><\/a><\/figure>\n\n\n\n<figure class=\"wp-block-image size-large\"><a href=\"https:\/\/das-stille-woertchen.de\/wp-content\/uploads\/2026\/01\/Mittel-IMG_2209.jpeg\"><img loading=\"lazy\" decoding=\"async\" width=\"640\" height=\"480\" data-id=\"7322\" src=\"https:\/\/das-stille-woertchen.de\/wp-content\/uploads\/2026\/01\/Mittel-IMG_2209.jpeg\" alt=\"\" class=\"wp-image-7322\" srcset=\"https:\/\/das-stille-woertchen.de\/wp-content\/uploads\/2026\/01\/Mittel-IMG_2209.jpeg 640w, https:\/\/das-stille-woertchen.de\/wp-content\/uploads\/2026\/01\/Mittel-IMG_2209-300x225.jpeg 300w\" sizes=\"auto, (max-width: 640px) 100vw, 640px\" \/><\/a><\/figure>\n\n\n\n<figure class=\"wp-block-image size-large\"><a href=\"https:\/\/das-stille-woertchen.de\/wp-content\/uploads\/2026\/01\/Mittel-IMG_2383.jpeg\"><img loading=\"lazy\" decoding=\"async\" width=\"640\" height=\"480\" data-id=\"7338\" src=\"https:\/\/das-stille-woertchen.de\/wp-content\/uploads\/2026\/01\/Mittel-IMG_2383.jpeg\" alt=\"\" class=\"wp-image-7338\" srcset=\"https:\/\/das-stille-woertchen.de\/wp-content\/uploads\/2026\/01\/Mittel-IMG_2383.jpeg 640w, https:\/\/das-stille-woertchen.de\/wp-content\/uploads\/2026\/01\/Mittel-IMG_2383-300x225.jpeg 300w\" sizes=\"auto, (max-width: 640px) 100vw, 640px\" \/><\/a><\/figure>\n\n\n\n<figure class=\"wp-block-image size-large\"><a href=\"https:\/\/das-stille-woertchen.de\/wp-content\/uploads\/2026\/01\/Mittel-IMG_2388.jpeg\"><img loading=\"lazy\" decoding=\"async\" width=\"640\" height=\"480\" data-id=\"7341\" src=\"https:\/\/das-stille-woertchen.de\/wp-content\/uploads\/2026\/01\/Mittel-IMG_2388.jpeg\" alt=\"\" class=\"wp-image-7341\" srcset=\"https:\/\/das-stille-woertchen.de\/wp-content\/uploads\/2026\/01\/Mittel-IMG_2388.jpeg 640w, https:\/\/das-stille-woertchen.de\/wp-content\/uploads\/2026\/01\/Mittel-IMG_2388-300x225.jpeg 300w\" sizes=\"auto, (max-width: 640px) 100vw, 640px\" \/><\/a><\/figure>\n\n\n\n<figure class=\"wp-block-image size-large\"><a href=\"https:\/\/das-stille-woertchen.de\/wp-content\/uploads\/2026\/01\/Mittel-IMG_2390.jpeg\"><img loading=\"lazy\" decoding=\"async\" width=\"640\" height=\"480\" data-id=\"7331\" src=\"https:\/\/das-stille-woertchen.de\/wp-content\/uploads\/2026\/01\/Mittel-IMG_2390.jpeg\" alt=\"\" class=\"wp-image-7331\" srcset=\"https:\/\/das-stille-woertchen.de\/wp-content\/uploads\/2026\/01\/Mittel-IMG_2390.jpeg 640w, https:\/\/das-stille-woertchen.de\/wp-content\/uploads\/2026\/01\/Mittel-IMG_2390-300x225.jpeg 300w\" sizes=\"auto, (max-width: 640px) 100vw, 640px\" \/><\/a><\/figure>\n\n\n\n<figure class=\"wp-block-image size-large\"><a href=\"https:\/\/das-stille-woertchen.de\/wp-content\/uploads\/2026\/01\/Mittel-IMG_2397.jpeg\"><img loading=\"lazy\" decoding=\"async\" width=\"640\" height=\"480\" data-id=\"7330\" src=\"https:\/\/das-stille-woertchen.de\/wp-content\/uploads\/2026\/01\/Mittel-IMG_2397.jpeg\" alt=\"\" class=\"wp-image-7330\" srcset=\"https:\/\/das-stille-woertchen.de\/wp-content\/uploads\/2026\/01\/Mittel-IMG_2397.jpeg 640w, https:\/\/das-stille-woertchen.de\/wp-content\/uploads\/2026\/01\/Mittel-IMG_2397-300x225.jpeg 300w\" sizes=\"auto, (max-width: 640px) 100vw, 640px\" \/><\/a><\/figure>\n\n\n\n<figure class=\"wp-block-image size-large\"><a href=\"https:\/\/das-stille-woertchen.de\/wp-content\/uploads\/2026\/01\/a9de02c9-3bc3-42a5-ad67-dfbb2b96850a.jpg\"><img loading=\"lazy\" decoding=\"async\" width=\"1024\" height=\"478\" data-id=\"7327\" src=\"https:\/\/das-stille-woertchen.de\/wp-content\/uploads\/2026\/01\/a9de02c9-3bc3-42a5-ad67-dfbb2b96850a-1024x478.jpg\" alt=\"\" class=\"wp-image-7327\" srcset=\"https:\/\/das-stille-woertchen.de\/wp-content\/uploads\/2026\/01\/a9de02c9-3bc3-42a5-ad67-dfbb2b96850a-1024x478.jpg 1024w, https:\/\/das-stille-woertchen.de\/wp-content\/uploads\/2026\/01\/a9de02c9-3bc3-42a5-ad67-dfbb2b96850a-300x140.jpg 300w, https:\/\/das-stille-woertchen.de\/wp-content\/uploads\/2026\/01\/a9de02c9-3bc3-42a5-ad67-dfbb2b96850a-768x359.jpg 768w, https:\/\/das-stille-woertchen.de\/wp-content\/uploads\/2026\/01\/a9de02c9-3bc3-42a5-ad67-dfbb2b96850a-1536x717.jpg 1536w, https:\/\/das-stille-woertchen.de\/wp-content\/uploads\/2026\/01\/a9de02c9-3bc3-42a5-ad67-dfbb2b96850a.jpg 1600w\" sizes=\"auto, (max-width: 1024px) 100vw, 1024px\" \/><\/a><\/figure>\n\n\n\n<figure class=\"wp-block-image size-large\"><a href=\"https:\/\/das-stille-woertchen.de\/wp-content\/uploads\/2026\/01\/4009c255-19e4-4139-aa8f-e3ba62a2adcc.jpg\"><img loading=\"lazy\" decoding=\"async\" width=\"1024\" height=\"478\" data-id=\"7333\" src=\"https:\/\/das-stille-woertchen.de\/wp-content\/uploads\/2026\/01\/4009c255-19e4-4139-aa8f-e3ba62a2adcc-1024x478.jpg\" alt=\"\" class=\"wp-image-7333\" srcset=\"https:\/\/das-stille-woertchen.de\/wp-content\/uploads\/2026\/01\/4009c255-19e4-4139-aa8f-e3ba62a2adcc-1024x478.jpg 1024w, https:\/\/das-stille-woertchen.de\/wp-content\/uploads\/2026\/01\/4009c255-19e4-4139-aa8f-e3ba62a2adcc-300x140.jpg 300w, https:\/\/das-stille-woertchen.de\/wp-content\/uploads\/2026\/01\/4009c255-19e4-4139-aa8f-e3ba62a2adcc-768x359.jpg 768w, https:\/\/das-stille-woertchen.de\/wp-content\/uploads\/2026\/01\/4009c255-19e4-4139-aa8f-e3ba62a2adcc-1536x717.jpg 1536w, https:\/\/das-stille-woertchen.de\/wp-content\/uploads\/2026\/01\/4009c255-19e4-4139-aa8f-e3ba62a2adcc.jpg 1600w\" sizes=\"auto, (max-width: 1024px) 100vw, 1024px\" \/><\/a><\/figure>\n\n\n\n<figure class=\"wp-block-image size-large\"><a href=\"https:\/\/das-stille-woertchen.de\/wp-content\/uploads\/2026\/01\/Mittel-IMG_3204.jpeg\"><img loading=\"lazy\" decoding=\"async\" width=\"480\" height=\"640\" data-id=\"7326\" src=\"https:\/\/das-stille-woertchen.de\/wp-content\/uploads\/2026\/01\/Mittel-IMG_3204.jpeg\" alt=\"\" class=\"wp-image-7326\" srcset=\"https:\/\/das-stille-woertchen.de\/wp-content\/uploads\/2026\/01\/Mittel-IMG_3204.jpeg 480w, https:\/\/das-stille-woertchen.de\/wp-content\/uploads\/2026\/01\/Mittel-IMG_3204-225x300.jpeg 225w\" sizes=\"auto, (max-width: 480px) 100vw, 480px\" \/><\/a><\/figure>\n\n\n\n<figure class=\"wp-block-image size-large\"><a href=\"https:\/\/das-stille-woertchen.de\/wp-content\/uploads\/2026\/01\/Mittel-IMG_3210.jpeg\"><img loading=\"lazy\" decoding=\"async\" width=\"480\" height=\"640\" data-id=\"7317\" src=\"https:\/\/das-stille-woertchen.de\/wp-content\/uploads\/2026\/01\/Mittel-IMG_3210.jpeg\" alt=\"\" class=\"wp-image-7317\" srcset=\"https:\/\/das-stille-woertchen.de\/wp-content\/uploads\/2026\/01\/Mittel-IMG_3210.jpeg 480w, https:\/\/das-stille-woertchen.de\/wp-content\/uploads\/2026\/01\/Mittel-IMG_3210-225x300.jpeg 225w\" sizes=\"auto, (max-width: 480px) 100vw, 480px\" \/><\/a><\/figure>\n\n\n\n<figure class=\"wp-block-image size-large\"><a href=\"https:\/\/das-stille-woertchen.de\/wp-content\/uploads\/2026\/01\/Mittel-IMG_9402.jpeg\"><img loading=\"lazy\" decoding=\"async\" width=\"480\" height=\"640\" data-id=\"7329\" src=\"https:\/\/das-stille-woertchen.de\/wp-content\/uploads\/2026\/01\/Mittel-IMG_9402.jpeg\" alt=\"\" class=\"wp-image-7329\" srcset=\"https:\/\/das-stille-woertchen.de\/wp-content\/uploads\/2026\/01\/Mittel-IMG_9402.jpeg 480w, https:\/\/das-stille-woertchen.de\/wp-content\/uploads\/2026\/01\/Mittel-IMG_9402-225x300.jpeg 225w\" sizes=\"auto, (max-width: 480px) 100vw, 480px\" \/><\/a><\/figure>\n\n\n\n<figure class=\"wp-block-image size-large\"><a href=\"https:\/\/das-stille-woertchen.de\/wp-content\/uploads\/2026\/01\/Mittel-IMG_3222.jpeg\"><img loading=\"lazy\" decoding=\"async\" width=\"640\" height=\"480\" data-id=\"7339\" src=\"https:\/\/das-stille-woertchen.de\/wp-content\/uploads\/2026\/01\/Mittel-IMG_3222.jpeg\" alt=\"\" class=\"wp-image-7339\" srcset=\"https:\/\/das-stille-woertchen.de\/wp-content\/uploads\/2026\/01\/Mittel-IMG_3222.jpeg 640w, https:\/\/das-stille-woertchen.de\/wp-content\/uploads\/2026\/01\/Mittel-IMG_3222-300x225.jpeg 300w\" sizes=\"auto, (max-width: 640px) 100vw, 640px\" \/><\/a><\/figure>\n\n\n\n<figure class=\"wp-block-image size-large\"><a href=\"https:\/\/das-stille-woertchen.de\/wp-content\/uploads\/2026\/01\/c8951497-1bba-485d-99cb-4023d16ba600.jpg\"><img loading=\"lazy\" decoding=\"async\" width=\"1024\" height=\"768\" data-id=\"7345\" src=\"https:\/\/das-stille-woertchen.de\/wp-content\/uploads\/2026\/01\/c8951497-1bba-485d-99cb-4023d16ba600-1024x768.jpg\" alt=\"\" class=\"wp-image-7345\" srcset=\"https:\/\/das-stille-woertchen.de\/wp-content\/uploads\/2026\/01\/c8951497-1bba-485d-99cb-4023d16ba600-1024x768.jpg 1024w, https:\/\/das-stille-woertchen.de\/wp-content\/uploads\/2026\/01\/c8951497-1bba-485d-99cb-4023d16ba600-300x225.jpg 300w, https:\/\/das-stille-woertchen.de\/wp-content\/uploads\/2026\/01\/c8951497-1bba-485d-99cb-4023d16ba600-768x576.jpg 768w, https:\/\/das-stille-woertchen.de\/wp-content\/uploads\/2026\/01\/c8951497-1bba-485d-99cb-4023d16ba600-1536x1152.jpg 1536w, https:\/\/das-stille-woertchen.de\/wp-content\/uploads\/2026\/01\/c8951497-1bba-485d-99cb-4023d16ba600.jpg 2000w\" sizes=\"auto, (max-width: 1024px) 100vw, 1024px\" \/><\/a><\/figure>\n<\/figure>\n\n\n\n<p><strong><br>September <\/strong><\/p>\n\n\n\n<p>Im September wurde schon wieder gereist. <br>(Hab ich schon mal gesagt, dass es ein ziemlich wildes Jahr war &#8230;?  Also je mehr R\u00fcckblick ich schreibe, desto mehr staune ich, was da alles reingepasst hat!)<\/p>\n\n\n\n<p>Zuerst ging es nach Hamburg. Da hatte der sehr gesch\u00e4tzte Carlsen-Verlag zu einem kreativen Workshop-Tag gerufen und ich hab mich mit zwei Lieblingskolleginnen in einem ger\u00e4umigen Hotelzimmer einquartiert. Mit Miriam Mann und Charlotte Habersack. Immer wieder sch\u00f6n, dass man als Kinderbuchautorinnen auch noch in fortgeschrittenerem Alter Klassenfahrt machen darf! (Und Miriam und Charlotte hatten sich vorher nicht nicht mal gekannt! :-)) Beim Essen ist dann noch spontan Katharina Mauder dazugehopst. Aber auf einem Foto ist sie leider nicht gelandet. <br>Und bei der Carlsen-Sause hab ich dann, unter anderem, noch zwei kreative Lieblingsmenschen getroffen: Miro Poferl und Juliana Kralik (mit der ich dieses Jahr gleich zwei sch\u00f6ne B\u00fccher mache &#8211; ich schreibe, sie illustriert, hurra!).<\/p>\n\n\n\n<p>Unten drunter seht ihr Eindr\u00fccke aus Kaiserslautern. Dorthin hat mich eine Lehrerin geladen, die meine &#8222;Insel der Tierabenteuer&#8220; mit ihren Zweitkl\u00e4sslern als Klassenlekt\u00fcre gelesen hat. Teilweise war es f\u00fcr die Kinder das allererste eigene Buch, das sie besa\u00dfen! Und ich hab ihnen dann, inzwischen als Drittkl\u00e4ssler, Teil zwei vorgestellt. Das war wirklich was ganz Besonderes. Die Kinder waren sowas von bei der Sache. Alles dank dieser engagierten Lehrerin, die wei\u00df, wie wichtig Lese- B\u00fccher- und Geschichtenliebe ist &#8211; nicht nur f\u00fcr das Lesen, sondern f\u00fcr das ganze Leben. Und diese Liebe muss nun mal irgendjemand wecken!<\/p>\n\n\n\n<p>Dann war ich noch f\u00fcr die gro\u00dfe Sommerferien-Leseclub-Abschlusslesung in Hildesheim (und aus dem gleichen Grund zuvor und danach in Erlangen und Cadolzburg in der Stadtb\u00fccherei- nur leider hab ich mal wieder keine Fotos gemacht!) &#8211;  und auch noch in Fulda. Dort fanden f\u00fcr das &#8222;Leseland Hessen&#8220; allerlei Veranstaltungen statt und ich durfte bei mehreren Lesungen mit den &#8222;Kn\u00e4ckebrothelden&#8220; dabei sein. Super organisiert und sehr nett betreut. Dankesch\u00f6n!<\/p>\n\n\n\n<figure class=\"wp-block-gallery has-nested-images columns-default is-cropped wp-block-gallery-19 is-layout-flex wp-block-gallery-is-layout-flex\">\n<figure class=\"wp-block-image size-large\"><a href=\"https:\/\/das-stille-woertchen.de\/wp-content\/uploads\/2026\/01\/Mittel-IMG_3466.jpeg\"><img loading=\"lazy\" decoding=\"async\" width=\"640\" height=\"480\" data-id=\"7355\" src=\"https:\/\/das-stille-woertchen.de\/wp-content\/uploads\/2026\/01\/Mittel-IMG_3466.jpeg\" alt=\"\" class=\"wp-image-7355\" srcset=\"https:\/\/das-stille-woertchen.de\/wp-content\/uploads\/2026\/01\/Mittel-IMG_3466.jpeg 640w, https:\/\/das-stille-woertchen.de\/wp-content\/uploads\/2026\/01\/Mittel-IMG_3466-300x225.jpeg 300w\" sizes=\"auto, (max-width: 640px) 100vw, 640px\" \/><\/a><\/figure>\n\n\n\n<figure class=\"wp-block-image size-large\"><a href=\"https:\/\/das-stille-woertchen.de\/wp-content\/uploads\/2026\/01\/Mittel-IMG_3467.jpeg\"><img loading=\"lazy\" decoding=\"async\" width=\"640\" height=\"480\" data-id=\"7351\" src=\"https:\/\/das-stille-woertchen.de\/wp-content\/uploads\/2026\/01\/Mittel-IMG_3467.jpeg\" alt=\"\" class=\"wp-image-7351\" srcset=\"https:\/\/das-stille-woertchen.de\/wp-content\/uploads\/2026\/01\/Mittel-IMG_3467.jpeg 640w, https:\/\/das-stille-woertchen.de\/wp-content\/uploads\/2026\/01\/Mittel-IMG_3467-300x225.jpeg 300w\" sizes=\"auto, (max-width: 640px) 100vw, 640px\" \/><\/a><\/figure>\n\n\n\n<figure class=\"wp-block-image size-large\"><a href=\"https:\/\/das-stille-woertchen.de\/wp-content\/uploads\/2026\/01\/Mittel-IMG_3468.jpeg\"><img loading=\"lazy\" decoding=\"async\" width=\"640\" height=\"480\" data-id=\"7371\" src=\"https:\/\/das-stille-woertchen.de\/wp-content\/uploads\/2026\/01\/Mittel-IMG_3468.jpeg\" alt=\"\" class=\"wp-image-7371\" srcset=\"https:\/\/das-stille-woertchen.de\/wp-content\/uploads\/2026\/01\/Mittel-IMG_3468.jpeg 640w, https:\/\/das-stille-woertchen.de\/wp-content\/uploads\/2026\/01\/Mittel-IMG_3468-300x225.jpeg 300w\" sizes=\"auto, (max-width: 640px) 100vw, 640px\" \/><\/a><\/figure>\n\n\n\n<figure class=\"wp-block-image size-large\"><a href=\"https:\/\/das-stille-woertchen.de\/wp-content\/uploads\/2026\/01\/Mittel-IMG_3471.jpeg\"><img loading=\"lazy\" decoding=\"async\" width=\"640\" height=\"480\" data-id=\"7385\" src=\"https:\/\/das-stille-woertchen.de\/wp-content\/uploads\/2026\/01\/Mittel-IMG_3471.jpeg\" alt=\"\" class=\"wp-image-7385\" srcset=\"https:\/\/das-stille-woertchen.de\/wp-content\/uploads\/2026\/01\/Mittel-IMG_3471.jpeg 640w, https:\/\/das-stille-woertchen.de\/wp-content\/uploads\/2026\/01\/Mittel-IMG_3471-300x225.jpeg 300w\" sizes=\"auto, (max-width: 640px) 100vw, 640px\" \/><\/a><\/figure>\n\n\n\n<figure class=\"wp-block-image size-large\"><a href=\"https:\/\/das-stille-woertchen.de\/wp-content\/uploads\/2026\/01\/Mittel-IMG_3469.jpeg\"><img loading=\"lazy\" decoding=\"async\" width=\"640\" height=\"480\" data-id=\"7382\" src=\"https:\/\/das-stille-woertchen.de\/wp-content\/uploads\/2026\/01\/Mittel-IMG_3469.jpeg\" alt=\"\" class=\"wp-image-7382\" srcset=\"https:\/\/das-stille-woertchen.de\/wp-content\/uploads\/2026\/01\/Mittel-IMG_3469.jpeg 640w, https:\/\/das-stille-woertchen.de\/wp-content\/uploads\/2026\/01\/Mittel-IMG_3469-300x225.jpeg 300w\" sizes=\"auto, (max-width: 640px) 100vw, 640px\" \/><\/a><\/figure>\n\n\n\n<figure class=\"wp-block-image size-large\"><a href=\"https:\/\/das-stille-woertchen.de\/wp-content\/uploads\/2026\/01\/Mittel-IMG_3473.jpeg\"><img loading=\"lazy\" decoding=\"async\" width=\"640\" height=\"480\" data-id=\"7397\" src=\"https:\/\/das-stille-woertchen.de\/wp-content\/uploads\/2026\/01\/Mittel-IMG_3473.jpeg\" alt=\"\" class=\"wp-image-7397\" srcset=\"https:\/\/das-stille-woertchen.de\/wp-content\/uploads\/2026\/01\/Mittel-IMG_3473.jpeg 640w, https:\/\/das-stille-woertchen.de\/wp-content\/uploads\/2026\/01\/Mittel-IMG_3473-300x225.jpeg 300w\" sizes=\"auto, (max-width: 640px) 100vw, 640px\" \/><\/a><\/figure>\n\n\n\n<figure class=\"wp-block-image size-large\"><a href=\"https:\/\/das-stille-woertchen.de\/wp-content\/uploads\/2026\/01\/84d5b0dd-7b34-43d6-adff-b4de12b1e230.jpg\"><img loading=\"lazy\" decoding=\"async\" width=\"768\" height=\"1024\" data-id=\"7407\" src=\"https:\/\/das-stille-woertchen.de\/wp-content\/uploads\/2026\/01\/84d5b0dd-7b34-43d6-adff-b4de12b1e230-768x1024.jpg\" alt=\"\" class=\"wp-image-7407\" srcset=\"https:\/\/das-stille-woertchen.de\/wp-content\/uploads\/2026\/01\/84d5b0dd-7b34-43d6-adff-b4de12b1e230-768x1024.jpg 768w, https:\/\/das-stille-woertchen.de\/wp-content\/uploads\/2026\/01\/84d5b0dd-7b34-43d6-adff-b4de12b1e230-225x300.jpg 225w, https:\/\/das-stille-woertchen.de\/wp-content\/uploads\/2026\/01\/84d5b0dd-7b34-43d6-adff-b4de12b1e230-1152x1536.jpg 1152w, https:\/\/das-stille-woertchen.de\/wp-content\/uploads\/2026\/01\/84d5b0dd-7b34-43d6-adff-b4de12b1e230.jpg 1200w\" sizes=\"auto, (max-width: 768px) 100vw, 768px\" \/><\/a><\/figure>\n\n\n\n<figure class=\"wp-block-image size-large\"><a href=\"https:\/\/das-stille-woertchen.de\/wp-content\/uploads\/2026\/01\/Mittel-IMG_3520.jpeg\"><img loading=\"lazy\" decoding=\"async\" width=\"480\" height=\"640\" data-id=\"7384\" src=\"https:\/\/das-stille-woertchen.de\/wp-content\/uploads\/2026\/01\/Mittel-IMG_3520.jpeg\" alt=\"\" class=\"wp-image-7384\" srcset=\"https:\/\/das-stille-woertchen.de\/wp-content\/uploads\/2026\/01\/Mittel-IMG_3520.jpeg 480w, https:\/\/das-stille-woertchen.de\/wp-content\/uploads\/2026\/01\/Mittel-IMG_3520-225x300.jpeg 225w\" sizes=\"auto, (max-width: 480px) 100vw, 480px\" \/><\/a><\/figure>\n\n\n\n<figure class=\"wp-block-image size-large\"><a href=\"https:\/\/das-stille-woertchen.de\/wp-content\/uploads\/2026\/01\/Mittel-IMG_3660-2.jpeg\"><img loading=\"lazy\" decoding=\"async\" width=\"480\" height=\"640\" data-id=\"7362\" src=\"https:\/\/das-stille-woertchen.de\/wp-content\/uploads\/2026\/01\/Mittel-IMG_3660-2.jpeg\" alt=\"\" class=\"wp-image-7362\" srcset=\"https:\/\/das-stille-woertchen.de\/wp-content\/uploads\/2026\/01\/Mittel-IMG_3660-2.jpeg 480w, https:\/\/das-stille-woertchen.de\/wp-content\/uploads\/2026\/01\/Mittel-IMG_3660-2-225x300.jpeg 225w\" sizes=\"auto, (max-width: 480px) 100vw, 480px\" \/><\/a><\/figure>\n\n\n\n<figure class=\"wp-block-image size-large\"><a href=\"https:\/\/das-stille-woertchen.de\/wp-content\/uploads\/2026\/01\/Mittel-IMG_3707-2.jpeg\"><img loading=\"lazy\" decoding=\"async\" width=\"640\" height=\"480\" data-id=\"7365\" src=\"https:\/\/das-stille-woertchen.de\/wp-content\/uploads\/2026\/01\/Mittel-IMG_3707-2.jpeg\" alt=\"\" class=\"wp-image-7365\" srcset=\"https:\/\/das-stille-woertchen.de\/wp-content\/uploads\/2026\/01\/Mittel-IMG_3707-2.jpeg 640w, https:\/\/das-stille-woertchen.de\/wp-content\/uploads\/2026\/01\/Mittel-IMG_3707-2-300x225.jpeg 300w\" sizes=\"auto, (max-width: 640px) 100vw, 640px\" \/><\/a><\/figure>\n\n\n\n<figure class=\"wp-block-image size-large\"><a href=\"https:\/\/das-stille-woertchen.de\/wp-content\/uploads\/2026\/01\/Mittel-IMG_3681.jpeg\"><img loading=\"lazy\" decoding=\"async\" width=\"480\" height=\"640\" data-id=\"7387\" src=\"https:\/\/das-stille-woertchen.de\/wp-content\/uploads\/2026\/01\/Mittel-IMG_3681.jpeg\" alt=\"\" class=\"wp-image-7387\" srcset=\"https:\/\/das-stille-woertchen.de\/wp-content\/uploads\/2026\/01\/Mittel-IMG_3681.jpeg 480w, https:\/\/das-stille-woertchen.de\/wp-content\/uploads\/2026\/01\/Mittel-IMG_3681-225x300.jpeg 225w\" sizes=\"auto, (max-width: 480px) 100vw, 480px\" \/><\/a><\/figure>\n\n\n\n<figure class=\"wp-block-image size-large\"><a href=\"https:\/\/das-stille-woertchen.de\/wp-content\/uploads\/2026\/01\/Mittel-IMG_3677-2.jpeg\"><img loading=\"lazy\" decoding=\"async\" width=\"480\" height=\"640\" data-id=\"7401\" src=\"https:\/\/das-stille-woertchen.de\/wp-content\/uploads\/2026\/01\/Mittel-IMG_3677-2.jpeg\" alt=\"\" class=\"wp-image-7401\" srcset=\"https:\/\/das-stille-woertchen.de\/wp-content\/uploads\/2026\/01\/Mittel-IMG_3677-2.jpeg 480w, https:\/\/das-stille-woertchen.de\/wp-content\/uploads\/2026\/01\/Mittel-IMG_3677-2-225x300.jpeg 225w\" sizes=\"auto, (max-width: 480px) 100vw, 480px\" \/><\/a><\/figure>\n\n\n\n<figure class=\"wp-block-image size-large\"><a href=\"https:\/\/das-stille-woertchen.de\/wp-content\/uploads\/2026\/01\/Mittel-IMG_3802-2.jpeg\"><img loading=\"lazy\" decoding=\"async\" width=\"480\" height=\"640\" data-id=\"7372\" src=\"https:\/\/das-stille-woertchen.de\/wp-content\/uploads\/2026\/01\/Mittel-IMG_3802-2.jpeg\" alt=\"\" class=\"wp-image-7372\" srcset=\"https:\/\/das-stille-woertchen.de\/wp-content\/uploads\/2026\/01\/Mittel-IMG_3802-2.jpeg 480w, https:\/\/das-stille-woertchen.de\/wp-content\/uploads\/2026\/01\/Mittel-IMG_3802-2-225x300.jpeg 225w\" sizes=\"auto, (max-width: 480px) 100vw, 480px\" \/><\/a><\/figure>\n\n\n\n<figure class=\"wp-block-image size-large\"><a href=\"https:\/\/das-stille-woertchen.de\/wp-content\/uploads\/2026\/01\/Mittel-IMG_3805.jpeg\"><img loading=\"lazy\" decoding=\"async\" width=\"640\" height=\"480\" data-id=\"7400\" src=\"https:\/\/das-stille-woertchen.de\/wp-content\/uploads\/2026\/01\/Mittel-IMG_3805.jpeg\" alt=\"\" class=\"wp-image-7400\" srcset=\"https:\/\/das-stille-woertchen.de\/wp-content\/uploads\/2026\/01\/Mittel-IMG_3805.jpeg 640w, https:\/\/das-stille-woertchen.de\/wp-content\/uploads\/2026\/01\/Mittel-IMG_3805-300x225.jpeg 300w\" sizes=\"auto, (max-width: 640px) 100vw, 640px\" \/><\/a><\/figure>\n\n\n\n<figure class=\"wp-block-image size-large\"><a href=\"https:\/\/das-stille-woertchen.de\/wp-content\/uploads\/2026\/01\/Mittel-IMG_3794-2.jpeg\"><img loading=\"lazy\" decoding=\"async\" width=\"480\" height=\"640\" data-id=\"7406\" src=\"https:\/\/das-stille-woertchen.de\/wp-content\/uploads\/2026\/01\/Mittel-IMG_3794-2.jpeg\" alt=\"\" class=\"wp-image-7406\" srcset=\"https:\/\/das-stille-woertchen.de\/wp-content\/uploads\/2026\/01\/Mittel-IMG_3794-2.jpeg 480w, https:\/\/das-stille-woertchen.de\/wp-content\/uploads\/2026\/01\/Mittel-IMG_3794-2-225x300.jpeg 225w\" sizes=\"auto, (max-width: 480px) 100vw, 480px\" \/><\/a><\/figure>\n\n\n\n<figure class=\"wp-block-image size-large\"><a href=\"https:\/\/das-stille-woertchen.de\/wp-content\/uploads\/2026\/01\/Mittel-IMG_3814.jpeg\"><img loading=\"lazy\" decoding=\"async\" width=\"480\" height=\"640\" data-id=\"7350\" src=\"https:\/\/das-stille-woertchen.de\/wp-content\/uploads\/2026\/01\/Mittel-IMG_3814.jpeg\" alt=\"\" class=\"wp-image-7350\" srcset=\"https:\/\/das-stille-woertchen.de\/wp-content\/uploads\/2026\/01\/Mittel-IMG_3814.jpeg 480w, https:\/\/das-stille-woertchen.de\/wp-content\/uploads\/2026\/01\/Mittel-IMG_3814-225x300.jpeg 225w\" sizes=\"auto, (max-width: 480px) 100vw, 480px\" \/><\/a><\/figure>\n\n\n\n<figure class=\"wp-block-image size-large\"><a href=\"https:\/\/das-stille-woertchen.de\/wp-content\/uploads\/2026\/01\/Mittel-IMG_3575.jpeg\"><img loading=\"lazy\" decoding=\"async\" width=\"640\" height=\"480\" data-id=\"7389\" src=\"https:\/\/das-stille-woertchen.de\/wp-content\/uploads\/2026\/01\/Mittel-IMG_3575.jpeg\" alt=\"\" class=\"wp-image-7389\" srcset=\"https:\/\/das-stille-woertchen.de\/wp-content\/uploads\/2026\/01\/Mittel-IMG_3575.jpeg 640w, https:\/\/das-stille-woertchen.de\/wp-content\/uploads\/2026\/01\/Mittel-IMG_3575-300x225.jpeg 300w\" sizes=\"auto, (max-width: 640px) 100vw, 640px\" \/><\/a><\/figure>\n\n\n\n<figure class=\"wp-block-image size-large\"><a href=\"https:\/\/das-stille-woertchen.de\/wp-content\/uploads\/2026\/01\/Mittel-IMG_3816.jpeg\"><img loading=\"lazy\" decoding=\"async\" width=\"640\" height=\"480\" data-id=\"7364\" src=\"https:\/\/das-stille-woertchen.de\/wp-content\/uploads\/2026\/01\/Mittel-IMG_3816.jpeg\" alt=\"\" class=\"wp-image-7364\" srcset=\"https:\/\/das-stille-woertchen.de\/wp-content\/uploads\/2026\/01\/Mittel-IMG_3816.jpeg 640w, https:\/\/das-stille-woertchen.de\/wp-content\/uploads\/2026\/01\/Mittel-IMG_3816-300x225.jpeg 300w\" sizes=\"auto, (max-width: 640px) 100vw, 640px\" \/><\/a><\/figure>\n<\/figure>\n\n\n\n<p><strong>Oktober <\/strong><\/p>\n\n\n\n<p>Im Oktober hatten wir keinen normalen Gruppe 7-Stammtisch. Stattdessen stand ein kleiner Ausflug nach Hallstadt an. Da ist n\u00e4mlich gerade ein Paul-Maar-Museum in Entstehung und das ganze Vorhaben wurde bei einem tollen Empfang, in Anwesenheit von Paul Maar, vorgestellt &#8211; mit herausragender Foto-Kulisse! <br>(Eins meiner Lieblingsbilder des Jahres. :-))<\/p>\n\n\n<div class=\"wp-block-image\">\n<figure class=\"aligncenter size-large is-resized\"><a href=\"https:\/\/das-stille-woertchen.de\/wp-content\/uploads\/2026\/01\/36fa13dd-e5b8-442a-bf8a-6df2828e0f91.jpg\"><img loading=\"lazy\" decoding=\"async\" width=\"1394\" height=\"1394\" src=\"https:\/\/das-stille-woertchen.de\/wp-content\/uploads\/2026\/01\/36fa13dd-e5b8-442a-bf8a-6df2828e0f91-edited.jpg\" alt=\"\" class=\"wp-image-7433\" style=\"width:426px;height:auto\" srcset=\"https:\/\/das-stille-woertchen.de\/wp-content\/uploads\/2026\/01\/36fa13dd-e5b8-442a-bf8a-6df2828e0f91-edited.jpg 1394w, https:\/\/das-stille-woertchen.de\/wp-content\/uploads\/2026\/01\/36fa13dd-e5b8-442a-bf8a-6df2828e0f91-edited-300x300.jpg 300w, https:\/\/das-stille-woertchen.de\/wp-content\/uploads\/2026\/01\/36fa13dd-e5b8-442a-bf8a-6df2828e0f91-edited-1024x1024.jpg 1024w, https:\/\/das-stille-woertchen.de\/wp-content\/uploads\/2026\/01\/36fa13dd-e5b8-442a-bf8a-6df2828e0f91-edited-150x150.jpg 150w, https:\/\/das-stille-woertchen.de\/wp-content\/uploads\/2026\/01\/36fa13dd-e5b8-442a-bf8a-6df2828e0f91-edited-768x768.jpg 768w\" sizes=\"auto, (max-width: 1394px) 100vw, 1394px\" \/><\/a><\/figure><\/div>\n\n\n<p>Au\u00dferdem bin ich zum sage und schreibe dritten Mal in diesem Jahr nach Fulda gereist &#8211; in das nahegelege H\u00fcnfeld diesmal. Da hatte ich, ebenfalls im Rahmen von &#8222;Leseland Hessen&#8220;, eine Kn\u00e4ckebrothelden-Lesung in der B\u00fccherei. Ein sehr nettes Publikum &#8211; und ein besonders herzlicher Empfang. (Und vor der Lesung hab ich, wie so oft, was Gr\u00fcnes gesucht und auch entdeckt &#8211; sogar mit Pony. Ich hatte aber auch viel Zeit &#8211; bin n\u00e4mlich versehentlich eine Zug zu fr\u00fch gefahren und dann gabs&#8216; nicht mal ne Versp\u00e4tung!)<\/p>\n\n\n\n<figure class=\"wp-block-gallery has-nested-images columns-default is-cropped wp-block-gallery-20 is-layout-flex wp-block-gallery-is-layout-flex\">\n<figure class=\"wp-block-image size-large\"><a href=\"https:\/\/das-stille-woertchen.de\/wp-content\/uploads\/2026\/01\/Mittel-IMG_4001-2.jpeg\"><img loading=\"lazy\" decoding=\"async\" width=\"640\" height=\"480\" data-id=\"7416\" src=\"https:\/\/das-stille-woertchen.de\/wp-content\/uploads\/2026\/01\/Mittel-IMG_4001-2.jpeg\" alt=\"\" class=\"wp-image-7416\" srcset=\"https:\/\/das-stille-woertchen.de\/wp-content\/uploads\/2026\/01\/Mittel-IMG_4001-2.jpeg 640w, https:\/\/das-stille-woertchen.de\/wp-content\/uploads\/2026\/01\/Mittel-IMG_4001-2-300x225.jpeg 300w\" sizes=\"auto, (max-width: 640px) 100vw, 640px\" \/><\/a><\/figure>\n\n\n\n<figure class=\"wp-block-image size-large\"><a href=\"https:\/\/das-stille-woertchen.de\/wp-content\/uploads\/2026\/01\/Mittel-IMG_3993-2.jpeg\"><img loading=\"lazy\" decoding=\"async\" width=\"640\" height=\"480\" data-id=\"7410\" src=\"https:\/\/das-stille-woertchen.de\/wp-content\/uploads\/2026\/01\/Mittel-IMG_3993-2.jpeg\" alt=\"\" class=\"wp-image-7410\" srcset=\"https:\/\/das-stille-woertchen.de\/wp-content\/uploads\/2026\/01\/Mittel-IMG_3993-2.jpeg 640w, https:\/\/das-stille-woertchen.de\/wp-content\/uploads\/2026\/01\/Mittel-IMG_3993-2-300x225.jpeg 300w\" sizes=\"auto, (max-width: 640px) 100vw, 640px\" \/><\/a><\/figure>\n\n\n\n<figure class=\"wp-block-image size-large\"><a href=\"https:\/\/das-stille-woertchen.de\/wp-content\/uploads\/2026\/01\/Mittel-IMG_3999-2.jpeg\"><img loading=\"lazy\" decoding=\"async\" width=\"640\" height=\"480\" data-id=\"7415\" src=\"https:\/\/das-stille-woertchen.de\/wp-content\/uploads\/2026\/01\/Mittel-IMG_3999-2.jpeg\" alt=\"\" class=\"wp-image-7415\" srcset=\"https:\/\/das-stille-woertchen.de\/wp-content\/uploads\/2026\/01\/Mittel-IMG_3999-2.jpeg 640w, https:\/\/das-stille-woertchen.de\/wp-content\/uploads\/2026\/01\/Mittel-IMG_3999-2-300x225.jpeg 300w\" sizes=\"auto, (max-width: 640px) 100vw, 640px\" \/><\/a><\/figure>\n<\/figure>\n\n\n\n<p>Und auch das zauberhafte Team der B\u00fccherei Nittendorf hatte mich f\u00fcr zwei Lesungstage geladen. Weil das St\u00e4dtchen nicht weit von Regensburg weg ist, konnte ich mir diese sehr, sehr dekorative Stadt mal ansehen. Da musste ich mir M\u00fctze und Schal kaufen &#8211; weil ich noch gar nicht auf k\u00fchle Herbsttage vorbereitet war. Und durch die hotelnahe Pampa bin ich danach auch noch ein bisschen gekraxelt.<\/p>\n\n\n\n<figure class=\"wp-block-gallery has-nested-images columns-default is-cropped wp-block-gallery-21 is-layout-flex wp-block-gallery-is-layout-flex\">\n<figure class=\"wp-block-image size-large\"><a href=\"https:\/\/das-stille-woertchen.de\/wp-content\/uploads\/2026\/01\/Mittel-IMG_3894.jpeg\"><img loading=\"lazy\" decoding=\"async\" width=\"640\" height=\"480\" data-id=\"7360\" src=\"https:\/\/das-stille-woertchen.de\/wp-content\/uploads\/2026\/01\/Mittel-IMG_3894.jpeg\" alt=\"\" class=\"wp-image-7360\" srcset=\"https:\/\/das-stille-woertchen.de\/wp-content\/uploads\/2026\/01\/Mittel-IMG_3894.jpeg 640w, https:\/\/das-stille-woertchen.de\/wp-content\/uploads\/2026\/01\/Mittel-IMG_3894-300x225.jpeg 300w\" sizes=\"auto, (max-width: 640px) 100vw, 640px\" \/><\/a><\/figure>\n\n\n\n<figure class=\"wp-block-image size-large\"><a href=\"https:\/\/das-stille-woertchen.de\/wp-content\/uploads\/2026\/01\/Mittel-IMG_3897.jpeg\"><img loading=\"lazy\" decoding=\"async\" width=\"480\" height=\"640\" data-id=\"7377\" src=\"https:\/\/das-stille-woertchen.de\/wp-content\/uploads\/2026\/01\/Mittel-IMG_3897.jpeg\" alt=\"\" class=\"wp-image-7377\" srcset=\"https:\/\/das-stille-woertchen.de\/wp-content\/uploads\/2026\/01\/Mittel-IMG_3897.jpeg 480w, https:\/\/das-stille-woertchen.de\/wp-content\/uploads\/2026\/01\/Mittel-IMG_3897-225x300.jpeg 225w\" sizes=\"auto, (max-width: 480px) 100vw, 480px\" \/><\/a><\/figure>\n\n\n\n<figure class=\"wp-block-image size-large\"><a href=\"https:\/\/das-stille-woertchen.de\/wp-content\/uploads\/2026\/01\/Mittel-IMG_3908.jpeg\"><img loading=\"lazy\" decoding=\"async\" width=\"640\" height=\"480\" data-id=\"7366\" src=\"https:\/\/das-stille-woertchen.de\/wp-content\/uploads\/2026\/01\/Mittel-IMG_3908.jpeg\" alt=\"\" class=\"wp-image-7366\" srcset=\"https:\/\/das-stille-woertchen.de\/wp-content\/uploads\/2026\/01\/Mittel-IMG_3908.jpeg 640w, https:\/\/das-stille-woertchen.de\/wp-content\/uploads\/2026\/01\/Mittel-IMG_3908-300x225.jpeg 300w\" sizes=\"auto, (max-width: 640px) 100vw, 640px\" \/><\/a><\/figure>\n\n\n\n<figure class=\"wp-block-image size-large\"><a href=\"https:\/\/das-stille-woertchen.de\/wp-content\/uploads\/2026\/01\/Mittel-IMG_3939.jpeg\"><img loading=\"lazy\" decoding=\"async\" width=\"640\" height=\"480\" data-id=\"7386\" src=\"https:\/\/das-stille-woertchen.de\/wp-content\/uploads\/2026\/01\/Mittel-IMG_3939.jpeg\" alt=\"\" class=\"wp-image-7386\" srcset=\"https:\/\/das-stille-woertchen.de\/wp-content\/uploads\/2026\/01\/Mittel-IMG_3939.jpeg 640w, https:\/\/das-stille-woertchen.de\/wp-content\/uploads\/2026\/01\/Mittel-IMG_3939-300x225.jpeg 300w\" sizes=\"auto, (max-width: 640px) 100vw, 640px\" \/><\/a><\/figure>\n\n\n\n<figure class=\"wp-block-image size-large\"><a href=\"https:\/\/das-stille-woertchen.de\/wp-content\/uploads\/2026\/01\/Mittel-IMG_3904.jpeg\"><img loading=\"lazy\" decoding=\"async\" width=\"640\" height=\"480\" data-id=\"7354\" src=\"https:\/\/das-stille-woertchen.de\/wp-content\/uploads\/2026\/01\/Mittel-IMG_3904.jpeg\" alt=\"\" class=\"wp-image-7354\" srcset=\"https:\/\/das-stille-woertchen.de\/wp-content\/uploads\/2026\/01\/Mittel-IMG_3904.jpeg 640w, https:\/\/das-stille-woertchen.de\/wp-content\/uploads\/2026\/01\/Mittel-IMG_3904-300x225.jpeg 300w\" sizes=\"auto, (max-width: 640px) 100vw, 640px\" \/><\/a><\/figure>\n\n\n\n<figure class=\"wp-block-image size-large\"><a href=\"https:\/\/das-stille-woertchen.de\/wp-content\/uploads\/2026\/01\/Mittel-IMG_3920.jpeg\"><img loading=\"lazy\" decoding=\"async\" width=\"640\" height=\"480\" data-id=\"7380\" src=\"https:\/\/das-stille-woertchen.de\/wp-content\/uploads\/2026\/01\/Mittel-IMG_3920.jpeg\" alt=\"\" class=\"wp-image-7380\" srcset=\"https:\/\/das-stille-woertchen.de\/wp-content\/uploads\/2026\/01\/Mittel-IMG_3920.jpeg 640w, https:\/\/das-stille-woertchen.de\/wp-content\/uploads\/2026\/01\/Mittel-IMG_3920-300x225.jpeg 300w\" sizes=\"auto, (max-width: 640px) 100vw, 640px\" \/><\/a><\/figure>\n<\/figure>\n\n\n\n<p>Ja und Oktober bedeutet auch immer: Frankfurter Buchmesse!<br>Ich sag hier mal wieder &#8222;Tschuldigung&#8220; an alle, mit denen ich gesprochen habe und denen ich leicht verwirrt vorkam, eventuell. Das ist immer so ein Trubel, so ein Gespr\u00e4che-Dauerrauschen, so ein Gewimmel lieber, bekannter Gesichter &#8211; da entwickle ich beim ersten Atemzug von Hallenluft &#8222;Messedemenz&#8220;, wie ich das nenne. Ich merke mir auf einmal keine Namen mehr, verwechsle Personen (und sch\u00e4me mich dabei zutiefst!). Als sch\u00fcchternes Landei in der gro\u00dfen Stadt &#8211; das ist immer wieder eine Herausforderung. Hier zuhause rede ich ja sehr viel mit meinen Tierchen und bei den Art Gespr\u00e4chen kann nicht viel schief gehen. <br>Trotzdem (oder deshalb? :-)) ist die Messe immer wieder ein gro\u00dfes, fr\u00f6hliches Gl\u00fccksgekribbel! Ein buntes Riesen-Kaffee-und-auch-mal-Sekt-Kr\u00e4nzchen voller buchliebender Menschen. Und bei all dem Trubel, klar, vergisst man nat\u00fcrlich grunds\u00e4tzlich das Fotografieren. Zum Gl\u00fcck konnte ich mir noch ein paar Schnappsch\u00fcsse bei sehr lieben B\u00fcchermenschen zusammen klauben.<br><\/p>\n\n\n\n<figure class=\"wp-block-gallery has-nested-images columns-default is-cropped wp-block-gallery-22 is-layout-flex wp-block-gallery-is-layout-flex\">\n<figure class=\"wp-block-image size-large\"><a href=\"https:\/\/das-stille-woertchen.de\/wp-content\/uploads\/2026\/01\/DB93E1FA-100C-4739-A7BA-74C3A5F55D03.jpg\"><img loading=\"lazy\" decoding=\"async\" width=\"769\" height=\"1024\" data-id=\"7430\" src=\"https:\/\/das-stille-woertchen.de\/wp-content\/uploads\/2026\/01\/DB93E1FA-100C-4739-A7BA-74C3A5F55D03-769x1024.jpg\" alt=\"\" class=\"wp-image-7430\" srcset=\"https:\/\/das-stille-woertchen.de\/wp-content\/uploads\/2026\/01\/DB93E1FA-100C-4739-A7BA-74C3A5F55D03-769x1024.jpg 769w, https:\/\/das-stille-woertchen.de\/wp-content\/uploads\/2026\/01\/DB93E1FA-100C-4739-A7BA-74C3A5F55D03-225x300.jpg 225w, https:\/\/das-stille-woertchen.de\/wp-content\/uploads\/2026\/01\/DB93E1FA-100C-4739-A7BA-74C3A5F55D03-768x1022.jpg 768w, https:\/\/das-stille-woertchen.de\/wp-content\/uploads\/2026\/01\/DB93E1FA-100C-4739-A7BA-74C3A5F55D03.jpg 1024w\" sizes=\"auto, (max-width: 769px) 100vw, 769px\" \/><\/a><\/figure>\n\n\n\n<figure class=\"wp-block-image size-large\"><a href=\"https:\/\/das-stille-woertchen.de\/wp-content\/uploads\/2026\/01\/Mittel-IMG_4143-2.jpeg\"><img loading=\"lazy\" decoding=\"async\" width=\"640\" height=\"544\" data-id=\"7422\" src=\"https:\/\/das-stille-woertchen.de\/wp-content\/uploads\/2026\/01\/Mittel-IMG_4143-2.jpeg\" alt=\"\" class=\"wp-image-7422\" srcset=\"https:\/\/das-stille-woertchen.de\/wp-content\/uploads\/2026\/01\/Mittel-IMG_4143-2.jpeg 640w, https:\/\/das-stille-woertchen.de\/wp-content\/uploads\/2026\/01\/Mittel-IMG_4143-2-300x255.jpeg 300w\" sizes=\"auto, (max-width: 640px) 100vw, 640px\" \/><\/a><\/figure>\n\n\n\n<figure class=\"wp-block-image size-large\"><a href=\"https:\/\/das-stille-woertchen.de\/wp-content\/uploads\/2026\/01\/Mittel-IMG_7413-2.jpeg\"><img loading=\"lazy\" decoding=\"async\" width=\"640\" height=\"480\" data-id=\"7426\" src=\"https:\/\/das-stille-woertchen.de\/wp-content\/uploads\/2026\/01\/Mittel-IMG_7413-2.jpeg\" alt=\"\" class=\"wp-image-7426\" srcset=\"https:\/\/das-stille-woertchen.de\/wp-content\/uploads\/2026\/01\/Mittel-IMG_7413-2.jpeg 640w, https:\/\/das-stille-woertchen.de\/wp-content\/uploads\/2026\/01\/Mittel-IMG_7413-2-300x225.jpeg 300w\" sizes=\"auto, (max-width: 640px) 100vw, 640px\" \/><\/a><\/figure>\n\n\n\n<figure class=\"wp-block-image size-large\"><a href=\"https:\/\/das-stille-woertchen.de\/wp-content\/uploads\/2026\/01\/5bfec051-08ca-4443-9124-36eaefd2229f.jpg\"><img loading=\"lazy\" decoding=\"async\" width=\"1024\" height=\"768\" data-id=\"7427\" src=\"https:\/\/das-stille-woertchen.de\/wp-content\/uploads\/2026\/01\/5bfec051-08ca-4443-9124-36eaefd2229f-1024x768.jpg\" alt=\"\" class=\"wp-image-7427\" srcset=\"https:\/\/das-stille-woertchen.de\/wp-content\/uploads\/2026\/01\/5bfec051-08ca-4443-9124-36eaefd2229f-1024x768.jpg 1024w, https:\/\/das-stille-woertchen.de\/wp-content\/uploads\/2026\/01\/5bfec051-08ca-4443-9124-36eaefd2229f-300x225.jpg 300w, https:\/\/das-stille-woertchen.de\/wp-content\/uploads\/2026\/01\/5bfec051-08ca-4443-9124-36eaefd2229f-768x576.jpg 768w, https:\/\/das-stille-woertchen.de\/wp-content\/uploads\/2026\/01\/5bfec051-08ca-4443-9124-36eaefd2229f-1536x1152.jpg 1536w, https:\/\/das-stille-woertchen.de\/wp-content\/uploads\/2026\/01\/5bfec051-08ca-4443-9124-36eaefd2229f.jpg 1600w\" sizes=\"auto, (max-width: 1024px) 100vw, 1024px\" \/><\/a><\/figure>\n\n\n\n<figure class=\"wp-block-image size-large\"><a href=\"https:\/\/das-stille-woertchen.de\/wp-content\/uploads\/2026\/01\/Mittel-IMG_4135-2.jpeg\"><img loading=\"lazy\" decoding=\"async\" width=\"640\" height=\"480\" data-id=\"7421\" src=\"https:\/\/das-stille-woertchen.de\/wp-content\/uploads\/2026\/01\/Mittel-IMG_4135-2.jpeg\" alt=\"\" class=\"wp-image-7421\" srcset=\"https:\/\/das-stille-woertchen.de\/wp-content\/uploads\/2026\/01\/Mittel-IMG_4135-2.jpeg 640w, https:\/\/das-stille-woertchen.de\/wp-content\/uploads\/2026\/01\/Mittel-IMG_4135-2-300x225.jpeg 300w\" sizes=\"auto, (max-width: 640px) 100vw, 640px\" \/><\/a><\/figure>\n<\/figure>\n\n\n\n<p>Ihr seht nochmal meinen ganzen, geliebten Bologna-Trupp &#8211; siehe April. Plus Caroline Opheys, und Christine Thau &#8211; beides Illustratorinnen. Sowie Christiane Lawall, Lektorin bei Ueberreuter. Au\u00dferdem die liebe Uticha Marmon und meine ebenfalls immer wieder sehr, sehr gern getroffenen Kolleginnen Katharina Mauder und Anne Scheller.<\/p>\n\n\n\n<p>Ende Oktober fand dann noch das Lesefest in Lauf statt &#8211; mehrere Tage war ich da in der Stadtb\u00fccherei und hab vor viiiiiiielen, vielen Grundschullesungen aus allerlei B\u00fcchern gelesen. Aber wer hat Fotos geknipst? (Ich nicht. Seufz.) Auf jeden Fall war es toll! Danke f\u00fcr die Einladung und die superherzliche Betreuung! <\/p>\n\n\n\n<p><strong>November<\/strong><\/p>\n\n\n\n<p>Und dann der November. Normalerweise ist das ja DER Lesungsmonat und prall gef\u00fcllt mit Terminen. Aber irgendjemand hat sich wohl gedacht:<br>Die Allert, die war 2025 aber wirklich schon oft genug von zuhause weg! So war ich ganz froh, dass ich tats\u00e4chlich nur eine Lesung hatte &#8211; am bundesweiten Vorlesetag in der Grundschule Frensdorf. Da hab ich &#8211; selbstverst\u00e4ndlich &#8211; keine Fotos gemacht, daf\u00fcr hab ich endlich mal Band 1 und Band 2 der &#8222;Insel der Tierabenteuer&#8220; im Duett geknipst.<br>Au\u00dferdem war im November der kleinste Gruppe 7-Stammtisch aller Zeiten:<br>Mit Anna Trenkwald, Claudia Frieser und mir. <br>(Und durchgeschnauft hab ich. Und allerlei Fr\u00fchjahrs- und Sommerputz nachgeholt. Und Tiere gekrault!)<\/p>\n\n\n\n<figure class=\"wp-block-gallery has-nested-images columns-default is-cropped wp-block-gallery-23 is-layout-flex wp-block-gallery-is-layout-flex\">\n<figure class=\"wp-block-image size-large\"><a href=\"https:\/\/das-stille-woertchen.de\/wp-content\/uploads\/2026\/01\/Mittel-IMG_4373.jpeg\"><img loading=\"lazy\" decoding=\"async\" width=\"640\" height=\"480\" data-id=\"7442\" src=\"https:\/\/das-stille-woertchen.de\/wp-content\/uploads\/2026\/01\/Mittel-IMG_4373.jpeg\" alt=\"\" class=\"wp-image-7442\" srcset=\"https:\/\/das-stille-woertchen.de\/wp-content\/uploads\/2026\/01\/Mittel-IMG_4373.jpeg 640w, https:\/\/das-stille-woertchen.de\/wp-content\/uploads\/2026\/01\/Mittel-IMG_4373-300x225.jpeg 300w\" sizes=\"auto, (max-width: 640px) 100vw, 640px\" \/><\/a><\/figure>\n\n\n\n<figure class=\"wp-block-image size-large\"><a href=\"https:\/\/das-stille-woertchen.de\/wp-content\/uploads\/2026\/01\/3159fa6f-9a0f-4dd7-bfcf-d0c887947978.jpg\"><img loading=\"lazy\" decoding=\"async\" width=\"768\" height=\"1024\" data-id=\"7443\" src=\"https:\/\/das-stille-woertchen.de\/wp-content\/uploads\/2026\/01\/3159fa6f-9a0f-4dd7-bfcf-d0c887947978-768x1024.jpg\" alt=\"\" class=\"wp-image-7443\" srcset=\"https:\/\/das-stille-woertchen.de\/wp-content\/uploads\/2026\/01\/3159fa6f-9a0f-4dd7-bfcf-d0c887947978-768x1024.jpg 768w, https:\/\/das-stille-woertchen.de\/wp-content\/uploads\/2026\/01\/3159fa6f-9a0f-4dd7-bfcf-d0c887947978-225x300.jpg 225w, https:\/\/das-stille-woertchen.de\/wp-content\/uploads\/2026\/01\/3159fa6f-9a0f-4dd7-bfcf-d0c887947978-1152x1536.jpg 1152w, https:\/\/das-stille-woertchen.de\/wp-content\/uploads\/2026\/01\/3159fa6f-9a0f-4dd7-bfcf-d0c887947978.jpg 1536w\" sizes=\"auto, (max-width: 768px) 100vw, 768px\" \/><\/a><\/figure>\n\n\n\n<figure class=\"wp-block-image size-large\"><a href=\"https:\/\/das-stille-woertchen.de\/wp-content\/uploads\/2026\/01\/Mittel-IMG_4380.jpeg\"><img loading=\"lazy\" decoding=\"async\" width=\"640\" height=\"480\" data-id=\"7441\" src=\"https:\/\/das-stille-woertchen.de\/wp-content\/uploads\/2026\/01\/Mittel-IMG_4380.jpeg\" alt=\"\" class=\"wp-image-7441\" srcset=\"https:\/\/das-stille-woertchen.de\/wp-content\/uploads\/2026\/01\/Mittel-IMG_4380.jpeg 640w, https:\/\/das-stille-woertchen.de\/wp-content\/uploads\/2026\/01\/Mittel-IMG_4380-300x225.jpeg 300w\" sizes=\"auto, (max-width: 640px) 100vw, 640px\" \/><\/a><\/figure>\n<\/figure>\n\n\n\n<p><strong>Dezember<\/strong><\/p>\n\n\n\n<p>Der Dezember hatte noch ein paar Highlights \u00fcbrig:<br>Zuerst zwei Lesetage in N\u00fcrnberg und das in Begleitung der liebenswerten Frau H\u00f6reth von der Buchhandlung Pelzner. Dank ihr war nach den Lesungen ein B\u00fcchertisch vor Ort &#8211; und ich durfte so einige Exemplare signieren (am zweiten Tag war sogar beinahe alles weggekauft!). <br>Und man sieht:<br>Kinderbuchvorlesende halten sich manchmal \u00f6fter in Turnhallen auf als Sportlehrkr\u00e4fte. Nicht gerade gem\u00fctlich, akustisch meist etwas fragw\u00fcrdig &#8211; aber auf jeden Fall unvergesslich!<\/p>\n\n\n\n<figure class=\"wp-block-gallery has-nested-images columns-default is-cropped wp-block-gallery-24 is-layout-flex wp-block-gallery-is-layout-flex\">\n<figure class=\"wp-block-image size-large\"><a href=\"https:\/\/das-stille-woertchen.de\/wp-content\/uploads\/2026\/01\/Mittel-IMG_4518.jpeg\"><img loading=\"lazy\" decoding=\"async\" width=\"640\" height=\"480\" data-id=\"7452\" src=\"https:\/\/das-stille-woertchen.de\/wp-content\/uploads\/2026\/01\/Mittel-IMG_4518.jpeg\" alt=\"\" class=\"wp-image-7452\" srcset=\"https:\/\/das-stille-woertchen.de\/wp-content\/uploads\/2026\/01\/Mittel-IMG_4518.jpeg 640w, https:\/\/das-stille-woertchen.de\/wp-content\/uploads\/2026\/01\/Mittel-IMG_4518-300x225.jpeg 300w\" sizes=\"auto, (max-width: 640px) 100vw, 640px\" \/><\/a><\/figure>\n\n\n\n<figure class=\"wp-block-image size-large\"><a href=\"https:\/\/das-stille-woertchen.de\/wp-content\/uploads\/2026\/01\/Mittel-IMG_4513.jpeg\"><img loading=\"lazy\" decoding=\"async\" width=\"640\" height=\"480\" data-id=\"7449\" src=\"https:\/\/das-stille-woertchen.de\/wp-content\/uploads\/2026\/01\/Mittel-IMG_4513.jpeg\" alt=\"\" class=\"wp-image-7449\" srcset=\"https:\/\/das-stille-woertchen.de\/wp-content\/uploads\/2026\/01\/Mittel-IMG_4513.jpeg 640w, https:\/\/das-stille-woertchen.de\/wp-content\/uploads\/2026\/01\/Mittel-IMG_4513-300x225.jpeg 300w\" sizes=\"auto, (max-width: 640px) 100vw, 640px\" \/><\/a><\/figure>\n\n\n\n<figure class=\"wp-block-image size-large\"><a href=\"https:\/\/das-stille-woertchen.de\/wp-content\/uploads\/2026\/01\/Mittel-IMG_4487.jpeg\"><img loading=\"lazy\" decoding=\"async\" width=\"640\" height=\"480\" data-id=\"7447\" src=\"https:\/\/das-stille-woertchen.de\/wp-content\/uploads\/2026\/01\/Mittel-IMG_4487.jpeg\" alt=\"\" class=\"wp-image-7447\" srcset=\"https:\/\/das-stille-woertchen.de\/wp-content\/uploads\/2026\/01\/Mittel-IMG_4487.jpeg 640w, https:\/\/das-stille-woertchen.de\/wp-content\/uploads\/2026\/01\/Mittel-IMG_4487-300x225.jpeg 300w\" sizes=\"auto, (max-width: 640px) 100vw, 640px\" \/><\/a><\/figure>\n\n\n\n<figure class=\"wp-block-image size-large\"><a href=\"https:\/\/das-stille-woertchen.de\/wp-content\/uploads\/2026\/01\/Mittel-IMG_4514.jpeg\"><img loading=\"lazy\" decoding=\"async\" width=\"640\" height=\"480\" data-id=\"7450\" src=\"https:\/\/das-stille-woertchen.de\/wp-content\/uploads\/2026\/01\/Mittel-IMG_4514.jpeg\" alt=\"\" class=\"wp-image-7450\" srcset=\"https:\/\/das-stille-woertchen.de\/wp-content\/uploads\/2026\/01\/Mittel-IMG_4514.jpeg 640w, https:\/\/das-stille-woertchen.de\/wp-content\/uploads\/2026\/01\/Mittel-IMG_4514-300x225.jpeg 300w\" sizes=\"auto, (max-width: 640px) 100vw, 640px\" \/><\/a><\/figure>\n\n\n\n<figure class=\"wp-block-image size-large\"><a href=\"https:\/\/das-stille-woertchen.de\/wp-content\/uploads\/2026\/01\/Mittel-IMG_4516.jpeg\"><img loading=\"lazy\" decoding=\"async\" width=\"480\" height=\"480\" data-id=\"7467\" src=\"https:\/\/das-stille-woertchen.de\/wp-content\/uploads\/2026\/01\/Mittel-IMG_4516-edited.jpeg\" alt=\"\" class=\"wp-image-7467\" srcset=\"https:\/\/das-stille-woertchen.de\/wp-content\/uploads\/2026\/01\/Mittel-IMG_4516-edited.jpeg 480w, https:\/\/das-stille-woertchen.de\/wp-content\/uploads\/2026\/01\/Mittel-IMG_4516-edited-300x300.jpeg 300w, https:\/\/das-stille-woertchen.de\/wp-content\/uploads\/2026\/01\/Mittel-IMG_4516-edited-150x150.jpeg 150w\" sizes=\"auto, (max-width: 480px) 100vw, 480px\" \/><\/a><\/figure>\n<\/figure>\n\n\n\n<p>Und dann stand noch die k\u00fcrzeste Lesereise meiner Laufbahn auf dem Programm &#8211; ich musste nur bis ins Nachbardorf! (Da war es nicht so schlimm, dass ich das Laptopkabel vergessen hatte &#8211; konnte zehn Minuten vor Lesungsbeginn nochmal zur\u00fcck flitzen.) Die Dorfgemeinschaft Rossach stellt immer viele, tolle und sehr gut besuchte Veranstaltung auf die Beine. Und so wurde kurz vor Weihnachten ein Bastelnachmittag plus Weihnachtslesung mit mir geboten. Und das mit 50 Kindern! Es war so sch\u00f6n und gem\u00fctlich &#8211; und lustig! (Haben wir doch gemeinsam Monsterweihnachten gefeiert und &#8222;Oh Stinkebaum&#8220; gesungen.)<\/p>\n\n\n\n<figure class=\"wp-block-gallery has-nested-images columns-default is-cropped wp-block-gallery-25 is-layout-flex wp-block-gallery-is-layout-flex\">\n<figure class=\"wp-block-image size-large\"><a href=\"https:\/\/das-stille-woertchen.de\/wp-content\/uploads\/2026\/01\/Rossach1.jpg\"><img loading=\"lazy\" decoding=\"async\" width=\"900\" height=\"1024\" data-id=\"7466\" src=\"https:\/\/das-stille-woertchen.de\/wp-content\/uploads\/2026\/01\/Rossach1-900x1024.jpg\" alt=\"\" class=\"wp-image-7466\" srcset=\"https:\/\/das-stille-woertchen.de\/wp-content\/uploads\/2026\/01\/Rossach1-900x1024.jpg 900w, https:\/\/das-stille-woertchen.de\/wp-content\/uploads\/2026\/01\/Rossach1-264x300.jpg 264w, https:\/\/das-stille-woertchen.de\/wp-content\/uploads\/2026\/01\/Rossach1-768x874.jpg 768w, https:\/\/das-stille-woertchen.de\/wp-content\/uploads\/2026\/01\/Rossach1.jpg 1177w\" sizes=\"auto, (max-width: 900px) 100vw, 900px\" \/><\/a><\/figure>\n\n\n\n<figure class=\"wp-block-image size-large\"><a href=\"https:\/\/das-stille-woertchen.de\/wp-content\/uploads\/2026\/01\/Rossach-3.png\"><img loading=\"lazy\" decoding=\"async\" width=\"822\" height=\"1024\" data-id=\"7465\" src=\"https:\/\/das-stille-woertchen.de\/wp-content\/uploads\/2026\/01\/Rossach-3-822x1024.png\" alt=\"\" class=\"wp-image-7465\" srcset=\"https:\/\/das-stille-woertchen.de\/wp-content\/uploads\/2026\/01\/Rossach-3-822x1024.png 822w, https:\/\/das-stille-woertchen.de\/wp-content\/uploads\/2026\/01\/Rossach-3-241x300.png 241w, https:\/\/das-stille-woertchen.de\/wp-content\/uploads\/2026\/01\/Rossach-3-768x956.png 768w, https:\/\/das-stille-woertchen.de\/wp-content\/uploads\/2026\/01\/Rossach-3.png 872w\" sizes=\"auto, (max-width: 822px) 100vw, 822px\" \/><\/a><\/figure>\n\n\n\n<figure class=\"wp-block-image size-large\"><a href=\"https:\/\/das-stille-woertchen.de\/wp-content\/uploads\/2026\/01\/Mittel-IMG_4676.jpeg\"><img loading=\"lazy\" decoding=\"async\" width=\"480\" height=\"640\" data-id=\"7456\" src=\"https:\/\/das-stille-woertchen.de\/wp-content\/uploads\/2026\/01\/Mittel-IMG_4676.jpeg\" alt=\"\" class=\"wp-image-7456\" srcset=\"https:\/\/das-stille-woertchen.de\/wp-content\/uploads\/2026\/01\/Mittel-IMG_4676.jpeg 480w, https:\/\/das-stille-woertchen.de\/wp-content\/uploads\/2026\/01\/Mittel-IMG_4676-225x300.jpeg 225w\" sizes=\"auto, (max-width: 480px) 100vw, 480px\" \/><\/a><\/figure>\n<\/figure>\n\n\n\n<p>Ansonsten hab ich mich sehr \u00fcber Weihnachtssonne gefreut und es mir dabei einfach mal gut gehen lassen. Ohne Laptop. Ohne Notizbuch. Daf\u00fcr mit nem sch\u00f6nen Schm\u00f6ker, Thermosbecher und (dank meiner Nichte Jule) den ersten lackierten Fingern\u00e4geln seit \u00fcber 20 Jahren. Auch der Familienweihnachtsbesuch fand in der Sonne statt &#8211; und nach Weihnachten waren sogar nochmal G\u00e4ste da. Echte Kr\u00fcmel &amp; Fussel Fans! Die Familie aus S\u00fcdbayern liebt die Bilderb\u00fccher und hat herausgefunden, dass die echten Schweine in Oberfranken wohnen &#8211; ganz wie ihre Gro\u00dfeltern (also die der Familie &#8211; nicht die der Schweine). Praktisch! Also Eicheln zum F\u00fcttern gesammelt und mal schnell nach dem Omi-Opi-Weihnachtsessen zum Schweinchenbestaunen- und kuscheln vorbeigesaust.<br><br>Zudem seht ihr zuallerletzt noch, dass das Jahr, so turbulent es war, sehr, sehr lauschig ausgeklungen ist.:<br>Silvester zu zweit mitsamt den lieben Tieren (die das ungeliebte Geb\u00f6ller zum Gl\u00fcck gut verkraftet haben) &#8211; und in Jogginghosen (mehlbest\u00e4ubt &#8211; es gab Pizza). <br><br><\/p>\n\n\n\n<figure class=\"wp-block-gallery has-nested-images columns-default is-cropped wp-block-gallery-26 is-layout-flex wp-block-gallery-is-layout-flex\">\n<figure class=\"wp-block-image size-large\"><a href=\"https:\/\/das-stille-woertchen.de\/wp-content\/uploads\/2026\/01\/Mittel-IMG_4860.jpeg\"><img loading=\"lazy\" decoding=\"async\" width=\"480\" height=\"640\" data-id=\"7460\" src=\"https:\/\/das-stille-woertchen.de\/wp-content\/uploads\/2026\/01\/Mittel-IMG_4860.jpeg\" alt=\"\" class=\"wp-image-7460\" srcset=\"https:\/\/das-stille-woertchen.de\/wp-content\/uploads\/2026\/01\/Mittel-IMG_4860.jpeg 480w, https:\/\/das-stille-woertchen.de\/wp-content\/uploads\/2026\/01\/Mittel-IMG_4860-225x300.jpeg 225w\" sizes=\"auto, (max-width: 480px) 100vw, 480px\" \/><\/a><\/figure>\n\n\n\n<figure class=\"wp-block-image size-large\"><a href=\"https:\/\/das-stille-woertchen.de\/wp-content\/uploads\/2026\/01\/Mittel-1.jpeg\"><img loading=\"lazy\" decoding=\"async\" width=\"640\" height=\"480\" data-id=\"7445\" src=\"https:\/\/das-stille-woertchen.de\/wp-content\/uploads\/2026\/01\/Mittel-1.jpeg\" alt=\"\" class=\"wp-image-7445\" srcset=\"https:\/\/das-stille-woertchen.de\/wp-content\/uploads\/2026\/01\/Mittel-1.jpeg 640w, https:\/\/das-stille-woertchen.de\/wp-content\/uploads\/2026\/01\/Mittel-1-300x225.jpeg 300w\" sizes=\"auto, (max-width: 640px) 100vw, 640px\" \/><\/a><\/figure>\n\n\n\n<figure class=\"wp-block-image size-large\"><a href=\"https:\/\/das-stille-woertchen.de\/wp-content\/uploads\/2026\/01\/Mittel-IMG_4853.jpeg\"><img loading=\"lazy\" decoding=\"async\" width=\"640\" height=\"480\" data-id=\"7459\" src=\"https:\/\/das-stille-woertchen.de\/wp-content\/uploads\/2026\/01\/Mittel-IMG_4853.jpeg\" alt=\"\" class=\"wp-image-7459\" srcset=\"https:\/\/das-stille-woertchen.de\/wp-content\/uploads\/2026\/01\/Mittel-IMG_4853.jpeg 640w, https:\/\/das-stille-woertchen.de\/wp-content\/uploads\/2026\/01\/Mittel-IMG_4853-300x225.jpeg 300w\" sizes=\"auto, (max-width: 640px) 100vw, 640px\" \/><\/a><\/figure>\n\n\n\n<figure class=\"wp-block-image size-large\"><a href=\"https:\/\/das-stille-woertchen.de\/wp-content\/uploads\/2026\/01\/Mittel-2.jpeg\"><img loading=\"lazy\" decoding=\"async\" width=\"640\" height=\"480\" data-id=\"7446\" src=\"https:\/\/das-stille-woertchen.de\/wp-content\/uploads\/2026\/01\/Mittel-2.jpeg\" alt=\"\" class=\"wp-image-7446\" srcset=\"https:\/\/das-stille-woertchen.de\/wp-content\/uploads\/2026\/01\/Mittel-2.jpeg 640w, https:\/\/das-stille-woertchen.de\/wp-content\/uploads\/2026\/01\/Mittel-2-300x225.jpeg 300w\" sizes=\"auto, (max-width: 640px) 100vw, 640px\" \/><\/a><\/figure>\n\n\n\n<figure class=\"wp-block-image size-large\"><a href=\"https:\/\/das-stille-woertchen.de\/wp-content\/uploads\/2026\/01\/Mittel-IMG_4937.jpeg\"><img loading=\"lazy\" decoding=\"async\" width=\"640\" height=\"480\" data-id=\"7464\" src=\"https:\/\/das-stille-woertchen.de\/wp-content\/uploads\/2026\/01\/Mittel-IMG_4937.jpeg\" alt=\"\" class=\"wp-image-7464\" srcset=\"https:\/\/das-stille-woertchen.de\/wp-content\/uploads\/2026\/01\/Mittel-IMG_4937.jpeg 640w, https:\/\/das-stille-woertchen.de\/wp-content\/uploads\/2026\/01\/Mittel-IMG_4937-300x225.jpeg 300w\" sizes=\"auto, (max-width: 640px) 100vw, 640px\" \/><\/a><\/figure>\n\n\n\n<figure class=\"wp-block-image size-large\"><a href=\"https:\/\/das-stille-woertchen.de\/wp-content\/uploads\/2026\/01\/Mittel-IMG_4913.jpeg\"><img loading=\"lazy\" decoding=\"async\" width=\"640\" height=\"480\" data-id=\"7461\" src=\"https:\/\/das-stille-woertchen.de\/wp-content\/uploads\/2026\/01\/Mittel-IMG_4913.jpeg\" alt=\"\" class=\"wp-image-7461\" srcset=\"https:\/\/das-stille-woertchen.de\/wp-content\/uploads\/2026\/01\/Mittel-IMG_4913.jpeg 640w, https:\/\/das-stille-woertchen.de\/wp-content\/uploads\/2026\/01\/Mittel-IMG_4913-300x225.jpeg 300w\" sizes=\"auto, (max-width: 640px) 100vw, 640px\" \/><\/a><\/figure>\n<\/figure>\n\n\n\n<p>Tja und das Resumee?<br>Was f\u00fcr ein Jahr!<br>Sooo viele Reisen und Lesungen, sooo viele nette Begegnungen, sooo viele Neuerscheinungen! <br>(Wobei der Buchstapel derart gro\u00df geworden ist, weil sich da im Lauf der letzten Jahre einiges &#8222;angesammelt&#8220; hat: Manche Verlagen planen lange, andere kurzfristiger, dann verschiebt sich das eine und noch das andere &#8211; soviel als &#8222;Entschuldigung&#8220;. Nicht, dass jemand denkt, ich h\u00e4tte von fr\u00fch bis sp\u00e4t nur geschrieben!)<br><br>Einmal hatte ich einen \u00e4hnlichen Buchberg &#8222;fabriziert&#8220;- jedoch zu Corona-Zeiten. Der ging tragischerweise, recht sang- und klanglos, im Pandemie-Chaos, unter. Aus dem gleichen Grund hatte ich damals recht wenig Lesungen.<br><br>Dieses Jahr war alles gleichzeitig:<br>Viel Trubel rund ums Buch &#8211; und dazu nicht gerade zu wenig Schreibprojekte auf dem Tisch. Das war ebenso toll wie anstrengend. So ist das als selbstst\u00e4ndiges Schreiberinchen:<br>Ist der Schreibtisch zu leer, ist man gestresst und wenn er zu voll ist &#8211; genauso!<br><br>Allerdings hab ich mich, was das angeht, in den letzten beiden Jahren eeeendlich (nach fast 20 Jahren Autorinnendasein!) ein wenig in Gelassenheit ge\u00fcbt.<br>Im Trubel des vergangenen Jahres habe ich es mir zum ersten Mal verkniffen, parallel schon wieder neue Projekte auszut\u00fcfteln. Und so ist im neuen Jahr mein Schreibtisch tats\u00e4chlich recht leer. Lesungstermine habe ich bisher auch nicht wirklich viele. So k\u00f6nnte ich nun ja schon wieder leicht nerv\u00f6s werden &#8211; aber ich mag nicht! Ich freue mich lieber, dass ich endlich wieder T\u00fcftelzeit habe. An Ideen mangelt es zum Gl\u00fcck nicht und die &#8222;Kn\u00e4ckebrothelden&#8220; waren auch ein Buch, das ich &#8222;einfach so&#8220; &#8211; ohne Druck &#8211; geschrieben habe und das war wirklich sehr berreichernd. (Was allerdings &#8222;dank&#8220; Pandemie, leerem Terminplan und staatlichen Zusch\u00fcssen geklappt hat &#8211; mal sehen, wie es ohne funktioniert.)<br><br>Zudem hab ich mit ein paar gesch\u00e4tzten Lieblings-Illustratorinnen Buchprojekte in der Pipeline, die ausgearbeitet werden wollen. Und dann gibt es da ja noch Gut Pusteblume. Also nicht nur den echten Hof dessen Garten bepflanzt und dessen Tierchen gekrault werden wollen &#8211; sondern auch das Gut Pusteblume, das als kleines, buntes Buch-Label (meine) vergriffene(n) Titel herausbringen wird. Da haben meine Kollegin Saskia und ich viiiiiel vor. Mal sehen, was dieses Jahr davon alles verwirklich wird. Ich halt euch auf dem Laufenden!<br>Und eins ist sowieso klar:<br>Langweilig wird es nicht auf Gut Pusteblume!<br><br>Eine kleine Entschuldigung geht zum Schluss noch an all jene, die ich hier jetzt nicht erw\u00e4hnt habe. Schulen, B\u00fcchereien, Kolleginnen und Kollegen, Verlagsmenschen &#8230; Ich hab mich an meinem Foto-Archiv entlang gehangelt und da ist manches durchgerutscht. (Aber w\u00e4re es das nicht, w\u00e4re ich wohl den ganzen Januar \u00fcber mit diesem R\u00fcckblick besch\u00e4ftigt gewesen!)<br><br>In diesem Sinne:<br>Tausend Dank ihr lieben Kinderbuchmenschen f\u00fcr dieses wilde, kunterbunte B\u00fccherjahr!<br><br>(Und danke f\u00fcr&#8217;s geduldige Nachlesen an alle, die es bis hierher geschafft haben. :-))<br><\/p>\n\n\n\n<p><\/p>\n","protected":false},"excerpt":{"rendered":"<p>Da nun schon dr\u00fcben, beim &#8222;\u00d6rtchen&#8220; brav ein Jahresr\u00fcckblick verfasst wurde, ist nun auch hier, unter &#8222;W\u00f6rtchen&#8220;, einer an der Reihe. Diesmal geht es nicht um Gem\u00fcse und um die geliebten Tierchen nur um Rande &#8211; hier steht die Kinderbuchschreiberei &hellip; <a href=\"https:\/\/das-stille-woertchen.de\/index.php\/2026\/01\/08\/2025-ein-kunterbuntes-kinderbuch-jahr\/\">Weiterlesen <span class=\"meta-nav\">&rarr;<\/span><\/a><\/p>\n","protected":false},"author":2,"featured_media":0,"comment_status":"open","ping_status":"open","sticky":false,"template":"","format":"standard","meta":{"footnotes":""},"categories":[9,15,2],"tags":[],"class_list":["post-7098","post","type-post","status-publish","format-standard","hentry","category-kinderbucher","category-lesungen","category-wortchen"],"_links":{"self":[{"href":"https:\/\/das-stille-woertchen.de\/index.php\/wp-json\/wp\/v2\/posts\/7098","targetHints":{"allow":["GET"]}}],"collection":[{"href":"https:\/\/das-stille-woertchen.de\/index.php\/wp-json\/wp\/v2\/posts"}],"about":[{"href":"https:\/\/das-stille-woertchen.de\/index.php\/wp-json\/wp\/v2\/types\/post"}],"author":[{"embeddable":true,"href":"https:\/\/das-stille-woertchen.de\/index.php\/wp-json\/wp\/v2\/users\/2"}],"replies":[{"embeddable":true,"href":"https:\/\/das-stille-woertchen.de\/index.php\/wp-json\/wp\/v2\/comments?post=7098"}],"version-history":[{"count":42,"href":"https:\/\/das-stille-woertchen.de\/index.php\/wp-json\/wp\/v2\/posts\/7098\/revisions"}],"predecessor-version":[{"id":7489,"href":"https:\/\/das-stille-woertchen.de\/index.php\/wp-json\/wp\/v2\/posts\/7098\/revisions\/7489"}],"wp:attachment":[{"href":"https:\/\/das-stille-woertchen.de\/index.php\/wp-json\/wp\/v2\/media?parent=7098"}],"wp:term":[{"taxonomy":"category","embeddable":true,"href":"https:\/\/das-stille-woertchen.de\/index.php\/wp-json\/wp\/v2\/categories?post=7098"},{"taxonomy":"post_tag","embeddable":true,"href":"https:\/\/das-stille-woertchen.de\/index.php\/wp-json\/wp\/v2\/tags?post=7098"}],"curies":[{"name":"wp","href":"https:\/\/api.w.org\/{rel}","templated":true}]}}