{"id":964,"date":"2014-01-09T21:08:54","date_gmt":"2014-01-09T19:08:54","guid":{"rendered":"http:\/\/das-stille-woertchen.de\/wordpress\/?p=964"},"modified":"2014-01-09T21:08:54","modified_gmt":"2014-01-09T19:08:54","slug":"neues-von-paula-und-lou","status":"publish","type":"post","link":"https:\/\/das-stille-woertchen.de\/index.php\/2014\/01\/09\/neues-von-paula-und-lou\/","title":{"rendered":"Neues von Paula und Lou!"},"content":{"rendered":"<p>Es darf fr\u00f6hlich frohlocket werden: Es gibt Nachschub in Sachen Paula und Lou! In den n\u00e4chsten Tagen werden die neuen B\u00e4nde der Reihe in den Buchl\u00e4den ankommen &#8211; Band 5 und 6. Wir Hofhunde sind schon v\u00f6llig hin und weg. Die B\u00fccher sind soooo sch\u00f6n geworden!<\/p>\n<p><a href=\"https:\/\/das-stille-woertchen.de\/wp-content\/uploads\/2014\/01\/Zum-G\u00e4\u00e4\u00e4\u00e4hnen.jpg\"><img loading=\"lazy\" decoding=\"async\" class=\"aligncenter size-medium wp-image-973\" alt=\"Zum G\u00e4\u00e4\u00e4\u00e4hnen!\" src=\"https:\/\/das-stille-woertchen.de\/wp-content\/uploads\/2014\/01\/Zum-G\u00e4\u00e4\u00e4\u00e4hnen-300x225.jpg\" width=\"300\" height=\"225\" srcset=\"https:\/\/das-stille-woertchen.de\/wp-content\/uploads\/2014\/01\/Zum-G\u00e4\u00e4\u00e4\u00e4hnen-300x225.jpg 300w, https:\/\/das-stille-woertchen.de\/wp-content\/uploads\/2014\/01\/Zum-G\u00e4\u00e4\u00e4\u00e4hnen-1024x768.jpg 1024w\" sizes=\"auto, (max-width: 300px) 100vw, 300px\" \/><\/a>Hoppla, falsches Bild.\u00a0 Also noch mal:<\/p>\n<p><a href=\"https:\/\/das-stille-woertchen.de\/wp-content\/uploads\/2014\/01\/Waswilstndu.jpg\"><img loading=\"lazy\" decoding=\"async\" class=\"aligncenter\" alt=\"Waswilstndu\" src=\"https:\/\/das-stille-woertchen.de\/wp-content\/uploads\/2014\/01\/Waswilstndu-300x225.jpg\" width=\"300\" height=\"225\" \/><\/a>Nuja, sehr begeistert sieht das auch nicht aus. Also kommen wir lieber direkt zu den B\u00fcchern &#8211; hier noch mal zum Dahinschmelzen:<\/p>\n<div id=\"attachment_971\" style=\"width: 310px\" class=\"wp-caption aligncenter\"><a href=\"https:\/\/das-stille-woertchen.de\/wp-content\/uploads\/2014\/01\/die-neuen-Paulas.jpg\"><img loading=\"lazy\" decoding=\"async\" aria-describedby=\"caption-attachment-971\" class=\"size-medium wp-image-971\" alt=\"Hach ...\" src=\"https:\/\/das-stille-woertchen.de\/wp-content\/uploads\/2014\/01\/die-neuen-Paulas-300x225.jpg\" width=\"300\" height=\"225\" srcset=\"https:\/\/das-stille-woertchen.de\/wp-content\/uploads\/2014\/01\/die-neuen-Paulas-300x225.jpg 300w, https:\/\/das-stille-woertchen.de\/wp-content\/uploads\/2014\/01\/die-neuen-Paulas-1024x768.jpg 1024w\" sizes=\"auto, (max-width: 300px) 100vw, 300px\" \/><\/a><p id=\"caption-attachment-971\" class=\"wp-caption-text\">Hach &#8230;<\/p><\/div>\n<p>Links seht ihr Band 5, der da hei\u00dft: &#8222;Mensch, Mia!&#8220;. Der andere nennt sich &#8222;Zoff auf dem Rosinenhof&#8220; und ist Band 6 der Reihe.<\/p>\n<p>\u00dcber den Inhalt wird an dieser Stelle nicht viel verraten, daf\u00fcr gibt es ganz exklusiv ein paar Einblicke in die neuen Abenteuer der M\u00e4dels &#8211; mit ein paar von <a href=\"http:\/\/www.joelletourlonias.blogspot.de\/\" target=\"_blank\">Jo\u00eblle Tourlonias&#8216; <\/a>wuuuuundersch\u00f6nen Illustrationen. Hier zum Beispiel, Paulas Tagebuch, das in Band 5 eine sehr wichtige Rolle spielt:<\/p>\n<p><a href=\"https:\/\/das-stille-woertchen.de\/wp-content\/uploads\/2014\/01\/Paulas-Tagebuch.bmp\"><img decoding=\"async\" class=\"aligncenter size-medium wp-image-968\" alt=\"Paulas Tagebuch\" src=\"https:\/\/das-stille-woertchen.de\/wp-content\/uploads\/2014\/01\/Paulas-Tagebuch.bmp\" \/><\/a>Und hier ihr allererster Eintrag &#8211; da sieht er schon, was f\u00fcr Trubel die M\u00e4dels diesmal (unter anderem!) erwartet:<\/p>\n<p><a href=\"https:\/\/das-stille-woertchen.de\/wp-content\/uploads\/2014\/01\/erster-Tagebucheintrag.bmp\"><img decoding=\"async\" class=\"aligncenter size-medium wp-image-970\" alt=\"erster Tagebucheintrag\" src=\"https:\/\/das-stille-woertchen.de\/wp-content\/uploads\/2014\/01\/erster-Tagebucheintrag.bmp\" \/><\/a>Au\u00dferdem taucht Aaron auf, mit seinem coolen Motorrad (siehe Cover). Der ist f\u00fcr jeden Quatsch zu haben zu haben. Zum Beispiel f\u00fcr eine wilde Pyjamaparty:<\/p>\n<p><a href=\"https:\/\/das-stille-woertchen.de\/wp-content\/uploads\/2014\/01\/Pyjamaparty.bmp\"><img decoding=\"async\" class=\"aligncenter size-medium wp-image-967\" alt=\"Pyjamaparty\" src=\"https:\/\/das-stille-woertchen.de\/wp-content\/uploads\/2014\/01\/Pyjamaparty.bmp\" \/><\/a>Na gut, da war die Party schon eher etwas m\u00fcd&#8216; &#8230;<\/p>\n<p>In Band 6\u00a0 machen die M\u00e4dels Reiterferien auf dem Rosinenhof. Solltet ihr mal daran vorbei kommen, der sieht so aus:<\/p>\n<p><a href=\"https:\/\/das-stille-woertchen.de\/wp-content\/uploads\/2014\/01\/Rosinenhof.bmp\"><img decoding=\"async\" class=\"aligncenter size-medium wp-image-966\" alt=\"Rosinenhof\" src=\"https:\/\/das-stille-woertchen.de\/wp-content\/uploads\/2014\/01\/Rosinenhof.bmp\" \/><\/a>Au\u00dferdem k\u00f6nnt ihr Kunigunde (unten) und Miss Marple (oben)\u00a0 kennen lernen:<\/p>\n<p><a href=\"https:\/\/das-stille-woertchen.de\/wp-content\/uploads\/2014\/01\/Miss-Marple-und-Kunigunde.bmp\"><img decoding=\"async\" class=\"aligncenter size-medium wp-image-969\" alt=\"Miss Marple und Kunigunde\" src=\"https:\/\/das-stille-woertchen.de\/wp-content\/uploads\/2014\/01\/Miss-Marple-und-Kunigunde.bmp\" \/><\/a>Lou hat das mit dem Reiten voll drauf. Hier thront sie auf Talisman, ihrem Lieblingspferd:<\/p>\n<p><a href=\"https:\/\/das-stille-woertchen.de\/wp-content\/uploads\/2014\/01\/Lous-Reitk\u00fcnste.bmp\"><img decoding=\"async\" class=\"aligncenter size-medium wp-image-976\" alt=\"Lous Reitk\u00fcnste\" src=\"https:\/\/das-stille-woertchen.de\/wp-content\/uploads\/2014\/01\/Lous-Reitk\u00fcnste.bmp\" \/><\/a>Paula dagegen hat etwas Probleme mit der Reiterei:<\/p>\n<p><a href=\"https:\/\/das-stille-woertchen.de\/wp-content\/uploads\/2014\/01\/Paulas-Reitk\u00fcnste.bmp\"><img decoding=\"async\" class=\"aligncenter size-medium wp-image-965\" alt=\"Paulas Reitk\u00fcnste\" src=\"https:\/\/das-stille-woertchen.de\/wp-content\/uploads\/2014\/01\/Paulas-Reitk\u00fcnste.bmp\" \/><\/a><\/p>\n<p>Da kann man sich vorstellen, dass Paula die Reiterhofferien nicht ganz so toll findet &#8230;<\/p>\n<p>Neugierig geworden?<\/p>\n<p>Na, dann los, ab in den Buchladen! \ud83d\ude42<\/p>\n","protected":false},"excerpt":{"rendered":"<p>Es darf fr\u00f6hlich frohlocket werden: Es gibt Nachschub in Sachen Paula und Lou! In den n\u00e4chsten Tagen werden die neuen B\u00e4nde der Reihe in den Buchl\u00e4den ankommen &#8211; Band 5 und 6. Wir Hofhunde sind schon v\u00f6llig hin und weg. &hellip; <a href=\"https:\/\/das-stille-woertchen.de\/index.php\/2014\/01\/09\/neues-von-paula-und-lou\/\">Weiterlesen <span class=\"meta-nav\">&rarr;<\/span><\/a><\/p>\n","protected":false},"author":2,"featured_media":0,"comment_status":"open","ping_status":"open","sticky":false,"template":"","format":"standard","meta":{"footnotes":""},"categories":[9,10,2],"tags":[],"class_list":["post-964","post","type-post","status-publish","format-standard","hentry","category-kinderbucher","category-paula-und-lou","category-wortchen"],"_links":{"self":[{"href":"https:\/\/das-stille-woertchen.de\/index.php\/wp-json\/wp\/v2\/posts\/964","targetHints":{"allow":["GET"]}}],"collection":[{"href":"https:\/\/das-stille-woertchen.de\/index.php\/wp-json\/wp\/v2\/posts"}],"about":[{"href":"https:\/\/das-stille-woertchen.de\/index.php\/wp-json\/wp\/v2\/types\/post"}],"author":[{"embeddable":true,"href":"https:\/\/das-stille-woertchen.de\/index.php\/wp-json\/wp\/v2\/users\/2"}],"replies":[{"embeddable":true,"href":"https:\/\/das-stille-woertchen.de\/index.php\/wp-json\/wp\/v2\/comments?post=964"}],"version-history":[{"count":7,"href":"https:\/\/das-stille-woertchen.de\/index.php\/wp-json\/wp\/v2\/posts\/964\/revisions"}],"predecessor-version":[{"id":981,"href":"https:\/\/das-stille-woertchen.de\/index.php\/wp-json\/wp\/v2\/posts\/964\/revisions\/981"}],"wp:attachment":[{"href":"https:\/\/das-stille-woertchen.de\/index.php\/wp-json\/wp\/v2\/media?parent=964"}],"wp:term":[{"taxonomy":"category","embeddable":true,"href":"https:\/\/das-stille-woertchen.de\/index.php\/wp-json\/wp\/v2\/categories?post=964"},{"taxonomy":"post_tag","embeddable":true,"href":"https:\/\/das-stille-woertchen.de\/index.php\/wp-json\/wp\/v2\/tags?post=964"}],"curies":[{"name":"wp","href":"https:\/\/api.w.org\/{rel}","templated":true}]}}