{"id":993,"date":"2014-01-16T08:18:54","date_gmt":"2014-01-16T06:18:54","guid":{"rendered":"http:\/\/das-stille-woertchen.de\/wordpress\/?p=993"},"modified":"2014-01-18T09:18:03","modified_gmt":"2014-01-18T07:18:03","slug":"wintergemuse","status":"publish","type":"post","link":"https:\/\/das-stille-woertchen.de\/index.php\/2014\/01\/16\/wintergemuse\/","title":{"rendered":"Wintergem\u00fcse"},"content":{"rendered":"<p>Auch im Winter (insofern dieses Fr\u00fchlings-Herbst-Mischmasch-Dings als solcher zu bezeichnen ist) gibt&#8217;s auf dem \u00d6rtchen frisches Gem\u00fcse. Zum Beispiel Gr\u00fcnkohl &#8211; dieses Jahr sogar in ziemlich rauen Mengen:<\/p>\n<div id=\"attachment_985\" style=\"width: 235px\" class=\"wp-caption aligncenter\"><a href=\"https:\/\/das-stille-woertchen.de\/wp-content\/uploads\/2014\/01\/Gr\u00fcnkohl.jpg\"><img loading=\"lazy\" decoding=\"async\" aria-describedby=\"caption-attachment-985\" class=\"size-medium wp-image-985\" alt=\"Gr\u00fcnkohl \" src=\"https:\/\/das-stille-woertchen.de\/wp-content\/uploads\/2014\/01\/Gr\u00fcnkohl-225x300.jpg\" width=\"225\" height=\"300\" srcset=\"https:\/\/das-stille-woertchen.de\/wp-content\/uploads\/2014\/01\/Gr\u00fcnkohl-225x300.jpg 225w, https:\/\/das-stille-woertchen.de\/wp-content\/uploads\/2014\/01\/Gr\u00fcnkohl-768x1024.jpg 768w, https:\/\/das-stille-woertchen.de\/wp-content\/uploads\/2014\/01\/Gr\u00fcnkohl.jpg 1920w\" sizes=\"auto, (max-width: 225px) 100vw, 225px\" \/><\/a><p id=\"caption-attachment-985\" class=\"wp-caption-text\">Gr\u00fcnkohl<\/p><\/div>\n<p>Bei uns in Bayern kennen den viele ja gar nicht. Dabei ist der soooo lecker (behaupten Judith und Steffen)! Und gesund! Au\u00dferdem l\u00e4sst er sich den ganzen Winter \u00fcber ernten.<\/p>\n<p>Mit Rosenkohl sind wir ebenfalls bestens versorgt:<\/p>\n<div id=\"attachment_991\" style=\"width: 235px\" class=\"wp-caption aligncenter\"><a href=\"https:\/\/das-stille-woertchen.de\/wp-content\/uploads\/2014\/01\/Rosenkohl.jpg\"><img loading=\"lazy\" decoding=\"async\" aria-describedby=\"caption-attachment-991\" class=\"size-medium wp-image-991\" alt=\"Rosenkohl\" src=\"https:\/\/das-stille-woertchen.de\/wp-content\/uploads\/2014\/01\/Rosenkohl-225x300.jpg\" width=\"225\" height=\"300\" srcset=\"https:\/\/das-stille-woertchen.de\/wp-content\/uploads\/2014\/01\/Rosenkohl-225x300.jpg 225w, https:\/\/das-stille-woertchen.de\/wp-content\/uploads\/2014\/01\/Rosenkohl-768x1024.jpg 768w, https:\/\/das-stille-woertchen.de\/wp-content\/uploads\/2014\/01\/Rosenkohl.jpg 1920w\" sizes=\"auto, (max-width: 225px) 100vw, 225px\" \/><\/a><p id=\"caption-attachment-991\" class=\"wp-caption-text\">Rosenkohl<\/p><\/div>\n<p>Der ist auch winterhart, nur bei sehr starken Fr\u00f6sten k\u00f6nnte er schw\u00e4cheln &#8211; aber die sind derzeit ja in weiter Ferne.<\/p>\n<p>Ansonsten findet sich Schwarzwurzel auf dem Beet. Die seht ihr auf dem Bild in dieser schnuckeligen Plastiksch\u00fcssel (die schwarzen, langen Stiele) mitsamt anderem Wurzelgem\u00fcse aus dem Felsenkeller (<a title=\"Der Herbst ist da!\" href=\"http:\/\/das-stille-woertchen.de\/wordpress\/index.php\/2013\/09\/16\/der-herbst-ist-da\/\" target=\"_blank\">das wurde dort im Herbst in M\u00f6rtelk\u00fcbeln in Sand vergraben<\/a>):<\/p>\n<div id=\"attachment_984\" style=\"width: 310px\" class=\"wp-caption aligncenter\"><a href=\"https:\/\/das-stille-woertchen.de\/wp-content\/uploads\/2014\/01\/Gm\u00fcs.jpg\"><img loading=\"lazy\" decoding=\"async\" aria-describedby=\"caption-attachment-984\" class=\"size-medium wp-image-984\" alt=\"Vitaminbombe\" src=\"https:\/\/das-stille-woertchen.de\/wp-content\/uploads\/2014\/01\/Gm\u00fcs-300x225.jpg\" width=\"300\" height=\"225\" srcset=\"https:\/\/das-stille-woertchen.de\/wp-content\/uploads\/2014\/01\/Gm\u00fcs-300x225.jpg 300w, https:\/\/das-stille-woertchen.de\/wp-content\/uploads\/2014\/01\/Gm\u00fcs-1024x768.jpg 1024w\" sizes=\"auto, (max-width: 300px) 100vw, 300px\" \/><\/a><p id=\"caption-attachment-984\" class=\"wp-caption-text\">Vitaminbombe<\/p><\/div>\n<p>(Ein Bild der Pflanze findet ihr <a title=\"Von Sojabohnen und allerlei farbenfrohem Gr\u00fcnzeug (oder Buntzeug?)\" href=\"http:\/\/das-stille-woertchen.de\/wordpress\/index.php\/2013\/07\/15\/von-sojabohnen-und-allerlei-farbenfrohem-grunzeug-oder-buntzeug\/\" target=\"_blank\">hier<\/a> &#8211; ganz unten auf der Seite. Aber Achtung, beim Betrachten k\u00f6nnte Sommerweh entstehen!) Schwarzwurzel ist st\u00e4ndig erntbar, solange der Boden nicht zu fest gefroren ist. Bei dem Matschwetter allerdings hat man erst mal gut was zu Putzen &#8211; nicht nur das Gem\u00fcse. Hier Judiths Gummistiefel nach der Ernte (nach einem Besuch bei Kr\u00fcmel und Fussel im Schweinegehege sehen sich noch schicker aus!):<\/p>\n<div id=\"attachment_983\" style=\"width: 310px\" class=\"wp-caption aligncenter\"><a href=\"https:\/\/das-stille-woertchen.de\/wp-content\/uploads\/2014\/01\/Gatsch.jpg\"><img loading=\"lazy\" decoding=\"async\" aria-describedby=\"caption-attachment-983\" class=\"size-medium wp-image-983\" alt=\"Gatsch!\" src=\"https:\/\/das-stille-woertchen.de\/wp-content\/uploads\/2014\/01\/Gatsch-300x225.jpg\" width=\"300\" height=\"225\" srcset=\"https:\/\/das-stille-woertchen.de\/wp-content\/uploads\/2014\/01\/Gatsch-300x225.jpg 300w, https:\/\/das-stille-woertchen.de\/wp-content\/uploads\/2014\/01\/Gatsch-1024x768.jpg 1024w\" sizes=\"auto, (max-width: 300px) 100vw, 300px\" \/><\/a><p id=\"caption-attachment-983\" class=\"wp-caption-text\">Gatsch!<\/p><\/div>\n<p>Und noch mal das Gem\u00fcse ohne Sch\u00fcssel &#8211; daf\u00fcr mit Erl\u00e4uterungen:<\/p>\n<div id=\"attachment_989\" style=\"width: 310px\" class=\"wp-caption aligncenter\"><a href=\"https:\/\/das-stille-woertchen.de\/wp-content\/uploads\/2014\/01\/nochmal-Gm\u00fcs.jpg\"><img loading=\"lazy\" decoding=\"async\" aria-describedby=\"caption-attachment-989\" class=\"size-medium wp-image-989\" alt=\"Kleine Gem\u00fcsekunde\" src=\"https:\/\/das-stille-woertchen.de\/wp-content\/uploads\/2014\/01\/nochmal-Gm\u00fcs-300x225.jpg\" width=\"300\" height=\"225\" srcset=\"https:\/\/das-stille-woertchen.de\/wp-content\/uploads\/2014\/01\/nochmal-Gm\u00fcs-300x225.jpg 300w, https:\/\/das-stille-woertchen.de\/wp-content\/uploads\/2014\/01\/nochmal-Gm\u00fcs-1024x768.jpg 1024w\" sizes=\"auto, (max-width: 300px) 100vw, 300px\" \/><\/a><p id=\"caption-attachment-989\" class=\"wp-caption-text\">Kleine Gem\u00fcsekunde<\/p><\/div>\n<p>&nbsp;<\/p>\n<p>Mitte: Schwarzwurzel<\/p>\n<p>Oben: Rote Beete<\/p>\n<p>Rechts und links unten: Petersilienwurzel<\/p>\n<p>Au\u00dferdem dabei &#8211; aber vergessen zu fotografieren:\u00a0 Pastinake (sieht der Petersilienwurzel aber sehr \u00e4hnlich)<\/p>\n<p>Unten rechts: Zwiebeln (die wurden im Herbst wohl auf dem Beet vergessen, wegen der milden Witterung hatten sie schon wieder leuchtendes Gr\u00fcn gebildet)<\/p>\n<p>Mitte: Bamberger H\u00f6rnla &#8211; die waren nicht im Sand, sondern<a title=\"Kartoffeln, Sojabohnen, Pastinaken\" href=\"http:\/\/das-stille-woertchen.de\/wordpress\/index.php\/2013\/09\/29\/kartoffeln-sojabohnen-pastinaken\/\" target=\"_blank\"> in unserer groooo\u00dfen Kartoffelkiste<\/a>. Leider war die wider Erwarten doch nicht 100 % m\u00e4usesicher, au\u00dferdem tropft es im Felsenkeller von der Decke (leider wei\u00df keiner warum) und so einige Kartoffeln waren deshalb faulig. Aus dem Grund stand gestern eine spontane Kartoffel-Umsortieraktion auf dem Tagesplan. Niemals langweilig, so ein Bauernhofleben!<\/p>\n<p>So, zur\u00fcck zu den sch\u00f6nen Seiten des Gem\u00fcses: Alles wurde geputzt, die Schwarzwurzel auch grob gesch\u00e4lt und dann kam alles geschnippelt mit \u00d6l und Knoblauch auf einem Blech in den Ofen. Beziehungsweise auf zwei Bleche, denn wenn man nicht so dick schichtet, wird alles sch\u00f6n knusprig! Wer ganz viel Platz hat, kann das Wurzelgem\u00fcse ganz d\u00fcnn geschnitten auf dem Blech verteilen. Dann werden es leckere Chips!<\/p>\n<p>Hier das Gem\u00fcse, nach dem es im Backofen gebruzelt hat (bis auf die Kartoffeln, die wurden wegen Platzmangel im Wasser gekocht):<\/p>\n<div id=\"attachment_986\" style=\"width: 310px\" class=\"wp-caption aligncenter\"><a href=\"https:\/\/das-stille-woertchen.de\/wp-content\/uploads\/2014\/01\/Guten-Appetit.jpg\"><img loading=\"lazy\" decoding=\"async\" aria-describedby=\"caption-attachment-986\" class=\"size-medium wp-image-986\" alt=\"Guten Appetit!\" src=\"https:\/\/das-stille-woertchen.de\/wp-content\/uploads\/2014\/01\/Guten-Appetit-300x225.jpg\" width=\"300\" height=\"225\" srcset=\"https:\/\/das-stille-woertchen.de\/wp-content\/uploads\/2014\/01\/Guten-Appetit-300x225.jpg 300w, https:\/\/das-stille-woertchen.de\/wp-content\/uploads\/2014\/01\/Guten-Appetit-1024x768.jpg 1024w\" sizes=\"auto, (max-width: 300px) 100vw, 300px\" \/><\/a><p id=\"caption-attachment-986\" class=\"wp-caption-text\">Guten Appetit!<\/p><\/div>\n<p>Das Ganze gibt nat\u00fcrlich auch einen lecker Eintopf. Aber diese grillig-\u00f6lige Variante kommt hier im Hause immer wieder sehr gut an!<\/p>\n<p>Zum Schluss ein Quotenschwein:<br \/>\n<a href=\"https:\/\/das-stille-woertchen.de\/wp-content\/uploads\/2014\/01\/Dreckschwein.jpg\"><img loading=\"lazy\" decoding=\"async\" class=\"aligncenter size-medium wp-image-992\" alt=\"Dreckschwein!\" src=\"https:\/\/das-stille-woertchen.de\/wp-content\/uploads\/2014\/01\/Dreckschwein-225x300.jpg\" width=\"225\" height=\"300\" srcset=\"https:\/\/das-stille-woertchen.de\/wp-content\/uploads\/2014\/01\/Dreckschwein-225x300.jpg 225w, https:\/\/das-stille-woertchen.de\/wp-content\/uploads\/2014\/01\/Dreckschwein-768x1024.jpg 768w, https:\/\/das-stille-woertchen.de\/wp-content\/uploads\/2014\/01\/Dreckschwein.jpg 1920w\" sizes=\"auto, (max-width: 225px) 100vw, 225px\" \/><\/a><\/p>\n<p><img decoding=\"async\" alt=\"\" src=\"http:\/\/vg03.met.vgwort.de\/na\/7f5110ad6c024d57a8ff48517de4101b\t\" width=\"\" height=\"\" \/><\/p>\n","protected":false},"excerpt":{"rendered":"<p>Auch im Winter (insofern dieses Fr\u00fchlings-Herbst-Mischmasch-Dings als solcher zu bezeichnen ist) gibt&#8217;s auf dem \u00d6rtchen frisches Gem\u00fcse. Zum Beispiel Gr\u00fcnkohl &#8211; dieses Jahr sogar in ziemlich rauen Mengen: Bei uns in Bayern kennen den viele ja gar nicht. Dabei ist &hellip; <a href=\"https:\/\/das-stille-woertchen.de\/index.php\/2014\/01\/16\/wintergemuse\/\">Weiterlesen <span class=\"meta-nav\">&rarr;<\/span><\/a><\/p>\n","protected":false},"author":2,"featured_media":0,"comment_status":"open","ping_status":"open","sticky":false,"template":"","format":"standard","meta":{"footnotes":""},"categories":[11,3,17],"tags":[],"class_list":["post-993","post","type-post","status-publish","format-standard","hentry","category-grunzeug","category-oertchen","category-rezepte"],"_links":{"self":[{"href":"https:\/\/das-stille-woertchen.de\/index.php\/wp-json\/wp\/v2\/posts\/993","targetHints":{"allow":["GET"]}}],"collection":[{"href":"https:\/\/das-stille-woertchen.de\/index.php\/wp-json\/wp\/v2\/posts"}],"about":[{"href":"https:\/\/das-stille-woertchen.de\/index.php\/wp-json\/wp\/v2\/types\/post"}],"author":[{"embeddable":true,"href":"https:\/\/das-stille-woertchen.de\/index.php\/wp-json\/wp\/v2\/users\/2"}],"replies":[{"embeddable":true,"href":"https:\/\/das-stille-woertchen.de\/index.php\/wp-json\/wp\/v2\/comments?post=993"}],"version-history":[{"count":16,"href":"https:\/\/das-stille-woertchen.de\/index.php\/wp-json\/wp\/v2\/posts\/993\/revisions"}],"predecessor-version":[{"id":1014,"href":"https:\/\/das-stille-woertchen.de\/index.php\/wp-json\/wp\/v2\/posts\/993\/revisions\/1014"}],"wp:attachment":[{"href":"https:\/\/das-stille-woertchen.de\/index.php\/wp-json\/wp\/v2\/media?parent=993"}],"wp:term":[{"taxonomy":"category","embeddable":true,"href":"https:\/\/das-stille-woertchen.de\/index.php\/wp-json\/wp\/v2\/categories?post=993"},{"taxonomy":"post_tag","embeddable":true,"href":"https:\/\/das-stille-woertchen.de\/index.php\/wp-json\/wp\/v2\/tags?post=993"}],"curies":[{"name":"wp","href":"https:\/\/api.w.org\/{rel}","templated":true}]}}